{"id":951,"date":"2021-05-19T20:23:05","date_gmt":"2021-05-20T01:23:05","guid":{"rendered":"http:\/\/21panorama.com\/?p=951"},"modified":"2021-05-19T20:23:06","modified_gmt":"2021-05-20T01:23:06","slug":"llama-salud-edomex-a-evitar-el-uso-de-drogas-en-el-embarazo-y-la-lactancia","status":"publish","type":"post","link":"https:\/\/21panorama.com\/index.php\/2021\/05\/19\/llama-salud-edomex-a-evitar-el-uso-de-drogas-en-el-embarazo-y-la-lactancia\/","title":{"rendered":"LLAMA SALUD EDOM\u00c9X A EVITAR EL USO DE DROGAS EN EL EMBARAZO Y LA LACTANCIA"},"content":{"rendered":"\n<p>El consumo de drogas durante la lactancia materna provoca diversas alteraciones en la salud del reci\u00e9n nacido que. incluso, pueden causar la muerte, por lo que es necesario crear conciencia entre las mujeres para evitar el uso de estupefacientes durante este periodo.<\/p>\n\n\n\n<p><img decoding=\"async\" width=\"150\" height=\"182\" class=\"wp-image-954\" style=\"width: 150px;\" src=\"https:\/\/21panorama.com\/wp-content\/uploads\/2021\/05\/IMG-20210519-WA0042.jpg\" alt=\"\" srcset=\"https:\/\/21panorama.com\/wp-content\/uploads\/2021\/05\/IMG-20210519-WA0042.jpg 842w, https:\/\/21panorama.com\/wp-content\/uploads\/2021\/05\/IMG-20210519-WA0042-247x300.jpg 247w, https:\/\/21panorama.com\/wp-content\/uploads\/2021\/05\/IMG-20210519-WA0042-768x934.jpg 768w\" sizes=\"(max-width: 150px) 100vw, 150px\" \/><\/p>\n\n\n\n<p>En el marco del D\u00eda Mundial de la Donaci\u00f3n de Leche Humana, autoridades de la Secretar\u00eda de Salud del Estado de M\u00e9xico se\u00f1alaron que la alimentaci\u00f3n al seno materno es de vital importancia para el sano desarrollo de las ni\u00f1as y los ni\u00f1os, por ello, cobra especial relevancia hablar de una problem\u00e1tica que se puede presentar en esta etapa y tiene consecuencias negativas en los infantes.<\/p>\n\n\n\n<p>Para conmemorar esta fecha, se llev\u00f3 a cabo la conferencia magistral \u201cImportancia de la prevenci\u00f3n de adicciones en mujeres lactantes\u201d, que fue dictada por el Mtro. Ra\u00fal Mart\u00edn del Campo S\u00e1nchez, miembro de la Junta Internacional de Fiscalizaci\u00f3n de Estupefacientes (JIFE), dependiente de la Organizaci\u00f3n de Naciones Unidas (ONU), quien destac\u00f3 que en los \u00faltimos a\u00f1os ha habido un aumento en el consumo de drogas entre la poblaci\u00f3n femenina.<\/p>\n\n\n\n<p>Puntualiz\u00f3 que en el caso de quienes amamantan a sus beb\u00e9s, el tema cobra especial relevancia, pues est\u00e1 comprobado que la mayor\u00eda de sustancias se transmiten a trav\u00e9s de la leche, lo que causa efectos negativos en el reci\u00e9n nacido como s\u00edndrome alcoh\u00f3lico fetal, s\u00edndrome de abstinencia, da\u00f1os en sistema nervioso central, microinfartos en \u00f3rganos, peso y talla bajos al nacer, hiperactividad, taquicardia y muerte s\u00fabita, entre otros.<\/p>\n\n\n\n<p>La dependencia estatal destac\u00f3 que la lactancia materna es fundamental para la prevenci\u00f3n y atenci\u00f3n primaria a la salud. Es la forma m\u00e1s adecuada y natural de proporcionar aporte nutricional, inmunol\u00f3gico y emocional al beb\u00e9, le brinda todos los nutrientes y anticuerpos que lo mantendr\u00e1n sano, sin olvidar que le permitir\u00e1 crear un fuerte lazo afectivo con la madre.<\/p>\n\n\n\n<p>Finalmente, la Secretar\u00eda de Salud reiter\u00f3 que en la entidad mexiquense se cuenta con nueve Bancos de Leche Humana, responsables de la recolecci\u00f3n l\u00e1ctea de madres donantes, de su procesamiento, almacenamiento, control de calidad, as\u00ed como de la distribuci\u00f3n para el beneficio de los reci\u00e9n nacidos.<\/p>\n","protected":false},"excerpt":{"rendered":"<p>El consumo de drogas durante la lactancia materna provoca diversas alteraciones en la salud del reci\u00e9n nacido que. incluso, pueden causar la muerte, por lo que es necesario crear conciencia entre las mujeres para evitar el uso de estupefacientes durante este periodo. En el marco del D\u00eda Mundial de la Donaci\u00f3n de Leche Humana, autoridades de la Secretar\u00eda de Salud del Estado de M\u00e9xico se\u00f1alaron que la alimentaci\u00f3n al seno materno es de vital importancia para el sano desarrollo de las ni\u00f1as y los ni\u00f1os, por ello, cobra especial relevancia&hellip;<\/p>\n","protected":false},"author":1,"featured_media":952,"comment_status":"open","ping_status":"open","sticky":false,"template":"","format":"standard","meta":{"footnotes":""},"categories":[6],"tags":[],"class_list":["post-951","post","type-post","status-publish","format-standard","has-post-thumbnail","hentry","category-cienciaysalud"],"yoast_head":"<!-- This site is optimized with the Yoast SEO plugin v24.9 - https:\/\/yoast.com\/wordpress\/plugins\/seo\/ -->\n<title>LLAMA SALUD EDOM\u00c9X A EVITAR EL USO DE DROGAS EN EL EMBARAZO Y LA LACTANCIA - 21 Panorama<\/title>\n<meta name=\"robots\" content=\"index, follow, max-snippet:-1, max-image-preview:large, max-video-preview:-1\" \/>\n<link rel=\"canonical\" href=\"https:\/\/21panorama.com\/index.php\/2021\/05\/19\/llama-salud-edomex-a-evitar-el-uso-de-drogas-en-el-embarazo-y-la-lactancia\/\" \/>\n<meta property=\"og:locale\" content=\"es_MX\" \/>\n<meta property=\"og:type\" content=\"article\" \/>\n<meta property=\"og:title\" content=\"LLAMA SALUD EDOM\u00c9X A EVITAR EL USO DE DROGAS EN EL EMBARAZO Y LA LACTANCIA - 21 Panorama\" \/>\n<meta property=\"og:description\" content=\"El consumo de drogas durante la lactancia materna provoca diversas alteraciones en la salud del reci\u00e9n nacido que. incluso, pueden causar la muerte, por lo que es necesario crear conciencia entre las mujeres para evitar el uso de estupefacientes durante este periodo. En el marco del D\u00eda Mundial de la Donaci\u00f3n de Leche Humana, autoridades de la Secretar\u00eda de Salud del Estado de M\u00e9xico se\u00f1alaron que la alimentaci\u00f3n al seno materno es de vital importancia para el sano desarrollo de las ni\u00f1as y los ni\u00f1os, por ello, cobra especial relevancia&hellip;\" \/>\n<meta property=\"og:url\" content=\"https:\/\/21panorama.com\/index.php\/2021\/05\/19\/llama-salud-edomex-a-evitar-el-uso-de-drogas-en-el-embarazo-y-la-lactancia\/\" \/>\n<meta property=\"og:site_name\" content=\"21 Panorama\" \/>\n<meta property=\"article:published_time\" content=\"2021-05-20T01:23:05+00:00\" \/>\n<meta property=\"article:modified_time\" content=\"2021-05-20T01:23:06+00:00\" \/>\n<meta property=\"og:image\" content=\"https:\/\/21panorama.com\/wp-content\/uploads\/2021\/05\/IMG-20210519-WA0041.jpg\" \/>\n\t<meta property=\"og:image:width\" content=\"1200\" \/>\n\t<meta property=\"og:image:height\" content=\"1600\" \/>\n\t<meta property=\"og:image:type\" content=\"image\/jpeg\" \/>\n<meta name=\"author\" content=\"admin\" \/>\n<meta name=\"twitter:card\" content=\"summary_large_image\" \/>\n<meta name=\"twitter:label1\" content=\"Escrito por\" \/>\n\t<meta name=\"twitter:data1\" content=\"admin\" \/>\n\t<meta name=\"twitter:label2\" content=\"Tiempo de lectura\" \/>\n\t<meta name=\"twitter:data2\" content=\"2 minutos\" \/>\n<script type=\"application\/ld+json\" class=\"yoast-schema-graph\">{\"@context\":\"https:\/\/schema.org\",\"@graph\":[{\"@type\":\"Article\",\"@id\":\"https:\/\/21panorama.com\/index.php\/2021\/05\/19\/llama-salud-edomex-a-evitar-el-uso-de-drogas-en-el-embarazo-y-la-lactancia\/#article\",\"isPartOf\":{\"@id\":\"https:\/\/21panorama.com\/index.php\/2021\/05\/19\/llama-salud-edomex-a-evitar-el-uso-de-drogas-en-el-embarazo-y-la-lactancia\/\"},\"author\":{\"name\":\"admin\",\"@id\":\"https:\/\/21panorama.com\/#\/schema\/person\/1afc291b96d5792a158768324287319f\"},\"headline\":\"LLAMA SALUD EDOM\u00c9X A EVITAR EL USO DE DROGAS EN EL EMBARAZO Y LA LACTANCIA\",\"datePublished\":\"2021-05-20T01:23:05+00:00\",\"dateModified\":\"2021-05-20T01:23:06+00:00\",\"mainEntityOfPage\":{\"@id\":\"https:\/\/21panorama.com\/index.php\/2021\/05\/19\/llama-salud-edomex-a-evitar-el-uso-de-drogas-en-el-embarazo-y-la-lactancia\/\"},\"wordCount\":403,\"commentCount\":0,\"publisher\":{\"@id\":\"https:\/\/21panorama.com\/#organization\"},\"image\":{\"@id\":\"https:\/\/21panorama.com\/index.php\/2021\/05\/19\/llama-salud-edomex-a-evitar-el-uso-de-drogas-en-el-embarazo-y-la-lactancia\/#primaryimage\"},\"thumbnailUrl\":\"https:\/\/21panorama.com\/wp-content\/uploads\/2021\/05\/IMG-20210519-WA0041.jpg\",\"articleSection\":[\"Ciencia y Salud\"],\"inLanguage\":\"es\",\"potentialAction\":[{\"@type\":\"CommentAction\",\"name\":\"Comment\",\"target\":[\"https:\/\/21panorama.com\/index.php\/2021\/05\/19\/llama-salud-edomex-a-evitar-el-uso-de-drogas-en-el-embarazo-y-la-lactancia\/#respond\"]}]},{\"@type\":\"WebPage\",\"@id\":\"https:\/\/21panorama.com\/index.php\/2021\/05\/19\/llama-salud-edomex-a-evitar-el-uso-de-drogas-en-el-embarazo-y-la-lactancia\/\",\"url\":\"https:\/\/21panorama.com\/index.php\/2021\/05\/19\/llama-salud-edomex-a-evitar-el-uso-de-drogas-en-el-embarazo-y-la-lactancia\/\",\"name\":\"LLAMA SALUD EDOM\u00c9X A EVITAR EL USO DE DROGAS EN EL EMBARAZO Y LA LACTANCIA - 21 Panorama\",\"isPartOf\":{\"@id\":\"https:\/\/21panorama.com\/#website\"},\"primaryImageOfPage\":{\"@id\":\"https:\/\/21panorama.com\/index.php\/2021\/05\/19\/llama-salud-edomex-a-evitar-el-uso-de-drogas-en-el-embarazo-y-la-lactancia\/#primaryimage\"},\"image\":{\"@id\":\"https:\/\/21panorama.com\/index.php\/2021\/05\/19\/llama-salud-edomex-a-evitar-el-uso-de-drogas-en-el-embarazo-y-la-lactancia\/#primaryimage\"},\"thumbnailUrl\":\"https:\/\/21panorama.com\/wp-content\/uploads\/2021\/05\/IMG-20210519-WA0041.jpg\",\"datePublished\":\"2021-05-20T01:23:05+00:00\",\"dateModified\":\"2021-05-20T01:23:06+00:00\",\"breadcrumb\":{\"@id\":\"https:\/\/21panorama.com\/index.php\/2021\/05\/19\/llama-salud-edomex-a-evitar-el-uso-de-drogas-en-el-embarazo-y-la-lactancia\/#breadcrumb\"},\"inLanguage\":\"es\",\"potentialAction\":[{\"@type\":\"ReadAction\",\"target\":[\"https:\/\/21panorama.com\/index.php\/2021\/05\/19\/llama-salud-edomex-a-evitar-el-uso-de-drogas-en-el-embarazo-y-la-lactancia\/\"]}]},{\"@type\":\"ImageObject\",\"inLanguage\":\"es\",\"@id\":\"https:\/\/21panorama.com\/index.php\/2021\/05\/19\/llama-salud-edomex-a-evitar-el-uso-de-drogas-en-el-embarazo-y-la-lactancia\/#primaryimage\",\"url\":\"https:\/\/21panorama.com\/wp-content\/uploads\/2021\/05\/IMG-20210519-WA0041.jpg\",\"contentUrl\":\"https:\/\/21panorama.com\/wp-content\/uploads\/2021\/05\/IMG-20210519-WA0041.jpg\",\"width\":1200,\"height\":1600},{\"@type\":\"BreadcrumbList\",\"@id\":\"https:\/\/21panorama.com\/index.php\/2021\/05\/19\/llama-salud-edomex-a-evitar-el-uso-de-drogas-en-el-embarazo-y-la-lactancia\/#breadcrumb\",\"itemListElement\":[{\"@type\":\"ListItem\",\"position\":1,\"name\":\"Inicio\",\"item\":\"https:\/\/21panorama.com\/\"},{\"@type\":\"ListItem\",\"position\":2,\"name\":\"LLAMA SALUD EDOM\u00c9X A EVITAR EL USO DE DROGAS EN EL EMBARAZO Y LA LACTANCIA\"}]},{\"@type\":\"WebSite\",\"@id\":\"https:\/\/21panorama.com\/#website\",\"url\":\"https:\/\/21panorama.com\/\",\"name\":\"21 Panorama\",\"description\":\"La construcci\u00f3n de la opini\u00f3n p\u00fablica merece un mejor Panorama en este siglo 21 para alcanzar una sociedad con mayor transparencia y sin corrupci\u00f3n.\",\"publisher\":{\"@id\":\"https:\/\/21panorama.com\/#organization\"},\"potentialAction\":[{\"@type\":\"SearchAction\",\"target\":{\"@type\":\"EntryPoint\",\"urlTemplate\":\"https:\/\/21panorama.com\/?s={search_term_string}\"},\"query-input\":{\"@type\":\"PropertyValueSpecification\",\"valueRequired\":true,\"valueName\":\"search_term_string\"}}],\"inLanguage\":\"es\"},{\"@type\":\"Organization\",\"@id\":\"https:\/\/21panorama.com\/#organization\",\"name\":\"21 Panorama\",\"url\":\"https:\/\/21panorama.com\/\",\"logo\":{\"@type\":\"ImageObject\",\"inLanguage\":\"es\",\"@id\":\"https:\/\/21panorama.com\/#\/schema\/logo\/image\/\",\"url\":\"https:\/\/21panorama.com\/wp-content\/uploads\/2019\/07\/cropped-Logo-Panorama-01.jpeg\",\"contentUrl\":\"https:\/\/21panorama.com\/wp-content\/uploads\/2019\/07\/cropped-Logo-Panorama-01.jpeg\",\"width\":290,\"height\":70,\"caption\":\"21 Panorama\"},\"image\":{\"@id\":\"https:\/\/21panorama.com\/#\/schema\/logo\/image\/\"}},{\"@type\":\"Person\",\"@id\":\"https:\/\/21panorama.com\/#\/schema\/person\/1afc291b96d5792a158768324287319f\",\"name\":\"admin\",\"image\":{\"@type\":\"ImageObject\",\"inLanguage\":\"es\",\"@id\":\"https:\/\/21panorama.com\/#\/schema\/person\/image\/\",\"url\":\"https:\/\/secure.gravatar.com\/avatar\/ad365d9d9f46719215b0d042cc3df92a5a8683e09ef13d102233e5491985f0f0?s=96&d=mm&r=g\",\"contentUrl\":\"https:\/\/secure.gravatar.com\/avatar\/ad365d9d9f46719215b0d042cc3df92a5a8683e09ef13d102233e5491985f0f0?s=96&d=mm&r=g\",\"caption\":\"admin\"},\"url\":\"https:\/\/21panorama.com\/index.php\/author\/admin\/\"}]}<\/script>\n<!-- \/ Yoast SEO plugin. -->","yoast_head_json":{"title":"LLAMA SALUD EDOM\u00c9X A EVITAR EL USO DE DROGAS EN EL EMBARAZO Y LA LACTANCIA - 21 Panorama","robots":{"index":"index","follow":"follow","max-snippet":"max-snippet:-1","max-image-preview":"max-image-preview:large","max-video-preview":"max-video-preview:-1"},"canonical":"https:\/\/21panorama.com\/index.php\/2021\/05\/19\/llama-salud-edomex-a-evitar-el-uso-de-drogas-en-el-embarazo-y-la-lactancia\/","og_locale":"es_MX","og_type":"article","og_title":"LLAMA SALUD EDOM\u00c9X A EVITAR EL USO DE DROGAS EN EL EMBARAZO Y LA LACTANCIA - 21 Panorama","og_description":"El consumo de drogas durante la lactancia materna provoca diversas alteraciones en la salud del reci\u00e9n nacido que. incluso, pueden causar la muerte, por lo que es necesario crear conciencia entre las mujeres para evitar el uso de estupefacientes durante este periodo. En el marco del D\u00eda Mundial de la Donaci\u00f3n de Leche Humana, autoridades de la Secretar\u00eda de Salud del Estado de M\u00e9xico se\u00f1alaron que la alimentaci\u00f3n al seno materno es de vital importancia para el sano desarrollo de las ni\u00f1as y los ni\u00f1os, por ello, cobra especial relevancia&hellip;","og_url":"https:\/\/21panorama.com\/index.php\/2021\/05\/19\/llama-salud-edomex-a-evitar-el-uso-de-drogas-en-el-embarazo-y-la-lactancia\/","og_site_name":"21 Panorama","article_published_time":"2021-05-20T01:23:05+00:00","article_modified_time":"2021-05-20T01:23:06+00:00","og_image":[{"width":1200,"height":1600,"url":"https:\/\/21panorama.com\/wp-content\/uploads\/2021\/05\/IMG-20210519-WA0041.jpg","type":"image\/jpeg"}],"author":"admin","twitter_card":"summary_large_image","twitter_misc":{"Escrito por":"admin","Tiempo de lectura":"2 minutos"},"schema":{"@context":"https:\/\/schema.org","@graph":[{"@type":"Article","@id":"https:\/\/21panorama.com\/index.php\/2021\/05\/19\/llama-salud-edomex-a-evitar-el-uso-de-drogas-en-el-embarazo-y-la-lactancia\/#article","isPartOf":{"@id":"https:\/\/21panorama.com\/index.php\/2021\/05\/19\/llama-salud-edomex-a-evitar-el-uso-de-drogas-en-el-embarazo-y-la-lactancia\/"},"author":{"name":"admin","@id":"https:\/\/21panorama.com\/#\/schema\/person\/1afc291b96d5792a158768324287319f"},"headline":"LLAMA SALUD EDOM\u00c9X A EVITAR EL USO DE DROGAS EN EL EMBARAZO Y LA LACTANCIA","datePublished":"2021-05-20T01:23:05+00:00","dateModified":"2021-05-20T01:23:06+00:00","mainEntityOfPage":{"@id":"https:\/\/21panorama.com\/index.php\/2021\/05\/19\/llama-salud-edomex-a-evitar-el-uso-de-drogas-en-el-embarazo-y-la-lactancia\/"},"wordCount":403,"commentCount":0,"publisher":{"@id":"https:\/\/21panorama.com\/#organization"},"image":{"@id":"https:\/\/21panorama.com\/index.php\/2021\/05\/19\/llama-salud-edomex-a-evitar-el-uso-de-drogas-en-el-embarazo-y-la-lactancia\/#primaryimage"},"thumbnailUrl":"https:\/\/21panorama.com\/wp-content\/uploads\/2021\/05\/IMG-20210519-WA0041.jpg","articleSection":["Ciencia y Salud"],"inLanguage":"es","potentialAction":[{"@type":"CommentAction","name":"Comment","target":["https:\/\/21panorama.com\/index.php\/2021\/05\/19\/llama-salud-edomex-a-evitar-el-uso-de-drogas-en-el-embarazo-y-la-lactancia\/#respond"]}]},{"@type":"WebPage","@id":"https:\/\/21panorama.com\/index.php\/2021\/05\/19\/llama-salud-edomex-a-evitar-el-uso-de-drogas-en-el-embarazo-y-la-lactancia\/","url":"https:\/\/21panorama.com\/index.php\/2021\/05\/19\/llama-salud-edomex-a-evitar-el-uso-de-drogas-en-el-embarazo-y-la-lactancia\/","name":"LLAMA SALUD EDOM\u00c9X A EVITAR EL USO DE DROGAS EN EL EMBARAZO Y LA LACTANCIA - 21 Panorama","isPartOf":{"@id":"https:\/\/21panorama.com\/#website"},"primaryImageOfPage":{"@id":"https:\/\/21panorama.com\/index.php\/2021\/05\/19\/llama-salud-edomex-a-evitar-el-uso-de-drogas-en-el-embarazo-y-la-lactancia\/#primaryimage"},"image":{"@id":"https:\/\/21panorama.com\/index.php\/2021\/05\/19\/llama-salud-edomex-a-evitar-el-uso-de-drogas-en-el-embarazo-y-la-lactancia\/#primaryimage"},"thumbnailUrl":"https:\/\/21panorama.com\/wp-content\/uploads\/2021\/05\/IMG-20210519-WA0041.jpg","datePublished":"2021-05-20T01:23:05+00:00","dateModified":"2021-05-20T01:23:06+00:00","breadcrumb":{"@id":"https:\/\/21panorama.com\/index.php\/2021\/05\/19\/llama-salud-edomex-a-evitar-el-uso-de-drogas-en-el-embarazo-y-la-lactancia\/#breadcrumb"},"inLanguage":"es","potentialAction":[{"@type":"ReadAction","target":["https:\/\/21panorama.com\/index.php\/2021\/05\/19\/llama-salud-edomex-a-evitar-el-uso-de-drogas-en-el-embarazo-y-la-lactancia\/"]}]},{"@type":"ImageObject","inLanguage":"es","@id":"https:\/\/21panorama.com\/index.php\/2021\/05\/19\/llama-salud-edomex-a-evitar-el-uso-de-drogas-en-el-embarazo-y-la-lactancia\/#primaryimage","url":"https:\/\/21panorama.com\/wp-content\/uploads\/2021\/05\/IMG-20210519-WA0041.jpg","contentUrl":"https:\/\/21panorama.com\/wp-content\/uploads\/2021\/05\/IMG-20210519-WA0041.jpg","width":1200,"height":1600},{"@type":"BreadcrumbList","@id":"https:\/\/21panorama.com\/index.php\/2021\/05\/19\/llama-salud-edomex-a-evitar-el-uso-de-drogas-en-el-embarazo-y-la-lactancia\/#breadcrumb","itemListElement":[{"@type":"ListItem","position":1,"name":"Inicio","item":"https:\/\/21panorama.com\/"},{"@type":"ListItem","position":2,"name":"LLAMA SALUD EDOM\u00c9X A EVITAR EL USO DE DROGAS EN EL EMBARAZO Y LA LACTANCIA"}]},{"@type":"WebSite","@id":"https:\/\/21panorama.com\/#website","url":"https:\/\/21panorama.com\/","name":"21 Panorama","description":"La construcci\u00f3n de la opini\u00f3n p\u00fablica merece un mejor Panorama en este siglo 21 para alcanzar una sociedad con mayor transparencia y sin corrupci\u00f3n.","publisher":{"@id":"https:\/\/21panorama.com\/#organization"},"potentialAction":[{"@type":"SearchAction","target":{"@type":"EntryPoint","urlTemplate":"https:\/\/21panorama.com\/?s={search_term_string}"},"query-input":{"@type":"PropertyValueSpecification","valueRequired":true,"valueName":"search_term_string"}}],"inLanguage":"es"},{"@type":"Organization","@id":"https:\/\/21panorama.com\/#organization","name":"21 Panorama","url":"https:\/\/21panorama.com\/","logo":{"@type":"ImageObject","inLanguage":"es","@id":"https:\/\/21panorama.com\/#\/schema\/logo\/image\/","url":"https:\/\/21panorama.com\/wp-content\/uploads\/2019\/07\/cropped-Logo-Panorama-01.jpeg","contentUrl":"https:\/\/21panorama.com\/wp-content\/uploads\/2019\/07\/cropped-Logo-Panorama-01.jpeg","width":290,"height":70,"caption":"21 Panorama"},"image":{"@id":"https:\/\/21panorama.com\/#\/schema\/logo\/image\/"}},{"@type":"Person","@id":"https:\/\/21panorama.com\/#\/schema\/person\/1afc291b96d5792a158768324287319f","name":"admin","image":{"@type":"ImageObject","inLanguage":"es","@id":"https:\/\/21panorama.com\/#\/schema\/person\/image\/","url":"https:\/\/secure.gravatar.com\/avatar\/ad365d9d9f46719215b0d042cc3df92a5a8683e09ef13d102233e5491985f0f0?s=96&d=mm&r=g","contentUrl":"https:\/\/secure.gravatar.com\/avatar\/ad365d9d9f46719215b0d042cc3df92a5a8683e09ef13d102233e5491985f0f0?s=96&d=mm&r=g","caption":"admin"},"url":"https:\/\/21panorama.com\/index.php\/author\/admin\/"}]}},"_links":{"self":[{"href":"https:\/\/21panorama.com\/index.php\/wp-json\/wp\/v2\/posts\/951","targetHints":{"allow":["GET"]}}],"collection":[{"href":"https:\/\/21panorama.com\/index.php\/wp-json\/wp\/v2\/posts"}],"about":[{"href":"https:\/\/21panorama.com\/index.php\/wp-json\/wp\/v2\/types\/post"}],"author":[{"embeddable":true,"href":"https:\/\/21panorama.com\/index.php\/wp-json\/wp\/v2\/users\/1"}],"replies":[{"embeddable":true,"href":"https:\/\/21panorama.com\/index.php\/wp-json\/wp\/v2\/comments?post=951"}],"version-history":[{"count":2,"href":"https:\/\/21panorama.com\/index.php\/wp-json\/wp\/v2\/posts\/951\/revisions"}],"predecessor-version":[{"id":955,"href":"https:\/\/21panorama.com\/index.php\/wp-json\/wp\/v2\/posts\/951\/revisions\/955"}],"wp:featuredmedia":[{"embeddable":true,"href":"https:\/\/21panorama.com\/index.php\/wp-json\/wp\/v2\/media\/952"}],"wp:attachment":[{"href":"https:\/\/21panorama.com\/index.php\/wp-json\/wp\/v2\/media?parent=951"}],"wp:term":[{"taxonomy":"category","embeddable":true,"href":"https:\/\/21panorama.com\/index.php\/wp-json\/wp\/v2\/categories?post=951"},{"taxonomy":"post_tag","embeddable":true,"href":"https:\/\/21panorama.com\/index.php\/wp-json\/wp\/v2\/tags?post=951"}],"curies":[{"name":"wp","href":"https:\/\/api.w.org\/{rel}","templated":true}]}}