{"id":93,"date":"2019-07-26T01:35:33","date_gmt":"2019-07-26T01:35:33","guid":{"rendered":"http:\/\/21panorama.com\/?p=93"},"modified":"2019-07-26T16:39:46","modified_gmt":"2019-07-26T16:39:46","slug":"las-mujeres-son-las-verdaderas-arquitectas-de-la-sociedad","status":"publish","type":"post","link":"https:\/\/21panorama.com\/index.php\/2019\/07\/26\/las-mujeres-son-las-verdaderas-arquitectas-de-la-sociedad\/","title":{"rendered":"&#8220;LAS MUJERES SON LAS VERDADERAS ARQUITECTAS DE LA SOCIEDAD&#8221;."},"content":{"rendered":"\n<p>Como padre de familia y esposo, s\u00e9 que nuestra principal preocupaci\u00f3n es la seguridad y bienestar de las mujeres que forman parte de nuestra familia, agradezco a las ni\u00f1as, ni\u00f1os y ciudadan\u00eda en general por haberme acompa\u00f1ado en el recorrido de la &#8220;Rodada Naranja&#8221;, con motivo del d\u00eda de la no violencia contra la mujer.<br>Estamos trabajando para que cuenten con las mejores condiciones para estudiar, desarrollarse y convivir sanamente en nuestra sociedad. <\/p>\n\n\n\n<ul class=\"wp-block-gallery columns-4 is-cropped wp-block-gallery-1 is-layout-flex wp-block-gallery-is-layout-flex\"><li class=\"blocks-gallery-item\"><figure><img decoding=\"async\" width=\"960\" height=\"720\" src=\"https:\/\/21panorama.com\/wp-content\/uploads\/2019\/07\/67099740_2504959059554673_5978072800714293248_n.jpg\" alt=\"\" data-id=\"94\" data-link=\"https:\/\/21panorama.com\/?attachment_id=94\" class=\"wp-image-94\" srcset=\"https:\/\/21panorama.com\/wp-content\/uploads\/2019\/07\/67099740_2504959059554673_5978072800714293248_n.jpg 960w, https:\/\/21panorama.com\/wp-content\/uploads\/2019\/07\/67099740_2504959059554673_5978072800714293248_n-300x225.jpg 300w, https:\/\/21panorama.com\/wp-content\/uploads\/2019\/07\/67099740_2504959059554673_5978072800714293248_n-768x576.jpg 768w\" sizes=\"(max-width: 960px) 100vw, 960px\" \/><\/figure><\/li><li class=\"blocks-gallery-item\"><figure><img decoding=\"async\" width=\"960\" height=\"720\" src=\"https:\/\/21panorama.com\/wp-content\/uploads\/2019\/07\/67167062_2504959076221338_3327610093935001600_n.jpg\" alt=\"\" data-id=\"95\" data-link=\"https:\/\/21panorama.com\/?attachment_id=95\" class=\"wp-image-95\" srcset=\"https:\/\/21panorama.com\/wp-content\/uploads\/2019\/07\/67167062_2504959076221338_3327610093935001600_n.jpg 960w, https:\/\/21panorama.com\/wp-content\/uploads\/2019\/07\/67167062_2504959076221338_3327610093935001600_n-300x225.jpg 300w, https:\/\/21panorama.com\/wp-content\/uploads\/2019\/07\/67167062_2504959076221338_3327610093935001600_n-768x576.jpg 768w\" sizes=\"(max-width: 960px) 100vw, 960px\" \/><\/figure><\/li><li class=\"blocks-gallery-item\"><figure><img decoding=\"async\" width=\"480\" height=\"640\" src=\"https:\/\/21panorama.com\/wp-content\/uploads\/2019\/07\/67176896_2504958899554689_1863131837769973760_n.jpg\" alt=\"\" data-id=\"96\" data-link=\"https:\/\/21panorama.com\/?attachment_id=96\" class=\"wp-image-96\" srcset=\"https:\/\/21panorama.com\/wp-content\/uploads\/2019\/07\/67176896_2504958899554689_1863131837769973760_n.jpg 480w, https:\/\/21panorama.com\/wp-content\/uploads\/2019\/07\/67176896_2504958899554689_1863131837769973760_n-225x300.jpg 225w\" sizes=\"(max-width: 480px) 100vw, 480px\" \/><\/figure><\/li><li class=\"blocks-gallery-item\"><figure><img decoding=\"async\" width=\"960\" height=\"720\" src=\"https:\/\/21panorama.com\/wp-content\/uploads\/2019\/07\/67201416_2504958979554681_5259646435632087040_n.jpg\" alt=\"\" data-id=\"97\" data-link=\"https:\/\/21panorama.com\/?attachment_id=97\" class=\"wp-image-97\" srcset=\"https:\/\/21panorama.com\/wp-content\/uploads\/2019\/07\/67201416_2504958979554681_5259646435632087040_n.jpg 960w, https:\/\/21panorama.com\/wp-content\/uploads\/2019\/07\/67201416_2504958979554681_5259646435632087040_n-300x225.jpg 300w, https:\/\/21panorama.com\/wp-content\/uploads\/2019\/07\/67201416_2504958979554681_5259646435632087040_n-768x576.jpg 768w\" sizes=\"(max-width: 960px) 100vw, 960px\" \/><\/figure><\/li><li class=\"blocks-gallery-item\"><figure><img decoding=\"async\" width=\"960\" height=\"720\" src=\"https:\/\/21panorama.com\/wp-content\/uploads\/2019\/07\/67404019_2504958996221346_8265573409061076992_n.jpg\" alt=\"\" data-id=\"98\" data-link=\"https:\/\/21panorama.com\/?attachment_id=98\" class=\"wp-image-98\" srcset=\"https:\/\/21panorama.com\/wp-content\/uploads\/2019\/07\/67404019_2504958996221346_8265573409061076992_n.jpg 960w, https:\/\/21panorama.com\/wp-content\/uploads\/2019\/07\/67404019_2504958996221346_8265573409061076992_n-300x225.jpg 300w, https:\/\/21panorama.com\/wp-content\/uploads\/2019\/07\/67404019_2504958996221346_8265573409061076992_n-768x576.jpg 768w\" sizes=\"(max-width: 960px) 100vw, 960px\" \/><\/figure><\/li><li class=\"blocks-gallery-item\"><figure><img decoding=\"async\" width=\"960\" height=\"720\" src=\"https:\/\/21panorama.com\/wp-content\/uploads\/2019\/07\/67644877_2504959089554670_5260124267923636224_n.jpg\" alt=\"\" data-id=\"99\" data-link=\"https:\/\/21panorama.com\/?attachment_id=99\" class=\"wp-image-99\" srcset=\"https:\/\/21panorama.com\/wp-content\/uploads\/2019\/07\/67644877_2504959089554670_5260124267923636224_n.jpg 960w, https:\/\/21panorama.com\/wp-content\/uploads\/2019\/07\/67644877_2504959089554670_5260124267923636224_n-300x225.jpg 300w, https:\/\/21panorama.com\/wp-content\/uploads\/2019\/07\/67644877_2504959089554670_5260124267923636224_n-768x576.jpg 768w\" sizes=\"(max-width: 960px) 100vw, 960px\" \/><\/figure><\/li><\/ul>\n","protected":false},"excerpt":{"rendered":"<p>Como padre de familia y esposo, s\u00e9 que nuestra principal preocupaci\u00f3n es la seguridad y bienestar de las mujeres que forman parte de nuestra familia, agradezco a las ni\u00f1as, ni\u00f1os y ciudadan\u00eda en general por haberme acompa\u00f1ado en el recorrido de la &#8220;Rodada Naranja&#8221;, con motivo del d\u00eda de la no violencia contra la mujer.Estamos trabajando para que cuenten con las mejores condiciones para estudiar, desarrollarse y convivir sanamente en nuestra sociedad.<\/p>\n","protected":false},"author":1,"featured_media":0,"comment_status":"open","ping_status":"open","sticky":false,"template":"","format":"standard","meta":{"footnotes":""},"categories":[10],"tags":[],"class_list":["post-93","post","type-post","status-publish","format-standard","hentry","category-opinion"],"yoast_head":"<!-- This site is optimized with the Yoast SEO plugin v24.9 - https:\/\/yoast.com\/wordpress\/plugins\/seo\/ -->\n<title>&quot;LAS MUJERES SON LAS VERDADERAS ARQUITECTAS DE LA SOCIEDAD&quot;. - 21 Panorama<\/title>\n<meta name=\"robots\" content=\"index, follow, max-snippet:-1, max-image-preview:large, max-video-preview:-1\" \/>\n<link rel=\"canonical\" href=\"https:\/\/21panorama.com\/index.php\/2019\/07\/26\/las-mujeres-son-las-verdaderas-arquitectas-de-la-sociedad\/\" \/>\n<meta property=\"og:locale\" content=\"es_MX\" \/>\n<meta property=\"og:type\" content=\"article\" \/>\n<meta property=\"og:title\" content=\"&quot;LAS MUJERES SON LAS VERDADERAS ARQUITECTAS DE LA SOCIEDAD&quot;. - 21 Panorama\" \/>\n<meta property=\"og:description\" content=\"Como padre de familia y esposo, s\u00e9 que nuestra principal preocupaci\u00f3n es la seguridad y bienestar de las mujeres que forman parte de nuestra familia, agradezco a las ni\u00f1as, ni\u00f1os y ciudadan\u00eda en general por haberme acompa\u00f1ado en el recorrido de la &#8220;Rodada Naranja&#8221;, con motivo del d\u00eda de la no violencia contra la mujer.Estamos trabajando para que cuenten con las mejores condiciones para estudiar, desarrollarse y convivir sanamente en nuestra sociedad.\" \/>\n<meta property=\"og:url\" content=\"https:\/\/21panorama.com\/index.php\/2019\/07\/26\/las-mujeres-son-las-verdaderas-arquitectas-de-la-sociedad\/\" \/>\n<meta property=\"og:site_name\" content=\"21 Panorama\" \/>\n<meta property=\"article:published_time\" content=\"2019-07-26T01:35:33+00:00\" \/>\n<meta property=\"article:modified_time\" content=\"2019-07-26T16:39:46+00:00\" \/>\n<meta property=\"og:image\" content=\"http:\/\/21panorama.com\/wp-content\/uploads\/2019\/07\/67099740_2504959059554673_5978072800714293248_n.jpg\" \/>\n<meta name=\"author\" content=\"admin\" \/>\n<meta name=\"twitter:card\" content=\"summary_large_image\" \/>\n<meta name=\"twitter:label1\" content=\"Escrito por\" \/>\n\t<meta name=\"twitter:data1\" content=\"admin\" \/>\n<script type=\"application\/ld+json\" class=\"yoast-schema-graph\">{\"@context\":\"https:\/\/schema.org\",\"@graph\":[{\"@type\":\"Article\",\"@id\":\"https:\/\/21panorama.com\/index.php\/2019\/07\/26\/las-mujeres-son-las-verdaderas-arquitectas-de-la-sociedad\/#article\",\"isPartOf\":{\"@id\":\"https:\/\/21panorama.com\/index.php\/2019\/07\/26\/las-mujeres-son-las-verdaderas-arquitectas-de-la-sociedad\/\"},\"author\":{\"name\":\"admin\",\"@id\":\"https:\/\/21panorama.com\/#\/schema\/person\/1afc291b96d5792a158768324287319f\"},\"headline\":\"&#8220;LAS MUJERES SON LAS VERDADERAS ARQUITECTAS DE LA SOCIEDAD&#8221;.\",\"datePublished\":\"2019-07-26T01:35:33+00:00\",\"dateModified\":\"2019-07-26T16:39:46+00:00\",\"mainEntityOfPage\":{\"@id\":\"https:\/\/21panorama.com\/index.php\/2019\/07\/26\/las-mujeres-son-las-verdaderas-arquitectas-de-la-sociedad\/\"},\"wordCount\":88,\"commentCount\":0,\"publisher\":{\"@id\":\"https:\/\/21panorama.com\/#organization\"},\"image\":{\"@id\":\"https:\/\/21panorama.com\/index.php\/2019\/07\/26\/las-mujeres-son-las-verdaderas-arquitectas-de-la-sociedad\/#primaryimage\"},\"thumbnailUrl\":\"http:\/\/21panorama.com\/wp-content\/uploads\/2019\/07\/67099740_2504959059554673_5978072800714293248_n.jpg\",\"articleSection\":[\"Opini\u00f3n\"],\"inLanguage\":\"es\",\"potentialAction\":[{\"@type\":\"CommentAction\",\"name\":\"Comment\",\"target\":[\"https:\/\/21panorama.com\/index.php\/2019\/07\/26\/las-mujeres-son-las-verdaderas-arquitectas-de-la-sociedad\/#respond\"]}]},{\"@type\":\"WebPage\",\"@id\":\"https:\/\/21panorama.com\/index.php\/2019\/07\/26\/las-mujeres-son-las-verdaderas-arquitectas-de-la-sociedad\/\",\"url\":\"https:\/\/21panorama.com\/index.php\/2019\/07\/26\/las-mujeres-son-las-verdaderas-arquitectas-de-la-sociedad\/\",\"name\":\"\\\"LAS MUJERES SON LAS VERDADERAS ARQUITECTAS DE LA SOCIEDAD\\\". - 21 Panorama\",\"isPartOf\":{\"@id\":\"https:\/\/21panorama.com\/#website\"},\"primaryImageOfPage\":{\"@id\":\"https:\/\/21panorama.com\/index.php\/2019\/07\/26\/las-mujeres-son-las-verdaderas-arquitectas-de-la-sociedad\/#primaryimage\"},\"image\":{\"@id\":\"https:\/\/21panorama.com\/index.php\/2019\/07\/26\/las-mujeres-son-las-verdaderas-arquitectas-de-la-sociedad\/#primaryimage\"},\"thumbnailUrl\":\"http:\/\/21panorama.com\/wp-content\/uploads\/2019\/07\/67099740_2504959059554673_5978072800714293248_n.jpg\",\"datePublished\":\"2019-07-26T01:35:33+00:00\",\"dateModified\":\"2019-07-26T16:39:46+00:00\",\"breadcrumb\":{\"@id\":\"https:\/\/21panorama.com\/index.php\/2019\/07\/26\/las-mujeres-son-las-verdaderas-arquitectas-de-la-sociedad\/#breadcrumb\"},\"inLanguage\":\"es\",\"potentialAction\":[{\"@type\":\"ReadAction\",\"target\":[\"https:\/\/21panorama.com\/index.php\/2019\/07\/26\/las-mujeres-son-las-verdaderas-arquitectas-de-la-sociedad\/\"]}]},{\"@type\":\"ImageObject\",\"inLanguage\":\"es\",\"@id\":\"https:\/\/21panorama.com\/index.php\/2019\/07\/26\/las-mujeres-son-las-verdaderas-arquitectas-de-la-sociedad\/#primaryimage\",\"url\":\"http:\/\/21panorama.com\/wp-content\/uploads\/2019\/07\/67099740_2504959059554673_5978072800714293248_n.jpg\",\"contentUrl\":\"http:\/\/21panorama.com\/wp-content\/uploads\/2019\/07\/67099740_2504959059554673_5978072800714293248_n.jpg\"},{\"@type\":\"BreadcrumbList\",\"@id\":\"https:\/\/21panorama.com\/index.php\/2019\/07\/26\/las-mujeres-son-las-verdaderas-arquitectas-de-la-sociedad\/#breadcrumb\",\"itemListElement\":[{\"@type\":\"ListItem\",\"position\":1,\"name\":\"Inicio\",\"item\":\"https:\/\/21panorama.com\/\"},{\"@type\":\"ListItem\",\"position\":2,\"name\":\"&#8220;LAS MUJERES SON LAS VERDADERAS ARQUITECTAS DE LA SOCIEDAD&#8221;.\"}]},{\"@type\":\"WebSite\",\"@id\":\"https:\/\/21panorama.com\/#website\",\"url\":\"https:\/\/21panorama.com\/\",\"name\":\"21 Panorama\",\"description\":\"La construcci\u00f3n de la opini\u00f3n p\u00fablica merece un mejor Panorama en este siglo 21 para alcanzar una sociedad con mayor transparencia y sin corrupci\u00f3n.\",\"publisher\":{\"@id\":\"https:\/\/21panorama.com\/#organization\"},\"potentialAction\":[{\"@type\":\"SearchAction\",\"target\":{\"@type\":\"EntryPoint\",\"urlTemplate\":\"https:\/\/21panorama.com\/?s={search_term_string}\"},\"query-input\":{\"@type\":\"PropertyValueSpecification\",\"valueRequired\":true,\"valueName\":\"search_term_string\"}}],\"inLanguage\":\"es\"},{\"@type\":\"Organization\",\"@id\":\"https:\/\/21panorama.com\/#organization\",\"name\":\"21 Panorama\",\"url\":\"https:\/\/21panorama.com\/\",\"logo\":{\"@type\":\"ImageObject\",\"inLanguage\":\"es\",\"@id\":\"https:\/\/21panorama.com\/#\/schema\/logo\/image\/\",\"url\":\"https:\/\/21panorama.com\/wp-content\/uploads\/2019\/07\/cropped-Logo-Panorama-01.jpeg\",\"contentUrl\":\"https:\/\/21panorama.com\/wp-content\/uploads\/2019\/07\/cropped-Logo-Panorama-01.jpeg\",\"width\":290,\"height\":70,\"caption\":\"21 Panorama\"},\"image\":{\"@id\":\"https:\/\/21panorama.com\/#\/schema\/logo\/image\/\"}},{\"@type\":\"Person\",\"@id\":\"https:\/\/21panorama.com\/#\/schema\/person\/1afc291b96d5792a158768324287319f\",\"name\":\"admin\",\"image\":{\"@type\":\"ImageObject\",\"inLanguage\":\"es\",\"@id\":\"https:\/\/21panorama.com\/#\/schema\/person\/image\/\",\"url\":\"https:\/\/secure.gravatar.com\/avatar\/ad365d9d9f46719215b0d042cc3df92a5a8683e09ef13d102233e5491985f0f0?s=96&d=mm&r=g\",\"contentUrl\":\"https:\/\/secure.gravatar.com\/avatar\/ad365d9d9f46719215b0d042cc3df92a5a8683e09ef13d102233e5491985f0f0?s=96&d=mm&r=g\",\"caption\":\"admin\"},\"url\":\"https:\/\/21panorama.com\/index.php\/author\/admin\/\"}]}<\/script>\n<!-- \/ Yoast SEO plugin. -->","yoast_head_json":{"title":"\"LAS MUJERES SON LAS VERDADERAS ARQUITECTAS DE LA SOCIEDAD\". - 21 Panorama","robots":{"index":"index","follow":"follow","max-snippet":"max-snippet:-1","max-image-preview":"max-image-preview:large","max-video-preview":"max-video-preview:-1"},"canonical":"https:\/\/21panorama.com\/index.php\/2019\/07\/26\/las-mujeres-son-las-verdaderas-arquitectas-de-la-sociedad\/","og_locale":"es_MX","og_type":"article","og_title":"\"LAS MUJERES SON LAS VERDADERAS ARQUITECTAS DE LA SOCIEDAD\". - 21 Panorama","og_description":"Como padre de familia y esposo, s\u00e9 que nuestra principal preocupaci\u00f3n es la seguridad y bienestar de las mujeres que forman parte de nuestra familia, agradezco a las ni\u00f1as, ni\u00f1os y ciudadan\u00eda en general por haberme acompa\u00f1ado en el recorrido de la &#8220;Rodada Naranja&#8221;, con motivo del d\u00eda de la no violencia contra la mujer.Estamos trabajando para que cuenten con las mejores condiciones para estudiar, desarrollarse y convivir sanamente en nuestra sociedad.","og_url":"https:\/\/21panorama.com\/index.php\/2019\/07\/26\/las-mujeres-son-las-verdaderas-arquitectas-de-la-sociedad\/","og_site_name":"21 Panorama","article_published_time":"2019-07-26T01:35:33+00:00","article_modified_time":"2019-07-26T16:39:46+00:00","og_image":[{"url":"http:\/\/21panorama.com\/wp-content\/uploads\/2019\/07\/67099740_2504959059554673_5978072800714293248_n.jpg","type":"","width":"","height":""}],"author":"admin","twitter_card":"summary_large_image","twitter_misc":{"Escrito por":"admin"},"schema":{"@context":"https:\/\/schema.org","@graph":[{"@type":"Article","@id":"https:\/\/21panorama.com\/index.php\/2019\/07\/26\/las-mujeres-son-las-verdaderas-arquitectas-de-la-sociedad\/#article","isPartOf":{"@id":"https:\/\/21panorama.com\/index.php\/2019\/07\/26\/las-mujeres-son-las-verdaderas-arquitectas-de-la-sociedad\/"},"author":{"name":"admin","@id":"https:\/\/21panorama.com\/#\/schema\/person\/1afc291b96d5792a158768324287319f"},"headline":"&#8220;LAS MUJERES SON LAS VERDADERAS ARQUITECTAS DE LA SOCIEDAD&#8221;.","datePublished":"2019-07-26T01:35:33+00:00","dateModified":"2019-07-26T16:39:46+00:00","mainEntityOfPage":{"@id":"https:\/\/21panorama.com\/index.php\/2019\/07\/26\/las-mujeres-son-las-verdaderas-arquitectas-de-la-sociedad\/"},"wordCount":88,"commentCount":0,"publisher":{"@id":"https:\/\/21panorama.com\/#organization"},"image":{"@id":"https:\/\/21panorama.com\/index.php\/2019\/07\/26\/las-mujeres-son-las-verdaderas-arquitectas-de-la-sociedad\/#primaryimage"},"thumbnailUrl":"http:\/\/21panorama.com\/wp-content\/uploads\/2019\/07\/67099740_2504959059554673_5978072800714293248_n.jpg","articleSection":["Opini\u00f3n"],"inLanguage":"es","potentialAction":[{"@type":"CommentAction","name":"Comment","target":["https:\/\/21panorama.com\/index.php\/2019\/07\/26\/las-mujeres-son-las-verdaderas-arquitectas-de-la-sociedad\/#respond"]}]},{"@type":"WebPage","@id":"https:\/\/21panorama.com\/index.php\/2019\/07\/26\/las-mujeres-son-las-verdaderas-arquitectas-de-la-sociedad\/","url":"https:\/\/21panorama.com\/index.php\/2019\/07\/26\/las-mujeres-son-las-verdaderas-arquitectas-de-la-sociedad\/","name":"\"LAS MUJERES SON LAS VERDADERAS ARQUITECTAS DE LA SOCIEDAD\". - 21 Panorama","isPartOf":{"@id":"https:\/\/21panorama.com\/#website"},"primaryImageOfPage":{"@id":"https:\/\/21panorama.com\/index.php\/2019\/07\/26\/las-mujeres-son-las-verdaderas-arquitectas-de-la-sociedad\/#primaryimage"},"image":{"@id":"https:\/\/21panorama.com\/index.php\/2019\/07\/26\/las-mujeres-son-las-verdaderas-arquitectas-de-la-sociedad\/#primaryimage"},"thumbnailUrl":"http:\/\/21panorama.com\/wp-content\/uploads\/2019\/07\/67099740_2504959059554673_5978072800714293248_n.jpg","datePublished":"2019-07-26T01:35:33+00:00","dateModified":"2019-07-26T16:39:46+00:00","breadcrumb":{"@id":"https:\/\/21panorama.com\/index.php\/2019\/07\/26\/las-mujeres-son-las-verdaderas-arquitectas-de-la-sociedad\/#breadcrumb"},"inLanguage":"es","potentialAction":[{"@type":"ReadAction","target":["https:\/\/21panorama.com\/index.php\/2019\/07\/26\/las-mujeres-son-las-verdaderas-arquitectas-de-la-sociedad\/"]}]},{"@type":"ImageObject","inLanguage":"es","@id":"https:\/\/21panorama.com\/index.php\/2019\/07\/26\/las-mujeres-son-las-verdaderas-arquitectas-de-la-sociedad\/#primaryimage","url":"http:\/\/21panorama.com\/wp-content\/uploads\/2019\/07\/67099740_2504959059554673_5978072800714293248_n.jpg","contentUrl":"http:\/\/21panorama.com\/wp-content\/uploads\/2019\/07\/67099740_2504959059554673_5978072800714293248_n.jpg"},{"@type":"BreadcrumbList","@id":"https:\/\/21panorama.com\/index.php\/2019\/07\/26\/las-mujeres-son-las-verdaderas-arquitectas-de-la-sociedad\/#breadcrumb","itemListElement":[{"@type":"ListItem","position":1,"name":"Inicio","item":"https:\/\/21panorama.com\/"},{"@type":"ListItem","position":2,"name":"&#8220;LAS MUJERES SON LAS VERDADERAS ARQUITECTAS DE LA SOCIEDAD&#8221;."}]},{"@type":"WebSite","@id":"https:\/\/21panorama.com\/#website","url":"https:\/\/21panorama.com\/","name":"21 Panorama","description":"La construcci\u00f3n de la opini\u00f3n p\u00fablica merece un mejor Panorama en este siglo 21 para alcanzar una sociedad con mayor transparencia y sin corrupci\u00f3n.","publisher":{"@id":"https:\/\/21panorama.com\/#organization"},"potentialAction":[{"@type":"SearchAction","target":{"@type":"EntryPoint","urlTemplate":"https:\/\/21panorama.com\/?s={search_term_string}"},"query-input":{"@type":"PropertyValueSpecification","valueRequired":true,"valueName":"search_term_string"}}],"inLanguage":"es"},{"@type":"Organization","@id":"https:\/\/21panorama.com\/#organization","name":"21 Panorama","url":"https:\/\/21panorama.com\/","logo":{"@type":"ImageObject","inLanguage":"es","@id":"https:\/\/21panorama.com\/#\/schema\/logo\/image\/","url":"https:\/\/21panorama.com\/wp-content\/uploads\/2019\/07\/cropped-Logo-Panorama-01.jpeg","contentUrl":"https:\/\/21panorama.com\/wp-content\/uploads\/2019\/07\/cropped-Logo-Panorama-01.jpeg","width":290,"height":70,"caption":"21 Panorama"},"image":{"@id":"https:\/\/21panorama.com\/#\/schema\/logo\/image\/"}},{"@type":"Person","@id":"https:\/\/21panorama.com\/#\/schema\/person\/1afc291b96d5792a158768324287319f","name":"admin","image":{"@type":"ImageObject","inLanguage":"es","@id":"https:\/\/21panorama.com\/#\/schema\/person\/image\/","url":"https:\/\/secure.gravatar.com\/avatar\/ad365d9d9f46719215b0d042cc3df92a5a8683e09ef13d102233e5491985f0f0?s=96&d=mm&r=g","contentUrl":"https:\/\/secure.gravatar.com\/avatar\/ad365d9d9f46719215b0d042cc3df92a5a8683e09ef13d102233e5491985f0f0?s=96&d=mm&r=g","caption":"admin"},"url":"https:\/\/21panorama.com\/index.php\/author\/admin\/"}]}},"_links":{"self":[{"href":"https:\/\/21panorama.com\/index.php\/wp-json\/wp\/v2\/posts\/93","targetHints":{"allow":["GET"]}}],"collection":[{"href":"https:\/\/21panorama.com\/index.php\/wp-json\/wp\/v2\/posts"}],"about":[{"href":"https:\/\/21panorama.com\/index.php\/wp-json\/wp\/v2\/types\/post"}],"author":[{"embeddable":true,"href":"https:\/\/21panorama.com\/index.php\/wp-json\/wp\/v2\/users\/1"}],"replies":[{"embeddable":true,"href":"https:\/\/21panorama.com\/index.php\/wp-json\/wp\/v2\/comments?post=93"}],"version-history":[{"count":2,"href":"https:\/\/21panorama.com\/index.php\/wp-json\/wp\/v2\/posts\/93\/revisions"}],"predecessor-version":[{"id":136,"href":"https:\/\/21panorama.com\/index.php\/wp-json\/wp\/v2\/posts\/93\/revisions\/136"}],"wp:attachment":[{"href":"https:\/\/21panorama.com\/index.php\/wp-json\/wp\/v2\/media?parent=93"}],"wp:term":[{"taxonomy":"category","embeddable":true,"href":"https:\/\/21panorama.com\/index.php\/wp-json\/wp\/v2\/categories?post=93"},{"taxonomy":"post_tag","embeddable":true,"href":"https:\/\/21panorama.com\/index.php\/wp-json\/wp\/v2\/tags?post=93"}],"curies":[{"name":"wp","href":"https:\/\/api.w.org\/{rel}","templated":true}]}}