{"id":907,"date":"2021-05-19T11:06:19","date_gmt":"2021-05-19T16:06:19","guid":{"rendered":"http:\/\/21panorama.com\/?p=907"},"modified":"2021-05-19T11:06:21","modified_gmt":"2021-05-19T16:06:21","slug":"campana-de-propuestas-solidas-despliega-dora-elena-real-salinas","status":"publish","type":"post","link":"https:\/\/21panorama.com\/index.php\/2021\/05\/19\/campana-de-propuestas-solidas-despliega-dora-elena-real-salinas\/","title":{"rendered":"CAMPA\u00d1A DE PROPUESTAS S\u00d3LIDAS DESPLIEGA DORA ELENA REAL SALINAS"},"content":{"rendered":"\n<p>Por Alberto Rodriguez<\/p>\n\n\n\n<p>Al afirmar que siempre ser\u00e1 una aliada de las mujeres, la candidata a diputada local por el Distrito 15 con cabecera en Ixtlahuaca del Partido Verde, Dora Elena Real Salinas, dijo que su campa\u00f1a es de propuestas s\u00f3lidas para mejorar la vida de los mexiquenses.<\/p>\n\n\n\n<figure class=\"wp-block-image size-large\"><img decoding=\"async\" width=\"960\" height=\"640\" src=\"https:\/\/21panorama.com\/wp-content\/uploads\/2021\/05\/IMG-20210518-WA0012.jpg\" alt=\"\" class=\"wp-image-909\" srcset=\"https:\/\/21panorama.com\/wp-content\/uploads\/2021\/05\/IMG-20210518-WA0012.jpg 960w, https:\/\/21panorama.com\/wp-content\/uploads\/2021\/05\/IMG-20210518-WA0012-300x200.jpg 300w, https:\/\/21panorama.com\/wp-content\/uploads\/2021\/05\/IMG-20210518-WA0012-768x512.jpg 768w\" sizes=\"(max-width: 960px) 100vw, 960px\" \/><\/figure>\n\n\n\n<p>En intensos recorridos por Ixtlahuaca, Jiquipilco y San Felipe del Progreso dio a conocer sus protestas que llevar\u00e1 al Congreso local para superar rezagos y marginaciones sociales.<\/p>\n\n\n\n<p>Dijo que llegar\u00e1 a la C\u00e1mara de Diputados para legislar por los j\u00f3venes y que tengan m\u00e1s espacios en la vida pol\u00edtica, as\u00ed como legislar para generar pol\u00edticas p\u00fablicas eficientes para erradicar la violencia en contra de las mujeres.<\/p>\n\n\n\n<p>En ese sentido, se comprometi\u00f3 a gestionar todo lo posible para construir una red con casas de seguridad en cada municipio del Edomex, donde se suministre comida, atenci\u00f3n m\u00e9dica, atenci\u00f3n psicol\u00f3gica y aprendizaje para el autoempleo.<\/p>\n\n\n\n<p>Adem\u00e1s de legislar para la seguridad y el apoyo de los comerciantes, para mejorar la infraestructura de las escuelas y por nuestro medio ambiente VERDE.<\/p>\n\n\n\n<p>\u201cHay que trabajar en equipo y de la mano con las comunidades que permita realizar un trabajo responsable y en bien de las familias de la regi\u00f3n\u201d, dijo en uno de sus recorridos por San Agust\u00edn Barrio los Maya.<\/p>\n","protected":false},"excerpt":{"rendered":"<p>Por Alberto Rodriguez Al afirmar que siempre ser\u00e1 una aliada de las mujeres, la candidata a diputada local por el Distrito 15 con cabecera en Ixtlahuaca del Partido Verde, Dora Elena Real Salinas, dijo que su campa\u00f1a es de propuestas s\u00f3lidas para mejorar la vida de los mexiquenses. En intensos recorridos por Ixtlahuaca, Jiquipilco y San Felipe del Progreso dio a conocer sus protestas que llevar\u00e1 al Congreso local para superar rezagos y marginaciones sociales. Dijo que llegar\u00e1 a la C\u00e1mara de Diputados para legislar por los j\u00f3venes y que&hellip;<\/p>\n","protected":false},"author":1,"featured_media":908,"comment_status":"open","ping_status":"open","sticky":false,"template":"","format":"standard","meta":{"footnotes":""},"categories":[12],"tags":[],"class_list":["post-907","post","type-post","status-publish","format-standard","has-post-thumbnail","hentry","category-politica"],"yoast_head":"<!-- This site is optimized with the Yoast SEO plugin v24.9 - https:\/\/yoast.com\/wordpress\/plugins\/seo\/ -->\n<title>CAMPA\u00d1A DE PROPUESTAS S\u00d3LIDAS DESPLIEGA DORA ELENA REAL SALINAS - 21 Panorama<\/title>\n<meta name=\"robots\" content=\"index, follow, max-snippet:-1, max-image-preview:large, max-video-preview:-1\" \/>\n<link rel=\"canonical\" href=\"https:\/\/21panorama.com\/index.php\/2021\/05\/19\/campana-de-propuestas-solidas-despliega-dora-elena-real-salinas\/\" \/>\n<meta property=\"og:locale\" content=\"es_MX\" \/>\n<meta property=\"og:type\" content=\"article\" \/>\n<meta property=\"og:title\" content=\"CAMPA\u00d1A DE PROPUESTAS S\u00d3LIDAS DESPLIEGA DORA ELENA REAL SALINAS - 21 Panorama\" \/>\n<meta property=\"og:description\" content=\"Por Alberto Rodriguez Al afirmar que siempre ser\u00e1 una aliada de las mujeres, la candidata a diputada local por el Distrito 15 con cabecera en Ixtlahuaca del Partido Verde, Dora Elena Real Salinas, dijo que su campa\u00f1a es de propuestas s\u00f3lidas para mejorar la vida de los mexiquenses. En intensos recorridos por Ixtlahuaca, Jiquipilco y San Felipe del Progreso dio a conocer sus protestas que llevar\u00e1 al Congreso local para superar rezagos y marginaciones sociales. Dijo que llegar\u00e1 a la C\u00e1mara de Diputados para legislar por los j\u00f3venes y que&hellip;\" \/>\n<meta property=\"og:url\" content=\"https:\/\/21panorama.com\/index.php\/2021\/05\/19\/campana-de-propuestas-solidas-despliega-dora-elena-real-salinas\/\" \/>\n<meta property=\"og:site_name\" content=\"21 Panorama\" \/>\n<meta property=\"article:published_time\" content=\"2021-05-19T16:06:19+00:00\" \/>\n<meta property=\"article:modified_time\" content=\"2021-05-19T16:06:21+00:00\" \/>\n<meta property=\"og:image\" content=\"https:\/\/21panorama.com\/wp-content\/uploads\/2021\/05\/IMG-20210518-WA0011.jpg\" \/>\n\t<meta property=\"og:image:width\" content=\"960\" \/>\n\t<meta property=\"og:image:height\" content=\"640\" \/>\n\t<meta property=\"og:image:type\" content=\"image\/jpeg\" \/>\n<meta name=\"author\" content=\"admin\" \/>\n<meta name=\"twitter:card\" content=\"summary_large_image\" \/>\n<meta name=\"twitter:label1\" content=\"Escrito por\" \/>\n\t<meta name=\"twitter:data1\" content=\"admin\" \/>\n\t<meta name=\"twitter:label2\" content=\"Tiempo de lectura\" \/>\n\t<meta name=\"twitter:data2\" content=\"2 minutos\" \/>\n<script type=\"application\/ld+json\" class=\"yoast-schema-graph\">{\"@context\":\"https:\/\/schema.org\",\"@graph\":[{\"@type\":\"Article\",\"@id\":\"https:\/\/21panorama.com\/index.php\/2021\/05\/19\/campana-de-propuestas-solidas-despliega-dora-elena-real-salinas\/#article\",\"isPartOf\":{\"@id\":\"https:\/\/21panorama.com\/index.php\/2021\/05\/19\/campana-de-propuestas-solidas-despliega-dora-elena-real-salinas\/\"},\"author\":{\"name\":\"admin\",\"@id\":\"https:\/\/21panorama.com\/#\/schema\/person\/1afc291b96d5792a158768324287319f\"},\"headline\":\"CAMPA\u00d1A DE PROPUESTAS S\u00d3LIDAS DESPLIEGA DORA ELENA REAL SALINAS\",\"datePublished\":\"2021-05-19T16:06:19+00:00\",\"dateModified\":\"2021-05-19T16:06:21+00:00\",\"mainEntityOfPage\":{\"@id\":\"https:\/\/21panorama.com\/index.php\/2021\/05\/19\/campana-de-propuestas-solidas-despliega-dora-elena-real-salinas\/\"},\"wordCount\":239,\"commentCount\":0,\"publisher\":{\"@id\":\"https:\/\/21panorama.com\/#organization\"},\"image\":{\"@id\":\"https:\/\/21panorama.com\/index.php\/2021\/05\/19\/campana-de-propuestas-solidas-despliega-dora-elena-real-salinas\/#primaryimage\"},\"thumbnailUrl\":\"https:\/\/21panorama.com\/wp-content\/uploads\/2021\/05\/IMG-20210518-WA0011.jpg\",\"articleSection\":[\"Politica\"],\"inLanguage\":\"es\",\"potentialAction\":[{\"@type\":\"CommentAction\",\"name\":\"Comment\",\"target\":[\"https:\/\/21panorama.com\/index.php\/2021\/05\/19\/campana-de-propuestas-solidas-despliega-dora-elena-real-salinas\/#respond\"]}]},{\"@type\":\"WebPage\",\"@id\":\"https:\/\/21panorama.com\/index.php\/2021\/05\/19\/campana-de-propuestas-solidas-despliega-dora-elena-real-salinas\/\",\"url\":\"https:\/\/21panorama.com\/index.php\/2021\/05\/19\/campana-de-propuestas-solidas-despliega-dora-elena-real-salinas\/\",\"name\":\"CAMPA\u00d1A DE PROPUESTAS S\u00d3LIDAS DESPLIEGA DORA ELENA REAL SALINAS - 21 Panorama\",\"isPartOf\":{\"@id\":\"https:\/\/21panorama.com\/#website\"},\"primaryImageOfPage\":{\"@id\":\"https:\/\/21panorama.com\/index.php\/2021\/05\/19\/campana-de-propuestas-solidas-despliega-dora-elena-real-salinas\/#primaryimage\"},\"image\":{\"@id\":\"https:\/\/21panorama.com\/index.php\/2021\/05\/19\/campana-de-propuestas-solidas-despliega-dora-elena-real-salinas\/#primaryimage\"},\"thumbnailUrl\":\"https:\/\/21panorama.com\/wp-content\/uploads\/2021\/05\/IMG-20210518-WA0011.jpg\",\"datePublished\":\"2021-05-19T16:06:19+00:00\",\"dateModified\":\"2021-05-19T16:06:21+00:00\",\"breadcrumb\":{\"@id\":\"https:\/\/21panorama.com\/index.php\/2021\/05\/19\/campana-de-propuestas-solidas-despliega-dora-elena-real-salinas\/#breadcrumb\"},\"inLanguage\":\"es\",\"potentialAction\":[{\"@type\":\"ReadAction\",\"target\":[\"https:\/\/21panorama.com\/index.php\/2021\/05\/19\/campana-de-propuestas-solidas-despliega-dora-elena-real-salinas\/\"]}]},{\"@type\":\"ImageObject\",\"inLanguage\":\"es\",\"@id\":\"https:\/\/21panorama.com\/index.php\/2021\/05\/19\/campana-de-propuestas-solidas-despliega-dora-elena-real-salinas\/#primaryimage\",\"url\":\"https:\/\/21panorama.com\/wp-content\/uploads\/2021\/05\/IMG-20210518-WA0011.jpg\",\"contentUrl\":\"https:\/\/21panorama.com\/wp-content\/uploads\/2021\/05\/IMG-20210518-WA0011.jpg\",\"width\":960,\"height\":640},{\"@type\":\"BreadcrumbList\",\"@id\":\"https:\/\/21panorama.com\/index.php\/2021\/05\/19\/campana-de-propuestas-solidas-despliega-dora-elena-real-salinas\/#breadcrumb\",\"itemListElement\":[{\"@type\":\"ListItem\",\"position\":1,\"name\":\"Inicio\",\"item\":\"https:\/\/21panorama.com\/\"},{\"@type\":\"ListItem\",\"position\":2,\"name\":\"CAMPA\u00d1A DE PROPUESTAS S\u00d3LIDAS DESPLIEGA DORA ELENA REAL SALINAS\"}]},{\"@type\":\"WebSite\",\"@id\":\"https:\/\/21panorama.com\/#website\",\"url\":\"https:\/\/21panorama.com\/\",\"name\":\"21 Panorama\",\"description\":\"La construcci\u00f3n de la opini\u00f3n p\u00fablica merece un mejor Panorama en este siglo 21 para alcanzar una sociedad con mayor transparencia y sin corrupci\u00f3n.\",\"publisher\":{\"@id\":\"https:\/\/21panorama.com\/#organization\"},\"potentialAction\":[{\"@type\":\"SearchAction\",\"target\":{\"@type\":\"EntryPoint\",\"urlTemplate\":\"https:\/\/21panorama.com\/?s={search_term_string}\"},\"query-input\":{\"@type\":\"PropertyValueSpecification\",\"valueRequired\":true,\"valueName\":\"search_term_string\"}}],\"inLanguage\":\"es\"},{\"@type\":\"Organization\",\"@id\":\"https:\/\/21panorama.com\/#organization\",\"name\":\"21 Panorama\",\"url\":\"https:\/\/21panorama.com\/\",\"logo\":{\"@type\":\"ImageObject\",\"inLanguage\":\"es\",\"@id\":\"https:\/\/21panorama.com\/#\/schema\/logo\/image\/\",\"url\":\"https:\/\/21panorama.com\/wp-content\/uploads\/2019\/07\/cropped-Logo-Panorama-01.jpeg\",\"contentUrl\":\"https:\/\/21panorama.com\/wp-content\/uploads\/2019\/07\/cropped-Logo-Panorama-01.jpeg\",\"width\":290,\"height\":70,\"caption\":\"21 Panorama\"},\"image\":{\"@id\":\"https:\/\/21panorama.com\/#\/schema\/logo\/image\/\"}},{\"@type\":\"Person\",\"@id\":\"https:\/\/21panorama.com\/#\/schema\/person\/1afc291b96d5792a158768324287319f\",\"name\":\"admin\",\"image\":{\"@type\":\"ImageObject\",\"inLanguage\":\"es\",\"@id\":\"https:\/\/21panorama.com\/#\/schema\/person\/image\/\",\"url\":\"https:\/\/secure.gravatar.com\/avatar\/ad365d9d9f46719215b0d042cc3df92a5a8683e09ef13d102233e5491985f0f0?s=96&d=mm&r=g\",\"contentUrl\":\"https:\/\/secure.gravatar.com\/avatar\/ad365d9d9f46719215b0d042cc3df92a5a8683e09ef13d102233e5491985f0f0?s=96&d=mm&r=g\",\"caption\":\"admin\"},\"url\":\"https:\/\/21panorama.com\/index.php\/author\/admin\/\"}]}<\/script>\n<!-- \/ Yoast SEO plugin. -->","yoast_head_json":{"title":"CAMPA\u00d1A DE PROPUESTAS S\u00d3LIDAS DESPLIEGA DORA ELENA REAL SALINAS - 21 Panorama","robots":{"index":"index","follow":"follow","max-snippet":"max-snippet:-1","max-image-preview":"max-image-preview:large","max-video-preview":"max-video-preview:-1"},"canonical":"https:\/\/21panorama.com\/index.php\/2021\/05\/19\/campana-de-propuestas-solidas-despliega-dora-elena-real-salinas\/","og_locale":"es_MX","og_type":"article","og_title":"CAMPA\u00d1A DE PROPUESTAS S\u00d3LIDAS DESPLIEGA DORA ELENA REAL SALINAS - 21 Panorama","og_description":"Por Alberto Rodriguez Al afirmar que siempre ser\u00e1 una aliada de las mujeres, la candidata a diputada local por el Distrito 15 con cabecera en Ixtlahuaca del Partido Verde, Dora Elena Real Salinas, dijo que su campa\u00f1a es de propuestas s\u00f3lidas para mejorar la vida de los mexiquenses. En intensos recorridos por Ixtlahuaca, Jiquipilco y San Felipe del Progreso dio a conocer sus protestas que llevar\u00e1 al Congreso local para superar rezagos y marginaciones sociales. Dijo que llegar\u00e1 a la C\u00e1mara de Diputados para legislar por los j\u00f3venes y que&hellip;","og_url":"https:\/\/21panorama.com\/index.php\/2021\/05\/19\/campana-de-propuestas-solidas-despliega-dora-elena-real-salinas\/","og_site_name":"21 Panorama","article_published_time":"2021-05-19T16:06:19+00:00","article_modified_time":"2021-05-19T16:06:21+00:00","og_image":[{"width":960,"height":640,"url":"https:\/\/21panorama.com\/wp-content\/uploads\/2021\/05\/IMG-20210518-WA0011.jpg","type":"image\/jpeg"}],"author":"admin","twitter_card":"summary_large_image","twitter_misc":{"Escrito por":"admin","Tiempo de lectura":"2 minutos"},"schema":{"@context":"https:\/\/schema.org","@graph":[{"@type":"Article","@id":"https:\/\/21panorama.com\/index.php\/2021\/05\/19\/campana-de-propuestas-solidas-despliega-dora-elena-real-salinas\/#article","isPartOf":{"@id":"https:\/\/21panorama.com\/index.php\/2021\/05\/19\/campana-de-propuestas-solidas-despliega-dora-elena-real-salinas\/"},"author":{"name":"admin","@id":"https:\/\/21panorama.com\/#\/schema\/person\/1afc291b96d5792a158768324287319f"},"headline":"CAMPA\u00d1A DE PROPUESTAS S\u00d3LIDAS DESPLIEGA DORA ELENA REAL SALINAS","datePublished":"2021-05-19T16:06:19+00:00","dateModified":"2021-05-19T16:06:21+00:00","mainEntityOfPage":{"@id":"https:\/\/21panorama.com\/index.php\/2021\/05\/19\/campana-de-propuestas-solidas-despliega-dora-elena-real-salinas\/"},"wordCount":239,"commentCount":0,"publisher":{"@id":"https:\/\/21panorama.com\/#organization"},"image":{"@id":"https:\/\/21panorama.com\/index.php\/2021\/05\/19\/campana-de-propuestas-solidas-despliega-dora-elena-real-salinas\/#primaryimage"},"thumbnailUrl":"https:\/\/21panorama.com\/wp-content\/uploads\/2021\/05\/IMG-20210518-WA0011.jpg","articleSection":["Politica"],"inLanguage":"es","potentialAction":[{"@type":"CommentAction","name":"Comment","target":["https:\/\/21panorama.com\/index.php\/2021\/05\/19\/campana-de-propuestas-solidas-despliega-dora-elena-real-salinas\/#respond"]}]},{"@type":"WebPage","@id":"https:\/\/21panorama.com\/index.php\/2021\/05\/19\/campana-de-propuestas-solidas-despliega-dora-elena-real-salinas\/","url":"https:\/\/21panorama.com\/index.php\/2021\/05\/19\/campana-de-propuestas-solidas-despliega-dora-elena-real-salinas\/","name":"CAMPA\u00d1A DE PROPUESTAS S\u00d3LIDAS DESPLIEGA DORA ELENA REAL SALINAS - 21 Panorama","isPartOf":{"@id":"https:\/\/21panorama.com\/#website"},"primaryImageOfPage":{"@id":"https:\/\/21panorama.com\/index.php\/2021\/05\/19\/campana-de-propuestas-solidas-despliega-dora-elena-real-salinas\/#primaryimage"},"image":{"@id":"https:\/\/21panorama.com\/index.php\/2021\/05\/19\/campana-de-propuestas-solidas-despliega-dora-elena-real-salinas\/#primaryimage"},"thumbnailUrl":"https:\/\/21panorama.com\/wp-content\/uploads\/2021\/05\/IMG-20210518-WA0011.jpg","datePublished":"2021-05-19T16:06:19+00:00","dateModified":"2021-05-19T16:06:21+00:00","breadcrumb":{"@id":"https:\/\/21panorama.com\/index.php\/2021\/05\/19\/campana-de-propuestas-solidas-despliega-dora-elena-real-salinas\/#breadcrumb"},"inLanguage":"es","potentialAction":[{"@type":"ReadAction","target":["https:\/\/21panorama.com\/index.php\/2021\/05\/19\/campana-de-propuestas-solidas-despliega-dora-elena-real-salinas\/"]}]},{"@type":"ImageObject","inLanguage":"es","@id":"https:\/\/21panorama.com\/index.php\/2021\/05\/19\/campana-de-propuestas-solidas-despliega-dora-elena-real-salinas\/#primaryimage","url":"https:\/\/21panorama.com\/wp-content\/uploads\/2021\/05\/IMG-20210518-WA0011.jpg","contentUrl":"https:\/\/21panorama.com\/wp-content\/uploads\/2021\/05\/IMG-20210518-WA0011.jpg","width":960,"height":640},{"@type":"BreadcrumbList","@id":"https:\/\/21panorama.com\/index.php\/2021\/05\/19\/campana-de-propuestas-solidas-despliega-dora-elena-real-salinas\/#breadcrumb","itemListElement":[{"@type":"ListItem","position":1,"name":"Inicio","item":"https:\/\/21panorama.com\/"},{"@type":"ListItem","position":2,"name":"CAMPA\u00d1A DE PROPUESTAS S\u00d3LIDAS DESPLIEGA DORA ELENA REAL SALINAS"}]},{"@type":"WebSite","@id":"https:\/\/21panorama.com\/#website","url":"https:\/\/21panorama.com\/","name":"21 Panorama","description":"La construcci\u00f3n de la opini\u00f3n p\u00fablica merece un mejor Panorama en este siglo 21 para alcanzar una sociedad con mayor transparencia y sin corrupci\u00f3n.","publisher":{"@id":"https:\/\/21panorama.com\/#organization"},"potentialAction":[{"@type":"SearchAction","target":{"@type":"EntryPoint","urlTemplate":"https:\/\/21panorama.com\/?s={search_term_string}"},"query-input":{"@type":"PropertyValueSpecification","valueRequired":true,"valueName":"search_term_string"}}],"inLanguage":"es"},{"@type":"Organization","@id":"https:\/\/21panorama.com\/#organization","name":"21 Panorama","url":"https:\/\/21panorama.com\/","logo":{"@type":"ImageObject","inLanguage":"es","@id":"https:\/\/21panorama.com\/#\/schema\/logo\/image\/","url":"https:\/\/21panorama.com\/wp-content\/uploads\/2019\/07\/cropped-Logo-Panorama-01.jpeg","contentUrl":"https:\/\/21panorama.com\/wp-content\/uploads\/2019\/07\/cropped-Logo-Panorama-01.jpeg","width":290,"height":70,"caption":"21 Panorama"},"image":{"@id":"https:\/\/21panorama.com\/#\/schema\/logo\/image\/"}},{"@type":"Person","@id":"https:\/\/21panorama.com\/#\/schema\/person\/1afc291b96d5792a158768324287319f","name":"admin","image":{"@type":"ImageObject","inLanguage":"es","@id":"https:\/\/21panorama.com\/#\/schema\/person\/image\/","url":"https:\/\/secure.gravatar.com\/avatar\/ad365d9d9f46719215b0d042cc3df92a5a8683e09ef13d102233e5491985f0f0?s=96&d=mm&r=g","contentUrl":"https:\/\/secure.gravatar.com\/avatar\/ad365d9d9f46719215b0d042cc3df92a5a8683e09ef13d102233e5491985f0f0?s=96&d=mm&r=g","caption":"admin"},"url":"https:\/\/21panorama.com\/index.php\/author\/admin\/"}]}},"_links":{"self":[{"href":"https:\/\/21panorama.com\/index.php\/wp-json\/wp\/v2\/posts\/907","targetHints":{"allow":["GET"]}}],"collection":[{"href":"https:\/\/21panorama.com\/index.php\/wp-json\/wp\/v2\/posts"}],"about":[{"href":"https:\/\/21panorama.com\/index.php\/wp-json\/wp\/v2\/types\/post"}],"author":[{"embeddable":true,"href":"https:\/\/21panorama.com\/index.php\/wp-json\/wp\/v2\/users\/1"}],"replies":[{"embeddable":true,"href":"https:\/\/21panorama.com\/index.php\/wp-json\/wp\/v2\/comments?post=907"}],"version-history":[{"count":1,"href":"https:\/\/21panorama.com\/index.php\/wp-json\/wp\/v2\/posts\/907\/revisions"}],"predecessor-version":[{"id":910,"href":"https:\/\/21panorama.com\/index.php\/wp-json\/wp\/v2\/posts\/907\/revisions\/910"}],"wp:featuredmedia":[{"embeddable":true,"href":"https:\/\/21panorama.com\/index.php\/wp-json\/wp\/v2\/media\/908"}],"wp:attachment":[{"href":"https:\/\/21panorama.com\/index.php\/wp-json\/wp\/v2\/media?parent=907"}],"wp:term":[{"taxonomy":"category","embeddable":true,"href":"https:\/\/21panorama.com\/index.php\/wp-json\/wp\/v2\/categories?post=907"},{"taxonomy":"post_tag","embeddable":true,"href":"https:\/\/21panorama.com\/index.php\/wp-json\/wp\/v2\/tags?post=907"}],"curies":[{"name":"wp","href":"https:\/\/api.w.org\/{rel}","templated":true}]}}