{"id":895,"date":"2021-05-19T10:51:36","date_gmt":"2021-05-19T15:51:36","guid":{"rendered":"http:\/\/21panorama.com\/?p=895"},"modified":"2021-05-19T10:59:42","modified_gmt":"2021-05-19T15:59:42","slug":"aviva-prd-la-fuerza-de-su-militancia-en-el-edomex","status":"publish","type":"post","link":"https:\/\/21panorama.com\/index.php\/2021\/05\/19\/aviva-prd-la-fuerza-de-su-militancia-en-el-edomex\/","title":{"rendered":"AVIVA PRD LA FUERZA DE SU MILITANCIA EN EL EDOMEX"},"content":{"rendered":"\n<p>Por Alberto Rodr\u00edguez<\/p>\n\n\n\n<p>Tenemos los mejores candidatos y las mejores propuestas que representen la voz de los mexiquenses, estableci\u00f3 el<br>dirigente estatal del PRD, Cristian Campuzano Mart\u00ednez.<\/p>\n\n\n\n<p>En recorridos con los candidatos por los diferentes municipios del Estado de M\u00e9xico ha dejado en claro que la fuerza amartilla est\u00e1 de regreso \u201ccon una actitud renovada y una militancia muy fuerte y candidato cerca de los ciudadanos\u201d.<\/p>\n\n\n\n<p><img decoding=\"async\" width=\"150\" height=\"84\" class=\"wp-image-905\" style=\"width: 150px;\" src=\"https:\/\/21panorama.com\/wp-content\/uploads\/2021\/05\/IMG-20210518-WA0004.jpg\" alt=\"\" srcset=\"https:\/\/21panorama.com\/wp-content\/uploads\/2021\/05\/IMG-20210518-WA0004.jpg 1280w, https:\/\/21panorama.com\/wp-content\/uploads\/2021\/05\/IMG-20210518-WA0004-300x169.jpg 300w, https:\/\/21panorama.com\/wp-content\/uploads\/2021\/05\/IMG-20210518-WA0004-1024x576.jpg 1024w, https:\/\/21panorama.com\/wp-content\/uploads\/2021\/05\/IMG-20210518-WA0004-768x432.jpg 768w\" sizes=\"(max-width: 150px) 100vw, 150px\" \/><\/p>\n\n\n\n<p>Campuzano Mart\u00ednez respalda a sus candidatos con m\u00edtines, caminatas, toque de puertas y mensajes a la poblaci\u00f3n para que reflexionen sobre el futuro que quieren para sus familias.<\/p>\n\n\n\n<p>As\u00ed ocurri\u00f3 en Malinalco donde -dijo- la confianza ciudadana ser\u00e1 volcada a favor de Roberto Caba\u00f1as Poblete , qui\u00e9n ha demostrado como se gobierna un municipio.<\/p>\n\n\n\n<p>Asimismo, acompa\u00f1\u00f3 a Vanessa Linares Zetina en eventos de la coalici\u00f3n &#8220;Va por el Estado de M\u00e9xico&#8221; en Ocuilan, donde ratificaron el compromiso perredista de obtener el triunfo el pr\u00f3ximo 6 de junio.<\/p>\n\n\n\n<p>En Tultepec , el lider del perredismo mexiquenses dijo que la coalici\u00f3n &#8220;Va por el Estado de M\u00e9xico&#8221;, va a arrasar, porque se cuentan con los mejores perfiles para seguir con el progreso que este municipio merece con Maria Felix Espinosa.<\/p>\n\n\n\n<p>Mientras tanto en Sultepec, se desbordaron en apoyo a la candidata a la presidencia municipal, Luisa Mart\u00ednez , quien abog\u00f3 en su discurso por los sectores de la poblaci\u00f3n m\u00e1s desprotegidos.<\/p>\n\n\n\n<p>\u201cQue la gente lleve dinero y sustento a sus hogares es fundamental para mejorar su calidad de vida. Creo en los comerciantes y en la calidad de sus productos, para ellos todo mi respaldo e impulso, unidos reactivaremos la econom\u00eda local\u201d, dijo la candidata.<\/p>\n","protected":false},"excerpt":{"rendered":"<p>Por Alberto Rodr\u00edguez Tenemos los mejores candidatos y las mejores propuestas que representen la voz de los mexiquenses, estableci\u00f3 eldirigente estatal del PRD, Cristian Campuzano Mart\u00ednez. En recorridos con los candidatos por los diferentes municipios del Estado de M\u00e9xico ha dejado en claro que la fuerza amartilla est\u00e1 de regreso \u201ccon una actitud renovada y una militancia muy fuerte y candidato cerca de los ciudadanos\u201d. Campuzano Mart\u00ednez respalda a sus candidatos con m\u00edtines, caminatas, toque de puertas y mensajes a la poblaci\u00f3n para que reflexionen sobre el futuro que quieren&hellip;<\/p>\n","protected":false},"author":1,"featured_media":898,"comment_status":"open","ping_status":"open","sticky":false,"template":"","format":"standard","meta":{"footnotes":""},"categories":[12],"tags":[],"class_list":["post-895","post","type-post","status-publish","format-standard","has-post-thumbnail","hentry","category-politica"],"yoast_head":"<!-- This site is optimized with the Yoast SEO plugin v24.9 - https:\/\/yoast.com\/wordpress\/plugins\/seo\/ -->\n<title>AVIVA PRD LA FUERZA DE SU MILITANCIA EN EL EDOMEX - 21 Panorama<\/title>\n<meta name=\"robots\" content=\"index, follow, max-snippet:-1, max-image-preview:large, max-video-preview:-1\" \/>\n<link rel=\"canonical\" href=\"https:\/\/21panorama.com\/index.php\/2021\/05\/19\/aviva-prd-la-fuerza-de-su-militancia-en-el-edomex\/\" \/>\n<meta property=\"og:locale\" content=\"es_MX\" \/>\n<meta property=\"og:type\" content=\"article\" \/>\n<meta property=\"og:title\" content=\"AVIVA PRD LA FUERZA DE SU MILITANCIA EN EL EDOMEX - 21 Panorama\" \/>\n<meta property=\"og:description\" content=\"Por Alberto Rodr\u00edguez Tenemos los mejores candidatos y las mejores propuestas que representen la voz de los mexiquenses, estableci\u00f3 eldirigente estatal del PRD, Cristian Campuzano Mart\u00ednez. En recorridos con los candidatos por los diferentes municipios del Estado de M\u00e9xico ha dejado en claro que la fuerza amartilla est\u00e1 de regreso \u201ccon una actitud renovada y una militancia muy fuerte y candidato cerca de los ciudadanos\u201d. Campuzano Mart\u00ednez respalda a sus candidatos con m\u00edtines, caminatas, toque de puertas y mensajes a la poblaci\u00f3n para que reflexionen sobre el futuro que quieren&hellip;\" \/>\n<meta property=\"og:url\" content=\"https:\/\/21panorama.com\/index.php\/2021\/05\/19\/aviva-prd-la-fuerza-de-su-militancia-en-el-edomex\/\" \/>\n<meta property=\"og:site_name\" content=\"21 Panorama\" \/>\n<meta property=\"article:published_time\" content=\"2021-05-19T15:51:36+00:00\" \/>\n<meta property=\"article:modified_time\" content=\"2021-05-19T15:59:42+00:00\" \/>\n<meta property=\"og:image\" content=\"https:\/\/21panorama.com\/wp-content\/uploads\/2021\/05\/IMG-20210518-WA0005.jpg\" \/>\n\t<meta property=\"og:image:width\" content=\"960\" \/>\n\t<meta property=\"og:image:height\" content=\"831\" \/>\n\t<meta property=\"og:image:type\" content=\"image\/jpeg\" \/>\n<meta name=\"author\" content=\"admin\" \/>\n<meta name=\"twitter:card\" content=\"summary_large_image\" \/>\n<meta name=\"twitter:label1\" content=\"Escrito por\" \/>\n\t<meta name=\"twitter:data1\" content=\"admin\" \/>\n\t<meta name=\"twitter:label2\" content=\"Tiempo de lectura\" \/>\n\t<meta name=\"twitter:data2\" content=\"2 minutos\" \/>\n<script type=\"application\/ld+json\" class=\"yoast-schema-graph\">{\"@context\":\"https:\/\/schema.org\",\"@graph\":[{\"@type\":\"Article\",\"@id\":\"https:\/\/21panorama.com\/index.php\/2021\/05\/19\/aviva-prd-la-fuerza-de-su-militancia-en-el-edomex\/#article\",\"isPartOf\":{\"@id\":\"https:\/\/21panorama.com\/index.php\/2021\/05\/19\/aviva-prd-la-fuerza-de-su-militancia-en-el-edomex\/\"},\"author\":{\"name\":\"admin\",\"@id\":\"https:\/\/21panorama.com\/#\/schema\/person\/1afc291b96d5792a158768324287319f\"},\"headline\":\"AVIVA PRD LA FUERZA DE SU MILITANCIA EN EL EDOMEX\",\"datePublished\":\"2021-05-19T15:51:36+00:00\",\"dateModified\":\"2021-05-19T15:59:42+00:00\",\"mainEntityOfPage\":{\"@id\":\"https:\/\/21panorama.com\/index.php\/2021\/05\/19\/aviva-prd-la-fuerza-de-su-militancia-en-el-edomex\/\"},\"wordCount\":291,\"commentCount\":0,\"publisher\":{\"@id\":\"https:\/\/21panorama.com\/#organization\"},\"image\":{\"@id\":\"https:\/\/21panorama.com\/index.php\/2021\/05\/19\/aviva-prd-la-fuerza-de-su-militancia-en-el-edomex\/#primaryimage\"},\"thumbnailUrl\":\"https:\/\/21panorama.com\/wp-content\/uploads\/2021\/05\/IMG-20210518-WA0005.jpg\",\"articleSection\":[\"Politica\"],\"inLanguage\":\"es\",\"potentialAction\":[{\"@type\":\"CommentAction\",\"name\":\"Comment\",\"target\":[\"https:\/\/21panorama.com\/index.php\/2021\/05\/19\/aviva-prd-la-fuerza-de-su-militancia-en-el-edomex\/#respond\"]}]},{\"@type\":\"WebPage\",\"@id\":\"https:\/\/21panorama.com\/index.php\/2021\/05\/19\/aviva-prd-la-fuerza-de-su-militancia-en-el-edomex\/\",\"url\":\"https:\/\/21panorama.com\/index.php\/2021\/05\/19\/aviva-prd-la-fuerza-de-su-militancia-en-el-edomex\/\",\"name\":\"AVIVA PRD LA FUERZA DE SU MILITANCIA EN EL EDOMEX - 21 Panorama\",\"isPartOf\":{\"@id\":\"https:\/\/21panorama.com\/#website\"},\"primaryImageOfPage\":{\"@id\":\"https:\/\/21panorama.com\/index.php\/2021\/05\/19\/aviva-prd-la-fuerza-de-su-militancia-en-el-edomex\/#primaryimage\"},\"image\":{\"@id\":\"https:\/\/21panorama.com\/index.php\/2021\/05\/19\/aviva-prd-la-fuerza-de-su-militancia-en-el-edomex\/#primaryimage\"},\"thumbnailUrl\":\"https:\/\/21panorama.com\/wp-content\/uploads\/2021\/05\/IMG-20210518-WA0005.jpg\",\"datePublished\":\"2021-05-19T15:51:36+00:00\",\"dateModified\":\"2021-05-19T15:59:42+00:00\",\"breadcrumb\":{\"@id\":\"https:\/\/21panorama.com\/index.php\/2021\/05\/19\/aviva-prd-la-fuerza-de-su-militancia-en-el-edomex\/#breadcrumb\"},\"inLanguage\":\"es\",\"potentialAction\":[{\"@type\":\"ReadAction\",\"target\":[\"https:\/\/21panorama.com\/index.php\/2021\/05\/19\/aviva-prd-la-fuerza-de-su-militancia-en-el-edomex\/\"]}]},{\"@type\":\"ImageObject\",\"inLanguage\":\"es\",\"@id\":\"https:\/\/21panorama.com\/index.php\/2021\/05\/19\/aviva-prd-la-fuerza-de-su-militancia-en-el-edomex\/#primaryimage\",\"url\":\"https:\/\/21panorama.com\/wp-content\/uploads\/2021\/05\/IMG-20210518-WA0005.jpg\",\"contentUrl\":\"https:\/\/21panorama.com\/wp-content\/uploads\/2021\/05\/IMG-20210518-WA0005.jpg\",\"width\":960,\"height\":831},{\"@type\":\"BreadcrumbList\",\"@id\":\"https:\/\/21panorama.com\/index.php\/2021\/05\/19\/aviva-prd-la-fuerza-de-su-militancia-en-el-edomex\/#breadcrumb\",\"itemListElement\":[{\"@type\":\"ListItem\",\"position\":1,\"name\":\"Inicio\",\"item\":\"https:\/\/21panorama.com\/\"},{\"@type\":\"ListItem\",\"position\":2,\"name\":\"AVIVA PRD LA FUERZA DE SU MILITANCIA EN EL EDOMEX\"}]},{\"@type\":\"WebSite\",\"@id\":\"https:\/\/21panorama.com\/#website\",\"url\":\"https:\/\/21panorama.com\/\",\"name\":\"21 Panorama\",\"description\":\"La construcci\u00f3n de la opini\u00f3n p\u00fablica merece un mejor Panorama en este siglo 21 para alcanzar una sociedad con mayor transparencia y sin corrupci\u00f3n.\",\"publisher\":{\"@id\":\"https:\/\/21panorama.com\/#organization\"},\"potentialAction\":[{\"@type\":\"SearchAction\",\"target\":{\"@type\":\"EntryPoint\",\"urlTemplate\":\"https:\/\/21panorama.com\/?s={search_term_string}\"},\"query-input\":{\"@type\":\"PropertyValueSpecification\",\"valueRequired\":true,\"valueName\":\"search_term_string\"}}],\"inLanguage\":\"es\"},{\"@type\":\"Organization\",\"@id\":\"https:\/\/21panorama.com\/#organization\",\"name\":\"21 Panorama\",\"url\":\"https:\/\/21panorama.com\/\",\"logo\":{\"@type\":\"ImageObject\",\"inLanguage\":\"es\",\"@id\":\"https:\/\/21panorama.com\/#\/schema\/logo\/image\/\",\"url\":\"https:\/\/21panorama.com\/wp-content\/uploads\/2019\/07\/cropped-Logo-Panorama-01.jpeg\",\"contentUrl\":\"https:\/\/21panorama.com\/wp-content\/uploads\/2019\/07\/cropped-Logo-Panorama-01.jpeg\",\"width\":290,\"height\":70,\"caption\":\"21 Panorama\"},\"image\":{\"@id\":\"https:\/\/21panorama.com\/#\/schema\/logo\/image\/\"}},{\"@type\":\"Person\",\"@id\":\"https:\/\/21panorama.com\/#\/schema\/person\/1afc291b96d5792a158768324287319f\",\"name\":\"admin\",\"image\":{\"@type\":\"ImageObject\",\"inLanguage\":\"es\",\"@id\":\"https:\/\/21panorama.com\/#\/schema\/person\/image\/\",\"url\":\"https:\/\/secure.gravatar.com\/avatar\/ad365d9d9f46719215b0d042cc3df92a5a8683e09ef13d102233e5491985f0f0?s=96&d=mm&r=g\",\"contentUrl\":\"https:\/\/secure.gravatar.com\/avatar\/ad365d9d9f46719215b0d042cc3df92a5a8683e09ef13d102233e5491985f0f0?s=96&d=mm&r=g\",\"caption\":\"admin\"},\"url\":\"https:\/\/21panorama.com\/index.php\/author\/admin\/\"}]}<\/script>\n<!-- \/ Yoast SEO plugin. -->","yoast_head_json":{"title":"AVIVA PRD LA FUERZA DE SU MILITANCIA EN EL EDOMEX - 21 Panorama","robots":{"index":"index","follow":"follow","max-snippet":"max-snippet:-1","max-image-preview":"max-image-preview:large","max-video-preview":"max-video-preview:-1"},"canonical":"https:\/\/21panorama.com\/index.php\/2021\/05\/19\/aviva-prd-la-fuerza-de-su-militancia-en-el-edomex\/","og_locale":"es_MX","og_type":"article","og_title":"AVIVA PRD LA FUERZA DE SU MILITANCIA EN EL EDOMEX - 21 Panorama","og_description":"Por Alberto Rodr\u00edguez Tenemos los mejores candidatos y las mejores propuestas que representen la voz de los mexiquenses, estableci\u00f3 eldirigente estatal del PRD, Cristian Campuzano Mart\u00ednez. En recorridos con los candidatos por los diferentes municipios del Estado de M\u00e9xico ha dejado en claro que la fuerza amartilla est\u00e1 de regreso \u201ccon una actitud renovada y una militancia muy fuerte y candidato cerca de los ciudadanos\u201d. Campuzano Mart\u00ednez respalda a sus candidatos con m\u00edtines, caminatas, toque de puertas y mensajes a la poblaci\u00f3n para que reflexionen sobre el futuro que quieren&hellip;","og_url":"https:\/\/21panorama.com\/index.php\/2021\/05\/19\/aviva-prd-la-fuerza-de-su-militancia-en-el-edomex\/","og_site_name":"21 Panorama","article_published_time":"2021-05-19T15:51:36+00:00","article_modified_time":"2021-05-19T15:59:42+00:00","og_image":[{"width":960,"height":831,"url":"https:\/\/21panorama.com\/wp-content\/uploads\/2021\/05\/IMG-20210518-WA0005.jpg","type":"image\/jpeg"}],"author":"admin","twitter_card":"summary_large_image","twitter_misc":{"Escrito por":"admin","Tiempo de lectura":"2 minutos"},"schema":{"@context":"https:\/\/schema.org","@graph":[{"@type":"Article","@id":"https:\/\/21panorama.com\/index.php\/2021\/05\/19\/aviva-prd-la-fuerza-de-su-militancia-en-el-edomex\/#article","isPartOf":{"@id":"https:\/\/21panorama.com\/index.php\/2021\/05\/19\/aviva-prd-la-fuerza-de-su-militancia-en-el-edomex\/"},"author":{"name":"admin","@id":"https:\/\/21panorama.com\/#\/schema\/person\/1afc291b96d5792a158768324287319f"},"headline":"AVIVA PRD LA FUERZA DE SU MILITANCIA EN EL EDOMEX","datePublished":"2021-05-19T15:51:36+00:00","dateModified":"2021-05-19T15:59:42+00:00","mainEntityOfPage":{"@id":"https:\/\/21panorama.com\/index.php\/2021\/05\/19\/aviva-prd-la-fuerza-de-su-militancia-en-el-edomex\/"},"wordCount":291,"commentCount":0,"publisher":{"@id":"https:\/\/21panorama.com\/#organization"},"image":{"@id":"https:\/\/21panorama.com\/index.php\/2021\/05\/19\/aviva-prd-la-fuerza-de-su-militancia-en-el-edomex\/#primaryimage"},"thumbnailUrl":"https:\/\/21panorama.com\/wp-content\/uploads\/2021\/05\/IMG-20210518-WA0005.jpg","articleSection":["Politica"],"inLanguage":"es","potentialAction":[{"@type":"CommentAction","name":"Comment","target":["https:\/\/21panorama.com\/index.php\/2021\/05\/19\/aviva-prd-la-fuerza-de-su-militancia-en-el-edomex\/#respond"]}]},{"@type":"WebPage","@id":"https:\/\/21panorama.com\/index.php\/2021\/05\/19\/aviva-prd-la-fuerza-de-su-militancia-en-el-edomex\/","url":"https:\/\/21panorama.com\/index.php\/2021\/05\/19\/aviva-prd-la-fuerza-de-su-militancia-en-el-edomex\/","name":"AVIVA PRD LA FUERZA DE SU MILITANCIA EN EL EDOMEX - 21 Panorama","isPartOf":{"@id":"https:\/\/21panorama.com\/#website"},"primaryImageOfPage":{"@id":"https:\/\/21panorama.com\/index.php\/2021\/05\/19\/aviva-prd-la-fuerza-de-su-militancia-en-el-edomex\/#primaryimage"},"image":{"@id":"https:\/\/21panorama.com\/index.php\/2021\/05\/19\/aviva-prd-la-fuerza-de-su-militancia-en-el-edomex\/#primaryimage"},"thumbnailUrl":"https:\/\/21panorama.com\/wp-content\/uploads\/2021\/05\/IMG-20210518-WA0005.jpg","datePublished":"2021-05-19T15:51:36+00:00","dateModified":"2021-05-19T15:59:42+00:00","breadcrumb":{"@id":"https:\/\/21panorama.com\/index.php\/2021\/05\/19\/aviva-prd-la-fuerza-de-su-militancia-en-el-edomex\/#breadcrumb"},"inLanguage":"es","potentialAction":[{"@type":"ReadAction","target":["https:\/\/21panorama.com\/index.php\/2021\/05\/19\/aviva-prd-la-fuerza-de-su-militancia-en-el-edomex\/"]}]},{"@type":"ImageObject","inLanguage":"es","@id":"https:\/\/21panorama.com\/index.php\/2021\/05\/19\/aviva-prd-la-fuerza-de-su-militancia-en-el-edomex\/#primaryimage","url":"https:\/\/21panorama.com\/wp-content\/uploads\/2021\/05\/IMG-20210518-WA0005.jpg","contentUrl":"https:\/\/21panorama.com\/wp-content\/uploads\/2021\/05\/IMG-20210518-WA0005.jpg","width":960,"height":831},{"@type":"BreadcrumbList","@id":"https:\/\/21panorama.com\/index.php\/2021\/05\/19\/aviva-prd-la-fuerza-de-su-militancia-en-el-edomex\/#breadcrumb","itemListElement":[{"@type":"ListItem","position":1,"name":"Inicio","item":"https:\/\/21panorama.com\/"},{"@type":"ListItem","position":2,"name":"AVIVA PRD LA FUERZA DE SU MILITANCIA EN EL EDOMEX"}]},{"@type":"WebSite","@id":"https:\/\/21panorama.com\/#website","url":"https:\/\/21panorama.com\/","name":"21 Panorama","description":"La construcci\u00f3n de la opini\u00f3n p\u00fablica merece un mejor Panorama en este siglo 21 para alcanzar una sociedad con mayor transparencia y sin corrupci\u00f3n.","publisher":{"@id":"https:\/\/21panorama.com\/#organization"},"potentialAction":[{"@type":"SearchAction","target":{"@type":"EntryPoint","urlTemplate":"https:\/\/21panorama.com\/?s={search_term_string}"},"query-input":{"@type":"PropertyValueSpecification","valueRequired":true,"valueName":"search_term_string"}}],"inLanguage":"es"},{"@type":"Organization","@id":"https:\/\/21panorama.com\/#organization","name":"21 Panorama","url":"https:\/\/21panorama.com\/","logo":{"@type":"ImageObject","inLanguage":"es","@id":"https:\/\/21panorama.com\/#\/schema\/logo\/image\/","url":"https:\/\/21panorama.com\/wp-content\/uploads\/2019\/07\/cropped-Logo-Panorama-01.jpeg","contentUrl":"https:\/\/21panorama.com\/wp-content\/uploads\/2019\/07\/cropped-Logo-Panorama-01.jpeg","width":290,"height":70,"caption":"21 Panorama"},"image":{"@id":"https:\/\/21panorama.com\/#\/schema\/logo\/image\/"}},{"@type":"Person","@id":"https:\/\/21panorama.com\/#\/schema\/person\/1afc291b96d5792a158768324287319f","name":"admin","image":{"@type":"ImageObject","inLanguage":"es","@id":"https:\/\/21panorama.com\/#\/schema\/person\/image\/","url":"https:\/\/secure.gravatar.com\/avatar\/ad365d9d9f46719215b0d042cc3df92a5a8683e09ef13d102233e5491985f0f0?s=96&d=mm&r=g","contentUrl":"https:\/\/secure.gravatar.com\/avatar\/ad365d9d9f46719215b0d042cc3df92a5a8683e09ef13d102233e5491985f0f0?s=96&d=mm&r=g","caption":"admin"},"url":"https:\/\/21panorama.com\/index.php\/author\/admin\/"}]}},"_links":{"self":[{"href":"https:\/\/21panorama.com\/index.php\/wp-json\/wp\/v2\/posts\/895","targetHints":{"allow":["GET"]}}],"collection":[{"href":"https:\/\/21panorama.com\/index.php\/wp-json\/wp\/v2\/posts"}],"about":[{"href":"https:\/\/21panorama.com\/index.php\/wp-json\/wp\/v2\/types\/post"}],"author":[{"embeddable":true,"href":"https:\/\/21panorama.com\/index.php\/wp-json\/wp\/v2\/users\/1"}],"replies":[{"embeddable":true,"href":"https:\/\/21panorama.com\/index.php\/wp-json\/wp\/v2\/comments?post=895"}],"version-history":[{"count":2,"href":"https:\/\/21panorama.com\/index.php\/wp-json\/wp\/v2\/posts\/895\/revisions"}],"predecessor-version":[{"id":906,"href":"https:\/\/21panorama.com\/index.php\/wp-json\/wp\/v2\/posts\/895\/revisions\/906"}],"wp:featuredmedia":[{"embeddable":true,"href":"https:\/\/21panorama.com\/index.php\/wp-json\/wp\/v2\/media\/898"}],"wp:attachment":[{"href":"https:\/\/21panorama.com\/index.php\/wp-json\/wp\/v2\/media?parent=895"}],"wp:term":[{"taxonomy":"category","embeddable":true,"href":"https:\/\/21panorama.com\/index.php\/wp-json\/wp\/v2\/categories?post=895"},{"taxonomy":"post_tag","embeddable":true,"href":"https:\/\/21panorama.com\/index.php\/wp-json\/wp\/v2\/tags?post=895"}],"curies":[{"name":"wp","href":"https:\/\/api.w.org\/{rel}","templated":true}]}}