{"id":88,"date":"2019-07-26T01:17:48","date_gmt":"2019-07-26T01:17:48","guid":{"rendered":"http:\/\/21panorama.com\/?p=88"},"modified":"2019-07-26T16:40:28","modified_gmt":"2019-07-26T16:40:28","slug":"construccion-san-diego-la-huerta","status":"publish","type":"post","link":"https:\/\/21panorama.com\/index.php\/2019\/07\/26\/construccion-san-diego-la-huerta\/","title":{"rendered":"CONSTRUCCI\u00d3N SAN DIEGO LA HUERTA"},"content":{"rendered":"\n<p>\n\nNuestro Presidente el Lic.Oscar Hern\u00e1ndez Meza visit\u00f3 esta tarde la iglesia de la comunidad de San Diego la Huerta para apoyar a culminar las obras de construcci\u00f3n de la iglesia principal.<br><a href=\"https:\/\/www.facebook.com\/hashtag\/tradici%C3%B3nymodernidad?source=feed_text&amp;epa=HASHTAG&amp;__xts__%5B0%5D=68.ARBO36FXtkBrPbdi_PcdfKWq0TlRfxZvwr893ivr1_TCYEQMbC_yHD8qS_linMuTIcNnn6kq1IflqAz03C6qDA788mhjnD7DI1ZWDMJ0Dii5U6OOdYjyTNimprcWnxQoSSFEpGYFzgeXtM7340VXPoibgtlk_kOg-A8Hi1UJAtNjYbbDy9zeNLLmnoMs59lY8sHmBdmlgizynj8efQTu5uGl-2ROPopwaYTW8TANgO5AMZI02Wk2BnORvVJ5Ls569xzeEssAyOs5SxPryTvWIdoDx4uYP-YQGh-2DwOlkEmpiFUIFp5ctJI5VXgXEZoasDZpYbp7XSwTVWqwZkCRIbQF4_04QTx_4ocF_LHVs0x6OJXTofHIVrPVJLpLKA6nC6_MdWnNhiSHAeLF0kLcF-iYD7wHayecqntsKtjiVVl0cN6nKJs8fwHcO_c9I5RwAS2Fk9B7bPAsOLqKwSoeH6F6aLd601k71vPKvwlowMlfzAL5eYk&amp;__tn__=%2ANKH-R\">#Tradici\u00f3nYModernidad<\/a><\/p>\n\n\n\n<figure class=\"wp-block-image\"><img decoding=\"async\" width=\"945\" height=\"756\" src=\"https:\/\/21panorama.com\/wp-content\/uploads\/2019\/07\/67157884_705837816526596_4527999048816263168_n.png\" alt=\"\" class=\"wp-image-89\" srcset=\"https:\/\/21panorama.com\/wp-content\/uploads\/2019\/07\/67157884_705837816526596_4527999048816263168_n.png 945w, https:\/\/21panorama.com\/wp-content\/uploads\/2019\/07\/67157884_705837816526596_4527999048816263168_n-300x240.png 300w, https:\/\/21panorama.com\/wp-content\/uploads\/2019\/07\/67157884_705837816526596_4527999048816263168_n-768x614.png 768w\" sizes=\"(max-width: 945px) 100vw, 945px\" \/><\/figure>\n","protected":false},"excerpt":{"rendered":"<p>Nuestro Presidente el Lic.Oscar Hern\u00e1ndez Meza visit\u00f3 esta tarde la iglesia de la comunidad de San Diego la Huerta para apoyar a culminar las obras de construcci\u00f3n de la iglesia principal.#Tradici\u00f3nYModernidad<\/p>\n","protected":false},"author":1,"featured_media":92,"comment_status":"open","ping_status":"open","sticky":false,"template":"","format":"standard","meta":{"footnotes":""},"categories":[5,9],"tags":[],"class_list":["post-88","post","type-post","status-publish","format-standard","has-post-thumbnail","hentry","category-cultura","category-religion"],"yoast_head":"<!-- This site is optimized with the Yoast SEO plugin v24.9 - https:\/\/yoast.com\/wordpress\/plugins\/seo\/ -->\n<title>CONSTRUCCI\u00d3N SAN DIEGO LA HUERTA - 21 Panorama<\/title>\n<meta name=\"robots\" content=\"index, follow, max-snippet:-1, max-image-preview:large, max-video-preview:-1\" \/>\n<link rel=\"canonical\" href=\"https:\/\/21panorama.com\/index.php\/2019\/07\/26\/construccion-san-diego-la-huerta\/\" \/>\n<meta property=\"og:locale\" content=\"es_MX\" \/>\n<meta property=\"og:type\" content=\"article\" \/>\n<meta property=\"og:title\" content=\"CONSTRUCCI\u00d3N SAN DIEGO LA HUERTA - 21 Panorama\" \/>\n<meta property=\"og:description\" content=\"Nuestro Presidente el Lic.Oscar Hern\u00e1ndez Meza visit\u00f3 esta tarde la iglesia de la comunidad de San Diego la Huerta para apoyar a culminar las obras de construcci\u00f3n de la iglesia principal.#Tradici\u00f3nYModernidad\" \/>\n<meta property=\"og:url\" content=\"https:\/\/21panorama.com\/index.php\/2019\/07\/26\/construccion-san-diego-la-huerta\/\" \/>\n<meta property=\"og:site_name\" content=\"21 Panorama\" \/>\n<meta property=\"article:published_time\" content=\"2019-07-26T01:17:48+00:00\" \/>\n<meta property=\"article:modified_time\" content=\"2019-07-26T16:40:28+00:00\" \/>\n<meta property=\"og:image\" content=\"https:\/\/21panorama.com\/wp-content\/uploads\/2019\/07\/San-Diego.jpg\" \/>\n\t<meta property=\"og:image:width\" content=\"803\" \/>\n\t<meta property=\"og:image:height\" content=\"643\" \/>\n\t<meta property=\"og:image:type\" content=\"image\/jpeg\" \/>\n<meta name=\"author\" content=\"admin\" \/>\n<meta name=\"twitter:card\" content=\"summary_large_image\" \/>\n<meta name=\"twitter:label1\" content=\"Escrito por\" \/>\n\t<meta name=\"twitter:data1\" content=\"admin\" \/>\n<script type=\"application\/ld+json\" class=\"yoast-schema-graph\">{\"@context\":\"https:\/\/schema.org\",\"@graph\":[{\"@type\":\"Article\",\"@id\":\"https:\/\/21panorama.com\/index.php\/2019\/07\/26\/construccion-san-diego-la-huerta\/#article\",\"isPartOf\":{\"@id\":\"https:\/\/21panorama.com\/index.php\/2019\/07\/26\/construccion-san-diego-la-huerta\/\"},\"author\":{\"name\":\"admin\",\"@id\":\"https:\/\/21panorama.com\/#\/schema\/person\/1afc291b96d5792a158768324287319f\"},\"headline\":\"CONSTRUCCI\u00d3N SAN DIEGO LA HUERTA\",\"datePublished\":\"2019-07-26T01:17:48+00:00\",\"dateModified\":\"2019-07-26T16:40:28+00:00\",\"mainEntityOfPage\":{\"@id\":\"https:\/\/21panorama.com\/index.php\/2019\/07\/26\/construccion-san-diego-la-huerta\/\"},\"wordCount\":42,\"commentCount\":0,\"publisher\":{\"@id\":\"https:\/\/21panorama.com\/#organization\"},\"image\":{\"@id\":\"https:\/\/21panorama.com\/index.php\/2019\/07\/26\/construccion-san-diego-la-huerta\/#primaryimage\"},\"thumbnailUrl\":\"https:\/\/21panorama.com\/wp-content\/uploads\/2019\/07\/San-Diego.jpg\",\"articleSection\":[\"Cultura\",\"Religi\u00f3n\"],\"inLanguage\":\"es\",\"potentialAction\":[{\"@type\":\"CommentAction\",\"name\":\"Comment\",\"target\":[\"https:\/\/21panorama.com\/index.php\/2019\/07\/26\/construccion-san-diego-la-huerta\/#respond\"]}]},{\"@type\":\"WebPage\",\"@id\":\"https:\/\/21panorama.com\/index.php\/2019\/07\/26\/construccion-san-diego-la-huerta\/\",\"url\":\"https:\/\/21panorama.com\/index.php\/2019\/07\/26\/construccion-san-diego-la-huerta\/\",\"name\":\"CONSTRUCCI\u00d3N SAN DIEGO LA HUERTA - 21 Panorama\",\"isPartOf\":{\"@id\":\"https:\/\/21panorama.com\/#website\"},\"primaryImageOfPage\":{\"@id\":\"https:\/\/21panorama.com\/index.php\/2019\/07\/26\/construccion-san-diego-la-huerta\/#primaryimage\"},\"image\":{\"@id\":\"https:\/\/21panorama.com\/index.php\/2019\/07\/26\/construccion-san-diego-la-huerta\/#primaryimage\"},\"thumbnailUrl\":\"https:\/\/21panorama.com\/wp-content\/uploads\/2019\/07\/San-Diego.jpg\",\"datePublished\":\"2019-07-26T01:17:48+00:00\",\"dateModified\":\"2019-07-26T16:40:28+00:00\",\"breadcrumb\":{\"@id\":\"https:\/\/21panorama.com\/index.php\/2019\/07\/26\/construccion-san-diego-la-huerta\/#breadcrumb\"},\"inLanguage\":\"es\",\"potentialAction\":[{\"@type\":\"ReadAction\",\"target\":[\"https:\/\/21panorama.com\/index.php\/2019\/07\/26\/construccion-san-diego-la-huerta\/\"]}]},{\"@type\":\"ImageObject\",\"inLanguage\":\"es\",\"@id\":\"https:\/\/21panorama.com\/index.php\/2019\/07\/26\/construccion-san-diego-la-huerta\/#primaryimage\",\"url\":\"https:\/\/21panorama.com\/wp-content\/uploads\/2019\/07\/San-Diego.jpg\",\"contentUrl\":\"https:\/\/21panorama.com\/wp-content\/uploads\/2019\/07\/San-Diego.jpg\",\"width\":803,\"height\":643},{\"@type\":\"BreadcrumbList\",\"@id\":\"https:\/\/21panorama.com\/index.php\/2019\/07\/26\/construccion-san-diego-la-huerta\/#breadcrumb\",\"itemListElement\":[{\"@type\":\"ListItem\",\"position\":1,\"name\":\"Inicio\",\"item\":\"https:\/\/21panorama.com\/\"},{\"@type\":\"ListItem\",\"position\":2,\"name\":\"CONSTRUCCI\u00d3N SAN DIEGO LA HUERTA\"}]},{\"@type\":\"WebSite\",\"@id\":\"https:\/\/21panorama.com\/#website\",\"url\":\"https:\/\/21panorama.com\/\",\"name\":\"21 Panorama\",\"description\":\"La construcci\u00f3n de la opini\u00f3n p\u00fablica merece un mejor Panorama en este siglo 21 para alcanzar una sociedad con mayor transparencia y sin corrupci\u00f3n.\",\"publisher\":{\"@id\":\"https:\/\/21panorama.com\/#organization\"},\"potentialAction\":[{\"@type\":\"SearchAction\",\"target\":{\"@type\":\"EntryPoint\",\"urlTemplate\":\"https:\/\/21panorama.com\/?s={search_term_string}\"},\"query-input\":{\"@type\":\"PropertyValueSpecification\",\"valueRequired\":true,\"valueName\":\"search_term_string\"}}],\"inLanguage\":\"es\"},{\"@type\":\"Organization\",\"@id\":\"https:\/\/21panorama.com\/#organization\",\"name\":\"21 Panorama\",\"url\":\"https:\/\/21panorama.com\/\",\"logo\":{\"@type\":\"ImageObject\",\"inLanguage\":\"es\",\"@id\":\"https:\/\/21panorama.com\/#\/schema\/logo\/image\/\",\"url\":\"https:\/\/21panorama.com\/wp-content\/uploads\/2019\/07\/cropped-Logo-Panorama-01.jpeg\",\"contentUrl\":\"https:\/\/21panorama.com\/wp-content\/uploads\/2019\/07\/cropped-Logo-Panorama-01.jpeg\",\"width\":290,\"height\":70,\"caption\":\"21 Panorama\"},\"image\":{\"@id\":\"https:\/\/21panorama.com\/#\/schema\/logo\/image\/\"}},{\"@type\":\"Person\",\"@id\":\"https:\/\/21panorama.com\/#\/schema\/person\/1afc291b96d5792a158768324287319f\",\"name\":\"admin\",\"image\":{\"@type\":\"ImageObject\",\"inLanguage\":\"es\",\"@id\":\"https:\/\/21panorama.com\/#\/schema\/person\/image\/\",\"url\":\"https:\/\/secure.gravatar.com\/avatar\/ad365d9d9f46719215b0d042cc3df92a5a8683e09ef13d102233e5491985f0f0?s=96&d=mm&r=g\",\"contentUrl\":\"https:\/\/secure.gravatar.com\/avatar\/ad365d9d9f46719215b0d042cc3df92a5a8683e09ef13d102233e5491985f0f0?s=96&d=mm&r=g\",\"caption\":\"admin\"},\"url\":\"https:\/\/21panorama.com\/index.php\/author\/admin\/\"}]}<\/script>\n<!-- \/ Yoast SEO plugin. -->","yoast_head_json":{"title":"CONSTRUCCI\u00d3N SAN DIEGO LA HUERTA - 21 Panorama","robots":{"index":"index","follow":"follow","max-snippet":"max-snippet:-1","max-image-preview":"max-image-preview:large","max-video-preview":"max-video-preview:-1"},"canonical":"https:\/\/21panorama.com\/index.php\/2019\/07\/26\/construccion-san-diego-la-huerta\/","og_locale":"es_MX","og_type":"article","og_title":"CONSTRUCCI\u00d3N SAN DIEGO LA HUERTA - 21 Panorama","og_description":"Nuestro Presidente el Lic.Oscar Hern\u00e1ndez Meza visit\u00f3 esta tarde la iglesia de la comunidad de San Diego la Huerta para apoyar a culminar las obras de construcci\u00f3n de la iglesia principal.#Tradici\u00f3nYModernidad","og_url":"https:\/\/21panorama.com\/index.php\/2019\/07\/26\/construccion-san-diego-la-huerta\/","og_site_name":"21 Panorama","article_published_time":"2019-07-26T01:17:48+00:00","article_modified_time":"2019-07-26T16:40:28+00:00","og_image":[{"width":803,"height":643,"url":"https:\/\/21panorama.com\/wp-content\/uploads\/2019\/07\/San-Diego.jpg","type":"image\/jpeg"}],"author":"admin","twitter_card":"summary_large_image","twitter_misc":{"Escrito por":"admin"},"schema":{"@context":"https:\/\/schema.org","@graph":[{"@type":"Article","@id":"https:\/\/21panorama.com\/index.php\/2019\/07\/26\/construccion-san-diego-la-huerta\/#article","isPartOf":{"@id":"https:\/\/21panorama.com\/index.php\/2019\/07\/26\/construccion-san-diego-la-huerta\/"},"author":{"name":"admin","@id":"https:\/\/21panorama.com\/#\/schema\/person\/1afc291b96d5792a158768324287319f"},"headline":"CONSTRUCCI\u00d3N SAN DIEGO LA HUERTA","datePublished":"2019-07-26T01:17:48+00:00","dateModified":"2019-07-26T16:40:28+00:00","mainEntityOfPage":{"@id":"https:\/\/21panorama.com\/index.php\/2019\/07\/26\/construccion-san-diego-la-huerta\/"},"wordCount":42,"commentCount":0,"publisher":{"@id":"https:\/\/21panorama.com\/#organization"},"image":{"@id":"https:\/\/21panorama.com\/index.php\/2019\/07\/26\/construccion-san-diego-la-huerta\/#primaryimage"},"thumbnailUrl":"https:\/\/21panorama.com\/wp-content\/uploads\/2019\/07\/San-Diego.jpg","articleSection":["Cultura","Religi\u00f3n"],"inLanguage":"es","potentialAction":[{"@type":"CommentAction","name":"Comment","target":["https:\/\/21panorama.com\/index.php\/2019\/07\/26\/construccion-san-diego-la-huerta\/#respond"]}]},{"@type":"WebPage","@id":"https:\/\/21panorama.com\/index.php\/2019\/07\/26\/construccion-san-diego-la-huerta\/","url":"https:\/\/21panorama.com\/index.php\/2019\/07\/26\/construccion-san-diego-la-huerta\/","name":"CONSTRUCCI\u00d3N SAN DIEGO LA HUERTA - 21 Panorama","isPartOf":{"@id":"https:\/\/21panorama.com\/#website"},"primaryImageOfPage":{"@id":"https:\/\/21panorama.com\/index.php\/2019\/07\/26\/construccion-san-diego-la-huerta\/#primaryimage"},"image":{"@id":"https:\/\/21panorama.com\/index.php\/2019\/07\/26\/construccion-san-diego-la-huerta\/#primaryimage"},"thumbnailUrl":"https:\/\/21panorama.com\/wp-content\/uploads\/2019\/07\/San-Diego.jpg","datePublished":"2019-07-26T01:17:48+00:00","dateModified":"2019-07-26T16:40:28+00:00","breadcrumb":{"@id":"https:\/\/21panorama.com\/index.php\/2019\/07\/26\/construccion-san-diego-la-huerta\/#breadcrumb"},"inLanguage":"es","potentialAction":[{"@type":"ReadAction","target":["https:\/\/21panorama.com\/index.php\/2019\/07\/26\/construccion-san-diego-la-huerta\/"]}]},{"@type":"ImageObject","inLanguage":"es","@id":"https:\/\/21panorama.com\/index.php\/2019\/07\/26\/construccion-san-diego-la-huerta\/#primaryimage","url":"https:\/\/21panorama.com\/wp-content\/uploads\/2019\/07\/San-Diego.jpg","contentUrl":"https:\/\/21panorama.com\/wp-content\/uploads\/2019\/07\/San-Diego.jpg","width":803,"height":643},{"@type":"BreadcrumbList","@id":"https:\/\/21panorama.com\/index.php\/2019\/07\/26\/construccion-san-diego-la-huerta\/#breadcrumb","itemListElement":[{"@type":"ListItem","position":1,"name":"Inicio","item":"https:\/\/21panorama.com\/"},{"@type":"ListItem","position":2,"name":"CONSTRUCCI\u00d3N SAN DIEGO LA HUERTA"}]},{"@type":"WebSite","@id":"https:\/\/21panorama.com\/#website","url":"https:\/\/21panorama.com\/","name":"21 Panorama","description":"La construcci\u00f3n de la opini\u00f3n p\u00fablica merece un mejor Panorama en este siglo 21 para alcanzar una sociedad con mayor transparencia y sin corrupci\u00f3n.","publisher":{"@id":"https:\/\/21panorama.com\/#organization"},"potentialAction":[{"@type":"SearchAction","target":{"@type":"EntryPoint","urlTemplate":"https:\/\/21panorama.com\/?s={search_term_string}"},"query-input":{"@type":"PropertyValueSpecification","valueRequired":true,"valueName":"search_term_string"}}],"inLanguage":"es"},{"@type":"Organization","@id":"https:\/\/21panorama.com\/#organization","name":"21 Panorama","url":"https:\/\/21panorama.com\/","logo":{"@type":"ImageObject","inLanguage":"es","@id":"https:\/\/21panorama.com\/#\/schema\/logo\/image\/","url":"https:\/\/21panorama.com\/wp-content\/uploads\/2019\/07\/cropped-Logo-Panorama-01.jpeg","contentUrl":"https:\/\/21panorama.com\/wp-content\/uploads\/2019\/07\/cropped-Logo-Panorama-01.jpeg","width":290,"height":70,"caption":"21 Panorama"},"image":{"@id":"https:\/\/21panorama.com\/#\/schema\/logo\/image\/"}},{"@type":"Person","@id":"https:\/\/21panorama.com\/#\/schema\/person\/1afc291b96d5792a158768324287319f","name":"admin","image":{"@type":"ImageObject","inLanguage":"es","@id":"https:\/\/21panorama.com\/#\/schema\/person\/image\/","url":"https:\/\/secure.gravatar.com\/avatar\/ad365d9d9f46719215b0d042cc3df92a5a8683e09ef13d102233e5491985f0f0?s=96&d=mm&r=g","contentUrl":"https:\/\/secure.gravatar.com\/avatar\/ad365d9d9f46719215b0d042cc3df92a5a8683e09ef13d102233e5491985f0f0?s=96&d=mm&r=g","caption":"admin"},"url":"https:\/\/21panorama.com\/index.php\/author\/admin\/"}]}},"_links":{"self":[{"href":"https:\/\/21panorama.com\/index.php\/wp-json\/wp\/v2\/posts\/88","targetHints":{"allow":["GET"]}}],"collection":[{"href":"https:\/\/21panorama.com\/index.php\/wp-json\/wp\/v2\/posts"}],"about":[{"href":"https:\/\/21panorama.com\/index.php\/wp-json\/wp\/v2\/types\/post"}],"author":[{"embeddable":true,"href":"https:\/\/21panorama.com\/index.php\/wp-json\/wp\/v2\/users\/1"}],"replies":[{"embeddable":true,"href":"https:\/\/21panorama.com\/index.php\/wp-json\/wp\/v2\/comments?post=88"}],"version-history":[{"count":2,"href":"https:\/\/21panorama.com\/index.php\/wp-json\/wp\/v2\/posts\/88\/revisions"}],"predecessor-version":[{"id":137,"href":"https:\/\/21panorama.com\/index.php\/wp-json\/wp\/v2\/posts\/88\/revisions\/137"}],"wp:featuredmedia":[{"embeddable":true,"href":"https:\/\/21panorama.com\/index.php\/wp-json\/wp\/v2\/media\/92"}],"wp:attachment":[{"href":"https:\/\/21panorama.com\/index.php\/wp-json\/wp\/v2\/media?parent=88"}],"wp:term":[{"taxonomy":"category","embeddable":true,"href":"https:\/\/21panorama.com\/index.php\/wp-json\/wp\/v2\/categories?post=88"},{"taxonomy":"post_tag","embeddable":true,"href":"https:\/\/21panorama.com\/index.php\/wp-json\/wp\/v2\/tags?post=88"}],"curies":[{"name":"wp","href":"https:\/\/api.w.org\/{rel}","templated":true}]}}