{"id":877,"date":"2021-05-16T22:03:33","date_gmt":"2021-05-17T03:03:33","guid":{"rendered":"http:\/\/21panorama.com\/?p=877"},"modified":"2021-05-16T22:03:34","modified_gmt":"2021-05-17T03:03:34","slug":"urge-en-lerma-un-golpe-de-timon-en-la-administracion-municipal","status":"publish","type":"post","link":"https:\/\/21panorama.com\/index.php\/2021\/05\/16\/urge-en-lerma-un-golpe-de-timon-en-la-administracion-municipal\/","title":{"rendered":"URGE EN LERMA UN GOLPE DE TIM\u00d3N EN LA ADMINISTRACI\u00d3N MUNICIPAL"},"content":{"rendered":"\n<p>Agust\u00edn Gonz\u00e1lez Cabrera, candidato a la presidencia municipal de Lerma por la alianza \u201cJuntos Haremos Historia\u201d manifest\u00f3 haber percibido de sus vecinos un malestar general y la necesidad de un cambio urgente en la administraci\u00f3n municipal.<\/p>\n\n\n\n<p>El candidato de la coalici\u00f3n Morena-PT-NA se\u00f1al\u00f3 que la molestia generalizada de la poblaci\u00f3n augura un cambio inminente en Lerma.<\/p>\n\n\n\n<p>Por lo mismo, se comprometi\u00f3 junto con su planilla y aliados, apegarse a los principios de la Cuarta Transformaci\u00f3n de no mentir, no robar y no traicionar a la comunidad.<\/p>\n\n\n\n<p>\u201cYa no es posible que el pueblo de Lerma resista una mentira m\u00e1s, hoy lleg\u00f3 el tiempo de la verdad, el momento de trabajar y que el pueblo tenga el poder\u201d, puntualiz\u00f3.<\/p>\n\n\n\n<p>Dijo que al recorrer las calles de colonias, fraccionamientos y comunidades lermenses ha percibido la necesidad de un gobierno sensible, atento y respetuoso, porque \u201choy la gente requiere de servidores p\u00fablicos que hagan la voluntad del pueblo y atiendan las necesidades m\u00e1s apremiantes de todo la gente\u201d.<\/p>\n\n\n\n<p>Dijo haber recorrido todo Lerma y escuchado todas y cada una de las preocupaciones y demandas que tiene la poblaci\u00f3n en materia de seguridad, servicio de agua potable, infraestructura carretera, educativa y de salud; en el tema de cultura, en la falta de agua, luz y dem\u00e1s servicios y esa gente ha decidido cambiar el rumbo de este municipio porque se sienten abandonados y han decidido sellarlo con su voto el pr\u00f3ximo 6 de junio.<\/p>\n","protected":false},"excerpt":{"rendered":"<p>El candidato de la coalici\u00f3n Morena-PT-NA se\u00f1al\u00f3 que la molestia generalizada de la poblaci\u00f3n augura un cambio inminente en Lerma.<\/p>\n","protected":false},"author":2,"featured_media":878,"comment_status":"open","ping_status":"open","sticky":false,"template":"","format":"standard","meta":{"footnotes":""},"categories":[12],"tags":[63,64,74,86,51],"class_list":["post-877","post","type-post","status-publish","format-standard","has-post-thumbnail","hentry","category-politica","tag-agustin-gonzalez-2","tag-lerma","tag-morena","tag-nueva-alianza","tag-pt"],"yoast_head":"<!-- This site is optimized with the Yoast SEO plugin v24.9 - https:\/\/yoast.com\/wordpress\/plugins\/seo\/ -->\n<title>URGE EN LERMA UN GOLPE DE TIM\u00d3N EN LA ADMINISTRACI\u00d3N MUNICIPAL - 21 Panorama<\/title>\n<meta name=\"robots\" content=\"index, follow, max-snippet:-1, max-image-preview:large, max-video-preview:-1\" \/>\n<link rel=\"canonical\" href=\"https:\/\/21panorama.com\/index.php\/2021\/05\/16\/urge-en-lerma-un-golpe-de-timon-en-la-administracion-municipal\/\" \/>\n<meta property=\"og:locale\" content=\"es_MX\" \/>\n<meta property=\"og:type\" content=\"article\" \/>\n<meta property=\"og:title\" content=\"URGE EN LERMA UN GOLPE DE TIM\u00d3N EN LA ADMINISTRACI\u00d3N MUNICIPAL - 21 Panorama\" \/>\n<meta property=\"og:description\" content=\"El candidato de la coalici\u00f3n Morena-PT-NA se\u00f1al\u00f3 que la molestia generalizada de la poblaci\u00f3n augura un cambio inminente en Lerma.\" \/>\n<meta property=\"og:url\" content=\"https:\/\/21panorama.com\/index.php\/2021\/05\/16\/urge-en-lerma-un-golpe-de-timon-en-la-administracion-municipal\/\" \/>\n<meta property=\"og:site_name\" content=\"21 Panorama\" \/>\n<meta property=\"article:published_time\" content=\"2021-05-17T03:03:33+00:00\" \/>\n<meta property=\"article:modified_time\" content=\"2021-05-17T03:03:34+00:00\" \/>\n<meta property=\"og:image\" content=\"https:\/\/21panorama.com\/wp-content\/uploads\/2021\/05\/WhatsApp-Image-2021-05-16-at-20.07.05.jpeg\" \/>\n\t<meta property=\"og:image:width\" content=\"1296\" \/>\n\t<meta property=\"og:image:height\" content=\"864\" \/>\n\t<meta property=\"og:image:type\" content=\"image\/jpeg\" \/>\n<meta name=\"author\" content=\"Elena Rodr\u00edguez\" \/>\n<meta name=\"twitter:card\" content=\"summary_large_image\" \/>\n<meta name=\"twitter:label1\" content=\"Escrito por\" \/>\n\t<meta name=\"twitter:data1\" content=\"Elena Rodr\u00edguez\" \/>\n\t<meta name=\"twitter:label2\" content=\"Tiempo de lectura\" \/>\n\t<meta name=\"twitter:data2\" content=\"2 minutos\" \/>\n<script type=\"application\/ld+json\" class=\"yoast-schema-graph\">{\"@context\":\"https:\/\/schema.org\",\"@graph\":[{\"@type\":\"Article\",\"@id\":\"https:\/\/21panorama.com\/index.php\/2021\/05\/16\/urge-en-lerma-un-golpe-de-timon-en-la-administracion-municipal\/#article\",\"isPartOf\":{\"@id\":\"https:\/\/21panorama.com\/index.php\/2021\/05\/16\/urge-en-lerma-un-golpe-de-timon-en-la-administracion-municipal\/\"},\"author\":{\"name\":\"Elena Rodr\u00edguez\",\"@id\":\"https:\/\/21panorama.com\/#\/schema\/person\/5bf7405d8d4b4a2a7376dbca70e20f51\"},\"headline\":\"URGE EN LERMA UN GOLPE DE TIM\u00d3N EN LA ADMINISTRACI\u00d3N MUNICIPAL\",\"datePublished\":\"2021-05-17T03:03:33+00:00\",\"dateModified\":\"2021-05-17T03:03:34+00:00\",\"mainEntityOfPage\":{\"@id\":\"https:\/\/21panorama.com\/index.php\/2021\/05\/16\/urge-en-lerma-un-golpe-de-timon-en-la-administracion-municipal\/\"},\"wordCount\":265,\"commentCount\":0,\"publisher\":{\"@id\":\"https:\/\/21panorama.com\/#organization\"},\"image\":{\"@id\":\"https:\/\/21panorama.com\/index.php\/2021\/05\/16\/urge-en-lerma-un-golpe-de-timon-en-la-administracion-municipal\/#primaryimage\"},\"thumbnailUrl\":\"https:\/\/21panorama.com\/wp-content\/uploads\/2021\/05\/WhatsApp-Image-2021-05-16-at-20.07.05.jpeg\",\"keywords\":[\"Agust\u00edn Gonz\u00e1lez\",\"Lerma\",\"morena\",\"Nueva Alianza\",\"Pt\"],\"articleSection\":[\"Politica\"],\"inLanguage\":\"es\",\"potentialAction\":[{\"@type\":\"CommentAction\",\"name\":\"Comment\",\"target\":[\"https:\/\/21panorama.com\/index.php\/2021\/05\/16\/urge-en-lerma-un-golpe-de-timon-en-la-administracion-municipal\/#respond\"]}]},{\"@type\":\"WebPage\",\"@id\":\"https:\/\/21panorama.com\/index.php\/2021\/05\/16\/urge-en-lerma-un-golpe-de-timon-en-la-administracion-municipal\/\",\"url\":\"https:\/\/21panorama.com\/index.php\/2021\/05\/16\/urge-en-lerma-un-golpe-de-timon-en-la-administracion-municipal\/\",\"name\":\"URGE EN LERMA UN GOLPE DE TIM\u00d3N EN LA ADMINISTRACI\u00d3N MUNICIPAL - 21 Panorama\",\"isPartOf\":{\"@id\":\"https:\/\/21panorama.com\/#website\"},\"primaryImageOfPage\":{\"@id\":\"https:\/\/21panorama.com\/index.php\/2021\/05\/16\/urge-en-lerma-un-golpe-de-timon-en-la-administracion-municipal\/#primaryimage\"},\"image\":{\"@id\":\"https:\/\/21panorama.com\/index.php\/2021\/05\/16\/urge-en-lerma-un-golpe-de-timon-en-la-administracion-municipal\/#primaryimage\"},\"thumbnailUrl\":\"https:\/\/21panorama.com\/wp-content\/uploads\/2021\/05\/WhatsApp-Image-2021-05-16-at-20.07.05.jpeg\",\"datePublished\":\"2021-05-17T03:03:33+00:00\",\"dateModified\":\"2021-05-17T03:03:34+00:00\",\"breadcrumb\":{\"@id\":\"https:\/\/21panorama.com\/index.php\/2021\/05\/16\/urge-en-lerma-un-golpe-de-timon-en-la-administracion-municipal\/#breadcrumb\"},\"inLanguage\":\"es\",\"potentialAction\":[{\"@type\":\"ReadAction\",\"target\":[\"https:\/\/21panorama.com\/index.php\/2021\/05\/16\/urge-en-lerma-un-golpe-de-timon-en-la-administracion-municipal\/\"]}]},{\"@type\":\"ImageObject\",\"inLanguage\":\"es\",\"@id\":\"https:\/\/21panorama.com\/index.php\/2021\/05\/16\/urge-en-lerma-un-golpe-de-timon-en-la-administracion-municipal\/#primaryimage\",\"url\":\"https:\/\/21panorama.com\/wp-content\/uploads\/2021\/05\/WhatsApp-Image-2021-05-16-at-20.07.05.jpeg\",\"contentUrl\":\"https:\/\/21panorama.com\/wp-content\/uploads\/2021\/05\/WhatsApp-Image-2021-05-16-at-20.07.05.jpeg\",\"width\":1296,\"height\":864},{\"@type\":\"BreadcrumbList\",\"@id\":\"https:\/\/21panorama.com\/index.php\/2021\/05\/16\/urge-en-lerma-un-golpe-de-timon-en-la-administracion-municipal\/#breadcrumb\",\"itemListElement\":[{\"@type\":\"ListItem\",\"position\":1,\"name\":\"Inicio\",\"item\":\"https:\/\/21panorama.com\/\"},{\"@type\":\"ListItem\",\"position\":2,\"name\":\"URGE EN LERMA UN GOLPE DE TIM\u00d3N EN LA ADMINISTRACI\u00d3N MUNICIPAL\"}]},{\"@type\":\"WebSite\",\"@id\":\"https:\/\/21panorama.com\/#website\",\"url\":\"https:\/\/21panorama.com\/\",\"name\":\"21 Panorama\",\"description\":\"La construcci\u00f3n de la opini\u00f3n p\u00fablica merece un mejor Panorama en este siglo 21 para alcanzar una sociedad con mayor transparencia y sin corrupci\u00f3n.\",\"publisher\":{\"@id\":\"https:\/\/21panorama.com\/#organization\"},\"potentialAction\":[{\"@type\":\"SearchAction\",\"target\":{\"@type\":\"EntryPoint\",\"urlTemplate\":\"https:\/\/21panorama.com\/?s={search_term_string}\"},\"query-input\":{\"@type\":\"PropertyValueSpecification\",\"valueRequired\":true,\"valueName\":\"search_term_string\"}}],\"inLanguage\":\"es\"},{\"@type\":\"Organization\",\"@id\":\"https:\/\/21panorama.com\/#organization\",\"name\":\"21 Panorama\",\"url\":\"https:\/\/21panorama.com\/\",\"logo\":{\"@type\":\"ImageObject\",\"inLanguage\":\"es\",\"@id\":\"https:\/\/21panorama.com\/#\/schema\/logo\/image\/\",\"url\":\"https:\/\/21panorama.com\/wp-content\/uploads\/2019\/07\/cropped-Logo-Panorama-01.jpeg\",\"contentUrl\":\"https:\/\/21panorama.com\/wp-content\/uploads\/2019\/07\/cropped-Logo-Panorama-01.jpeg\",\"width\":290,\"height\":70,\"caption\":\"21 Panorama\"},\"image\":{\"@id\":\"https:\/\/21panorama.com\/#\/schema\/logo\/image\/\"}},{\"@type\":\"Person\",\"@id\":\"https:\/\/21panorama.com\/#\/schema\/person\/5bf7405d8d4b4a2a7376dbca70e20f51\",\"name\":\"Elena Rodr\u00edguez\",\"image\":{\"@type\":\"ImageObject\",\"inLanguage\":\"es\",\"@id\":\"https:\/\/21panorama.com\/#\/schema\/person\/image\/\",\"url\":\"https:\/\/secure.gravatar.com\/avatar\/13aae9944ab2ee472a9e407c9487fdbd03b049abaa559af32fe5dbcf615c981b?s=96&d=mm&r=g\",\"contentUrl\":\"https:\/\/secure.gravatar.com\/avatar\/13aae9944ab2ee472a9e407c9487fdbd03b049abaa559af32fe5dbcf615c981b?s=96&d=mm&r=g\",\"caption\":\"Elena Rodr\u00edguez\"},\"url\":\"https:\/\/21panorama.com\/index.php\/author\/elenarodriguez\/\"}]}<\/script>\n<!-- \/ Yoast SEO plugin. -->","yoast_head_json":{"title":"URGE EN LERMA UN GOLPE DE TIM\u00d3N EN LA ADMINISTRACI\u00d3N MUNICIPAL - 21 Panorama","robots":{"index":"index","follow":"follow","max-snippet":"max-snippet:-1","max-image-preview":"max-image-preview:large","max-video-preview":"max-video-preview:-1"},"canonical":"https:\/\/21panorama.com\/index.php\/2021\/05\/16\/urge-en-lerma-un-golpe-de-timon-en-la-administracion-municipal\/","og_locale":"es_MX","og_type":"article","og_title":"URGE EN LERMA UN GOLPE DE TIM\u00d3N EN LA ADMINISTRACI\u00d3N MUNICIPAL - 21 Panorama","og_description":"El candidato de la coalici\u00f3n Morena-PT-NA se\u00f1al\u00f3 que la molestia generalizada de la poblaci\u00f3n augura un cambio inminente en Lerma.","og_url":"https:\/\/21panorama.com\/index.php\/2021\/05\/16\/urge-en-lerma-un-golpe-de-timon-en-la-administracion-municipal\/","og_site_name":"21 Panorama","article_published_time":"2021-05-17T03:03:33+00:00","article_modified_time":"2021-05-17T03:03:34+00:00","og_image":[{"width":1296,"height":864,"url":"https:\/\/21panorama.com\/wp-content\/uploads\/2021\/05\/WhatsApp-Image-2021-05-16-at-20.07.05.jpeg","type":"image\/jpeg"}],"author":"Elena Rodr\u00edguez","twitter_card":"summary_large_image","twitter_misc":{"Escrito por":"Elena Rodr\u00edguez","Tiempo de lectura":"2 minutos"},"schema":{"@context":"https:\/\/schema.org","@graph":[{"@type":"Article","@id":"https:\/\/21panorama.com\/index.php\/2021\/05\/16\/urge-en-lerma-un-golpe-de-timon-en-la-administracion-municipal\/#article","isPartOf":{"@id":"https:\/\/21panorama.com\/index.php\/2021\/05\/16\/urge-en-lerma-un-golpe-de-timon-en-la-administracion-municipal\/"},"author":{"name":"Elena Rodr\u00edguez","@id":"https:\/\/21panorama.com\/#\/schema\/person\/5bf7405d8d4b4a2a7376dbca70e20f51"},"headline":"URGE EN LERMA UN GOLPE DE TIM\u00d3N EN LA ADMINISTRACI\u00d3N MUNICIPAL","datePublished":"2021-05-17T03:03:33+00:00","dateModified":"2021-05-17T03:03:34+00:00","mainEntityOfPage":{"@id":"https:\/\/21panorama.com\/index.php\/2021\/05\/16\/urge-en-lerma-un-golpe-de-timon-en-la-administracion-municipal\/"},"wordCount":265,"commentCount":0,"publisher":{"@id":"https:\/\/21panorama.com\/#organization"},"image":{"@id":"https:\/\/21panorama.com\/index.php\/2021\/05\/16\/urge-en-lerma-un-golpe-de-timon-en-la-administracion-municipal\/#primaryimage"},"thumbnailUrl":"https:\/\/21panorama.com\/wp-content\/uploads\/2021\/05\/WhatsApp-Image-2021-05-16-at-20.07.05.jpeg","keywords":["Agust\u00edn Gonz\u00e1lez","Lerma","morena","Nueva Alianza","Pt"],"articleSection":["Politica"],"inLanguage":"es","potentialAction":[{"@type":"CommentAction","name":"Comment","target":["https:\/\/21panorama.com\/index.php\/2021\/05\/16\/urge-en-lerma-un-golpe-de-timon-en-la-administracion-municipal\/#respond"]}]},{"@type":"WebPage","@id":"https:\/\/21panorama.com\/index.php\/2021\/05\/16\/urge-en-lerma-un-golpe-de-timon-en-la-administracion-municipal\/","url":"https:\/\/21panorama.com\/index.php\/2021\/05\/16\/urge-en-lerma-un-golpe-de-timon-en-la-administracion-municipal\/","name":"URGE EN LERMA UN GOLPE DE TIM\u00d3N EN LA ADMINISTRACI\u00d3N MUNICIPAL - 21 Panorama","isPartOf":{"@id":"https:\/\/21panorama.com\/#website"},"primaryImageOfPage":{"@id":"https:\/\/21panorama.com\/index.php\/2021\/05\/16\/urge-en-lerma-un-golpe-de-timon-en-la-administracion-municipal\/#primaryimage"},"image":{"@id":"https:\/\/21panorama.com\/index.php\/2021\/05\/16\/urge-en-lerma-un-golpe-de-timon-en-la-administracion-municipal\/#primaryimage"},"thumbnailUrl":"https:\/\/21panorama.com\/wp-content\/uploads\/2021\/05\/WhatsApp-Image-2021-05-16-at-20.07.05.jpeg","datePublished":"2021-05-17T03:03:33+00:00","dateModified":"2021-05-17T03:03:34+00:00","breadcrumb":{"@id":"https:\/\/21panorama.com\/index.php\/2021\/05\/16\/urge-en-lerma-un-golpe-de-timon-en-la-administracion-municipal\/#breadcrumb"},"inLanguage":"es","potentialAction":[{"@type":"ReadAction","target":["https:\/\/21panorama.com\/index.php\/2021\/05\/16\/urge-en-lerma-un-golpe-de-timon-en-la-administracion-municipal\/"]}]},{"@type":"ImageObject","inLanguage":"es","@id":"https:\/\/21panorama.com\/index.php\/2021\/05\/16\/urge-en-lerma-un-golpe-de-timon-en-la-administracion-municipal\/#primaryimage","url":"https:\/\/21panorama.com\/wp-content\/uploads\/2021\/05\/WhatsApp-Image-2021-05-16-at-20.07.05.jpeg","contentUrl":"https:\/\/21panorama.com\/wp-content\/uploads\/2021\/05\/WhatsApp-Image-2021-05-16-at-20.07.05.jpeg","width":1296,"height":864},{"@type":"BreadcrumbList","@id":"https:\/\/21panorama.com\/index.php\/2021\/05\/16\/urge-en-lerma-un-golpe-de-timon-en-la-administracion-municipal\/#breadcrumb","itemListElement":[{"@type":"ListItem","position":1,"name":"Inicio","item":"https:\/\/21panorama.com\/"},{"@type":"ListItem","position":2,"name":"URGE EN LERMA UN GOLPE DE TIM\u00d3N EN LA ADMINISTRACI\u00d3N MUNICIPAL"}]},{"@type":"WebSite","@id":"https:\/\/21panorama.com\/#website","url":"https:\/\/21panorama.com\/","name":"21 Panorama","description":"La construcci\u00f3n de la opini\u00f3n p\u00fablica merece un mejor Panorama en este siglo 21 para alcanzar una sociedad con mayor transparencia y sin corrupci\u00f3n.","publisher":{"@id":"https:\/\/21panorama.com\/#organization"},"potentialAction":[{"@type":"SearchAction","target":{"@type":"EntryPoint","urlTemplate":"https:\/\/21panorama.com\/?s={search_term_string}"},"query-input":{"@type":"PropertyValueSpecification","valueRequired":true,"valueName":"search_term_string"}}],"inLanguage":"es"},{"@type":"Organization","@id":"https:\/\/21panorama.com\/#organization","name":"21 Panorama","url":"https:\/\/21panorama.com\/","logo":{"@type":"ImageObject","inLanguage":"es","@id":"https:\/\/21panorama.com\/#\/schema\/logo\/image\/","url":"https:\/\/21panorama.com\/wp-content\/uploads\/2019\/07\/cropped-Logo-Panorama-01.jpeg","contentUrl":"https:\/\/21panorama.com\/wp-content\/uploads\/2019\/07\/cropped-Logo-Panorama-01.jpeg","width":290,"height":70,"caption":"21 Panorama"},"image":{"@id":"https:\/\/21panorama.com\/#\/schema\/logo\/image\/"}},{"@type":"Person","@id":"https:\/\/21panorama.com\/#\/schema\/person\/5bf7405d8d4b4a2a7376dbca70e20f51","name":"Elena Rodr\u00edguez","image":{"@type":"ImageObject","inLanguage":"es","@id":"https:\/\/21panorama.com\/#\/schema\/person\/image\/","url":"https:\/\/secure.gravatar.com\/avatar\/13aae9944ab2ee472a9e407c9487fdbd03b049abaa559af32fe5dbcf615c981b?s=96&d=mm&r=g","contentUrl":"https:\/\/secure.gravatar.com\/avatar\/13aae9944ab2ee472a9e407c9487fdbd03b049abaa559af32fe5dbcf615c981b?s=96&d=mm&r=g","caption":"Elena Rodr\u00edguez"},"url":"https:\/\/21panorama.com\/index.php\/author\/elenarodriguez\/"}]}},"_links":{"self":[{"href":"https:\/\/21panorama.com\/index.php\/wp-json\/wp\/v2\/posts\/877","targetHints":{"allow":["GET"]}}],"collection":[{"href":"https:\/\/21panorama.com\/index.php\/wp-json\/wp\/v2\/posts"}],"about":[{"href":"https:\/\/21panorama.com\/index.php\/wp-json\/wp\/v2\/types\/post"}],"author":[{"embeddable":true,"href":"https:\/\/21panorama.com\/index.php\/wp-json\/wp\/v2\/users\/2"}],"replies":[{"embeddable":true,"href":"https:\/\/21panorama.com\/index.php\/wp-json\/wp\/v2\/comments?post=877"}],"version-history":[{"count":1,"href":"https:\/\/21panorama.com\/index.php\/wp-json\/wp\/v2\/posts\/877\/revisions"}],"predecessor-version":[{"id":879,"href":"https:\/\/21panorama.com\/index.php\/wp-json\/wp\/v2\/posts\/877\/revisions\/879"}],"wp:featuredmedia":[{"embeddable":true,"href":"https:\/\/21panorama.com\/index.php\/wp-json\/wp\/v2\/media\/878"}],"wp:attachment":[{"href":"https:\/\/21panorama.com\/index.php\/wp-json\/wp\/v2\/media?parent=877"}],"wp:term":[{"taxonomy":"category","embeddable":true,"href":"https:\/\/21panorama.com\/index.php\/wp-json\/wp\/v2\/categories?post=877"},{"taxonomy":"post_tag","embeddable":true,"href":"https:\/\/21panorama.com\/index.php\/wp-json\/wp\/v2\/tags?post=877"}],"curies":[{"name":"wp","href":"https:\/\/api.w.org\/{rel}","templated":true}]}}