{"id":874,"date":"2021-05-16T21:56:06","date_gmt":"2021-05-17T02:56:06","guid":{"rendered":"http:\/\/21panorama.com\/?p=874"},"modified":"2021-05-16T21:56:07","modified_gmt":"2021-05-17T02:56:07","slug":"uaem-mantendra-dialogo-respetuoso-con-poderes-de-la-entidad-carlos-eduardo-barrera-diaz","status":"publish","type":"post","link":"https:\/\/21panorama.com\/index.php\/2021\/05\/16\/uaem-mantendra-dialogo-respetuoso-con-poderes-de-la-entidad-carlos-eduardo-barrera-diaz\/","title":{"rendered":"UAEM mantendr\u00e1 di\u00e1logo respetuoso con poderes de la entidad: Carlos Eduardo Barrera D\u00edaz"},"content":{"rendered":"\n<p>Para consolidar la calidad y prestigio acad\u00e9mico de la Universidad Aut\u00f3noma del Estado de M\u00e9xico, la Administraci\u00f3n 2021-2025 mantendr\u00e1 un di\u00e1logo permanente y de respeto mutuo con los tres \u00e1mbitos de gobierno y los tres poderes de la entidad, afirm\u00f3 el rector Carlos Eduardo Barrera D\u00edaz.<br>\u201cSe avecina una nueva etapa para la instituci\u00f3n. Nuestro prop\u00f3sito es tener un di\u00e1logo franco, abierto y de mucho respeto con todos los \u00e1mbitos de gobierno\u201d, apunt\u00f3.<\/p>\n\n\n\n<p>Al ser la UAEM una instituci\u00f3n clave en la generaci\u00f3n del conocimiento cient\u00edfico y tecnol\u00f3gico, explic\u00f3 que la coordinaci\u00f3n institucional es fundamental para enfrentar los retos que impone la nueva normalidad, as\u00ed como la atenci\u00f3n a las disposiciones del marco jur\u00eddico en la materia, expresadas en la nueva Ley General de Educaci\u00f3n Superior.<\/p>\n\n\n\n<p>\u201cEstamos ante una nueva oportunidad porque en el pa\u00eds tambi\u00e9n se discute la nueva Ley de las Humanidades Ciencia, Tecnolog\u00eda e Innovaci\u00f3n\u201d, a\u00f1adi\u00f3.<\/p>\n\n\n\n<p>Barrera D\u00edaz abund\u00f3 que la universidad est\u00e1 comprometida con la sociedad en la formaci\u00f3n de recursos humanos de alto nivel, que cuenten con compromiso social, \u00e9tico y cultural; as\u00ed como garantizar el derecho a la educaci\u00f3n equitativa, inclusiva e integral.<\/p>\n\n\n\n<p>\u201cColaboraremos con todas las instituciones que nos lo pidan, siempre con el \u00fanico af\u00e1n de posicionar a la instituci\u00f3n en el \u00e1mbito acad\u00e9mico para ofrecer mayores oportunidades a la juventud mexiquense\u201d.<br>El rector de la UAEM convoc\u00f3 al estudiantado, as\u00ed como personal acad\u00e9mico y administrativo, a construir una nueva historia, entablar un di\u00e1logo franco y abierto, permanente, basado en el respeto, la tolerancia y la justicia, para edificar una universidad s\u00f3lida, pertinente, \u00edntegra e inclusiva.<\/p>\n\n\n\n<p>Finalmente, destac\u00f3 que integridad e inclusi\u00f3n ser\u00e1n las formas de actuar durante su gesti\u00f3n, de manera honesta, honorable y transparente. La UAEM, se\u00f1al\u00f3, \u201cser\u00e1 la casa de la pluralidad, el dialogo y la tolerancia\u201d.<\/p>\n","protected":false},"excerpt":{"rendered":"<p>Explic\u00f3 que la coordinaci\u00f3n institucional es fundamental para enfrentar los retos que impone la nueva normalidad, as\u00ed como la atenci\u00f3n a las disposiciones del marco jur\u00eddico en la materia, expresadas en la nueva Ley General de Educaci\u00f3n Superior. <\/p>\n","protected":false},"author":2,"featured_media":875,"comment_status":"open","ping_status":"open","sticky":false,"template":"","format":"standard","meta":{"footnotes":""},"categories":[1],"tags":[80,23],"class_list":["post-874","post","type-post","status-publish","format-standard","has-post-thumbnail","hentry","category-sociedad","tag-carlos-barrera","tag-uaemex"],"yoast_head":"<!-- This site is optimized with the Yoast SEO plugin v24.9 - https:\/\/yoast.com\/wordpress\/plugins\/seo\/ -->\n<title>UAEM mantendr\u00e1 di\u00e1logo respetuoso con poderes de la entidad: Carlos Eduardo Barrera D\u00edaz - 21 Panorama<\/title>\n<meta name=\"robots\" content=\"index, follow, max-snippet:-1, max-image-preview:large, max-video-preview:-1\" \/>\n<link rel=\"canonical\" href=\"https:\/\/21panorama.com\/index.php\/2021\/05\/16\/uaem-mantendra-dialogo-respetuoso-con-poderes-de-la-entidad-carlos-eduardo-barrera-diaz\/\" \/>\n<meta property=\"og:locale\" content=\"es_MX\" \/>\n<meta property=\"og:type\" content=\"article\" \/>\n<meta property=\"og:title\" content=\"UAEM mantendr\u00e1 di\u00e1logo respetuoso con poderes de la entidad: Carlos Eduardo Barrera D\u00edaz - 21 Panorama\" \/>\n<meta property=\"og:description\" content=\"Explic\u00f3 que la coordinaci\u00f3n institucional es fundamental para enfrentar los retos que impone la nueva normalidad, as\u00ed como la atenci\u00f3n a las disposiciones del marco jur\u00eddico en la materia, expresadas en la nueva Ley General de Educaci\u00f3n Superior.\" \/>\n<meta property=\"og:url\" content=\"https:\/\/21panorama.com\/index.php\/2021\/05\/16\/uaem-mantendra-dialogo-respetuoso-con-poderes-de-la-entidad-carlos-eduardo-barrera-diaz\/\" \/>\n<meta property=\"og:site_name\" content=\"21 Panorama\" \/>\n<meta property=\"article:published_time\" content=\"2021-05-17T02:56:06+00:00\" \/>\n<meta property=\"article:modified_time\" content=\"2021-05-17T02:56:07+00:00\" \/>\n<meta property=\"og:image\" content=\"https:\/\/21panorama.com\/wp-content\/uploads\/2021\/05\/WhatsApp-Image-2021-05-16-at-18.39.21.jpeg\" \/>\n\t<meta property=\"og:image:width\" content=\"727\" \/>\n\t<meta property=\"og:image:height\" content=\"1024\" \/>\n\t<meta property=\"og:image:type\" content=\"image\/jpeg\" \/>\n<meta name=\"author\" content=\"Elena Rodr\u00edguez\" \/>\n<meta name=\"twitter:card\" content=\"summary_large_image\" \/>\n<meta name=\"twitter:label1\" content=\"Escrito por\" \/>\n\t<meta name=\"twitter:data1\" content=\"Elena Rodr\u00edguez\" \/>\n\t<meta name=\"twitter:label2\" content=\"Tiempo de lectura\" \/>\n\t<meta name=\"twitter:data2\" content=\"2 minutos\" \/>\n<script type=\"application\/ld+json\" class=\"yoast-schema-graph\">{\"@context\":\"https:\/\/schema.org\",\"@graph\":[{\"@type\":\"Article\",\"@id\":\"https:\/\/21panorama.com\/index.php\/2021\/05\/16\/uaem-mantendra-dialogo-respetuoso-con-poderes-de-la-entidad-carlos-eduardo-barrera-diaz\/#article\",\"isPartOf\":{\"@id\":\"https:\/\/21panorama.com\/index.php\/2021\/05\/16\/uaem-mantendra-dialogo-respetuoso-con-poderes-de-la-entidad-carlos-eduardo-barrera-diaz\/\"},\"author\":{\"name\":\"Elena Rodr\u00edguez\",\"@id\":\"https:\/\/21panorama.com\/#\/schema\/person\/5bf7405d8d4b4a2a7376dbca70e20f51\"},\"headline\":\"UAEM mantendr\u00e1 di\u00e1logo respetuoso con poderes de la entidad: Carlos Eduardo Barrera D\u00edaz\",\"datePublished\":\"2021-05-17T02:56:06+00:00\",\"dateModified\":\"2021-05-17T02:56:07+00:00\",\"mainEntityOfPage\":{\"@id\":\"https:\/\/21panorama.com\/index.php\/2021\/05\/16\/uaem-mantendra-dialogo-respetuoso-con-poderes-de-la-entidad-carlos-eduardo-barrera-diaz\/\"},\"wordCount\":348,\"commentCount\":0,\"publisher\":{\"@id\":\"https:\/\/21panorama.com\/#organization\"},\"image\":{\"@id\":\"https:\/\/21panorama.com\/index.php\/2021\/05\/16\/uaem-mantendra-dialogo-respetuoso-con-poderes-de-la-entidad-carlos-eduardo-barrera-diaz\/#primaryimage\"},\"thumbnailUrl\":\"https:\/\/21panorama.com\/wp-content\/uploads\/2021\/05\/WhatsApp-Image-2021-05-16-at-18.39.21.jpeg\",\"keywords\":[\"Carlos Barrera\",\"UAEMex\"],\"articleSection\":[\"Sociedad\"],\"inLanguage\":\"es\",\"potentialAction\":[{\"@type\":\"CommentAction\",\"name\":\"Comment\",\"target\":[\"https:\/\/21panorama.com\/index.php\/2021\/05\/16\/uaem-mantendra-dialogo-respetuoso-con-poderes-de-la-entidad-carlos-eduardo-barrera-diaz\/#respond\"]}]},{\"@type\":\"WebPage\",\"@id\":\"https:\/\/21panorama.com\/index.php\/2021\/05\/16\/uaem-mantendra-dialogo-respetuoso-con-poderes-de-la-entidad-carlos-eduardo-barrera-diaz\/\",\"url\":\"https:\/\/21panorama.com\/index.php\/2021\/05\/16\/uaem-mantendra-dialogo-respetuoso-con-poderes-de-la-entidad-carlos-eduardo-barrera-diaz\/\",\"name\":\"UAEM mantendr\u00e1 di\u00e1logo respetuoso con poderes de la entidad: Carlos Eduardo Barrera D\u00edaz - 21 Panorama\",\"isPartOf\":{\"@id\":\"https:\/\/21panorama.com\/#website\"},\"primaryImageOfPage\":{\"@id\":\"https:\/\/21panorama.com\/index.php\/2021\/05\/16\/uaem-mantendra-dialogo-respetuoso-con-poderes-de-la-entidad-carlos-eduardo-barrera-diaz\/#primaryimage\"},\"image\":{\"@id\":\"https:\/\/21panorama.com\/index.php\/2021\/05\/16\/uaem-mantendra-dialogo-respetuoso-con-poderes-de-la-entidad-carlos-eduardo-barrera-diaz\/#primaryimage\"},\"thumbnailUrl\":\"https:\/\/21panorama.com\/wp-content\/uploads\/2021\/05\/WhatsApp-Image-2021-05-16-at-18.39.21.jpeg\",\"datePublished\":\"2021-05-17T02:56:06+00:00\",\"dateModified\":\"2021-05-17T02:56:07+00:00\",\"breadcrumb\":{\"@id\":\"https:\/\/21panorama.com\/index.php\/2021\/05\/16\/uaem-mantendra-dialogo-respetuoso-con-poderes-de-la-entidad-carlos-eduardo-barrera-diaz\/#breadcrumb\"},\"inLanguage\":\"es\",\"potentialAction\":[{\"@type\":\"ReadAction\",\"target\":[\"https:\/\/21panorama.com\/index.php\/2021\/05\/16\/uaem-mantendra-dialogo-respetuoso-con-poderes-de-la-entidad-carlos-eduardo-barrera-diaz\/\"]}]},{\"@type\":\"ImageObject\",\"inLanguage\":\"es\",\"@id\":\"https:\/\/21panorama.com\/index.php\/2021\/05\/16\/uaem-mantendra-dialogo-respetuoso-con-poderes-de-la-entidad-carlos-eduardo-barrera-diaz\/#primaryimage\",\"url\":\"https:\/\/21panorama.com\/wp-content\/uploads\/2021\/05\/WhatsApp-Image-2021-05-16-at-18.39.21.jpeg\",\"contentUrl\":\"https:\/\/21panorama.com\/wp-content\/uploads\/2021\/05\/WhatsApp-Image-2021-05-16-at-18.39.21.jpeg\",\"width\":727,\"height\":1024},{\"@type\":\"BreadcrumbList\",\"@id\":\"https:\/\/21panorama.com\/index.php\/2021\/05\/16\/uaem-mantendra-dialogo-respetuoso-con-poderes-de-la-entidad-carlos-eduardo-barrera-diaz\/#breadcrumb\",\"itemListElement\":[{\"@type\":\"ListItem\",\"position\":1,\"name\":\"Inicio\",\"item\":\"https:\/\/21panorama.com\/\"},{\"@type\":\"ListItem\",\"position\":2,\"name\":\"UAEM mantendr\u00e1 di\u00e1logo respetuoso con poderes de la entidad: Carlos Eduardo Barrera D\u00edaz\"}]},{\"@type\":\"WebSite\",\"@id\":\"https:\/\/21panorama.com\/#website\",\"url\":\"https:\/\/21panorama.com\/\",\"name\":\"21 Panorama\",\"description\":\"La construcci\u00f3n de la opini\u00f3n p\u00fablica merece un mejor Panorama en este siglo 21 para alcanzar una sociedad con mayor transparencia y sin corrupci\u00f3n.\",\"publisher\":{\"@id\":\"https:\/\/21panorama.com\/#organization\"},\"potentialAction\":[{\"@type\":\"SearchAction\",\"target\":{\"@type\":\"EntryPoint\",\"urlTemplate\":\"https:\/\/21panorama.com\/?s={search_term_string}\"},\"query-input\":{\"@type\":\"PropertyValueSpecification\",\"valueRequired\":true,\"valueName\":\"search_term_string\"}}],\"inLanguage\":\"es\"},{\"@type\":\"Organization\",\"@id\":\"https:\/\/21panorama.com\/#organization\",\"name\":\"21 Panorama\",\"url\":\"https:\/\/21panorama.com\/\",\"logo\":{\"@type\":\"ImageObject\",\"inLanguage\":\"es\",\"@id\":\"https:\/\/21panorama.com\/#\/schema\/logo\/image\/\",\"url\":\"https:\/\/21panorama.com\/wp-content\/uploads\/2019\/07\/cropped-Logo-Panorama-01.jpeg\",\"contentUrl\":\"https:\/\/21panorama.com\/wp-content\/uploads\/2019\/07\/cropped-Logo-Panorama-01.jpeg\",\"width\":290,\"height\":70,\"caption\":\"21 Panorama\"},\"image\":{\"@id\":\"https:\/\/21panorama.com\/#\/schema\/logo\/image\/\"}},{\"@type\":\"Person\",\"@id\":\"https:\/\/21panorama.com\/#\/schema\/person\/5bf7405d8d4b4a2a7376dbca70e20f51\",\"name\":\"Elena Rodr\u00edguez\",\"image\":{\"@type\":\"ImageObject\",\"inLanguage\":\"es\",\"@id\":\"https:\/\/21panorama.com\/#\/schema\/person\/image\/\",\"url\":\"https:\/\/secure.gravatar.com\/avatar\/13aae9944ab2ee472a9e407c9487fdbd03b049abaa559af32fe5dbcf615c981b?s=96&d=mm&r=g\",\"contentUrl\":\"https:\/\/secure.gravatar.com\/avatar\/13aae9944ab2ee472a9e407c9487fdbd03b049abaa559af32fe5dbcf615c981b?s=96&d=mm&r=g\",\"caption\":\"Elena Rodr\u00edguez\"},\"url\":\"https:\/\/21panorama.com\/index.php\/author\/elenarodriguez\/\"}]}<\/script>\n<!-- \/ Yoast SEO plugin. -->","yoast_head_json":{"title":"UAEM mantendr\u00e1 di\u00e1logo respetuoso con poderes de la entidad: Carlos Eduardo Barrera D\u00edaz - 21 Panorama","robots":{"index":"index","follow":"follow","max-snippet":"max-snippet:-1","max-image-preview":"max-image-preview:large","max-video-preview":"max-video-preview:-1"},"canonical":"https:\/\/21panorama.com\/index.php\/2021\/05\/16\/uaem-mantendra-dialogo-respetuoso-con-poderes-de-la-entidad-carlos-eduardo-barrera-diaz\/","og_locale":"es_MX","og_type":"article","og_title":"UAEM mantendr\u00e1 di\u00e1logo respetuoso con poderes de la entidad: Carlos Eduardo Barrera D\u00edaz - 21 Panorama","og_description":"Explic\u00f3 que la coordinaci\u00f3n institucional es fundamental para enfrentar los retos que impone la nueva normalidad, as\u00ed como la atenci\u00f3n a las disposiciones del marco jur\u00eddico en la materia, expresadas en la nueva Ley General de Educaci\u00f3n Superior.","og_url":"https:\/\/21panorama.com\/index.php\/2021\/05\/16\/uaem-mantendra-dialogo-respetuoso-con-poderes-de-la-entidad-carlos-eduardo-barrera-diaz\/","og_site_name":"21 Panorama","article_published_time":"2021-05-17T02:56:06+00:00","article_modified_time":"2021-05-17T02:56:07+00:00","og_image":[{"width":727,"height":1024,"url":"https:\/\/21panorama.com\/wp-content\/uploads\/2021\/05\/WhatsApp-Image-2021-05-16-at-18.39.21.jpeg","type":"image\/jpeg"}],"author":"Elena Rodr\u00edguez","twitter_card":"summary_large_image","twitter_misc":{"Escrito por":"Elena Rodr\u00edguez","Tiempo de lectura":"2 minutos"},"schema":{"@context":"https:\/\/schema.org","@graph":[{"@type":"Article","@id":"https:\/\/21panorama.com\/index.php\/2021\/05\/16\/uaem-mantendra-dialogo-respetuoso-con-poderes-de-la-entidad-carlos-eduardo-barrera-diaz\/#article","isPartOf":{"@id":"https:\/\/21panorama.com\/index.php\/2021\/05\/16\/uaem-mantendra-dialogo-respetuoso-con-poderes-de-la-entidad-carlos-eduardo-barrera-diaz\/"},"author":{"name":"Elena Rodr\u00edguez","@id":"https:\/\/21panorama.com\/#\/schema\/person\/5bf7405d8d4b4a2a7376dbca70e20f51"},"headline":"UAEM mantendr\u00e1 di\u00e1logo respetuoso con poderes de la entidad: Carlos Eduardo Barrera D\u00edaz","datePublished":"2021-05-17T02:56:06+00:00","dateModified":"2021-05-17T02:56:07+00:00","mainEntityOfPage":{"@id":"https:\/\/21panorama.com\/index.php\/2021\/05\/16\/uaem-mantendra-dialogo-respetuoso-con-poderes-de-la-entidad-carlos-eduardo-barrera-diaz\/"},"wordCount":348,"commentCount":0,"publisher":{"@id":"https:\/\/21panorama.com\/#organization"},"image":{"@id":"https:\/\/21panorama.com\/index.php\/2021\/05\/16\/uaem-mantendra-dialogo-respetuoso-con-poderes-de-la-entidad-carlos-eduardo-barrera-diaz\/#primaryimage"},"thumbnailUrl":"https:\/\/21panorama.com\/wp-content\/uploads\/2021\/05\/WhatsApp-Image-2021-05-16-at-18.39.21.jpeg","keywords":["Carlos Barrera","UAEMex"],"articleSection":["Sociedad"],"inLanguage":"es","potentialAction":[{"@type":"CommentAction","name":"Comment","target":["https:\/\/21panorama.com\/index.php\/2021\/05\/16\/uaem-mantendra-dialogo-respetuoso-con-poderes-de-la-entidad-carlos-eduardo-barrera-diaz\/#respond"]}]},{"@type":"WebPage","@id":"https:\/\/21panorama.com\/index.php\/2021\/05\/16\/uaem-mantendra-dialogo-respetuoso-con-poderes-de-la-entidad-carlos-eduardo-barrera-diaz\/","url":"https:\/\/21panorama.com\/index.php\/2021\/05\/16\/uaem-mantendra-dialogo-respetuoso-con-poderes-de-la-entidad-carlos-eduardo-barrera-diaz\/","name":"UAEM mantendr\u00e1 di\u00e1logo respetuoso con poderes de la entidad: Carlos Eduardo Barrera D\u00edaz - 21 Panorama","isPartOf":{"@id":"https:\/\/21panorama.com\/#website"},"primaryImageOfPage":{"@id":"https:\/\/21panorama.com\/index.php\/2021\/05\/16\/uaem-mantendra-dialogo-respetuoso-con-poderes-de-la-entidad-carlos-eduardo-barrera-diaz\/#primaryimage"},"image":{"@id":"https:\/\/21panorama.com\/index.php\/2021\/05\/16\/uaem-mantendra-dialogo-respetuoso-con-poderes-de-la-entidad-carlos-eduardo-barrera-diaz\/#primaryimage"},"thumbnailUrl":"https:\/\/21panorama.com\/wp-content\/uploads\/2021\/05\/WhatsApp-Image-2021-05-16-at-18.39.21.jpeg","datePublished":"2021-05-17T02:56:06+00:00","dateModified":"2021-05-17T02:56:07+00:00","breadcrumb":{"@id":"https:\/\/21panorama.com\/index.php\/2021\/05\/16\/uaem-mantendra-dialogo-respetuoso-con-poderes-de-la-entidad-carlos-eduardo-barrera-diaz\/#breadcrumb"},"inLanguage":"es","potentialAction":[{"@type":"ReadAction","target":["https:\/\/21panorama.com\/index.php\/2021\/05\/16\/uaem-mantendra-dialogo-respetuoso-con-poderes-de-la-entidad-carlos-eduardo-barrera-diaz\/"]}]},{"@type":"ImageObject","inLanguage":"es","@id":"https:\/\/21panorama.com\/index.php\/2021\/05\/16\/uaem-mantendra-dialogo-respetuoso-con-poderes-de-la-entidad-carlos-eduardo-barrera-diaz\/#primaryimage","url":"https:\/\/21panorama.com\/wp-content\/uploads\/2021\/05\/WhatsApp-Image-2021-05-16-at-18.39.21.jpeg","contentUrl":"https:\/\/21panorama.com\/wp-content\/uploads\/2021\/05\/WhatsApp-Image-2021-05-16-at-18.39.21.jpeg","width":727,"height":1024},{"@type":"BreadcrumbList","@id":"https:\/\/21panorama.com\/index.php\/2021\/05\/16\/uaem-mantendra-dialogo-respetuoso-con-poderes-de-la-entidad-carlos-eduardo-barrera-diaz\/#breadcrumb","itemListElement":[{"@type":"ListItem","position":1,"name":"Inicio","item":"https:\/\/21panorama.com\/"},{"@type":"ListItem","position":2,"name":"UAEM mantendr\u00e1 di\u00e1logo respetuoso con poderes de la entidad: Carlos Eduardo Barrera D\u00edaz"}]},{"@type":"WebSite","@id":"https:\/\/21panorama.com\/#website","url":"https:\/\/21panorama.com\/","name":"21 Panorama","description":"La construcci\u00f3n de la opini\u00f3n p\u00fablica merece un mejor Panorama en este siglo 21 para alcanzar una sociedad con mayor transparencia y sin corrupci\u00f3n.","publisher":{"@id":"https:\/\/21panorama.com\/#organization"},"potentialAction":[{"@type":"SearchAction","target":{"@type":"EntryPoint","urlTemplate":"https:\/\/21panorama.com\/?s={search_term_string}"},"query-input":{"@type":"PropertyValueSpecification","valueRequired":true,"valueName":"search_term_string"}}],"inLanguage":"es"},{"@type":"Organization","@id":"https:\/\/21panorama.com\/#organization","name":"21 Panorama","url":"https:\/\/21panorama.com\/","logo":{"@type":"ImageObject","inLanguage":"es","@id":"https:\/\/21panorama.com\/#\/schema\/logo\/image\/","url":"https:\/\/21panorama.com\/wp-content\/uploads\/2019\/07\/cropped-Logo-Panorama-01.jpeg","contentUrl":"https:\/\/21panorama.com\/wp-content\/uploads\/2019\/07\/cropped-Logo-Panorama-01.jpeg","width":290,"height":70,"caption":"21 Panorama"},"image":{"@id":"https:\/\/21panorama.com\/#\/schema\/logo\/image\/"}},{"@type":"Person","@id":"https:\/\/21panorama.com\/#\/schema\/person\/5bf7405d8d4b4a2a7376dbca70e20f51","name":"Elena Rodr\u00edguez","image":{"@type":"ImageObject","inLanguage":"es","@id":"https:\/\/21panorama.com\/#\/schema\/person\/image\/","url":"https:\/\/secure.gravatar.com\/avatar\/13aae9944ab2ee472a9e407c9487fdbd03b049abaa559af32fe5dbcf615c981b?s=96&d=mm&r=g","contentUrl":"https:\/\/secure.gravatar.com\/avatar\/13aae9944ab2ee472a9e407c9487fdbd03b049abaa559af32fe5dbcf615c981b?s=96&d=mm&r=g","caption":"Elena Rodr\u00edguez"},"url":"https:\/\/21panorama.com\/index.php\/author\/elenarodriguez\/"}]}},"_links":{"self":[{"href":"https:\/\/21panorama.com\/index.php\/wp-json\/wp\/v2\/posts\/874","targetHints":{"allow":["GET"]}}],"collection":[{"href":"https:\/\/21panorama.com\/index.php\/wp-json\/wp\/v2\/posts"}],"about":[{"href":"https:\/\/21panorama.com\/index.php\/wp-json\/wp\/v2\/types\/post"}],"author":[{"embeddable":true,"href":"https:\/\/21panorama.com\/index.php\/wp-json\/wp\/v2\/users\/2"}],"replies":[{"embeddable":true,"href":"https:\/\/21panorama.com\/index.php\/wp-json\/wp\/v2\/comments?post=874"}],"version-history":[{"count":1,"href":"https:\/\/21panorama.com\/index.php\/wp-json\/wp\/v2\/posts\/874\/revisions"}],"predecessor-version":[{"id":876,"href":"https:\/\/21panorama.com\/index.php\/wp-json\/wp\/v2\/posts\/874\/revisions\/876"}],"wp:featuredmedia":[{"embeddable":true,"href":"https:\/\/21panorama.com\/index.php\/wp-json\/wp\/v2\/media\/875"}],"wp:attachment":[{"href":"https:\/\/21panorama.com\/index.php\/wp-json\/wp\/v2\/media?parent=874"}],"wp:term":[{"taxonomy":"category","embeddable":true,"href":"https:\/\/21panorama.com\/index.php\/wp-json\/wp\/v2\/categories?post=874"},{"taxonomy":"post_tag","embeddable":true,"href":"https:\/\/21panorama.com\/index.php\/wp-json\/wp\/v2\/tags?post=874"}],"curies":[{"name":"wp","href":"https:\/\/api.w.org\/{rel}","templated":true}]}}