{"id":871,"date":"2021-05-16T21:40:51","date_gmt":"2021-05-17T02:40:51","guid":{"rendered":"http:\/\/21panorama.com\/?p=871"},"modified":"2021-05-16T21:41:06","modified_gmt":"2021-05-17T02:41:06","slug":"jilotepec-no-esta-en-venta-rodolfo-noguez-barajas","status":"publish","type":"post","link":"https:\/\/21panorama.com\/index.php\/2021\/05\/16\/jilotepec-no-esta-en-venta-rodolfo-noguez-barajas\/","title":{"rendered":"JILOTEPEC NO EST\u00c1 EN VENTA: RODOLFO NOGUEZ BARAJAS"},"content":{"rendered":"\n<p>Con nuevos br\u00edos en la arena pol\u00edtica el candidato a la presidencia municipal de Jilotepec por la alianza \u201cVa por el Estado de M\u00e9xico\u201d, Rodolfo Noguez Barajas, tom\u00f3 coraje y les dijo a sus oponentes que no les alcanzar\u00e1 sus millones de pesos ni sus regalos con despensa y cemento porque Jilotepec no est\u00e1 a la venta.<\/p>\n\n\n\n<p>Al terminar una \u201ccaminata de la renovaci\u00f3n\u201d con casi mil personas dej\u00f3 en claro que ser el objetivo de ataques, provocaciones y bajezas pol\u00edticas no lo<br>intimidar\u00e1n a \u00e9l ni a su equipo que viene fortaleciendo su campa\u00f1a.<\/p>\n\n\n\n<p>\u201cAs\u00ed son ellos los tenemos temblando de miedo por que somos un equipo con talento y de car\u00e1cter, los cambios verdaderos requieren de esfuerzo talento disciplina y orden, pero sobre todo amor y pasi\u00f3n por nuestra tierra\u201d, anot\u00f3.<\/p>\n\n\n\n<p>Acompa\u00f1ado del secretario de Organizaci\u00f3n del PRI nacional, Ricardo Aguilar Castillo, y del secretario general adjunto del PRI estatal, Elias Rescala Jim\u00e9nez, dijo que Jilotepec tendr\u00e1 un gobierno municipal de resultados porque \u201csomos el proyecto m\u00e1s fuerte y no estamos dispuestos a tres a\u00f1os m\u00e1s de ocurrencias\u201d.<\/p>\n\n\n\n<p>En el acto, dio a conocer que su plan de gobierno establece tres a\u00f1os de administraci\u00f3n que est\u00e9n a la altura y de resultados en materia de servicios p\u00fablicos, salud, seguridad, caninos y transporte.<\/p>\n","protected":false},"excerpt":{"rendered":"<p>En el acto, dio a conocer que su plan de gobierno establece tres a\u00f1os de administraci\u00f3n que est\u00e9n a la altura y de resultados en materia de servicios p\u00fablicos, salud, seguridad, caninos y transporte.<\/p>\n","protected":false},"author":2,"featured_media":872,"comment_status":"open","ping_status":"open","sticky":false,"template":"","format":"standard","meta":{"footnotes":""},"categories":[12],"tags":[14,85,68],"class_list":["post-871","post","type-post","status-publish","format-standard","has-post-thumbnail","hentry","category-politica","tag-jilotepec","tag-rodolfo-noguez","tag-va-por-el-estado-de-mexico"],"yoast_head":"<!-- This site is optimized with the Yoast SEO plugin v24.9 - https:\/\/yoast.com\/wordpress\/plugins\/seo\/ -->\n<title>JILOTEPEC NO EST\u00c1 EN VENTA: RODOLFO NOGUEZ BARAJAS - 21 Panorama<\/title>\n<meta name=\"robots\" content=\"index, follow, max-snippet:-1, max-image-preview:large, max-video-preview:-1\" \/>\n<link rel=\"canonical\" href=\"https:\/\/21panorama.com\/index.php\/2021\/05\/16\/jilotepec-no-esta-en-venta-rodolfo-noguez-barajas\/\" \/>\n<meta property=\"og:locale\" content=\"es_MX\" \/>\n<meta property=\"og:type\" content=\"article\" \/>\n<meta property=\"og:title\" content=\"JILOTEPEC NO EST\u00c1 EN VENTA: RODOLFO NOGUEZ BARAJAS - 21 Panorama\" \/>\n<meta property=\"og:description\" content=\"En el acto, dio a conocer que su plan de gobierno establece tres a\u00f1os de administraci\u00f3n que est\u00e9n a la altura y de resultados en materia de servicios p\u00fablicos, salud, seguridad, caninos y transporte.\" \/>\n<meta property=\"og:url\" content=\"https:\/\/21panorama.com\/index.php\/2021\/05\/16\/jilotepec-no-esta-en-venta-rodolfo-noguez-barajas\/\" \/>\n<meta property=\"og:site_name\" content=\"21 Panorama\" \/>\n<meta property=\"article:published_time\" content=\"2021-05-17T02:40:51+00:00\" \/>\n<meta property=\"article:modified_time\" content=\"2021-05-17T02:41:06+00:00\" \/>\n<meta property=\"og:image\" content=\"https:\/\/21panorama.com\/wp-content\/uploads\/2021\/05\/WhatsApp-Image-2021-05-16-at-15.01.21.jpeg\" \/>\n\t<meta property=\"og:image:width\" content=\"1600\" \/>\n\t<meta property=\"og:image:height\" content=\"1200\" \/>\n\t<meta property=\"og:image:type\" content=\"image\/jpeg\" \/>\n<meta name=\"author\" content=\"Elena Rodr\u00edguez\" \/>\n<meta name=\"twitter:card\" content=\"summary_large_image\" \/>\n<meta name=\"twitter:label1\" content=\"Escrito por\" \/>\n\t<meta name=\"twitter:data1\" content=\"Elena Rodr\u00edguez\" \/>\n\t<meta name=\"twitter:label2\" content=\"Tiempo de lectura\" \/>\n\t<meta name=\"twitter:data2\" content=\"1 minuto\" \/>\n<script type=\"application\/ld+json\" class=\"yoast-schema-graph\">{\"@context\":\"https:\/\/schema.org\",\"@graph\":[{\"@type\":\"Article\",\"@id\":\"https:\/\/21panorama.com\/index.php\/2021\/05\/16\/jilotepec-no-esta-en-venta-rodolfo-noguez-barajas\/#article\",\"isPartOf\":{\"@id\":\"https:\/\/21panorama.com\/index.php\/2021\/05\/16\/jilotepec-no-esta-en-venta-rodolfo-noguez-barajas\/\"},\"author\":{\"name\":\"Elena Rodr\u00edguez\",\"@id\":\"https:\/\/21panorama.com\/#\/schema\/person\/5bf7405d8d4b4a2a7376dbca70e20f51\"},\"headline\":\"JILOTEPEC NO EST\u00c1 EN VENTA: RODOLFO NOGUEZ BARAJAS\",\"datePublished\":\"2021-05-17T02:40:51+00:00\",\"dateModified\":\"2021-05-17T02:41:06+00:00\",\"mainEntityOfPage\":{\"@id\":\"https:\/\/21panorama.com\/index.php\/2021\/05\/16\/jilotepec-no-esta-en-venta-rodolfo-noguez-barajas\/\"},\"wordCount\":240,\"commentCount\":0,\"publisher\":{\"@id\":\"https:\/\/21panorama.com\/#organization\"},\"image\":{\"@id\":\"https:\/\/21panorama.com\/index.php\/2021\/05\/16\/jilotepec-no-esta-en-venta-rodolfo-noguez-barajas\/#primaryimage\"},\"thumbnailUrl\":\"https:\/\/21panorama.com\/wp-content\/uploads\/2021\/05\/WhatsApp-Image-2021-05-16-at-15.01.21.jpeg\",\"keywords\":[\"Jilotepec\",\"Rodolfo Noguez\",\"Va por el Estado de M\u00e9xico\"],\"articleSection\":[\"Politica\"],\"inLanguage\":\"es\",\"potentialAction\":[{\"@type\":\"CommentAction\",\"name\":\"Comment\",\"target\":[\"https:\/\/21panorama.com\/index.php\/2021\/05\/16\/jilotepec-no-esta-en-venta-rodolfo-noguez-barajas\/#respond\"]}]},{\"@type\":\"WebPage\",\"@id\":\"https:\/\/21panorama.com\/index.php\/2021\/05\/16\/jilotepec-no-esta-en-venta-rodolfo-noguez-barajas\/\",\"url\":\"https:\/\/21panorama.com\/index.php\/2021\/05\/16\/jilotepec-no-esta-en-venta-rodolfo-noguez-barajas\/\",\"name\":\"JILOTEPEC NO EST\u00c1 EN VENTA: RODOLFO NOGUEZ BARAJAS - 21 Panorama\",\"isPartOf\":{\"@id\":\"https:\/\/21panorama.com\/#website\"},\"primaryImageOfPage\":{\"@id\":\"https:\/\/21panorama.com\/index.php\/2021\/05\/16\/jilotepec-no-esta-en-venta-rodolfo-noguez-barajas\/#primaryimage\"},\"image\":{\"@id\":\"https:\/\/21panorama.com\/index.php\/2021\/05\/16\/jilotepec-no-esta-en-venta-rodolfo-noguez-barajas\/#primaryimage\"},\"thumbnailUrl\":\"https:\/\/21panorama.com\/wp-content\/uploads\/2021\/05\/WhatsApp-Image-2021-05-16-at-15.01.21.jpeg\",\"datePublished\":\"2021-05-17T02:40:51+00:00\",\"dateModified\":\"2021-05-17T02:41:06+00:00\",\"breadcrumb\":{\"@id\":\"https:\/\/21panorama.com\/index.php\/2021\/05\/16\/jilotepec-no-esta-en-venta-rodolfo-noguez-barajas\/#breadcrumb\"},\"inLanguage\":\"es\",\"potentialAction\":[{\"@type\":\"ReadAction\",\"target\":[\"https:\/\/21panorama.com\/index.php\/2021\/05\/16\/jilotepec-no-esta-en-venta-rodolfo-noguez-barajas\/\"]}]},{\"@type\":\"ImageObject\",\"inLanguage\":\"es\",\"@id\":\"https:\/\/21panorama.com\/index.php\/2021\/05\/16\/jilotepec-no-esta-en-venta-rodolfo-noguez-barajas\/#primaryimage\",\"url\":\"https:\/\/21panorama.com\/wp-content\/uploads\/2021\/05\/WhatsApp-Image-2021-05-16-at-15.01.21.jpeg\",\"contentUrl\":\"https:\/\/21panorama.com\/wp-content\/uploads\/2021\/05\/WhatsApp-Image-2021-05-16-at-15.01.21.jpeg\",\"width\":1600,\"height\":1200},{\"@type\":\"BreadcrumbList\",\"@id\":\"https:\/\/21panorama.com\/index.php\/2021\/05\/16\/jilotepec-no-esta-en-venta-rodolfo-noguez-barajas\/#breadcrumb\",\"itemListElement\":[{\"@type\":\"ListItem\",\"position\":1,\"name\":\"Inicio\",\"item\":\"https:\/\/21panorama.com\/\"},{\"@type\":\"ListItem\",\"position\":2,\"name\":\"JILOTEPEC NO EST\u00c1 EN VENTA: RODOLFO NOGUEZ BARAJAS\"}]},{\"@type\":\"WebSite\",\"@id\":\"https:\/\/21panorama.com\/#website\",\"url\":\"https:\/\/21panorama.com\/\",\"name\":\"21 Panorama\",\"description\":\"La construcci\u00f3n de la opini\u00f3n p\u00fablica merece un mejor Panorama en este siglo 21 para alcanzar una sociedad con mayor transparencia y sin corrupci\u00f3n.\",\"publisher\":{\"@id\":\"https:\/\/21panorama.com\/#organization\"},\"potentialAction\":[{\"@type\":\"SearchAction\",\"target\":{\"@type\":\"EntryPoint\",\"urlTemplate\":\"https:\/\/21panorama.com\/?s={search_term_string}\"},\"query-input\":{\"@type\":\"PropertyValueSpecification\",\"valueRequired\":true,\"valueName\":\"search_term_string\"}}],\"inLanguage\":\"es\"},{\"@type\":\"Organization\",\"@id\":\"https:\/\/21panorama.com\/#organization\",\"name\":\"21 Panorama\",\"url\":\"https:\/\/21panorama.com\/\",\"logo\":{\"@type\":\"ImageObject\",\"inLanguage\":\"es\",\"@id\":\"https:\/\/21panorama.com\/#\/schema\/logo\/image\/\",\"url\":\"https:\/\/21panorama.com\/wp-content\/uploads\/2019\/07\/cropped-Logo-Panorama-01.jpeg\",\"contentUrl\":\"https:\/\/21panorama.com\/wp-content\/uploads\/2019\/07\/cropped-Logo-Panorama-01.jpeg\",\"width\":290,\"height\":70,\"caption\":\"21 Panorama\"},\"image\":{\"@id\":\"https:\/\/21panorama.com\/#\/schema\/logo\/image\/\"}},{\"@type\":\"Person\",\"@id\":\"https:\/\/21panorama.com\/#\/schema\/person\/5bf7405d8d4b4a2a7376dbca70e20f51\",\"name\":\"Elena Rodr\u00edguez\",\"image\":{\"@type\":\"ImageObject\",\"inLanguage\":\"es\",\"@id\":\"https:\/\/21panorama.com\/#\/schema\/person\/image\/\",\"url\":\"https:\/\/secure.gravatar.com\/avatar\/13aae9944ab2ee472a9e407c9487fdbd03b049abaa559af32fe5dbcf615c981b?s=96&d=mm&r=g\",\"contentUrl\":\"https:\/\/secure.gravatar.com\/avatar\/13aae9944ab2ee472a9e407c9487fdbd03b049abaa559af32fe5dbcf615c981b?s=96&d=mm&r=g\",\"caption\":\"Elena Rodr\u00edguez\"},\"url\":\"https:\/\/21panorama.com\/index.php\/author\/elenarodriguez\/\"}]}<\/script>\n<!-- \/ Yoast SEO plugin. -->","yoast_head_json":{"title":"JILOTEPEC NO EST\u00c1 EN VENTA: RODOLFO NOGUEZ BARAJAS - 21 Panorama","robots":{"index":"index","follow":"follow","max-snippet":"max-snippet:-1","max-image-preview":"max-image-preview:large","max-video-preview":"max-video-preview:-1"},"canonical":"https:\/\/21panorama.com\/index.php\/2021\/05\/16\/jilotepec-no-esta-en-venta-rodolfo-noguez-barajas\/","og_locale":"es_MX","og_type":"article","og_title":"JILOTEPEC NO EST\u00c1 EN VENTA: RODOLFO NOGUEZ BARAJAS - 21 Panorama","og_description":"En el acto, dio a conocer que su plan de gobierno establece tres a\u00f1os de administraci\u00f3n que est\u00e9n a la altura y de resultados en materia de servicios p\u00fablicos, salud, seguridad, caninos y transporte.","og_url":"https:\/\/21panorama.com\/index.php\/2021\/05\/16\/jilotepec-no-esta-en-venta-rodolfo-noguez-barajas\/","og_site_name":"21 Panorama","article_published_time":"2021-05-17T02:40:51+00:00","article_modified_time":"2021-05-17T02:41:06+00:00","og_image":[{"width":1600,"height":1200,"url":"https:\/\/21panorama.com\/wp-content\/uploads\/2021\/05\/WhatsApp-Image-2021-05-16-at-15.01.21.jpeg","type":"image\/jpeg"}],"author":"Elena Rodr\u00edguez","twitter_card":"summary_large_image","twitter_misc":{"Escrito por":"Elena Rodr\u00edguez","Tiempo de lectura":"1 minuto"},"schema":{"@context":"https:\/\/schema.org","@graph":[{"@type":"Article","@id":"https:\/\/21panorama.com\/index.php\/2021\/05\/16\/jilotepec-no-esta-en-venta-rodolfo-noguez-barajas\/#article","isPartOf":{"@id":"https:\/\/21panorama.com\/index.php\/2021\/05\/16\/jilotepec-no-esta-en-venta-rodolfo-noguez-barajas\/"},"author":{"name":"Elena Rodr\u00edguez","@id":"https:\/\/21panorama.com\/#\/schema\/person\/5bf7405d8d4b4a2a7376dbca70e20f51"},"headline":"JILOTEPEC NO EST\u00c1 EN VENTA: RODOLFO NOGUEZ BARAJAS","datePublished":"2021-05-17T02:40:51+00:00","dateModified":"2021-05-17T02:41:06+00:00","mainEntityOfPage":{"@id":"https:\/\/21panorama.com\/index.php\/2021\/05\/16\/jilotepec-no-esta-en-venta-rodolfo-noguez-barajas\/"},"wordCount":240,"commentCount":0,"publisher":{"@id":"https:\/\/21panorama.com\/#organization"},"image":{"@id":"https:\/\/21panorama.com\/index.php\/2021\/05\/16\/jilotepec-no-esta-en-venta-rodolfo-noguez-barajas\/#primaryimage"},"thumbnailUrl":"https:\/\/21panorama.com\/wp-content\/uploads\/2021\/05\/WhatsApp-Image-2021-05-16-at-15.01.21.jpeg","keywords":["Jilotepec","Rodolfo Noguez","Va por el Estado de M\u00e9xico"],"articleSection":["Politica"],"inLanguage":"es","potentialAction":[{"@type":"CommentAction","name":"Comment","target":["https:\/\/21panorama.com\/index.php\/2021\/05\/16\/jilotepec-no-esta-en-venta-rodolfo-noguez-barajas\/#respond"]}]},{"@type":"WebPage","@id":"https:\/\/21panorama.com\/index.php\/2021\/05\/16\/jilotepec-no-esta-en-venta-rodolfo-noguez-barajas\/","url":"https:\/\/21panorama.com\/index.php\/2021\/05\/16\/jilotepec-no-esta-en-venta-rodolfo-noguez-barajas\/","name":"JILOTEPEC NO EST\u00c1 EN VENTA: RODOLFO NOGUEZ BARAJAS - 21 Panorama","isPartOf":{"@id":"https:\/\/21panorama.com\/#website"},"primaryImageOfPage":{"@id":"https:\/\/21panorama.com\/index.php\/2021\/05\/16\/jilotepec-no-esta-en-venta-rodolfo-noguez-barajas\/#primaryimage"},"image":{"@id":"https:\/\/21panorama.com\/index.php\/2021\/05\/16\/jilotepec-no-esta-en-venta-rodolfo-noguez-barajas\/#primaryimage"},"thumbnailUrl":"https:\/\/21panorama.com\/wp-content\/uploads\/2021\/05\/WhatsApp-Image-2021-05-16-at-15.01.21.jpeg","datePublished":"2021-05-17T02:40:51+00:00","dateModified":"2021-05-17T02:41:06+00:00","breadcrumb":{"@id":"https:\/\/21panorama.com\/index.php\/2021\/05\/16\/jilotepec-no-esta-en-venta-rodolfo-noguez-barajas\/#breadcrumb"},"inLanguage":"es","potentialAction":[{"@type":"ReadAction","target":["https:\/\/21panorama.com\/index.php\/2021\/05\/16\/jilotepec-no-esta-en-venta-rodolfo-noguez-barajas\/"]}]},{"@type":"ImageObject","inLanguage":"es","@id":"https:\/\/21panorama.com\/index.php\/2021\/05\/16\/jilotepec-no-esta-en-venta-rodolfo-noguez-barajas\/#primaryimage","url":"https:\/\/21panorama.com\/wp-content\/uploads\/2021\/05\/WhatsApp-Image-2021-05-16-at-15.01.21.jpeg","contentUrl":"https:\/\/21panorama.com\/wp-content\/uploads\/2021\/05\/WhatsApp-Image-2021-05-16-at-15.01.21.jpeg","width":1600,"height":1200},{"@type":"BreadcrumbList","@id":"https:\/\/21panorama.com\/index.php\/2021\/05\/16\/jilotepec-no-esta-en-venta-rodolfo-noguez-barajas\/#breadcrumb","itemListElement":[{"@type":"ListItem","position":1,"name":"Inicio","item":"https:\/\/21panorama.com\/"},{"@type":"ListItem","position":2,"name":"JILOTEPEC NO EST\u00c1 EN VENTA: RODOLFO NOGUEZ BARAJAS"}]},{"@type":"WebSite","@id":"https:\/\/21panorama.com\/#website","url":"https:\/\/21panorama.com\/","name":"21 Panorama","description":"La construcci\u00f3n de la opini\u00f3n p\u00fablica merece un mejor Panorama en este siglo 21 para alcanzar una sociedad con mayor transparencia y sin corrupci\u00f3n.","publisher":{"@id":"https:\/\/21panorama.com\/#organization"},"potentialAction":[{"@type":"SearchAction","target":{"@type":"EntryPoint","urlTemplate":"https:\/\/21panorama.com\/?s={search_term_string}"},"query-input":{"@type":"PropertyValueSpecification","valueRequired":true,"valueName":"search_term_string"}}],"inLanguage":"es"},{"@type":"Organization","@id":"https:\/\/21panorama.com\/#organization","name":"21 Panorama","url":"https:\/\/21panorama.com\/","logo":{"@type":"ImageObject","inLanguage":"es","@id":"https:\/\/21panorama.com\/#\/schema\/logo\/image\/","url":"https:\/\/21panorama.com\/wp-content\/uploads\/2019\/07\/cropped-Logo-Panorama-01.jpeg","contentUrl":"https:\/\/21panorama.com\/wp-content\/uploads\/2019\/07\/cropped-Logo-Panorama-01.jpeg","width":290,"height":70,"caption":"21 Panorama"},"image":{"@id":"https:\/\/21panorama.com\/#\/schema\/logo\/image\/"}},{"@type":"Person","@id":"https:\/\/21panorama.com\/#\/schema\/person\/5bf7405d8d4b4a2a7376dbca70e20f51","name":"Elena Rodr\u00edguez","image":{"@type":"ImageObject","inLanguage":"es","@id":"https:\/\/21panorama.com\/#\/schema\/person\/image\/","url":"https:\/\/secure.gravatar.com\/avatar\/13aae9944ab2ee472a9e407c9487fdbd03b049abaa559af32fe5dbcf615c981b?s=96&d=mm&r=g","contentUrl":"https:\/\/secure.gravatar.com\/avatar\/13aae9944ab2ee472a9e407c9487fdbd03b049abaa559af32fe5dbcf615c981b?s=96&d=mm&r=g","caption":"Elena Rodr\u00edguez"},"url":"https:\/\/21panorama.com\/index.php\/author\/elenarodriguez\/"}]}},"_links":{"self":[{"href":"https:\/\/21panorama.com\/index.php\/wp-json\/wp\/v2\/posts\/871","targetHints":{"allow":["GET"]}}],"collection":[{"href":"https:\/\/21panorama.com\/index.php\/wp-json\/wp\/v2\/posts"}],"about":[{"href":"https:\/\/21panorama.com\/index.php\/wp-json\/wp\/v2\/types\/post"}],"author":[{"embeddable":true,"href":"https:\/\/21panorama.com\/index.php\/wp-json\/wp\/v2\/users\/2"}],"replies":[{"embeddable":true,"href":"https:\/\/21panorama.com\/index.php\/wp-json\/wp\/v2\/comments?post=871"}],"version-history":[{"count":1,"href":"https:\/\/21panorama.com\/index.php\/wp-json\/wp\/v2\/posts\/871\/revisions"}],"predecessor-version":[{"id":873,"href":"https:\/\/21panorama.com\/index.php\/wp-json\/wp\/v2\/posts\/871\/revisions\/873"}],"wp:featuredmedia":[{"embeddable":true,"href":"https:\/\/21panorama.com\/index.php\/wp-json\/wp\/v2\/media\/872"}],"wp:attachment":[{"href":"https:\/\/21panorama.com\/index.php\/wp-json\/wp\/v2\/media?parent=871"}],"wp:term":[{"taxonomy":"category","embeddable":true,"href":"https:\/\/21panorama.com\/index.php\/wp-json\/wp\/v2\/categories?post=871"},{"taxonomy":"post_tag","embeddable":true,"href":"https:\/\/21panorama.com\/index.php\/wp-json\/wp\/v2\/tags?post=871"}],"curies":[{"name":"wp","href":"https:\/\/api.w.org\/{rel}","templated":true}]}}