{"id":863,"date":"2021-05-15T20:44:00","date_gmt":"2021-05-16T01:44:00","guid":{"rendered":"http:\/\/21panorama.com\/?p=863"},"modified":"2021-05-16T20:52:01","modified_gmt":"2021-05-17T01:52:01","slug":"rayon-sera-estandarte-nacional-de-desarrollo","status":"publish","type":"post","link":"https:\/\/21panorama.com\/index.php\/2021\/05\/15\/rayon-sera-estandarte-nacional-de-desarrollo\/","title":{"rendered":"RAY\u00d3N SER\u00c1 ESTANDARTE NACIONAL DE DESARROLLO"},"content":{"rendered":"\n<p>Al encabezar un acto de hombres y mujeres que han despertado conciencia para que Ray\u00f3n sea un estandarte nacional de progreso y desarrollo, el<br>candidato a Presidente Municipal por La alianza Va por el Estado de M\u00e9xico\u201d, Erick Cedillo Hinojosa, dijo estar dispuesto a dejar todo en la arena pol\u00edtica para conquistar los corazones de sus vecinos y recorrer todas las calles de su municipio para arrasar con el voto el pr\u00f3ximo 6 de junio.<\/p>\n\n\n\n<p>Ante m\u00e1s de 400 personas que lo acompa\u00f1aron con todas las medidas de sanidad y arropado por la dirigente estatal del PRI, Alejandra del Moral, del l\u00edder estatal del PRD, Christian Campuzano, y de Enrique Vargas del Villar, resalt\u00f3 la integraci\u00f3n de su planilla de hombres y mujeres honestos y que no tienen cola que le pisen.<\/p>\n\n\n\n<p>En su discurso, destac\u00f3 que Ray\u00f3n es un municipio pr\u00f3spero que \u201canhela un cambio seguro un cambio con rumbo y responsabilidad\u201d y por ello se comprometi\u00f3 llevar al municipio \u201cal lugar que merece, donde nunca debi\u00f3 haber bajado para ser el mejor municipio de todo el pa\u00eds\u201d.<\/p>\n\n\n\n<p>\u201cVamos a ganar porque est\u00e1 a nuestro favor la conciencia despierta de hombres y mujeres que quieren que Ray\u00f3n est\u00e9 en el lugar que nunca debi\u00f3 haber salido\u201d, dijo enf\u00e1tico el candidato de la coalici\u00f3n PRI-PAN-PRD.<\/p>\n\n\n\n<p>Emocionado por la presencia de su familia y la gente que lo apoya en esta campa\u00f1a dijo que \u201cnuestra gente merece un gobierno cercano y que escuche, emp\u00e1tico y que no se esconda que siempre de la cara y atienda las 24 horas del d\u00eda para llevarlo al desarrollo\u201d.<\/p>\n\n\n\n<p>Alejandra del Moral Vela, Presidenta del comit\u00e9 directivo estatal del PRI expuso que con gran madurez pol\u00edtica sus aliados PAN y PRD han avanzado en torno al bien del Estado de M\u00e9xico.<\/p>\n\n\n\n<p>Se comprometi\u00f3 con el candidato a redoblar los esfuerzos y mantener todo el trabajo posible para ganar las elecciones de junio pr\u00f3ximo.<\/p>\n\n\n\n<figure class=\"wp-block-image size-large\"><img decoding=\"async\" width=\"1024\" height=\"768\" src=\"https:\/\/21panorama.com\/wp-content\/uploads\/2021\/05\/WhatsApp-Image-2021-05-15-at-10.24.56-1024x768.jpeg\" alt=\"\" class=\"wp-image-864\" srcset=\"https:\/\/21panorama.com\/wp-content\/uploads\/2021\/05\/WhatsApp-Image-2021-05-15-at-10.24.56-1024x768.jpeg 1024w, https:\/\/21panorama.com\/wp-content\/uploads\/2021\/05\/WhatsApp-Image-2021-05-15-at-10.24.56-300x225.jpeg 300w, https:\/\/21panorama.com\/wp-content\/uploads\/2021\/05\/WhatsApp-Image-2021-05-15-at-10.24.56-768x576.jpeg 768w, https:\/\/21panorama.com\/wp-content\/uploads\/2021\/05\/WhatsApp-Image-2021-05-15-at-10.24.56-1536x1152.jpeg 1536w, https:\/\/21panorama.com\/wp-content\/uploads\/2021\/05\/WhatsApp-Image-2021-05-15-at-10.24.56.jpeg 1600w\" sizes=\"(max-width: 1024px) 100vw, 1024px\" \/><\/figure>\n","protected":false},"excerpt":{"rendered":"<p>Se comprometi\u00f3 con el candidato a redoblar los esfuerzos y mantener todo el trabajo posible para ganar las elecciones de junio pr\u00f3ximo.<\/p>\n","protected":false},"author":2,"featured_media":865,"comment_status":"open","ping_status":"open","sticky":false,"template":"","format":"standard","meta":{"footnotes":""},"categories":[1],"tags":[84,78,79,33,68],"class_list":["post-863","post","type-post","status-publish","format-standard","has-post-thumbnail","hentry","category-sociedad","tag-erick-cedillo","tag-pan","tag-prd","tag-pri","tag-va-por-el-estado-de-mexico"],"yoast_head":"<!-- This site is optimized with the Yoast SEO plugin v24.9 - https:\/\/yoast.com\/wordpress\/plugins\/seo\/ -->\n<title>RAY\u00d3N SER\u00c1 ESTANDARTE NACIONAL DE DESARROLLO - 21 Panorama<\/title>\n<meta name=\"robots\" content=\"index, follow, max-snippet:-1, max-image-preview:large, max-video-preview:-1\" \/>\n<link rel=\"canonical\" href=\"https:\/\/21panorama.com\/index.php\/2021\/05\/15\/rayon-sera-estandarte-nacional-de-desarrollo\/\" \/>\n<meta property=\"og:locale\" content=\"es_MX\" \/>\n<meta property=\"og:type\" content=\"article\" \/>\n<meta property=\"og:title\" content=\"RAY\u00d3N SER\u00c1 ESTANDARTE NACIONAL DE DESARROLLO - 21 Panorama\" \/>\n<meta property=\"og:description\" content=\"Se comprometi\u00f3 con el candidato a redoblar los esfuerzos y mantener todo el trabajo posible para ganar las elecciones de junio pr\u00f3ximo.\" \/>\n<meta property=\"og:url\" content=\"https:\/\/21panorama.com\/index.php\/2021\/05\/15\/rayon-sera-estandarte-nacional-de-desarrollo\/\" \/>\n<meta property=\"og:site_name\" content=\"21 Panorama\" \/>\n<meta property=\"article:published_time\" content=\"2021-05-16T01:44:00+00:00\" \/>\n<meta property=\"article:modified_time\" content=\"2021-05-17T01:52:01+00:00\" \/>\n<meta property=\"og:image\" content=\"https:\/\/21panorama.com\/wp-content\/uploads\/2021\/05\/WhatsApp-Image-2021-05-15-at-10.24.55.jpeg\" \/>\n\t<meta property=\"og:image:width\" content=\"1600\" \/>\n\t<meta property=\"og:image:height\" content=\"1200\" \/>\n\t<meta property=\"og:image:type\" content=\"image\/jpeg\" \/>\n<meta name=\"author\" content=\"Elena Rodr\u00edguez\" \/>\n<meta name=\"twitter:card\" content=\"summary_large_image\" \/>\n<meta name=\"twitter:label1\" content=\"Escrito por\" \/>\n\t<meta name=\"twitter:data1\" content=\"Elena Rodr\u00edguez\" \/>\n\t<meta name=\"twitter:label2\" content=\"Tiempo de lectura\" \/>\n\t<meta name=\"twitter:data2\" content=\"2 minutos\" \/>\n<script type=\"application\/ld+json\" class=\"yoast-schema-graph\">{\"@context\":\"https:\/\/schema.org\",\"@graph\":[{\"@type\":\"Article\",\"@id\":\"https:\/\/21panorama.com\/index.php\/2021\/05\/15\/rayon-sera-estandarte-nacional-de-desarrollo\/#article\",\"isPartOf\":{\"@id\":\"https:\/\/21panorama.com\/index.php\/2021\/05\/15\/rayon-sera-estandarte-nacional-de-desarrollo\/\"},\"author\":{\"name\":\"Elena Rodr\u00edguez\",\"@id\":\"https:\/\/21panorama.com\/#\/schema\/person\/5bf7405d8d4b4a2a7376dbca70e20f51\"},\"headline\":\"RAY\u00d3N SER\u00c1 ESTANDARTE NACIONAL DE DESARROLLO\",\"datePublished\":\"2021-05-16T01:44:00+00:00\",\"dateModified\":\"2021-05-17T01:52:01+00:00\",\"mainEntityOfPage\":{\"@id\":\"https:\/\/21panorama.com\/index.php\/2021\/05\/15\/rayon-sera-estandarte-nacional-de-desarrollo\/\"},\"wordCount\":341,\"commentCount\":0,\"publisher\":{\"@id\":\"https:\/\/21panorama.com\/#organization\"},\"image\":{\"@id\":\"https:\/\/21panorama.com\/index.php\/2021\/05\/15\/rayon-sera-estandarte-nacional-de-desarrollo\/#primaryimage\"},\"thumbnailUrl\":\"https:\/\/21panorama.com\/wp-content\/uploads\/2021\/05\/WhatsApp-Image-2021-05-15-at-10.24.55.jpeg\",\"keywords\":[\"Erick Cedillo\",\"PAN\",\"PRD\",\"PRI\",\"Va por el Estado de M\u00e9xico\"],\"articleSection\":[\"Sociedad\"],\"inLanguage\":\"es\",\"potentialAction\":[{\"@type\":\"CommentAction\",\"name\":\"Comment\",\"target\":[\"https:\/\/21panorama.com\/index.php\/2021\/05\/15\/rayon-sera-estandarte-nacional-de-desarrollo\/#respond\"]}]},{\"@type\":\"WebPage\",\"@id\":\"https:\/\/21panorama.com\/index.php\/2021\/05\/15\/rayon-sera-estandarte-nacional-de-desarrollo\/\",\"url\":\"https:\/\/21panorama.com\/index.php\/2021\/05\/15\/rayon-sera-estandarte-nacional-de-desarrollo\/\",\"name\":\"RAY\u00d3N SER\u00c1 ESTANDARTE NACIONAL DE DESARROLLO - 21 Panorama\",\"isPartOf\":{\"@id\":\"https:\/\/21panorama.com\/#website\"},\"primaryImageOfPage\":{\"@id\":\"https:\/\/21panorama.com\/index.php\/2021\/05\/15\/rayon-sera-estandarte-nacional-de-desarrollo\/#primaryimage\"},\"image\":{\"@id\":\"https:\/\/21panorama.com\/index.php\/2021\/05\/15\/rayon-sera-estandarte-nacional-de-desarrollo\/#primaryimage\"},\"thumbnailUrl\":\"https:\/\/21panorama.com\/wp-content\/uploads\/2021\/05\/WhatsApp-Image-2021-05-15-at-10.24.55.jpeg\",\"datePublished\":\"2021-05-16T01:44:00+00:00\",\"dateModified\":\"2021-05-17T01:52:01+00:00\",\"breadcrumb\":{\"@id\":\"https:\/\/21panorama.com\/index.php\/2021\/05\/15\/rayon-sera-estandarte-nacional-de-desarrollo\/#breadcrumb\"},\"inLanguage\":\"es\",\"potentialAction\":[{\"@type\":\"ReadAction\",\"target\":[\"https:\/\/21panorama.com\/index.php\/2021\/05\/15\/rayon-sera-estandarte-nacional-de-desarrollo\/\"]}]},{\"@type\":\"ImageObject\",\"inLanguage\":\"es\",\"@id\":\"https:\/\/21panorama.com\/index.php\/2021\/05\/15\/rayon-sera-estandarte-nacional-de-desarrollo\/#primaryimage\",\"url\":\"https:\/\/21panorama.com\/wp-content\/uploads\/2021\/05\/WhatsApp-Image-2021-05-15-at-10.24.55.jpeg\",\"contentUrl\":\"https:\/\/21panorama.com\/wp-content\/uploads\/2021\/05\/WhatsApp-Image-2021-05-15-at-10.24.55.jpeg\",\"width\":1600,\"height\":1200},{\"@type\":\"BreadcrumbList\",\"@id\":\"https:\/\/21panorama.com\/index.php\/2021\/05\/15\/rayon-sera-estandarte-nacional-de-desarrollo\/#breadcrumb\",\"itemListElement\":[{\"@type\":\"ListItem\",\"position\":1,\"name\":\"Inicio\",\"item\":\"https:\/\/21panorama.com\/\"},{\"@type\":\"ListItem\",\"position\":2,\"name\":\"RAY\u00d3N SER\u00c1 ESTANDARTE NACIONAL DE DESARROLLO\"}]},{\"@type\":\"WebSite\",\"@id\":\"https:\/\/21panorama.com\/#website\",\"url\":\"https:\/\/21panorama.com\/\",\"name\":\"21 Panorama\",\"description\":\"La construcci\u00f3n de la opini\u00f3n p\u00fablica merece un mejor Panorama en este siglo 21 para alcanzar una sociedad con mayor transparencia y sin corrupci\u00f3n.\",\"publisher\":{\"@id\":\"https:\/\/21panorama.com\/#organization\"},\"potentialAction\":[{\"@type\":\"SearchAction\",\"target\":{\"@type\":\"EntryPoint\",\"urlTemplate\":\"https:\/\/21panorama.com\/?s={search_term_string}\"},\"query-input\":{\"@type\":\"PropertyValueSpecification\",\"valueRequired\":true,\"valueName\":\"search_term_string\"}}],\"inLanguage\":\"es\"},{\"@type\":\"Organization\",\"@id\":\"https:\/\/21panorama.com\/#organization\",\"name\":\"21 Panorama\",\"url\":\"https:\/\/21panorama.com\/\",\"logo\":{\"@type\":\"ImageObject\",\"inLanguage\":\"es\",\"@id\":\"https:\/\/21panorama.com\/#\/schema\/logo\/image\/\",\"url\":\"https:\/\/21panorama.com\/wp-content\/uploads\/2019\/07\/cropped-Logo-Panorama-01.jpeg\",\"contentUrl\":\"https:\/\/21panorama.com\/wp-content\/uploads\/2019\/07\/cropped-Logo-Panorama-01.jpeg\",\"width\":290,\"height\":70,\"caption\":\"21 Panorama\"},\"image\":{\"@id\":\"https:\/\/21panorama.com\/#\/schema\/logo\/image\/\"}},{\"@type\":\"Person\",\"@id\":\"https:\/\/21panorama.com\/#\/schema\/person\/5bf7405d8d4b4a2a7376dbca70e20f51\",\"name\":\"Elena Rodr\u00edguez\",\"image\":{\"@type\":\"ImageObject\",\"inLanguage\":\"es\",\"@id\":\"https:\/\/21panorama.com\/#\/schema\/person\/image\/\",\"url\":\"https:\/\/secure.gravatar.com\/avatar\/13aae9944ab2ee472a9e407c9487fdbd03b049abaa559af32fe5dbcf615c981b?s=96&d=mm&r=g\",\"contentUrl\":\"https:\/\/secure.gravatar.com\/avatar\/13aae9944ab2ee472a9e407c9487fdbd03b049abaa559af32fe5dbcf615c981b?s=96&d=mm&r=g\",\"caption\":\"Elena Rodr\u00edguez\"},\"url\":\"https:\/\/21panorama.com\/index.php\/author\/elenarodriguez\/\"}]}<\/script>\n<!-- \/ Yoast SEO plugin. -->","yoast_head_json":{"title":"RAY\u00d3N SER\u00c1 ESTANDARTE NACIONAL DE DESARROLLO - 21 Panorama","robots":{"index":"index","follow":"follow","max-snippet":"max-snippet:-1","max-image-preview":"max-image-preview:large","max-video-preview":"max-video-preview:-1"},"canonical":"https:\/\/21panorama.com\/index.php\/2021\/05\/15\/rayon-sera-estandarte-nacional-de-desarrollo\/","og_locale":"es_MX","og_type":"article","og_title":"RAY\u00d3N SER\u00c1 ESTANDARTE NACIONAL DE DESARROLLO - 21 Panorama","og_description":"Se comprometi\u00f3 con el candidato a redoblar los esfuerzos y mantener todo el trabajo posible para ganar las elecciones de junio pr\u00f3ximo.","og_url":"https:\/\/21panorama.com\/index.php\/2021\/05\/15\/rayon-sera-estandarte-nacional-de-desarrollo\/","og_site_name":"21 Panorama","article_published_time":"2021-05-16T01:44:00+00:00","article_modified_time":"2021-05-17T01:52:01+00:00","og_image":[{"width":1600,"height":1200,"url":"https:\/\/21panorama.com\/wp-content\/uploads\/2021\/05\/WhatsApp-Image-2021-05-15-at-10.24.55.jpeg","type":"image\/jpeg"}],"author":"Elena Rodr\u00edguez","twitter_card":"summary_large_image","twitter_misc":{"Escrito por":"Elena Rodr\u00edguez","Tiempo de lectura":"2 minutos"},"schema":{"@context":"https:\/\/schema.org","@graph":[{"@type":"Article","@id":"https:\/\/21panorama.com\/index.php\/2021\/05\/15\/rayon-sera-estandarte-nacional-de-desarrollo\/#article","isPartOf":{"@id":"https:\/\/21panorama.com\/index.php\/2021\/05\/15\/rayon-sera-estandarte-nacional-de-desarrollo\/"},"author":{"name":"Elena Rodr\u00edguez","@id":"https:\/\/21panorama.com\/#\/schema\/person\/5bf7405d8d4b4a2a7376dbca70e20f51"},"headline":"RAY\u00d3N SER\u00c1 ESTANDARTE NACIONAL DE DESARROLLO","datePublished":"2021-05-16T01:44:00+00:00","dateModified":"2021-05-17T01:52:01+00:00","mainEntityOfPage":{"@id":"https:\/\/21panorama.com\/index.php\/2021\/05\/15\/rayon-sera-estandarte-nacional-de-desarrollo\/"},"wordCount":341,"commentCount":0,"publisher":{"@id":"https:\/\/21panorama.com\/#organization"},"image":{"@id":"https:\/\/21panorama.com\/index.php\/2021\/05\/15\/rayon-sera-estandarte-nacional-de-desarrollo\/#primaryimage"},"thumbnailUrl":"https:\/\/21panorama.com\/wp-content\/uploads\/2021\/05\/WhatsApp-Image-2021-05-15-at-10.24.55.jpeg","keywords":["Erick Cedillo","PAN","PRD","PRI","Va por el Estado de M\u00e9xico"],"articleSection":["Sociedad"],"inLanguage":"es","potentialAction":[{"@type":"CommentAction","name":"Comment","target":["https:\/\/21panorama.com\/index.php\/2021\/05\/15\/rayon-sera-estandarte-nacional-de-desarrollo\/#respond"]}]},{"@type":"WebPage","@id":"https:\/\/21panorama.com\/index.php\/2021\/05\/15\/rayon-sera-estandarte-nacional-de-desarrollo\/","url":"https:\/\/21panorama.com\/index.php\/2021\/05\/15\/rayon-sera-estandarte-nacional-de-desarrollo\/","name":"RAY\u00d3N SER\u00c1 ESTANDARTE NACIONAL DE DESARROLLO - 21 Panorama","isPartOf":{"@id":"https:\/\/21panorama.com\/#website"},"primaryImageOfPage":{"@id":"https:\/\/21panorama.com\/index.php\/2021\/05\/15\/rayon-sera-estandarte-nacional-de-desarrollo\/#primaryimage"},"image":{"@id":"https:\/\/21panorama.com\/index.php\/2021\/05\/15\/rayon-sera-estandarte-nacional-de-desarrollo\/#primaryimage"},"thumbnailUrl":"https:\/\/21panorama.com\/wp-content\/uploads\/2021\/05\/WhatsApp-Image-2021-05-15-at-10.24.55.jpeg","datePublished":"2021-05-16T01:44:00+00:00","dateModified":"2021-05-17T01:52:01+00:00","breadcrumb":{"@id":"https:\/\/21panorama.com\/index.php\/2021\/05\/15\/rayon-sera-estandarte-nacional-de-desarrollo\/#breadcrumb"},"inLanguage":"es","potentialAction":[{"@type":"ReadAction","target":["https:\/\/21panorama.com\/index.php\/2021\/05\/15\/rayon-sera-estandarte-nacional-de-desarrollo\/"]}]},{"@type":"ImageObject","inLanguage":"es","@id":"https:\/\/21panorama.com\/index.php\/2021\/05\/15\/rayon-sera-estandarte-nacional-de-desarrollo\/#primaryimage","url":"https:\/\/21panorama.com\/wp-content\/uploads\/2021\/05\/WhatsApp-Image-2021-05-15-at-10.24.55.jpeg","contentUrl":"https:\/\/21panorama.com\/wp-content\/uploads\/2021\/05\/WhatsApp-Image-2021-05-15-at-10.24.55.jpeg","width":1600,"height":1200},{"@type":"BreadcrumbList","@id":"https:\/\/21panorama.com\/index.php\/2021\/05\/15\/rayon-sera-estandarte-nacional-de-desarrollo\/#breadcrumb","itemListElement":[{"@type":"ListItem","position":1,"name":"Inicio","item":"https:\/\/21panorama.com\/"},{"@type":"ListItem","position":2,"name":"RAY\u00d3N SER\u00c1 ESTANDARTE NACIONAL DE DESARROLLO"}]},{"@type":"WebSite","@id":"https:\/\/21panorama.com\/#website","url":"https:\/\/21panorama.com\/","name":"21 Panorama","description":"La construcci\u00f3n de la opini\u00f3n p\u00fablica merece un mejor Panorama en este siglo 21 para alcanzar una sociedad con mayor transparencia y sin corrupci\u00f3n.","publisher":{"@id":"https:\/\/21panorama.com\/#organization"},"potentialAction":[{"@type":"SearchAction","target":{"@type":"EntryPoint","urlTemplate":"https:\/\/21panorama.com\/?s={search_term_string}"},"query-input":{"@type":"PropertyValueSpecification","valueRequired":true,"valueName":"search_term_string"}}],"inLanguage":"es"},{"@type":"Organization","@id":"https:\/\/21panorama.com\/#organization","name":"21 Panorama","url":"https:\/\/21panorama.com\/","logo":{"@type":"ImageObject","inLanguage":"es","@id":"https:\/\/21panorama.com\/#\/schema\/logo\/image\/","url":"https:\/\/21panorama.com\/wp-content\/uploads\/2019\/07\/cropped-Logo-Panorama-01.jpeg","contentUrl":"https:\/\/21panorama.com\/wp-content\/uploads\/2019\/07\/cropped-Logo-Panorama-01.jpeg","width":290,"height":70,"caption":"21 Panorama"},"image":{"@id":"https:\/\/21panorama.com\/#\/schema\/logo\/image\/"}},{"@type":"Person","@id":"https:\/\/21panorama.com\/#\/schema\/person\/5bf7405d8d4b4a2a7376dbca70e20f51","name":"Elena Rodr\u00edguez","image":{"@type":"ImageObject","inLanguage":"es","@id":"https:\/\/21panorama.com\/#\/schema\/person\/image\/","url":"https:\/\/secure.gravatar.com\/avatar\/13aae9944ab2ee472a9e407c9487fdbd03b049abaa559af32fe5dbcf615c981b?s=96&d=mm&r=g","contentUrl":"https:\/\/secure.gravatar.com\/avatar\/13aae9944ab2ee472a9e407c9487fdbd03b049abaa559af32fe5dbcf615c981b?s=96&d=mm&r=g","caption":"Elena Rodr\u00edguez"},"url":"https:\/\/21panorama.com\/index.php\/author\/elenarodriguez\/"}]}},"_links":{"self":[{"href":"https:\/\/21panorama.com\/index.php\/wp-json\/wp\/v2\/posts\/863","targetHints":{"allow":["GET"]}}],"collection":[{"href":"https:\/\/21panorama.com\/index.php\/wp-json\/wp\/v2\/posts"}],"about":[{"href":"https:\/\/21panorama.com\/index.php\/wp-json\/wp\/v2\/types\/post"}],"author":[{"embeddable":true,"href":"https:\/\/21panorama.com\/index.php\/wp-json\/wp\/v2\/users\/2"}],"replies":[{"embeddable":true,"href":"https:\/\/21panorama.com\/index.php\/wp-json\/wp\/v2\/comments?post=863"}],"version-history":[{"count":1,"href":"https:\/\/21panorama.com\/index.php\/wp-json\/wp\/v2\/posts\/863\/revisions"}],"predecessor-version":[{"id":866,"href":"https:\/\/21panorama.com\/index.php\/wp-json\/wp\/v2\/posts\/863\/revisions\/866"}],"wp:featuredmedia":[{"embeddable":true,"href":"https:\/\/21panorama.com\/index.php\/wp-json\/wp\/v2\/media\/865"}],"wp:attachment":[{"href":"https:\/\/21panorama.com\/index.php\/wp-json\/wp\/v2\/media?parent=863"}],"wp:term":[{"taxonomy":"category","embeddable":true,"href":"https:\/\/21panorama.com\/index.php\/wp-json\/wp\/v2\/categories?post=863"},{"taxonomy":"post_tag","embeddable":true,"href":"https:\/\/21panorama.com\/index.php\/wp-json\/wp\/v2\/tags?post=863"}],"curies":[{"name":"wp","href":"https:\/\/api.w.org\/{rel}","templated":true}]}}