{"id":852,"date":"2021-05-14T16:48:24","date_gmt":"2021-05-14T21:48:24","guid":{"rendered":"http:\/\/21panorama.com\/?p=852"},"modified":"2021-05-14T16:48:25","modified_gmt":"2021-05-14T21:48:25","slug":"a-punta-de-groserias-corren-al-candidato-del-partido-verde-adolfo-solis-de-colinas-en-almoloya-de-juarez","status":"publish","type":"post","link":"https:\/\/21panorama.com\/index.php\/2021\/05\/14\/a-punta-de-groserias-corren-al-candidato-del-partido-verde-adolfo-solis-de-colinas-en-almoloya-de-juarez\/","title":{"rendered":"A PUNTA DE GROSER\u00cdAS CORREN AL CANDIDATO DEL PARTIDO VERDE ADOLFO SOLIS DE COLINAS EN ALMOLOYA DE JU\u00c1REZ"},"content":{"rendered":"\n<p>En Colinas de Almoloya de Ju\u00e1rez se le fueron con todo al candidato del Partido Verde, Adolfo Sol\u00eds G\u00f3mez, por su descaro de querer volver a la presidencia municipal sin haber cumplido lo que alguna vez les prometi\u00f3 a su pueblo.<\/p>\n\n\n\n<p>Vecinos del lugar con gritos y mentadas de madre mostraron su hartazgo por la presencia del llamado \u201cchiquillo\u201d que ante el asombro de mucho si se qued\u00f3 peque\u00f1o ante el tama\u00f1o del pueblo que en estos tiempos ya no se deja convencer f\u00e1cilmente.<\/p>\n\n\n\n<p>No ha llegado la mitad de la campa\u00f1a y en muchos municipios como Almoloya de Ju\u00e1rez se muestra claramente el descontento de la gente con aquellos que se quieren elegir otra vez cuando no cumplieron.<\/p>\n\n\n\n<p>En Almoloya es claro que est\u00e1 muy competido el voto pero entre \u00d3scar S\u00e1nchez y Antonio Guadarrama.<\/p>\n\n\n\n<figure class=\"wp-block-video\"><video controls src=\"blob:https:\/\/21panorama.com\/5f5a3be1-c351-4c9f-bd05-34bf181ecdae\"><\/video><\/figure>\n","protected":false},"excerpt":{"rendered":"<p>En Almoloya es claro que est\u00e1 muy competido el voto pero entre \u00d3scar S\u00e1nchez y Antonio Guadarrama.<\/p>\n","protected":false},"author":2,"featured_media":0,"comment_status":"open","ping_status":"open","sticky":false,"template":"","format":"standard","meta":{"footnotes":""},"categories":[12,1],"tags":[],"class_list":["post-852","post","type-post","status-publish","format-standard","hentry","category-politica","category-sociedad"],"yoast_head":"<!-- This site is optimized with the Yoast SEO plugin v24.9 - https:\/\/yoast.com\/wordpress\/plugins\/seo\/ -->\n<title>A PUNTA DE GROSER\u00cdAS CORREN AL CANDIDATO DEL PARTIDO VERDE ADOLFO SOLIS DE COLINAS EN ALMOLOYA DE JU\u00c1REZ - 21 Panorama<\/title>\n<meta name=\"robots\" content=\"index, follow, max-snippet:-1, max-image-preview:large, max-video-preview:-1\" \/>\n<link rel=\"canonical\" href=\"https:\/\/21panorama.com\/index.php\/2021\/05\/14\/a-punta-de-groserias-corren-al-candidato-del-partido-verde-adolfo-solis-de-colinas-en-almoloya-de-juarez\/\" \/>\n<meta property=\"og:locale\" content=\"es_MX\" \/>\n<meta property=\"og:type\" content=\"article\" \/>\n<meta property=\"og:title\" content=\"A PUNTA DE GROSER\u00cdAS CORREN AL CANDIDATO DEL PARTIDO VERDE ADOLFO SOLIS DE COLINAS EN ALMOLOYA DE JU\u00c1REZ - 21 Panorama\" \/>\n<meta property=\"og:description\" content=\"En Almoloya es claro que est\u00e1 muy competido el voto pero entre \u00d3scar S\u00e1nchez y Antonio Guadarrama.\" \/>\n<meta property=\"og:url\" content=\"https:\/\/21panorama.com\/index.php\/2021\/05\/14\/a-punta-de-groserias-corren-al-candidato-del-partido-verde-adolfo-solis-de-colinas-en-almoloya-de-juarez\/\" \/>\n<meta property=\"og:site_name\" content=\"21 Panorama\" \/>\n<meta property=\"article:published_time\" content=\"2021-05-14T21:48:24+00:00\" \/>\n<meta property=\"article:modified_time\" content=\"2021-05-14T21:48:25+00:00\" \/>\n<meta name=\"author\" content=\"Elena Rodr\u00edguez\" \/>\n<meta name=\"twitter:card\" content=\"summary_large_image\" \/>\n<meta name=\"twitter:label1\" content=\"Escrito por\" \/>\n\t<meta name=\"twitter:data1\" content=\"Elena Rodr\u00edguez\" \/>\n\t<meta name=\"twitter:label2\" content=\"Tiempo de lectura\" \/>\n\t<meta name=\"twitter:data2\" content=\"1 minuto\" \/>\n<script type=\"application\/ld+json\" class=\"yoast-schema-graph\">{\"@context\":\"https:\/\/schema.org\",\"@graph\":[{\"@type\":\"Article\",\"@id\":\"https:\/\/21panorama.com\/index.php\/2021\/05\/14\/a-punta-de-groserias-corren-al-candidato-del-partido-verde-adolfo-solis-de-colinas-en-almoloya-de-juarez\/#article\",\"isPartOf\":{\"@id\":\"https:\/\/21panorama.com\/index.php\/2021\/05\/14\/a-punta-de-groserias-corren-al-candidato-del-partido-verde-adolfo-solis-de-colinas-en-almoloya-de-juarez\/\"},\"author\":{\"name\":\"Elena Rodr\u00edguez\",\"@id\":\"https:\/\/21panorama.com\/#\/schema\/person\/5bf7405d8d4b4a2a7376dbca70e20f51\"},\"headline\":\"A PUNTA DE GROSER\u00cdAS CORREN AL CANDIDATO DEL PARTIDO VERDE ADOLFO SOLIS DE COLINAS EN ALMOLOYA DE JU\u00c1REZ\",\"datePublished\":\"2021-05-14T21:48:24+00:00\",\"dateModified\":\"2021-05-14T21:48:25+00:00\",\"mainEntityOfPage\":{\"@id\":\"https:\/\/21panorama.com\/index.php\/2021\/05\/14\/a-punta-de-groserias-corren-al-candidato-del-partido-verde-adolfo-solis-de-colinas-en-almoloya-de-juarez\/\"},\"wordCount\":165,\"commentCount\":0,\"publisher\":{\"@id\":\"https:\/\/21panorama.com\/#organization\"},\"articleSection\":[\"Politica\",\"Sociedad\"],\"inLanguage\":\"es\",\"potentialAction\":[{\"@type\":\"CommentAction\",\"name\":\"Comment\",\"target\":[\"https:\/\/21panorama.com\/index.php\/2021\/05\/14\/a-punta-de-groserias-corren-al-candidato-del-partido-verde-adolfo-solis-de-colinas-en-almoloya-de-juarez\/#respond\"]}]},{\"@type\":\"WebPage\",\"@id\":\"https:\/\/21panorama.com\/index.php\/2021\/05\/14\/a-punta-de-groserias-corren-al-candidato-del-partido-verde-adolfo-solis-de-colinas-en-almoloya-de-juarez\/\",\"url\":\"https:\/\/21panorama.com\/index.php\/2021\/05\/14\/a-punta-de-groserias-corren-al-candidato-del-partido-verde-adolfo-solis-de-colinas-en-almoloya-de-juarez\/\",\"name\":\"A PUNTA DE GROSER\u00cdAS CORREN AL CANDIDATO DEL PARTIDO VERDE ADOLFO SOLIS DE COLINAS EN ALMOLOYA DE JU\u00c1REZ - 21 Panorama\",\"isPartOf\":{\"@id\":\"https:\/\/21panorama.com\/#website\"},\"datePublished\":\"2021-05-14T21:48:24+00:00\",\"dateModified\":\"2021-05-14T21:48:25+00:00\",\"breadcrumb\":{\"@id\":\"https:\/\/21panorama.com\/index.php\/2021\/05\/14\/a-punta-de-groserias-corren-al-candidato-del-partido-verde-adolfo-solis-de-colinas-en-almoloya-de-juarez\/#breadcrumb\"},\"inLanguage\":\"es\",\"potentialAction\":[{\"@type\":\"ReadAction\",\"target\":[\"https:\/\/21panorama.com\/index.php\/2021\/05\/14\/a-punta-de-groserias-corren-al-candidato-del-partido-verde-adolfo-solis-de-colinas-en-almoloya-de-juarez\/\"]}]},{\"@type\":\"BreadcrumbList\",\"@id\":\"https:\/\/21panorama.com\/index.php\/2021\/05\/14\/a-punta-de-groserias-corren-al-candidato-del-partido-verde-adolfo-solis-de-colinas-en-almoloya-de-juarez\/#breadcrumb\",\"itemListElement\":[{\"@type\":\"ListItem\",\"position\":1,\"name\":\"Inicio\",\"item\":\"https:\/\/21panorama.com\/\"},{\"@type\":\"ListItem\",\"position\":2,\"name\":\"A PUNTA DE GROSER\u00cdAS CORREN AL CANDIDATO DEL PARTIDO VERDE ADOLFO SOLIS DE COLINAS EN ALMOLOYA DE JU\u00c1REZ\"}]},{\"@type\":\"WebSite\",\"@id\":\"https:\/\/21panorama.com\/#website\",\"url\":\"https:\/\/21panorama.com\/\",\"name\":\"21 Panorama\",\"description\":\"La construcci\u00f3n de la opini\u00f3n p\u00fablica merece un mejor Panorama en este siglo 21 para alcanzar una sociedad con mayor transparencia y sin corrupci\u00f3n.\",\"publisher\":{\"@id\":\"https:\/\/21panorama.com\/#organization\"},\"potentialAction\":[{\"@type\":\"SearchAction\",\"target\":{\"@type\":\"EntryPoint\",\"urlTemplate\":\"https:\/\/21panorama.com\/?s={search_term_string}\"},\"query-input\":{\"@type\":\"PropertyValueSpecification\",\"valueRequired\":true,\"valueName\":\"search_term_string\"}}],\"inLanguage\":\"es\"},{\"@type\":\"Organization\",\"@id\":\"https:\/\/21panorama.com\/#organization\",\"name\":\"21 Panorama\",\"url\":\"https:\/\/21panorama.com\/\",\"logo\":{\"@type\":\"ImageObject\",\"inLanguage\":\"es\",\"@id\":\"https:\/\/21panorama.com\/#\/schema\/logo\/image\/\",\"url\":\"https:\/\/21panorama.com\/wp-content\/uploads\/2019\/07\/cropped-Logo-Panorama-01.jpeg\",\"contentUrl\":\"https:\/\/21panorama.com\/wp-content\/uploads\/2019\/07\/cropped-Logo-Panorama-01.jpeg\",\"width\":290,\"height\":70,\"caption\":\"21 Panorama\"},\"image\":{\"@id\":\"https:\/\/21panorama.com\/#\/schema\/logo\/image\/\"}},{\"@type\":\"Person\",\"@id\":\"https:\/\/21panorama.com\/#\/schema\/person\/5bf7405d8d4b4a2a7376dbca70e20f51\",\"name\":\"Elena Rodr\u00edguez\",\"image\":{\"@type\":\"ImageObject\",\"inLanguage\":\"es\",\"@id\":\"https:\/\/21panorama.com\/#\/schema\/person\/image\/\",\"url\":\"https:\/\/secure.gravatar.com\/avatar\/13aae9944ab2ee472a9e407c9487fdbd03b049abaa559af32fe5dbcf615c981b?s=96&d=mm&r=g\",\"contentUrl\":\"https:\/\/secure.gravatar.com\/avatar\/13aae9944ab2ee472a9e407c9487fdbd03b049abaa559af32fe5dbcf615c981b?s=96&d=mm&r=g\",\"caption\":\"Elena Rodr\u00edguez\"},\"url\":\"https:\/\/21panorama.com\/index.php\/author\/elenarodriguez\/\"}]}<\/script>\n<!-- \/ Yoast SEO plugin. -->","yoast_head_json":{"title":"A PUNTA DE GROSER\u00cdAS CORREN AL CANDIDATO DEL PARTIDO VERDE ADOLFO SOLIS DE COLINAS EN ALMOLOYA DE JU\u00c1REZ - 21 Panorama","robots":{"index":"index","follow":"follow","max-snippet":"max-snippet:-1","max-image-preview":"max-image-preview:large","max-video-preview":"max-video-preview:-1"},"canonical":"https:\/\/21panorama.com\/index.php\/2021\/05\/14\/a-punta-de-groserias-corren-al-candidato-del-partido-verde-adolfo-solis-de-colinas-en-almoloya-de-juarez\/","og_locale":"es_MX","og_type":"article","og_title":"A PUNTA DE GROSER\u00cdAS CORREN AL CANDIDATO DEL PARTIDO VERDE ADOLFO SOLIS DE COLINAS EN ALMOLOYA DE JU\u00c1REZ - 21 Panorama","og_description":"En Almoloya es claro que est\u00e1 muy competido el voto pero entre \u00d3scar S\u00e1nchez y Antonio Guadarrama.","og_url":"https:\/\/21panorama.com\/index.php\/2021\/05\/14\/a-punta-de-groserias-corren-al-candidato-del-partido-verde-adolfo-solis-de-colinas-en-almoloya-de-juarez\/","og_site_name":"21 Panorama","article_published_time":"2021-05-14T21:48:24+00:00","article_modified_time":"2021-05-14T21:48:25+00:00","author":"Elena Rodr\u00edguez","twitter_card":"summary_large_image","twitter_misc":{"Escrito por":"Elena Rodr\u00edguez","Tiempo de lectura":"1 minuto"},"schema":{"@context":"https:\/\/schema.org","@graph":[{"@type":"Article","@id":"https:\/\/21panorama.com\/index.php\/2021\/05\/14\/a-punta-de-groserias-corren-al-candidato-del-partido-verde-adolfo-solis-de-colinas-en-almoloya-de-juarez\/#article","isPartOf":{"@id":"https:\/\/21panorama.com\/index.php\/2021\/05\/14\/a-punta-de-groserias-corren-al-candidato-del-partido-verde-adolfo-solis-de-colinas-en-almoloya-de-juarez\/"},"author":{"name":"Elena Rodr\u00edguez","@id":"https:\/\/21panorama.com\/#\/schema\/person\/5bf7405d8d4b4a2a7376dbca70e20f51"},"headline":"A PUNTA DE GROSER\u00cdAS CORREN AL CANDIDATO DEL PARTIDO VERDE ADOLFO SOLIS DE COLINAS EN ALMOLOYA DE JU\u00c1REZ","datePublished":"2021-05-14T21:48:24+00:00","dateModified":"2021-05-14T21:48:25+00:00","mainEntityOfPage":{"@id":"https:\/\/21panorama.com\/index.php\/2021\/05\/14\/a-punta-de-groserias-corren-al-candidato-del-partido-verde-adolfo-solis-de-colinas-en-almoloya-de-juarez\/"},"wordCount":165,"commentCount":0,"publisher":{"@id":"https:\/\/21panorama.com\/#organization"},"articleSection":["Politica","Sociedad"],"inLanguage":"es","potentialAction":[{"@type":"CommentAction","name":"Comment","target":["https:\/\/21panorama.com\/index.php\/2021\/05\/14\/a-punta-de-groserias-corren-al-candidato-del-partido-verde-adolfo-solis-de-colinas-en-almoloya-de-juarez\/#respond"]}]},{"@type":"WebPage","@id":"https:\/\/21panorama.com\/index.php\/2021\/05\/14\/a-punta-de-groserias-corren-al-candidato-del-partido-verde-adolfo-solis-de-colinas-en-almoloya-de-juarez\/","url":"https:\/\/21panorama.com\/index.php\/2021\/05\/14\/a-punta-de-groserias-corren-al-candidato-del-partido-verde-adolfo-solis-de-colinas-en-almoloya-de-juarez\/","name":"A PUNTA DE GROSER\u00cdAS CORREN AL CANDIDATO DEL PARTIDO VERDE ADOLFO SOLIS DE COLINAS EN ALMOLOYA DE JU\u00c1REZ - 21 Panorama","isPartOf":{"@id":"https:\/\/21panorama.com\/#website"},"datePublished":"2021-05-14T21:48:24+00:00","dateModified":"2021-05-14T21:48:25+00:00","breadcrumb":{"@id":"https:\/\/21panorama.com\/index.php\/2021\/05\/14\/a-punta-de-groserias-corren-al-candidato-del-partido-verde-adolfo-solis-de-colinas-en-almoloya-de-juarez\/#breadcrumb"},"inLanguage":"es","potentialAction":[{"@type":"ReadAction","target":["https:\/\/21panorama.com\/index.php\/2021\/05\/14\/a-punta-de-groserias-corren-al-candidato-del-partido-verde-adolfo-solis-de-colinas-en-almoloya-de-juarez\/"]}]},{"@type":"BreadcrumbList","@id":"https:\/\/21panorama.com\/index.php\/2021\/05\/14\/a-punta-de-groserias-corren-al-candidato-del-partido-verde-adolfo-solis-de-colinas-en-almoloya-de-juarez\/#breadcrumb","itemListElement":[{"@type":"ListItem","position":1,"name":"Inicio","item":"https:\/\/21panorama.com\/"},{"@type":"ListItem","position":2,"name":"A PUNTA DE GROSER\u00cdAS CORREN AL CANDIDATO DEL PARTIDO VERDE ADOLFO SOLIS DE COLINAS EN ALMOLOYA DE JU\u00c1REZ"}]},{"@type":"WebSite","@id":"https:\/\/21panorama.com\/#website","url":"https:\/\/21panorama.com\/","name":"21 Panorama","description":"La construcci\u00f3n de la opini\u00f3n p\u00fablica merece un mejor Panorama en este siglo 21 para alcanzar una sociedad con mayor transparencia y sin corrupci\u00f3n.","publisher":{"@id":"https:\/\/21panorama.com\/#organization"},"potentialAction":[{"@type":"SearchAction","target":{"@type":"EntryPoint","urlTemplate":"https:\/\/21panorama.com\/?s={search_term_string}"},"query-input":{"@type":"PropertyValueSpecification","valueRequired":true,"valueName":"search_term_string"}}],"inLanguage":"es"},{"@type":"Organization","@id":"https:\/\/21panorama.com\/#organization","name":"21 Panorama","url":"https:\/\/21panorama.com\/","logo":{"@type":"ImageObject","inLanguage":"es","@id":"https:\/\/21panorama.com\/#\/schema\/logo\/image\/","url":"https:\/\/21panorama.com\/wp-content\/uploads\/2019\/07\/cropped-Logo-Panorama-01.jpeg","contentUrl":"https:\/\/21panorama.com\/wp-content\/uploads\/2019\/07\/cropped-Logo-Panorama-01.jpeg","width":290,"height":70,"caption":"21 Panorama"},"image":{"@id":"https:\/\/21panorama.com\/#\/schema\/logo\/image\/"}},{"@type":"Person","@id":"https:\/\/21panorama.com\/#\/schema\/person\/5bf7405d8d4b4a2a7376dbca70e20f51","name":"Elena Rodr\u00edguez","image":{"@type":"ImageObject","inLanguage":"es","@id":"https:\/\/21panorama.com\/#\/schema\/person\/image\/","url":"https:\/\/secure.gravatar.com\/avatar\/13aae9944ab2ee472a9e407c9487fdbd03b049abaa559af32fe5dbcf615c981b?s=96&d=mm&r=g","contentUrl":"https:\/\/secure.gravatar.com\/avatar\/13aae9944ab2ee472a9e407c9487fdbd03b049abaa559af32fe5dbcf615c981b?s=96&d=mm&r=g","caption":"Elena Rodr\u00edguez"},"url":"https:\/\/21panorama.com\/index.php\/author\/elenarodriguez\/"}]}},"_links":{"self":[{"href":"https:\/\/21panorama.com\/index.php\/wp-json\/wp\/v2\/posts\/852","targetHints":{"allow":["GET"]}}],"collection":[{"href":"https:\/\/21panorama.com\/index.php\/wp-json\/wp\/v2\/posts"}],"about":[{"href":"https:\/\/21panorama.com\/index.php\/wp-json\/wp\/v2\/types\/post"}],"author":[{"embeddable":true,"href":"https:\/\/21panorama.com\/index.php\/wp-json\/wp\/v2\/users\/2"}],"replies":[{"embeddable":true,"href":"https:\/\/21panorama.com\/index.php\/wp-json\/wp\/v2\/comments?post=852"}],"version-history":[{"count":1,"href":"https:\/\/21panorama.com\/index.php\/wp-json\/wp\/v2\/posts\/852\/revisions"}],"predecessor-version":[{"id":853,"href":"https:\/\/21panorama.com\/index.php\/wp-json\/wp\/v2\/posts\/852\/revisions\/853"}],"wp:attachment":[{"href":"https:\/\/21panorama.com\/index.php\/wp-json\/wp\/v2\/media?parent=852"}],"wp:term":[{"taxonomy":"category","embeddable":true,"href":"https:\/\/21panorama.com\/index.php\/wp-json\/wp\/v2\/categories?post=852"},{"taxonomy":"post_tag","embeddable":true,"href":"https:\/\/21panorama.com\/index.php\/wp-json\/wp\/v2\/tags?post=852"}],"curies":[{"name":"wp","href":"https:\/\/api.w.org\/{rel}","templated":true}]}}