{"id":831,"date":"2021-05-11T20:17:29","date_gmt":"2021-05-12T01:17:29","guid":{"rendered":"http:\/\/21panorama.com\/?p=831"},"modified":"2021-05-11T20:17:31","modified_gmt":"2021-05-12T01:17:31","slug":"festeja-marisol-arias-a-las-mamas-en-atlacomulco-y-promete-mas-infraestructura-urbana","status":"publish","type":"post","link":"https:\/\/21panorama.com\/index.php\/2021\/05\/11\/festeja-marisol-arias-a-las-mamas-en-atlacomulco-y-promete-mas-infraestructura-urbana\/","title":{"rendered":"FESTEJA MARISOL ARIAS A LAS MAM\u00c1S EN ATLACOMULCO Y PROMETE M\u00c1S INFRAESTRUCTURA URBANA"},"content":{"rendered":"\n<p>Marisol Arias Flores, candidata de la coalici\u00f3n Va por el Estado de M\u00e9xico a la presidencia municipal de Atlacomulco, recorri\u00f3 una de las comunidades m\u00e1s grandes de Santiago Acutzilapan.<\/p>\n\n\n\n<p>Durante su visita en La Mora, la candidata aprovech\u00f3 para felicitar a la mam\u00e1s presentes, posteriormente habl\u00f3 de sus propuestas en materia de infraestructura, entre las cuales destac\u00f3 la pavimentaci\u00f3n de calles.<\/p>\n\n\n\n<p>Asimismo pidi\u00f3 a los presentes hacer una reflexi\u00f3n sobre el gobierno que quieren para el futuro y solicit\u00f3 el apoyo 3 de 3 para que tanto el diputado local como el federal obtengan el triunfo en sus distritos.<\/p>\n\n\n\n<p>Por su parte, la ciudadan\u00eda expres\u00f3 su apoyo y reconocimiento a las gestiones realizadas durante su administraci\u00f3n, entre las que destacaron obras en materia de educaci\u00f3n y red hidr\u00e1ulica.<\/p>\n\n\n\n<p>\u201cNuestra candidata dej\u00f3 huella aqu\u00ed, desde el jard\u00edn de ni\u00f1os, el c\u00e1rcamo de agua y el puente, cuente con nuestro apoyo este 6 de junio\u201d, sentencio el ex delegado de la comunidad, Luis Nicol\u00e1s Mateo.<\/p>\n\n\n\n<figure class=\"wp-block-image size-large\"><img decoding=\"async\" width=\"1024\" height=\"678\" src=\"https:\/\/21panorama.com\/wp-content\/uploads\/2021\/05\/WhatsApp-Image-2021-05-11-at-19.50.04-1024x678.jpeg\" alt=\"\" class=\"wp-image-832\" srcset=\"https:\/\/21panorama.com\/wp-content\/uploads\/2021\/05\/WhatsApp-Image-2021-05-11-at-19.50.04-1024x678.jpeg 1024w, https:\/\/21panorama.com\/wp-content\/uploads\/2021\/05\/WhatsApp-Image-2021-05-11-at-19.50.04-300x199.jpeg 300w, https:\/\/21panorama.com\/wp-content\/uploads\/2021\/05\/WhatsApp-Image-2021-05-11-at-19.50.04-768x509.jpeg 768w, https:\/\/21panorama.com\/wp-content\/uploads\/2021\/05\/WhatsApp-Image-2021-05-11-at-19.50.04-1536x1018.jpeg 1536w, https:\/\/21panorama.com\/wp-content\/uploads\/2021\/05\/WhatsApp-Image-2021-05-11-at-19.50.04.jpeg 1600w\" sizes=\"(max-width: 1024px) 100vw, 1024px\" \/><\/figure>\n","protected":false},"excerpt":{"rendered":"<p>Por su parte, la ciudadan\u00eda expres\u00f3 su apoyo y reconocimiento a las gestiones realizadas durante su administraci\u00f3n, entre las que destacaron obras en materia de educaci\u00f3n y red hidr\u00e1ulica.<\/p>\n","protected":false},"author":2,"featured_media":833,"comment_status":"open","ping_status":"open","sticky":false,"template":"","format":"standard","meta":{"footnotes":""},"categories":[12,1],"tags":[70,69,68],"class_list":["post-831","post","type-post","status-publish","format-standard","has-post-thumbnail","hentry","category-politica","category-sociedad","tag-atlacomulco","tag-marisol-arias","tag-va-por-el-estado-de-mexico"],"yoast_head":"<!-- This site is optimized with the Yoast SEO plugin v24.9 - https:\/\/yoast.com\/wordpress\/plugins\/seo\/ -->\n<title>FESTEJA MARISOL ARIAS A LAS MAM\u00c1S EN ATLACOMULCO Y PROMETE M\u00c1S INFRAESTRUCTURA URBANA - 21 Panorama<\/title>\n<meta name=\"robots\" content=\"index, follow, max-snippet:-1, max-image-preview:large, max-video-preview:-1\" \/>\n<link rel=\"canonical\" href=\"https:\/\/21panorama.com\/index.php\/2021\/05\/11\/festeja-marisol-arias-a-las-mamas-en-atlacomulco-y-promete-mas-infraestructura-urbana\/\" \/>\n<meta property=\"og:locale\" content=\"es_MX\" \/>\n<meta property=\"og:type\" content=\"article\" \/>\n<meta property=\"og:title\" content=\"FESTEJA MARISOL ARIAS A LAS MAM\u00c1S EN ATLACOMULCO Y PROMETE M\u00c1S INFRAESTRUCTURA URBANA - 21 Panorama\" \/>\n<meta property=\"og:description\" content=\"Por su parte, la ciudadan\u00eda expres\u00f3 su apoyo y reconocimiento a las gestiones realizadas durante su administraci\u00f3n, entre las que destacaron obras en materia de educaci\u00f3n y red hidr\u00e1ulica.\" \/>\n<meta property=\"og:url\" content=\"https:\/\/21panorama.com\/index.php\/2021\/05\/11\/festeja-marisol-arias-a-las-mamas-en-atlacomulco-y-promete-mas-infraestructura-urbana\/\" \/>\n<meta property=\"og:site_name\" content=\"21 Panorama\" \/>\n<meta property=\"article:published_time\" content=\"2021-05-12T01:17:29+00:00\" \/>\n<meta property=\"article:modified_time\" content=\"2021-05-12T01:17:31+00:00\" \/>\n<meta property=\"og:image\" content=\"https:\/\/21panorama.com\/wp-content\/uploads\/2021\/05\/WhatsApp-Image-2021-05-11-at-19.50.03-2.jpeg\" \/>\n\t<meta property=\"og:image:width\" content=\"1600\" \/>\n\t<meta property=\"og:image:height\" content=\"1060\" \/>\n\t<meta property=\"og:image:type\" content=\"image\/jpeg\" \/>\n<meta name=\"author\" content=\"Elena Rodr\u00edguez\" \/>\n<meta name=\"twitter:card\" content=\"summary_large_image\" \/>\n<meta name=\"twitter:label1\" content=\"Escrito por\" \/>\n\t<meta name=\"twitter:data1\" content=\"Elena Rodr\u00edguez\" \/>\n\t<meta name=\"twitter:label2\" content=\"Tiempo de lectura\" \/>\n\t<meta name=\"twitter:data2\" content=\"1 minuto\" \/>\n<script type=\"application\/ld+json\" class=\"yoast-schema-graph\">{\"@context\":\"https:\/\/schema.org\",\"@graph\":[{\"@type\":\"Article\",\"@id\":\"https:\/\/21panorama.com\/index.php\/2021\/05\/11\/festeja-marisol-arias-a-las-mamas-en-atlacomulco-y-promete-mas-infraestructura-urbana\/#article\",\"isPartOf\":{\"@id\":\"https:\/\/21panorama.com\/index.php\/2021\/05\/11\/festeja-marisol-arias-a-las-mamas-en-atlacomulco-y-promete-mas-infraestructura-urbana\/\"},\"author\":{\"name\":\"Elena Rodr\u00edguez\",\"@id\":\"https:\/\/21panorama.com\/#\/schema\/person\/5bf7405d8d4b4a2a7376dbca70e20f51\"},\"headline\":\"FESTEJA MARISOL ARIAS A LAS MAM\u00c1S EN ATLACOMULCO Y PROMETE M\u00c1S INFRAESTRUCTURA URBANA\",\"datePublished\":\"2021-05-12T01:17:29+00:00\",\"dateModified\":\"2021-05-12T01:17:31+00:00\",\"mainEntityOfPage\":{\"@id\":\"https:\/\/21panorama.com\/index.php\/2021\/05\/11\/festeja-marisol-arias-a-las-mamas-en-atlacomulco-y-promete-mas-infraestructura-urbana\/\"},\"wordCount\":189,\"commentCount\":0,\"publisher\":{\"@id\":\"https:\/\/21panorama.com\/#organization\"},\"image\":{\"@id\":\"https:\/\/21panorama.com\/index.php\/2021\/05\/11\/festeja-marisol-arias-a-las-mamas-en-atlacomulco-y-promete-mas-infraestructura-urbana\/#primaryimage\"},\"thumbnailUrl\":\"https:\/\/21panorama.com\/wp-content\/uploads\/2021\/05\/WhatsApp-Image-2021-05-11-at-19.50.03-2.jpeg\",\"keywords\":[\"Atlacomulco\",\"Marisol Arias\",\"Va por el Estado de M\u00e9xico\"],\"articleSection\":[\"Politica\",\"Sociedad\"],\"inLanguage\":\"es\",\"potentialAction\":[{\"@type\":\"CommentAction\",\"name\":\"Comment\",\"target\":[\"https:\/\/21panorama.com\/index.php\/2021\/05\/11\/festeja-marisol-arias-a-las-mamas-en-atlacomulco-y-promete-mas-infraestructura-urbana\/#respond\"]}]},{\"@type\":\"WebPage\",\"@id\":\"https:\/\/21panorama.com\/index.php\/2021\/05\/11\/festeja-marisol-arias-a-las-mamas-en-atlacomulco-y-promete-mas-infraestructura-urbana\/\",\"url\":\"https:\/\/21panorama.com\/index.php\/2021\/05\/11\/festeja-marisol-arias-a-las-mamas-en-atlacomulco-y-promete-mas-infraestructura-urbana\/\",\"name\":\"FESTEJA MARISOL ARIAS A LAS MAM\u00c1S EN ATLACOMULCO Y PROMETE M\u00c1S INFRAESTRUCTURA URBANA - 21 Panorama\",\"isPartOf\":{\"@id\":\"https:\/\/21panorama.com\/#website\"},\"primaryImageOfPage\":{\"@id\":\"https:\/\/21panorama.com\/index.php\/2021\/05\/11\/festeja-marisol-arias-a-las-mamas-en-atlacomulco-y-promete-mas-infraestructura-urbana\/#primaryimage\"},\"image\":{\"@id\":\"https:\/\/21panorama.com\/index.php\/2021\/05\/11\/festeja-marisol-arias-a-las-mamas-en-atlacomulco-y-promete-mas-infraestructura-urbana\/#primaryimage\"},\"thumbnailUrl\":\"https:\/\/21panorama.com\/wp-content\/uploads\/2021\/05\/WhatsApp-Image-2021-05-11-at-19.50.03-2.jpeg\",\"datePublished\":\"2021-05-12T01:17:29+00:00\",\"dateModified\":\"2021-05-12T01:17:31+00:00\",\"breadcrumb\":{\"@id\":\"https:\/\/21panorama.com\/index.php\/2021\/05\/11\/festeja-marisol-arias-a-las-mamas-en-atlacomulco-y-promete-mas-infraestructura-urbana\/#breadcrumb\"},\"inLanguage\":\"es\",\"potentialAction\":[{\"@type\":\"ReadAction\",\"target\":[\"https:\/\/21panorama.com\/index.php\/2021\/05\/11\/festeja-marisol-arias-a-las-mamas-en-atlacomulco-y-promete-mas-infraestructura-urbana\/\"]}]},{\"@type\":\"ImageObject\",\"inLanguage\":\"es\",\"@id\":\"https:\/\/21panorama.com\/index.php\/2021\/05\/11\/festeja-marisol-arias-a-las-mamas-en-atlacomulco-y-promete-mas-infraestructura-urbana\/#primaryimage\",\"url\":\"https:\/\/21panorama.com\/wp-content\/uploads\/2021\/05\/WhatsApp-Image-2021-05-11-at-19.50.03-2.jpeg\",\"contentUrl\":\"https:\/\/21panorama.com\/wp-content\/uploads\/2021\/05\/WhatsApp-Image-2021-05-11-at-19.50.03-2.jpeg\",\"width\":1600,\"height\":1060},{\"@type\":\"BreadcrumbList\",\"@id\":\"https:\/\/21panorama.com\/index.php\/2021\/05\/11\/festeja-marisol-arias-a-las-mamas-en-atlacomulco-y-promete-mas-infraestructura-urbana\/#breadcrumb\",\"itemListElement\":[{\"@type\":\"ListItem\",\"position\":1,\"name\":\"Inicio\",\"item\":\"https:\/\/21panorama.com\/\"},{\"@type\":\"ListItem\",\"position\":2,\"name\":\"FESTEJA MARISOL ARIAS A LAS MAM\u00c1S EN ATLACOMULCO Y PROMETE M\u00c1S INFRAESTRUCTURA URBANA\"}]},{\"@type\":\"WebSite\",\"@id\":\"https:\/\/21panorama.com\/#website\",\"url\":\"https:\/\/21panorama.com\/\",\"name\":\"21 Panorama\",\"description\":\"La construcci\u00f3n de la opini\u00f3n p\u00fablica merece un mejor Panorama en este siglo 21 para alcanzar una sociedad con mayor transparencia y sin corrupci\u00f3n.\",\"publisher\":{\"@id\":\"https:\/\/21panorama.com\/#organization\"},\"potentialAction\":[{\"@type\":\"SearchAction\",\"target\":{\"@type\":\"EntryPoint\",\"urlTemplate\":\"https:\/\/21panorama.com\/?s={search_term_string}\"},\"query-input\":{\"@type\":\"PropertyValueSpecification\",\"valueRequired\":true,\"valueName\":\"search_term_string\"}}],\"inLanguage\":\"es\"},{\"@type\":\"Organization\",\"@id\":\"https:\/\/21panorama.com\/#organization\",\"name\":\"21 Panorama\",\"url\":\"https:\/\/21panorama.com\/\",\"logo\":{\"@type\":\"ImageObject\",\"inLanguage\":\"es\",\"@id\":\"https:\/\/21panorama.com\/#\/schema\/logo\/image\/\",\"url\":\"https:\/\/21panorama.com\/wp-content\/uploads\/2019\/07\/cropped-Logo-Panorama-01.jpeg\",\"contentUrl\":\"https:\/\/21panorama.com\/wp-content\/uploads\/2019\/07\/cropped-Logo-Panorama-01.jpeg\",\"width\":290,\"height\":70,\"caption\":\"21 Panorama\"},\"image\":{\"@id\":\"https:\/\/21panorama.com\/#\/schema\/logo\/image\/\"}},{\"@type\":\"Person\",\"@id\":\"https:\/\/21panorama.com\/#\/schema\/person\/5bf7405d8d4b4a2a7376dbca70e20f51\",\"name\":\"Elena Rodr\u00edguez\",\"image\":{\"@type\":\"ImageObject\",\"inLanguage\":\"es\",\"@id\":\"https:\/\/21panorama.com\/#\/schema\/person\/image\/\",\"url\":\"https:\/\/secure.gravatar.com\/avatar\/13aae9944ab2ee472a9e407c9487fdbd03b049abaa559af32fe5dbcf615c981b?s=96&d=mm&r=g\",\"contentUrl\":\"https:\/\/secure.gravatar.com\/avatar\/13aae9944ab2ee472a9e407c9487fdbd03b049abaa559af32fe5dbcf615c981b?s=96&d=mm&r=g\",\"caption\":\"Elena Rodr\u00edguez\"},\"url\":\"https:\/\/21panorama.com\/index.php\/author\/elenarodriguez\/\"}]}<\/script>\n<!-- \/ Yoast SEO plugin. -->","yoast_head_json":{"title":"FESTEJA MARISOL ARIAS A LAS MAM\u00c1S EN ATLACOMULCO Y PROMETE M\u00c1S INFRAESTRUCTURA URBANA - 21 Panorama","robots":{"index":"index","follow":"follow","max-snippet":"max-snippet:-1","max-image-preview":"max-image-preview:large","max-video-preview":"max-video-preview:-1"},"canonical":"https:\/\/21panorama.com\/index.php\/2021\/05\/11\/festeja-marisol-arias-a-las-mamas-en-atlacomulco-y-promete-mas-infraestructura-urbana\/","og_locale":"es_MX","og_type":"article","og_title":"FESTEJA MARISOL ARIAS A LAS MAM\u00c1S EN ATLACOMULCO Y PROMETE M\u00c1S INFRAESTRUCTURA URBANA - 21 Panorama","og_description":"Por su parte, la ciudadan\u00eda expres\u00f3 su apoyo y reconocimiento a las gestiones realizadas durante su administraci\u00f3n, entre las que destacaron obras en materia de educaci\u00f3n y red hidr\u00e1ulica.","og_url":"https:\/\/21panorama.com\/index.php\/2021\/05\/11\/festeja-marisol-arias-a-las-mamas-en-atlacomulco-y-promete-mas-infraestructura-urbana\/","og_site_name":"21 Panorama","article_published_time":"2021-05-12T01:17:29+00:00","article_modified_time":"2021-05-12T01:17:31+00:00","og_image":[{"width":1600,"height":1060,"url":"https:\/\/21panorama.com\/wp-content\/uploads\/2021\/05\/WhatsApp-Image-2021-05-11-at-19.50.03-2.jpeg","type":"image\/jpeg"}],"author":"Elena Rodr\u00edguez","twitter_card":"summary_large_image","twitter_misc":{"Escrito por":"Elena Rodr\u00edguez","Tiempo de lectura":"1 minuto"},"schema":{"@context":"https:\/\/schema.org","@graph":[{"@type":"Article","@id":"https:\/\/21panorama.com\/index.php\/2021\/05\/11\/festeja-marisol-arias-a-las-mamas-en-atlacomulco-y-promete-mas-infraestructura-urbana\/#article","isPartOf":{"@id":"https:\/\/21panorama.com\/index.php\/2021\/05\/11\/festeja-marisol-arias-a-las-mamas-en-atlacomulco-y-promete-mas-infraestructura-urbana\/"},"author":{"name":"Elena Rodr\u00edguez","@id":"https:\/\/21panorama.com\/#\/schema\/person\/5bf7405d8d4b4a2a7376dbca70e20f51"},"headline":"FESTEJA MARISOL ARIAS A LAS MAM\u00c1S EN ATLACOMULCO Y PROMETE M\u00c1S INFRAESTRUCTURA URBANA","datePublished":"2021-05-12T01:17:29+00:00","dateModified":"2021-05-12T01:17:31+00:00","mainEntityOfPage":{"@id":"https:\/\/21panorama.com\/index.php\/2021\/05\/11\/festeja-marisol-arias-a-las-mamas-en-atlacomulco-y-promete-mas-infraestructura-urbana\/"},"wordCount":189,"commentCount":0,"publisher":{"@id":"https:\/\/21panorama.com\/#organization"},"image":{"@id":"https:\/\/21panorama.com\/index.php\/2021\/05\/11\/festeja-marisol-arias-a-las-mamas-en-atlacomulco-y-promete-mas-infraestructura-urbana\/#primaryimage"},"thumbnailUrl":"https:\/\/21panorama.com\/wp-content\/uploads\/2021\/05\/WhatsApp-Image-2021-05-11-at-19.50.03-2.jpeg","keywords":["Atlacomulco","Marisol Arias","Va por el Estado de M\u00e9xico"],"articleSection":["Politica","Sociedad"],"inLanguage":"es","potentialAction":[{"@type":"CommentAction","name":"Comment","target":["https:\/\/21panorama.com\/index.php\/2021\/05\/11\/festeja-marisol-arias-a-las-mamas-en-atlacomulco-y-promete-mas-infraestructura-urbana\/#respond"]}]},{"@type":"WebPage","@id":"https:\/\/21panorama.com\/index.php\/2021\/05\/11\/festeja-marisol-arias-a-las-mamas-en-atlacomulco-y-promete-mas-infraestructura-urbana\/","url":"https:\/\/21panorama.com\/index.php\/2021\/05\/11\/festeja-marisol-arias-a-las-mamas-en-atlacomulco-y-promete-mas-infraestructura-urbana\/","name":"FESTEJA MARISOL ARIAS A LAS MAM\u00c1S EN ATLACOMULCO Y PROMETE M\u00c1S INFRAESTRUCTURA URBANA - 21 Panorama","isPartOf":{"@id":"https:\/\/21panorama.com\/#website"},"primaryImageOfPage":{"@id":"https:\/\/21panorama.com\/index.php\/2021\/05\/11\/festeja-marisol-arias-a-las-mamas-en-atlacomulco-y-promete-mas-infraestructura-urbana\/#primaryimage"},"image":{"@id":"https:\/\/21panorama.com\/index.php\/2021\/05\/11\/festeja-marisol-arias-a-las-mamas-en-atlacomulco-y-promete-mas-infraestructura-urbana\/#primaryimage"},"thumbnailUrl":"https:\/\/21panorama.com\/wp-content\/uploads\/2021\/05\/WhatsApp-Image-2021-05-11-at-19.50.03-2.jpeg","datePublished":"2021-05-12T01:17:29+00:00","dateModified":"2021-05-12T01:17:31+00:00","breadcrumb":{"@id":"https:\/\/21panorama.com\/index.php\/2021\/05\/11\/festeja-marisol-arias-a-las-mamas-en-atlacomulco-y-promete-mas-infraestructura-urbana\/#breadcrumb"},"inLanguage":"es","potentialAction":[{"@type":"ReadAction","target":["https:\/\/21panorama.com\/index.php\/2021\/05\/11\/festeja-marisol-arias-a-las-mamas-en-atlacomulco-y-promete-mas-infraestructura-urbana\/"]}]},{"@type":"ImageObject","inLanguage":"es","@id":"https:\/\/21panorama.com\/index.php\/2021\/05\/11\/festeja-marisol-arias-a-las-mamas-en-atlacomulco-y-promete-mas-infraestructura-urbana\/#primaryimage","url":"https:\/\/21panorama.com\/wp-content\/uploads\/2021\/05\/WhatsApp-Image-2021-05-11-at-19.50.03-2.jpeg","contentUrl":"https:\/\/21panorama.com\/wp-content\/uploads\/2021\/05\/WhatsApp-Image-2021-05-11-at-19.50.03-2.jpeg","width":1600,"height":1060},{"@type":"BreadcrumbList","@id":"https:\/\/21panorama.com\/index.php\/2021\/05\/11\/festeja-marisol-arias-a-las-mamas-en-atlacomulco-y-promete-mas-infraestructura-urbana\/#breadcrumb","itemListElement":[{"@type":"ListItem","position":1,"name":"Inicio","item":"https:\/\/21panorama.com\/"},{"@type":"ListItem","position":2,"name":"FESTEJA MARISOL ARIAS A LAS MAM\u00c1S EN ATLACOMULCO Y PROMETE M\u00c1S INFRAESTRUCTURA URBANA"}]},{"@type":"WebSite","@id":"https:\/\/21panorama.com\/#website","url":"https:\/\/21panorama.com\/","name":"21 Panorama","description":"La construcci\u00f3n de la opini\u00f3n p\u00fablica merece un mejor Panorama en este siglo 21 para alcanzar una sociedad con mayor transparencia y sin corrupci\u00f3n.","publisher":{"@id":"https:\/\/21panorama.com\/#organization"},"potentialAction":[{"@type":"SearchAction","target":{"@type":"EntryPoint","urlTemplate":"https:\/\/21panorama.com\/?s={search_term_string}"},"query-input":{"@type":"PropertyValueSpecification","valueRequired":true,"valueName":"search_term_string"}}],"inLanguage":"es"},{"@type":"Organization","@id":"https:\/\/21panorama.com\/#organization","name":"21 Panorama","url":"https:\/\/21panorama.com\/","logo":{"@type":"ImageObject","inLanguage":"es","@id":"https:\/\/21panorama.com\/#\/schema\/logo\/image\/","url":"https:\/\/21panorama.com\/wp-content\/uploads\/2019\/07\/cropped-Logo-Panorama-01.jpeg","contentUrl":"https:\/\/21panorama.com\/wp-content\/uploads\/2019\/07\/cropped-Logo-Panorama-01.jpeg","width":290,"height":70,"caption":"21 Panorama"},"image":{"@id":"https:\/\/21panorama.com\/#\/schema\/logo\/image\/"}},{"@type":"Person","@id":"https:\/\/21panorama.com\/#\/schema\/person\/5bf7405d8d4b4a2a7376dbca70e20f51","name":"Elena Rodr\u00edguez","image":{"@type":"ImageObject","inLanguage":"es","@id":"https:\/\/21panorama.com\/#\/schema\/person\/image\/","url":"https:\/\/secure.gravatar.com\/avatar\/13aae9944ab2ee472a9e407c9487fdbd03b049abaa559af32fe5dbcf615c981b?s=96&d=mm&r=g","contentUrl":"https:\/\/secure.gravatar.com\/avatar\/13aae9944ab2ee472a9e407c9487fdbd03b049abaa559af32fe5dbcf615c981b?s=96&d=mm&r=g","caption":"Elena Rodr\u00edguez"},"url":"https:\/\/21panorama.com\/index.php\/author\/elenarodriguez\/"}]}},"_links":{"self":[{"href":"https:\/\/21panorama.com\/index.php\/wp-json\/wp\/v2\/posts\/831","targetHints":{"allow":["GET"]}}],"collection":[{"href":"https:\/\/21panorama.com\/index.php\/wp-json\/wp\/v2\/posts"}],"about":[{"href":"https:\/\/21panorama.com\/index.php\/wp-json\/wp\/v2\/types\/post"}],"author":[{"embeddable":true,"href":"https:\/\/21panorama.com\/index.php\/wp-json\/wp\/v2\/users\/2"}],"replies":[{"embeddable":true,"href":"https:\/\/21panorama.com\/index.php\/wp-json\/wp\/v2\/comments?post=831"}],"version-history":[{"count":1,"href":"https:\/\/21panorama.com\/index.php\/wp-json\/wp\/v2\/posts\/831\/revisions"}],"predecessor-version":[{"id":834,"href":"https:\/\/21panorama.com\/index.php\/wp-json\/wp\/v2\/posts\/831\/revisions\/834"}],"wp:featuredmedia":[{"embeddable":true,"href":"https:\/\/21panorama.com\/index.php\/wp-json\/wp\/v2\/media\/833"}],"wp:attachment":[{"href":"https:\/\/21panorama.com\/index.php\/wp-json\/wp\/v2\/media?parent=831"}],"wp:term":[{"taxonomy":"category","embeddable":true,"href":"https:\/\/21panorama.com\/index.php\/wp-json\/wp\/v2\/categories?post=831"},{"taxonomy":"post_tag","embeddable":true,"href":"https:\/\/21panorama.com\/index.php\/wp-json\/wp\/v2\/tags?post=831"}],"curies":[{"name":"wp","href":"https:\/\/api.w.org\/{rel}","templated":true}]}}