{"id":827,"date":"2021-05-10T20:48:12","date_gmt":"2021-05-11T01:48:12","guid":{"rendered":"http:\/\/21panorama.com\/?p=827"},"modified":"2021-05-10T20:48:13","modified_gmt":"2021-05-11T01:48:13","slug":"texcoco-tendra-unidad-de-atencion-a-violencia-se-genero","status":"publish","type":"post","link":"https:\/\/21panorama.com\/index.php\/2021\/05\/10\/texcoco-tendra-unidad-de-atencion-a-violencia-se-genero\/","title":{"rendered":"TEXCOCO TENDR\u00c1 UNIDAD DE ATENCI\u00d3N A VIOLENCIA SE GENERO"},"content":{"rendered":"\n<p>Para la candidata del Movimiento de regeneraci\u00f3n Nacional (MORENA) a la presidencia municipal de Texcoco, Sandra Luz Falc\u00f3n Venegas, es de urgencia la protecci\u00f3n y apoyo contra la violencia de g\u00e9nero, por ello ofreci\u00f3 la creaci\u00f3n de una unidad de atenci\u00f3n.<\/p>\n\n\n\n<p>En su evento, envi\u00f3 una felicitaci\u00f3n a las madres en su d\u00eda, e hizo el anuncio del compromiso de trabajar por crear pol\u00edticas p\u00fablicas que nos brinden seguridad a todas las mujeres texcocanas, con la creaci\u00f3n de una unidad de atenci\u00f3n contra la violencia de las mujeres.<\/p>\n\n\n\n<p>La candidata morenista afirm\u00f3 que las mujeres debemos sentirnos seguras cuando caminamos y sentirnos protegidas, por ello contar\u00e1n con la protecci\u00f3n y vigilancia de los cuerpos de seguridad municipales, quienes se capacitar\u00e1n para brindarles atenci\u00f3n de calidad y calidez que les permita sentirse seguras y salvo al estar con nuestros elementos policiacos y de Protecci\u00f3n Civil.<\/p>\n\n\n\n<p>\u201cHay que trabajar en el tema de g\u00e9nero, muy importante, y vamos a crear una unidad especializada desde Seguridad P\u00fablica Municipal, para mujeres sobrevivientes de la violencia\u201d, se\u00f1al\u00f3 Sandra Luz Falc\u00f3n.<\/p>\n\n\n\n<p>Agreg\u00f3 que, en una segunda etapa, se crear\u00e1 una unidad para el acompa\u00f1amiento jur\u00eddico y psicol\u00f3gico para aquellas mujeres que han sufrido la violencia de g\u00e9nero.<\/p>\n\n\n\n<p>\u201cAunque no tenemos un \u00edndice alto en violencia de g\u00e9nero, si la hay casos, y hay que atenderlos, porque hay mujeres que necesitan de nuestra ayuda y nuestro apoyo\u201d, afirm\u00f3 la candidata de MORENA.<\/p>\n\n\n\n<p>Esta ma\u00f1ana Sandra Luz Falc\u00f3n, inici\u00f3 sus recorridos casa por casa por la cabecera municipal, para felicitar e invitar a las madres, a las mujeres y a toda su familia a votar este 6 de junio por MORENA y sus candidatos.<\/p>\n\n\n\n<p>Record\u00f3 que el apoyo a las mujeres se debe trabajar en el \u00e1mbito municipal, pero tambi\u00e9n desde el congreso federal y estatal, por ellos nuestros candidatos deben de trabajar en este tipo de iniciativas.<\/p>\n\n\n\n<p>Sandra Luz Falc\u00f3n Venegas, se\u00f1al\u00f3 que con la candidata de MORENA a la Diputaci\u00f3n Federal por el Distrito 38, Karla Almaz\u00e1n Burgos, se trabajar\u00e1 para que lleve esta iniciativa al congreso, a favor de la seguridad de las mujeres Texcocanas de Texcoco y toda la regi\u00f3n.<\/p>\n\n\n\n<p>A su vez con el candidato de MORENA a Diputado Local por el Distrito 23, Nazario Guti\u00e9rrez Mart\u00ednez, se solicitar\u00e1 que esta iniciativa se seguridad para las mujeres se haga extensiva en todo el Estado de M\u00e9xico, \u201cporque las mujeres debemos caminar con confianza y seguridad donde quiera que andemos, con al frente el alto y la confianza de que no vamos a ser v\u00edctimas de la violencia porque hay cuerpos de seguridad que nos cuida, porque hay leyes que nos protegen y castigan a los agresores, porque nadie debe violentar nuestros derechos\u201d, enfatiz\u00f3.<\/p>\n\n\n\n<p>Ante estas propuestas a favor de las mujeres, Sandra Luz Falc\u00f3n Venegas, reiter\u00f3 el llamado a los habitantes de Texcoco para que en las pr\u00f3ximas elecciones votemos a favor de los candidatos de MORENA.<\/p>\n\n\n\n<figure class=\"wp-block-image size-large\"><img decoding=\"async\" width=\"1024\" height=\"682\" src=\"https:\/\/21panorama.com\/wp-content\/uploads\/2021\/05\/WhatsApp-Image-2021-05-10-at-18.27.07-1024x682.jpeg\" alt=\"\" class=\"wp-image-829\" srcset=\"https:\/\/21panorama.com\/wp-content\/uploads\/2021\/05\/WhatsApp-Image-2021-05-10-at-18.27.07-1024x682.jpeg 1024w, https:\/\/21panorama.com\/wp-content\/uploads\/2021\/05\/WhatsApp-Image-2021-05-10-at-18.27.07-300x200.jpeg 300w, https:\/\/21panorama.com\/wp-content\/uploads\/2021\/05\/WhatsApp-Image-2021-05-10-at-18.27.07-768x512.jpeg 768w, https:\/\/21panorama.com\/wp-content\/uploads\/2021\/05\/WhatsApp-Image-2021-05-10-at-18.27.07.jpeg 1280w\" sizes=\"(max-width: 1024px) 100vw, 1024px\" \/><\/figure>\n","protected":false},"excerpt":{"rendered":"<p>\u201cHay que trabajar en el tema de g\u00e9nero, muy importante, y vamos a crear una unidad especializada desde Seguridad P\u00fablica Municipal, para mujeres sobrevivientes de la violencia\u201d, se\u00f1al\u00f3 Sandra Luz Falc\u00f3n.<\/p>\n","protected":false},"author":2,"featured_media":828,"comment_status":"open","ping_status":"open","sticky":false,"template":"","format":"standard","meta":{"footnotes":""},"categories":[12,1],"tags":[74,75,73],"class_list":["post-827","post","type-post","status-publish","format-standard","has-post-thumbnail","hentry","category-politica","category-sociedad","tag-morena","tag-sandraluzfalcon","tag-texcoco"],"yoast_head":"<!-- This site is optimized with the Yoast SEO plugin v24.9 - https:\/\/yoast.com\/wordpress\/plugins\/seo\/ -->\n<title>TEXCOCO TENDR\u00c1 UNIDAD DE ATENCI\u00d3N A VIOLENCIA SE GENERO - 21 Panorama<\/title>\n<meta name=\"robots\" content=\"index, follow, max-snippet:-1, max-image-preview:large, max-video-preview:-1\" \/>\n<link rel=\"canonical\" href=\"https:\/\/21panorama.com\/index.php\/2021\/05\/10\/texcoco-tendra-unidad-de-atencion-a-violencia-se-genero\/\" \/>\n<meta property=\"og:locale\" content=\"es_MX\" \/>\n<meta property=\"og:type\" content=\"article\" \/>\n<meta property=\"og:title\" content=\"TEXCOCO TENDR\u00c1 UNIDAD DE ATENCI\u00d3N A VIOLENCIA SE GENERO - 21 Panorama\" \/>\n<meta property=\"og:description\" content=\"\u201cHay que trabajar en el tema de g\u00e9nero, muy importante, y vamos a crear una unidad especializada desde Seguridad P\u00fablica Municipal, para mujeres sobrevivientes de la violencia\u201d, se\u00f1al\u00f3 Sandra Luz Falc\u00f3n.\" \/>\n<meta property=\"og:url\" content=\"https:\/\/21panorama.com\/index.php\/2021\/05\/10\/texcoco-tendra-unidad-de-atencion-a-violencia-se-genero\/\" \/>\n<meta property=\"og:site_name\" content=\"21 Panorama\" \/>\n<meta property=\"article:published_time\" content=\"2021-05-11T01:48:12+00:00\" \/>\n<meta property=\"article:modified_time\" content=\"2021-05-11T01:48:13+00:00\" \/>\n<meta property=\"og:image\" content=\"https:\/\/21panorama.com\/wp-content\/uploads\/2021\/05\/WhatsApp-Image-2021-05-10-at-18.19.28-2.jpeg\" \/>\n\t<meta property=\"og:image:width\" content=\"1280\" \/>\n\t<meta property=\"og:image:height\" content=\"853\" \/>\n\t<meta property=\"og:image:type\" content=\"image\/jpeg\" \/>\n<meta name=\"author\" content=\"Elena Rodr\u00edguez\" \/>\n<meta name=\"twitter:card\" content=\"summary_large_image\" \/>\n<meta name=\"twitter:label1\" content=\"Escrito por\" \/>\n\t<meta name=\"twitter:data1\" content=\"Elena Rodr\u00edguez\" \/>\n\t<meta name=\"twitter:label2\" content=\"Tiempo de lectura\" \/>\n\t<meta name=\"twitter:data2\" content=\"3 minutos\" \/>\n<script type=\"application\/ld+json\" class=\"yoast-schema-graph\">{\"@context\":\"https:\/\/schema.org\",\"@graph\":[{\"@type\":\"Article\",\"@id\":\"https:\/\/21panorama.com\/index.php\/2021\/05\/10\/texcoco-tendra-unidad-de-atencion-a-violencia-se-genero\/#article\",\"isPartOf\":{\"@id\":\"https:\/\/21panorama.com\/index.php\/2021\/05\/10\/texcoco-tendra-unidad-de-atencion-a-violencia-se-genero\/\"},\"author\":{\"name\":\"Elena Rodr\u00edguez\",\"@id\":\"https:\/\/21panorama.com\/#\/schema\/person\/5bf7405d8d4b4a2a7376dbca70e20f51\"},\"headline\":\"TEXCOCO TENDR\u00c1 UNIDAD DE ATENCI\u00d3N A VIOLENCIA SE GENERO\",\"datePublished\":\"2021-05-11T01:48:12+00:00\",\"dateModified\":\"2021-05-11T01:48:13+00:00\",\"mainEntityOfPage\":{\"@id\":\"https:\/\/21panorama.com\/index.php\/2021\/05\/10\/texcoco-tendra-unidad-de-atencion-a-violencia-se-genero\/\"},\"wordCount\":531,\"commentCount\":0,\"publisher\":{\"@id\":\"https:\/\/21panorama.com\/#organization\"},\"image\":{\"@id\":\"https:\/\/21panorama.com\/index.php\/2021\/05\/10\/texcoco-tendra-unidad-de-atencion-a-violencia-se-genero\/#primaryimage\"},\"thumbnailUrl\":\"https:\/\/21panorama.com\/wp-content\/uploads\/2021\/05\/WhatsApp-Image-2021-05-10-at-18.19.28-2.jpeg\",\"keywords\":[\"morena\",\"SandraLuzFalc\u00f3n\",\"Texcoco\"],\"articleSection\":[\"Politica\",\"Sociedad\"],\"inLanguage\":\"es\",\"potentialAction\":[{\"@type\":\"CommentAction\",\"name\":\"Comment\",\"target\":[\"https:\/\/21panorama.com\/index.php\/2021\/05\/10\/texcoco-tendra-unidad-de-atencion-a-violencia-se-genero\/#respond\"]}]},{\"@type\":\"WebPage\",\"@id\":\"https:\/\/21panorama.com\/index.php\/2021\/05\/10\/texcoco-tendra-unidad-de-atencion-a-violencia-se-genero\/\",\"url\":\"https:\/\/21panorama.com\/index.php\/2021\/05\/10\/texcoco-tendra-unidad-de-atencion-a-violencia-se-genero\/\",\"name\":\"TEXCOCO TENDR\u00c1 UNIDAD DE ATENCI\u00d3N A VIOLENCIA SE GENERO - 21 Panorama\",\"isPartOf\":{\"@id\":\"https:\/\/21panorama.com\/#website\"},\"primaryImageOfPage\":{\"@id\":\"https:\/\/21panorama.com\/index.php\/2021\/05\/10\/texcoco-tendra-unidad-de-atencion-a-violencia-se-genero\/#primaryimage\"},\"image\":{\"@id\":\"https:\/\/21panorama.com\/index.php\/2021\/05\/10\/texcoco-tendra-unidad-de-atencion-a-violencia-se-genero\/#primaryimage\"},\"thumbnailUrl\":\"https:\/\/21panorama.com\/wp-content\/uploads\/2021\/05\/WhatsApp-Image-2021-05-10-at-18.19.28-2.jpeg\",\"datePublished\":\"2021-05-11T01:48:12+00:00\",\"dateModified\":\"2021-05-11T01:48:13+00:00\",\"breadcrumb\":{\"@id\":\"https:\/\/21panorama.com\/index.php\/2021\/05\/10\/texcoco-tendra-unidad-de-atencion-a-violencia-se-genero\/#breadcrumb\"},\"inLanguage\":\"es\",\"potentialAction\":[{\"@type\":\"ReadAction\",\"target\":[\"https:\/\/21panorama.com\/index.php\/2021\/05\/10\/texcoco-tendra-unidad-de-atencion-a-violencia-se-genero\/\"]}]},{\"@type\":\"ImageObject\",\"inLanguage\":\"es\",\"@id\":\"https:\/\/21panorama.com\/index.php\/2021\/05\/10\/texcoco-tendra-unidad-de-atencion-a-violencia-se-genero\/#primaryimage\",\"url\":\"https:\/\/21panorama.com\/wp-content\/uploads\/2021\/05\/WhatsApp-Image-2021-05-10-at-18.19.28-2.jpeg\",\"contentUrl\":\"https:\/\/21panorama.com\/wp-content\/uploads\/2021\/05\/WhatsApp-Image-2021-05-10-at-18.19.28-2.jpeg\",\"width\":1280,\"height\":853},{\"@type\":\"BreadcrumbList\",\"@id\":\"https:\/\/21panorama.com\/index.php\/2021\/05\/10\/texcoco-tendra-unidad-de-atencion-a-violencia-se-genero\/#breadcrumb\",\"itemListElement\":[{\"@type\":\"ListItem\",\"position\":1,\"name\":\"Inicio\",\"item\":\"https:\/\/21panorama.com\/\"},{\"@type\":\"ListItem\",\"position\":2,\"name\":\"TEXCOCO TENDR\u00c1 UNIDAD DE ATENCI\u00d3N A VIOLENCIA SE GENERO\"}]},{\"@type\":\"WebSite\",\"@id\":\"https:\/\/21panorama.com\/#website\",\"url\":\"https:\/\/21panorama.com\/\",\"name\":\"21 Panorama\",\"description\":\"La construcci\u00f3n de la opini\u00f3n p\u00fablica merece un mejor Panorama en este siglo 21 para alcanzar una sociedad con mayor transparencia y sin corrupci\u00f3n.\",\"publisher\":{\"@id\":\"https:\/\/21panorama.com\/#organization\"},\"potentialAction\":[{\"@type\":\"SearchAction\",\"target\":{\"@type\":\"EntryPoint\",\"urlTemplate\":\"https:\/\/21panorama.com\/?s={search_term_string}\"},\"query-input\":{\"@type\":\"PropertyValueSpecification\",\"valueRequired\":true,\"valueName\":\"search_term_string\"}}],\"inLanguage\":\"es\"},{\"@type\":\"Organization\",\"@id\":\"https:\/\/21panorama.com\/#organization\",\"name\":\"21 Panorama\",\"url\":\"https:\/\/21panorama.com\/\",\"logo\":{\"@type\":\"ImageObject\",\"inLanguage\":\"es\",\"@id\":\"https:\/\/21panorama.com\/#\/schema\/logo\/image\/\",\"url\":\"https:\/\/21panorama.com\/wp-content\/uploads\/2019\/07\/cropped-Logo-Panorama-01.jpeg\",\"contentUrl\":\"https:\/\/21panorama.com\/wp-content\/uploads\/2019\/07\/cropped-Logo-Panorama-01.jpeg\",\"width\":290,\"height\":70,\"caption\":\"21 Panorama\"},\"image\":{\"@id\":\"https:\/\/21panorama.com\/#\/schema\/logo\/image\/\"}},{\"@type\":\"Person\",\"@id\":\"https:\/\/21panorama.com\/#\/schema\/person\/5bf7405d8d4b4a2a7376dbca70e20f51\",\"name\":\"Elena Rodr\u00edguez\",\"image\":{\"@type\":\"ImageObject\",\"inLanguage\":\"es\",\"@id\":\"https:\/\/21panorama.com\/#\/schema\/person\/image\/\",\"url\":\"https:\/\/secure.gravatar.com\/avatar\/13aae9944ab2ee472a9e407c9487fdbd03b049abaa559af32fe5dbcf615c981b?s=96&d=mm&r=g\",\"contentUrl\":\"https:\/\/secure.gravatar.com\/avatar\/13aae9944ab2ee472a9e407c9487fdbd03b049abaa559af32fe5dbcf615c981b?s=96&d=mm&r=g\",\"caption\":\"Elena Rodr\u00edguez\"},\"url\":\"https:\/\/21panorama.com\/index.php\/author\/elenarodriguez\/\"}]}<\/script>\n<!-- \/ Yoast SEO plugin. -->","yoast_head_json":{"title":"TEXCOCO TENDR\u00c1 UNIDAD DE ATENCI\u00d3N A VIOLENCIA SE GENERO - 21 Panorama","robots":{"index":"index","follow":"follow","max-snippet":"max-snippet:-1","max-image-preview":"max-image-preview:large","max-video-preview":"max-video-preview:-1"},"canonical":"https:\/\/21panorama.com\/index.php\/2021\/05\/10\/texcoco-tendra-unidad-de-atencion-a-violencia-se-genero\/","og_locale":"es_MX","og_type":"article","og_title":"TEXCOCO TENDR\u00c1 UNIDAD DE ATENCI\u00d3N A VIOLENCIA SE GENERO - 21 Panorama","og_description":"\u201cHay que trabajar en el tema de g\u00e9nero, muy importante, y vamos a crear una unidad especializada desde Seguridad P\u00fablica Municipal, para mujeres sobrevivientes de la violencia\u201d, se\u00f1al\u00f3 Sandra Luz Falc\u00f3n.","og_url":"https:\/\/21panorama.com\/index.php\/2021\/05\/10\/texcoco-tendra-unidad-de-atencion-a-violencia-se-genero\/","og_site_name":"21 Panorama","article_published_time":"2021-05-11T01:48:12+00:00","article_modified_time":"2021-05-11T01:48:13+00:00","og_image":[{"width":1280,"height":853,"url":"https:\/\/21panorama.com\/wp-content\/uploads\/2021\/05\/WhatsApp-Image-2021-05-10-at-18.19.28-2.jpeg","type":"image\/jpeg"}],"author":"Elena Rodr\u00edguez","twitter_card":"summary_large_image","twitter_misc":{"Escrito por":"Elena Rodr\u00edguez","Tiempo de lectura":"3 minutos"},"schema":{"@context":"https:\/\/schema.org","@graph":[{"@type":"Article","@id":"https:\/\/21panorama.com\/index.php\/2021\/05\/10\/texcoco-tendra-unidad-de-atencion-a-violencia-se-genero\/#article","isPartOf":{"@id":"https:\/\/21panorama.com\/index.php\/2021\/05\/10\/texcoco-tendra-unidad-de-atencion-a-violencia-se-genero\/"},"author":{"name":"Elena Rodr\u00edguez","@id":"https:\/\/21panorama.com\/#\/schema\/person\/5bf7405d8d4b4a2a7376dbca70e20f51"},"headline":"TEXCOCO TENDR\u00c1 UNIDAD DE ATENCI\u00d3N A VIOLENCIA SE GENERO","datePublished":"2021-05-11T01:48:12+00:00","dateModified":"2021-05-11T01:48:13+00:00","mainEntityOfPage":{"@id":"https:\/\/21panorama.com\/index.php\/2021\/05\/10\/texcoco-tendra-unidad-de-atencion-a-violencia-se-genero\/"},"wordCount":531,"commentCount":0,"publisher":{"@id":"https:\/\/21panorama.com\/#organization"},"image":{"@id":"https:\/\/21panorama.com\/index.php\/2021\/05\/10\/texcoco-tendra-unidad-de-atencion-a-violencia-se-genero\/#primaryimage"},"thumbnailUrl":"https:\/\/21panorama.com\/wp-content\/uploads\/2021\/05\/WhatsApp-Image-2021-05-10-at-18.19.28-2.jpeg","keywords":["morena","SandraLuzFalc\u00f3n","Texcoco"],"articleSection":["Politica","Sociedad"],"inLanguage":"es","potentialAction":[{"@type":"CommentAction","name":"Comment","target":["https:\/\/21panorama.com\/index.php\/2021\/05\/10\/texcoco-tendra-unidad-de-atencion-a-violencia-se-genero\/#respond"]}]},{"@type":"WebPage","@id":"https:\/\/21panorama.com\/index.php\/2021\/05\/10\/texcoco-tendra-unidad-de-atencion-a-violencia-se-genero\/","url":"https:\/\/21panorama.com\/index.php\/2021\/05\/10\/texcoco-tendra-unidad-de-atencion-a-violencia-se-genero\/","name":"TEXCOCO TENDR\u00c1 UNIDAD DE ATENCI\u00d3N A VIOLENCIA SE GENERO - 21 Panorama","isPartOf":{"@id":"https:\/\/21panorama.com\/#website"},"primaryImageOfPage":{"@id":"https:\/\/21panorama.com\/index.php\/2021\/05\/10\/texcoco-tendra-unidad-de-atencion-a-violencia-se-genero\/#primaryimage"},"image":{"@id":"https:\/\/21panorama.com\/index.php\/2021\/05\/10\/texcoco-tendra-unidad-de-atencion-a-violencia-se-genero\/#primaryimage"},"thumbnailUrl":"https:\/\/21panorama.com\/wp-content\/uploads\/2021\/05\/WhatsApp-Image-2021-05-10-at-18.19.28-2.jpeg","datePublished":"2021-05-11T01:48:12+00:00","dateModified":"2021-05-11T01:48:13+00:00","breadcrumb":{"@id":"https:\/\/21panorama.com\/index.php\/2021\/05\/10\/texcoco-tendra-unidad-de-atencion-a-violencia-se-genero\/#breadcrumb"},"inLanguage":"es","potentialAction":[{"@type":"ReadAction","target":["https:\/\/21panorama.com\/index.php\/2021\/05\/10\/texcoco-tendra-unidad-de-atencion-a-violencia-se-genero\/"]}]},{"@type":"ImageObject","inLanguage":"es","@id":"https:\/\/21panorama.com\/index.php\/2021\/05\/10\/texcoco-tendra-unidad-de-atencion-a-violencia-se-genero\/#primaryimage","url":"https:\/\/21panorama.com\/wp-content\/uploads\/2021\/05\/WhatsApp-Image-2021-05-10-at-18.19.28-2.jpeg","contentUrl":"https:\/\/21panorama.com\/wp-content\/uploads\/2021\/05\/WhatsApp-Image-2021-05-10-at-18.19.28-2.jpeg","width":1280,"height":853},{"@type":"BreadcrumbList","@id":"https:\/\/21panorama.com\/index.php\/2021\/05\/10\/texcoco-tendra-unidad-de-atencion-a-violencia-se-genero\/#breadcrumb","itemListElement":[{"@type":"ListItem","position":1,"name":"Inicio","item":"https:\/\/21panorama.com\/"},{"@type":"ListItem","position":2,"name":"TEXCOCO TENDR\u00c1 UNIDAD DE ATENCI\u00d3N A VIOLENCIA SE GENERO"}]},{"@type":"WebSite","@id":"https:\/\/21panorama.com\/#website","url":"https:\/\/21panorama.com\/","name":"21 Panorama","description":"La construcci\u00f3n de la opini\u00f3n p\u00fablica merece un mejor Panorama en este siglo 21 para alcanzar una sociedad con mayor transparencia y sin corrupci\u00f3n.","publisher":{"@id":"https:\/\/21panorama.com\/#organization"},"potentialAction":[{"@type":"SearchAction","target":{"@type":"EntryPoint","urlTemplate":"https:\/\/21panorama.com\/?s={search_term_string}"},"query-input":{"@type":"PropertyValueSpecification","valueRequired":true,"valueName":"search_term_string"}}],"inLanguage":"es"},{"@type":"Organization","@id":"https:\/\/21panorama.com\/#organization","name":"21 Panorama","url":"https:\/\/21panorama.com\/","logo":{"@type":"ImageObject","inLanguage":"es","@id":"https:\/\/21panorama.com\/#\/schema\/logo\/image\/","url":"https:\/\/21panorama.com\/wp-content\/uploads\/2019\/07\/cropped-Logo-Panorama-01.jpeg","contentUrl":"https:\/\/21panorama.com\/wp-content\/uploads\/2019\/07\/cropped-Logo-Panorama-01.jpeg","width":290,"height":70,"caption":"21 Panorama"},"image":{"@id":"https:\/\/21panorama.com\/#\/schema\/logo\/image\/"}},{"@type":"Person","@id":"https:\/\/21panorama.com\/#\/schema\/person\/5bf7405d8d4b4a2a7376dbca70e20f51","name":"Elena Rodr\u00edguez","image":{"@type":"ImageObject","inLanguage":"es","@id":"https:\/\/21panorama.com\/#\/schema\/person\/image\/","url":"https:\/\/secure.gravatar.com\/avatar\/13aae9944ab2ee472a9e407c9487fdbd03b049abaa559af32fe5dbcf615c981b?s=96&d=mm&r=g","contentUrl":"https:\/\/secure.gravatar.com\/avatar\/13aae9944ab2ee472a9e407c9487fdbd03b049abaa559af32fe5dbcf615c981b?s=96&d=mm&r=g","caption":"Elena Rodr\u00edguez"},"url":"https:\/\/21panorama.com\/index.php\/author\/elenarodriguez\/"}]}},"_links":{"self":[{"href":"https:\/\/21panorama.com\/index.php\/wp-json\/wp\/v2\/posts\/827","targetHints":{"allow":["GET"]}}],"collection":[{"href":"https:\/\/21panorama.com\/index.php\/wp-json\/wp\/v2\/posts"}],"about":[{"href":"https:\/\/21panorama.com\/index.php\/wp-json\/wp\/v2\/types\/post"}],"author":[{"embeddable":true,"href":"https:\/\/21panorama.com\/index.php\/wp-json\/wp\/v2\/users\/2"}],"replies":[{"embeddable":true,"href":"https:\/\/21panorama.com\/index.php\/wp-json\/wp\/v2\/comments?post=827"}],"version-history":[{"count":1,"href":"https:\/\/21panorama.com\/index.php\/wp-json\/wp\/v2\/posts\/827\/revisions"}],"predecessor-version":[{"id":830,"href":"https:\/\/21panorama.com\/index.php\/wp-json\/wp\/v2\/posts\/827\/revisions\/830"}],"wp:featuredmedia":[{"embeddable":true,"href":"https:\/\/21panorama.com\/index.php\/wp-json\/wp\/v2\/media\/828"}],"wp:attachment":[{"href":"https:\/\/21panorama.com\/index.php\/wp-json\/wp\/v2\/media?parent=827"}],"wp:term":[{"taxonomy":"category","embeddable":true,"href":"https:\/\/21panorama.com\/index.php\/wp-json\/wp\/v2\/categories?post=827"},{"taxonomy":"post_tag","embeddable":true,"href":"https:\/\/21panorama.com\/index.php\/wp-json\/wp\/v2\/tags?post=827"}],"curies":[{"name":"wp","href":"https:\/\/api.w.org\/{rel}","templated":true}]}}