{"id":815,"date":"2021-05-09T21:27:42","date_gmt":"2021-05-10T02:27:42","guid":{"rendered":"http:\/\/21panorama.com\/?p=815"},"modified":"2021-05-09T21:27:43","modified_gmt":"2021-05-10T02:27:43","slug":"campana-pie-a-tierra-de-marisol-arias-prende-a-las-comunidades","status":"publish","type":"post","link":"https:\/\/21panorama.com\/index.php\/2021\/05\/09\/campana-pie-a-tierra-de-marisol-arias-prende-a-las-comunidades\/","title":{"rendered":"CAMPA\u00d1A PIE A TIERRA DE MARISOL ARIAS PRENDE A LAS COMUNIDADES"},"content":{"rendered":"\n<p>CAMINATAS, recorridos y toque de puertas son acciones que realiza la candidata a la presidencia municipal de Atlacomulco, Marisol Arias Flores, y que han prendido el \u00e1nimo de sus vecinos que demandan un cambio de rumbo.<\/p>\n\n\n\n<p>Este medio acompa\u00f1\u00f3 a la candidata de la coalici\u00f3n Va por el Estado de M\u00e9xico y atestigu\u00f3 el inicio de una caminata por uno de los principales barrios de San Lorenzo Tlacotepec realizando el toque de puertas, posteriormente se dirigi\u00f3 hacia el parque \u201cLos Ocotes\u201d donde se reuni\u00f3 con la poblaci\u00f3n.<\/p>\n\n\n\n<p>Marisol Arias Flores encabez\u00f3 un evento con gran convocatoria, donde destac\u00f3 que las comunidades son fundamentales en el desarrollo de Atlacomulco, porque en las localidades se encuentran los artesanos, productores y la fuerza del campo.<\/p>\n\n\n\n<p>As\u00ed mismo la candidata enunci\u00f3 que como parte de las acciones una vez en la presidencia municipal, la gesti\u00f3n de apoyos para el campo ser\u00e1 una constante en su gobierno.<\/p>\n\n\n\n<p>\u201cVengo a saludarlos, platicar con ustedes y hacer compromisos, vamos a hacer pol\u00edtica con prop\u00f3sito, con conocimiento de lo que s\u00ed se puede hacer, para regresar en su momento a cumplir\u201d, sentenci\u00f3.<\/p>\n\n\n\n<p>Por su parte, los asistentes reconocieron que, durante su periodo como presidenta municipal, hoy en d\u00eda siguen gozando de los beneficios de su gesti\u00f3n. As\u00ed mismo reconocieron su gran vocaci\u00f3n de servicio y capacidad para escuchar y atender a los ciudadanos, aprovechando la oportunidad para solicitar la rehabilitaci\u00f3n del parque.<\/p>\n\n\n\n<figure class=\"wp-block-image size-large\"><img decoding=\"async\" width=\"1024\" height=\"678\" src=\"https:\/\/21panorama.com\/wp-content\/uploads\/2021\/05\/WhatsApp-Image-2021-05-09-at-19.44.55-1024x678.jpeg\" alt=\"\" class=\"wp-image-816\" srcset=\"https:\/\/21panorama.com\/wp-content\/uploads\/2021\/05\/WhatsApp-Image-2021-05-09-at-19.44.55-1024x678.jpeg 1024w, https:\/\/21panorama.com\/wp-content\/uploads\/2021\/05\/WhatsApp-Image-2021-05-09-at-19.44.55-300x199.jpeg 300w, https:\/\/21panorama.com\/wp-content\/uploads\/2021\/05\/WhatsApp-Image-2021-05-09-at-19.44.55-768x509.jpeg 768w, https:\/\/21panorama.com\/wp-content\/uploads\/2021\/05\/WhatsApp-Image-2021-05-09-at-19.44.55-1536x1018.jpeg 1536w, https:\/\/21panorama.com\/wp-content\/uploads\/2021\/05\/WhatsApp-Image-2021-05-09-at-19.44.55.jpeg 1600w\" sizes=\"(max-width: 1024px) 100vw, 1024px\" \/><\/figure>\n","protected":false},"excerpt":{"rendered":"<p>\u201cVengo a saludarlos, platicar con ustedes y hacer compromisos, vamos a hacer pol\u00edtica con prop\u00f3sito, con conocimiento de lo que s\u00ed se puede hacer, para regresar en su momento a cumplir\u201d, sentenci\u00f3.<\/p>\n","protected":false},"author":2,"featured_media":818,"comment_status":"open","ping_status":"open","sticky":false,"template":"","format":"standard","meta":{"footnotes":""},"categories":[12,1],"tags":[70,69],"class_list":["post-815","post","type-post","status-publish","format-standard","has-post-thumbnail","hentry","category-politica","category-sociedad","tag-atlacomulco","tag-marisol-arias"],"yoast_head":"<!-- This site is optimized with the Yoast SEO plugin v24.9 - https:\/\/yoast.com\/wordpress\/plugins\/seo\/ -->\n<title>CAMPA\u00d1A PIE A TIERRA DE MARISOL ARIAS PRENDE A LAS COMUNIDADES - 21 Panorama<\/title>\n<meta name=\"robots\" content=\"index, follow, max-snippet:-1, max-image-preview:large, max-video-preview:-1\" \/>\n<link rel=\"canonical\" href=\"https:\/\/21panorama.com\/index.php\/2021\/05\/09\/campana-pie-a-tierra-de-marisol-arias-prende-a-las-comunidades\/\" \/>\n<meta property=\"og:locale\" content=\"es_MX\" \/>\n<meta property=\"og:type\" content=\"article\" \/>\n<meta property=\"og:title\" content=\"CAMPA\u00d1A PIE A TIERRA DE MARISOL ARIAS PRENDE A LAS COMUNIDADES - 21 Panorama\" \/>\n<meta property=\"og:description\" content=\"\u201cVengo a saludarlos, platicar con ustedes y hacer compromisos, vamos a hacer pol\u00edtica con prop\u00f3sito, con conocimiento de lo que s\u00ed se puede hacer, para regresar en su momento a cumplir\u201d, sentenci\u00f3.\" \/>\n<meta property=\"og:url\" content=\"https:\/\/21panorama.com\/index.php\/2021\/05\/09\/campana-pie-a-tierra-de-marisol-arias-prende-a-las-comunidades\/\" \/>\n<meta property=\"og:site_name\" content=\"21 Panorama\" \/>\n<meta property=\"article:published_time\" content=\"2021-05-10T02:27:42+00:00\" \/>\n<meta property=\"article:modified_time\" content=\"2021-05-10T02:27:43+00:00\" \/>\n<meta property=\"og:image\" content=\"https:\/\/21panorama.com\/wp-content\/uploads\/2021\/05\/WhatsApp-Image-2021-05-09-at-19.44.53-1.jpeg\" \/>\n\t<meta property=\"og:image:width\" content=\"1600\" \/>\n\t<meta property=\"og:image:height\" content=\"1060\" \/>\n\t<meta property=\"og:image:type\" content=\"image\/jpeg\" \/>\n<meta name=\"author\" content=\"Elena Rodr\u00edguez\" \/>\n<meta name=\"twitter:card\" content=\"summary_large_image\" \/>\n<meta name=\"twitter:label1\" content=\"Escrito por\" \/>\n\t<meta name=\"twitter:data1\" content=\"Elena Rodr\u00edguez\" \/>\n\t<meta name=\"twitter:label2\" content=\"Tiempo de lectura\" \/>\n\t<meta name=\"twitter:data2\" content=\"2 minutos\" \/>\n<script type=\"application\/ld+json\" class=\"yoast-schema-graph\">{\"@context\":\"https:\/\/schema.org\",\"@graph\":[{\"@type\":\"Article\",\"@id\":\"https:\/\/21panorama.com\/index.php\/2021\/05\/09\/campana-pie-a-tierra-de-marisol-arias-prende-a-las-comunidades\/#article\",\"isPartOf\":{\"@id\":\"https:\/\/21panorama.com\/index.php\/2021\/05\/09\/campana-pie-a-tierra-de-marisol-arias-prende-a-las-comunidades\/\"},\"author\":{\"name\":\"Elena Rodr\u00edguez\",\"@id\":\"https:\/\/21panorama.com\/#\/schema\/person\/5bf7405d8d4b4a2a7376dbca70e20f51\"},\"headline\":\"CAMPA\u00d1A PIE A TIERRA DE MARISOL ARIAS PRENDE A LAS COMUNIDADES\",\"datePublished\":\"2021-05-10T02:27:42+00:00\",\"dateModified\":\"2021-05-10T02:27:43+00:00\",\"mainEntityOfPage\":{\"@id\":\"https:\/\/21panorama.com\/index.php\/2021\/05\/09\/campana-pie-a-tierra-de-marisol-arias-prende-a-las-comunidades\/\"},\"wordCount\":256,\"commentCount\":0,\"publisher\":{\"@id\":\"https:\/\/21panorama.com\/#organization\"},\"image\":{\"@id\":\"https:\/\/21panorama.com\/index.php\/2021\/05\/09\/campana-pie-a-tierra-de-marisol-arias-prende-a-las-comunidades\/#primaryimage\"},\"thumbnailUrl\":\"https:\/\/21panorama.com\/wp-content\/uploads\/2021\/05\/WhatsApp-Image-2021-05-09-at-19.44.53-1.jpeg\",\"keywords\":[\"Atlacomulco\",\"Marisol Arias\"],\"articleSection\":[\"Politica\",\"Sociedad\"],\"inLanguage\":\"es\",\"potentialAction\":[{\"@type\":\"CommentAction\",\"name\":\"Comment\",\"target\":[\"https:\/\/21panorama.com\/index.php\/2021\/05\/09\/campana-pie-a-tierra-de-marisol-arias-prende-a-las-comunidades\/#respond\"]}]},{\"@type\":\"WebPage\",\"@id\":\"https:\/\/21panorama.com\/index.php\/2021\/05\/09\/campana-pie-a-tierra-de-marisol-arias-prende-a-las-comunidades\/\",\"url\":\"https:\/\/21panorama.com\/index.php\/2021\/05\/09\/campana-pie-a-tierra-de-marisol-arias-prende-a-las-comunidades\/\",\"name\":\"CAMPA\u00d1A PIE A TIERRA DE MARISOL ARIAS PRENDE A LAS COMUNIDADES - 21 Panorama\",\"isPartOf\":{\"@id\":\"https:\/\/21panorama.com\/#website\"},\"primaryImageOfPage\":{\"@id\":\"https:\/\/21panorama.com\/index.php\/2021\/05\/09\/campana-pie-a-tierra-de-marisol-arias-prende-a-las-comunidades\/#primaryimage\"},\"image\":{\"@id\":\"https:\/\/21panorama.com\/index.php\/2021\/05\/09\/campana-pie-a-tierra-de-marisol-arias-prende-a-las-comunidades\/#primaryimage\"},\"thumbnailUrl\":\"https:\/\/21panorama.com\/wp-content\/uploads\/2021\/05\/WhatsApp-Image-2021-05-09-at-19.44.53-1.jpeg\",\"datePublished\":\"2021-05-10T02:27:42+00:00\",\"dateModified\":\"2021-05-10T02:27:43+00:00\",\"breadcrumb\":{\"@id\":\"https:\/\/21panorama.com\/index.php\/2021\/05\/09\/campana-pie-a-tierra-de-marisol-arias-prende-a-las-comunidades\/#breadcrumb\"},\"inLanguage\":\"es\",\"potentialAction\":[{\"@type\":\"ReadAction\",\"target\":[\"https:\/\/21panorama.com\/index.php\/2021\/05\/09\/campana-pie-a-tierra-de-marisol-arias-prende-a-las-comunidades\/\"]}]},{\"@type\":\"ImageObject\",\"inLanguage\":\"es\",\"@id\":\"https:\/\/21panorama.com\/index.php\/2021\/05\/09\/campana-pie-a-tierra-de-marisol-arias-prende-a-las-comunidades\/#primaryimage\",\"url\":\"https:\/\/21panorama.com\/wp-content\/uploads\/2021\/05\/WhatsApp-Image-2021-05-09-at-19.44.53-1.jpeg\",\"contentUrl\":\"https:\/\/21panorama.com\/wp-content\/uploads\/2021\/05\/WhatsApp-Image-2021-05-09-at-19.44.53-1.jpeg\",\"width\":1600,\"height\":1060},{\"@type\":\"BreadcrumbList\",\"@id\":\"https:\/\/21panorama.com\/index.php\/2021\/05\/09\/campana-pie-a-tierra-de-marisol-arias-prende-a-las-comunidades\/#breadcrumb\",\"itemListElement\":[{\"@type\":\"ListItem\",\"position\":1,\"name\":\"Inicio\",\"item\":\"https:\/\/21panorama.com\/\"},{\"@type\":\"ListItem\",\"position\":2,\"name\":\"CAMPA\u00d1A PIE A TIERRA DE MARISOL ARIAS PRENDE A LAS COMUNIDADES\"}]},{\"@type\":\"WebSite\",\"@id\":\"https:\/\/21panorama.com\/#website\",\"url\":\"https:\/\/21panorama.com\/\",\"name\":\"21 Panorama\",\"description\":\"La construcci\u00f3n de la opini\u00f3n p\u00fablica merece un mejor Panorama en este siglo 21 para alcanzar una sociedad con mayor transparencia y sin corrupci\u00f3n.\",\"publisher\":{\"@id\":\"https:\/\/21panorama.com\/#organization\"},\"potentialAction\":[{\"@type\":\"SearchAction\",\"target\":{\"@type\":\"EntryPoint\",\"urlTemplate\":\"https:\/\/21panorama.com\/?s={search_term_string}\"},\"query-input\":{\"@type\":\"PropertyValueSpecification\",\"valueRequired\":true,\"valueName\":\"search_term_string\"}}],\"inLanguage\":\"es\"},{\"@type\":\"Organization\",\"@id\":\"https:\/\/21panorama.com\/#organization\",\"name\":\"21 Panorama\",\"url\":\"https:\/\/21panorama.com\/\",\"logo\":{\"@type\":\"ImageObject\",\"inLanguage\":\"es\",\"@id\":\"https:\/\/21panorama.com\/#\/schema\/logo\/image\/\",\"url\":\"https:\/\/21panorama.com\/wp-content\/uploads\/2019\/07\/cropped-Logo-Panorama-01.jpeg\",\"contentUrl\":\"https:\/\/21panorama.com\/wp-content\/uploads\/2019\/07\/cropped-Logo-Panorama-01.jpeg\",\"width\":290,\"height\":70,\"caption\":\"21 Panorama\"},\"image\":{\"@id\":\"https:\/\/21panorama.com\/#\/schema\/logo\/image\/\"}},{\"@type\":\"Person\",\"@id\":\"https:\/\/21panorama.com\/#\/schema\/person\/5bf7405d8d4b4a2a7376dbca70e20f51\",\"name\":\"Elena Rodr\u00edguez\",\"image\":{\"@type\":\"ImageObject\",\"inLanguage\":\"es\",\"@id\":\"https:\/\/21panorama.com\/#\/schema\/person\/image\/\",\"url\":\"https:\/\/secure.gravatar.com\/avatar\/13aae9944ab2ee472a9e407c9487fdbd03b049abaa559af32fe5dbcf615c981b?s=96&d=mm&r=g\",\"contentUrl\":\"https:\/\/secure.gravatar.com\/avatar\/13aae9944ab2ee472a9e407c9487fdbd03b049abaa559af32fe5dbcf615c981b?s=96&d=mm&r=g\",\"caption\":\"Elena Rodr\u00edguez\"},\"url\":\"https:\/\/21panorama.com\/index.php\/author\/elenarodriguez\/\"}]}<\/script>\n<!-- \/ Yoast SEO plugin. -->","yoast_head_json":{"title":"CAMPA\u00d1A PIE A TIERRA DE MARISOL ARIAS PRENDE A LAS COMUNIDADES - 21 Panorama","robots":{"index":"index","follow":"follow","max-snippet":"max-snippet:-1","max-image-preview":"max-image-preview:large","max-video-preview":"max-video-preview:-1"},"canonical":"https:\/\/21panorama.com\/index.php\/2021\/05\/09\/campana-pie-a-tierra-de-marisol-arias-prende-a-las-comunidades\/","og_locale":"es_MX","og_type":"article","og_title":"CAMPA\u00d1A PIE A TIERRA DE MARISOL ARIAS PRENDE A LAS COMUNIDADES - 21 Panorama","og_description":"\u201cVengo a saludarlos, platicar con ustedes y hacer compromisos, vamos a hacer pol\u00edtica con prop\u00f3sito, con conocimiento de lo que s\u00ed se puede hacer, para regresar en su momento a cumplir\u201d, sentenci\u00f3.","og_url":"https:\/\/21panorama.com\/index.php\/2021\/05\/09\/campana-pie-a-tierra-de-marisol-arias-prende-a-las-comunidades\/","og_site_name":"21 Panorama","article_published_time":"2021-05-10T02:27:42+00:00","article_modified_time":"2021-05-10T02:27:43+00:00","og_image":[{"width":1600,"height":1060,"url":"https:\/\/21panorama.com\/wp-content\/uploads\/2021\/05\/WhatsApp-Image-2021-05-09-at-19.44.53-1.jpeg","type":"image\/jpeg"}],"author":"Elena Rodr\u00edguez","twitter_card":"summary_large_image","twitter_misc":{"Escrito por":"Elena Rodr\u00edguez","Tiempo de lectura":"2 minutos"},"schema":{"@context":"https:\/\/schema.org","@graph":[{"@type":"Article","@id":"https:\/\/21panorama.com\/index.php\/2021\/05\/09\/campana-pie-a-tierra-de-marisol-arias-prende-a-las-comunidades\/#article","isPartOf":{"@id":"https:\/\/21panorama.com\/index.php\/2021\/05\/09\/campana-pie-a-tierra-de-marisol-arias-prende-a-las-comunidades\/"},"author":{"name":"Elena Rodr\u00edguez","@id":"https:\/\/21panorama.com\/#\/schema\/person\/5bf7405d8d4b4a2a7376dbca70e20f51"},"headline":"CAMPA\u00d1A PIE A TIERRA DE MARISOL ARIAS PRENDE A LAS COMUNIDADES","datePublished":"2021-05-10T02:27:42+00:00","dateModified":"2021-05-10T02:27:43+00:00","mainEntityOfPage":{"@id":"https:\/\/21panorama.com\/index.php\/2021\/05\/09\/campana-pie-a-tierra-de-marisol-arias-prende-a-las-comunidades\/"},"wordCount":256,"commentCount":0,"publisher":{"@id":"https:\/\/21panorama.com\/#organization"},"image":{"@id":"https:\/\/21panorama.com\/index.php\/2021\/05\/09\/campana-pie-a-tierra-de-marisol-arias-prende-a-las-comunidades\/#primaryimage"},"thumbnailUrl":"https:\/\/21panorama.com\/wp-content\/uploads\/2021\/05\/WhatsApp-Image-2021-05-09-at-19.44.53-1.jpeg","keywords":["Atlacomulco","Marisol Arias"],"articleSection":["Politica","Sociedad"],"inLanguage":"es","potentialAction":[{"@type":"CommentAction","name":"Comment","target":["https:\/\/21panorama.com\/index.php\/2021\/05\/09\/campana-pie-a-tierra-de-marisol-arias-prende-a-las-comunidades\/#respond"]}]},{"@type":"WebPage","@id":"https:\/\/21panorama.com\/index.php\/2021\/05\/09\/campana-pie-a-tierra-de-marisol-arias-prende-a-las-comunidades\/","url":"https:\/\/21panorama.com\/index.php\/2021\/05\/09\/campana-pie-a-tierra-de-marisol-arias-prende-a-las-comunidades\/","name":"CAMPA\u00d1A PIE A TIERRA DE MARISOL ARIAS PRENDE A LAS COMUNIDADES - 21 Panorama","isPartOf":{"@id":"https:\/\/21panorama.com\/#website"},"primaryImageOfPage":{"@id":"https:\/\/21panorama.com\/index.php\/2021\/05\/09\/campana-pie-a-tierra-de-marisol-arias-prende-a-las-comunidades\/#primaryimage"},"image":{"@id":"https:\/\/21panorama.com\/index.php\/2021\/05\/09\/campana-pie-a-tierra-de-marisol-arias-prende-a-las-comunidades\/#primaryimage"},"thumbnailUrl":"https:\/\/21panorama.com\/wp-content\/uploads\/2021\/05\/WhatsApp-Image-2021-05-09-at-19.44.53-1.jpeg","datePublished":"2021-05-10T02:27:42+00:00","dateModified":"2021-05-10T02:27:43+00:00","breadcrumb":{"@id":"https:\/\/21panorama.com\/index.php\/2021\/05\/09\/campana-pie-a-tierra-de-marisol-arias-prende-a-las-comunidades\/#breadcrumb"},"inLanguage":"es","potentialAction":[{"@type":"ReadAction","target":["https:\/\/21panorama.com\/index.php\/2021\/05\/09\/campana-pie-a-tierra-de-marisol-arias-prende-a-las-comunidades\/"]}]},{"@type":"ImageObject","inLanguage":"es","@id":"https:\/\/21panorama.com\/index.php\/2021\/05\/09\/campana-pie-a-tierra-de-marisol-arias-prende-a-las-comunidades\/#primaryimage","url":"https:\/\/21panorama.com\/wp-content\/uploads\/2021\/05\/WhatsApp-Image-2021-05-09-at-19.44.53-1.jpeg","contentUrl":"https:\/\/21panorama.com\/wp-content\/uploads\/2021\/05\/WhatsApp-Image-2021-05-09-at-19.44.53-1.jpeg","width":1600,"height":1060},{"@type":"BreadcrumbList","@id":"https:\/\/21panorama.com\/index.php\/2021\/05\/09\/campana-pie-a-tierra-de-marisol-arias-prende-a-las-comunidades\/#breadcrumb","itemListElement":[{"@type":"ListItem","position":1,"name":"Inicio","item":"https:\/\/21panorama.com\/"},{"@type":"ListItem","position":2,"name":"CAMPA\u00d1A PIE A TIERRA DE MARISOL ARIAS PRENDE A LAS COMUNIDADES"}]},{"@type":"WebSite","@id":"https:\/\/21panorama.com\/#website","url":"https:\/\/21panorama.com\/","name":"21 Panorama","description":"La construcci\u00f3n de la opini\u00f3n p\u00fablica merece un mejor Panorama en este siglo 21 para alcanzar una sociedad con mayor transparencia y sin corrupci\u00f3n.","publisher":{"@id":"https:\/\/21panorama.com\/#organization"},"potentialAction":[{"@type":"SearchAction","target":{"@type":"EntryPoint","urlTemplate":"https:\/\/21panorama.com\/?s={search_term_string}"},"query-input":{"@type":"PropertyValueSpecification","valueRequired":true,"valueName":"search_term_string"}}],"inLanguage":"es"},{"@type":"Organization","@id":"https:\/\/21panorama.com\/#organization","name":"21 Panorama","url":"https:\/\/21panorama.com\/","logo":{"@type":"ImageObject","inLanguage":"es","@id":"https:\/\/21panorama.com\/#\/schema\/logo\/image\/","url":"https:\/\/21panorama.com\/wp-content\/uploads\/2019\/07\/cropped-Logo-Panorama-01.jpeg","contentUrl":"https:\/\/21panorama.com\/wp-content\/uploads\/2019\/07\/cropped-Logo-Panorama-01.jpeg","width":290,"height":70,"caption":"21 Panorama"},"image":{"@id":"https:\/\/21panorama.com\/#\/schema\/logo\/image\/"}},{"@type":"Person","@id":"https:\/\/21panorama.com\/#\/schema\/person\/5bf7405d8d4b4a2a7376dbca70e20f51","name":"Elena Rodr\u00edguez","image":{"@type":"ImageObject","inLanguage":"es","@id":"https:\/\/21panorama.com\/#\/schema\/person\/image\/","url":"https:\/\/secure.gravatar.com\/avatar\/13aae9944ab2ee472a9e407c9487fdbd03b049abaa559af32fe5dbcf615c981b?s=96&d=mm&r=g","contentUrl":"https:\/\/secure.gravatar.com\/avatar\/13aae9944ab2ee472a9e407c9487fdbd03b049abaa559af32fe5dbcf615c981b?s=96&d=mm&r=g","caption":"Elena Rodr\u00edguez"},"url":"https:\/\/21panorama.com\/index.php\/author\/elenarodriguez\/"}]}},"_links":{"self":[{"href":"https:\/\/21panorama.com\/index.php\/wp-json\/wp\/v2\/posts\/815","targetHints":{"allow":["GET"]}}],"collection":[{"href":"https:\/\/21panorama.com\/index.php\/wp-json\/wp\/v2\/posts"}],"about":[{"href":"https:\/\/21panorama.com\/index.php\/wp-json\/wp\/v2\/types\/post"}],"author":[{"embeddable":true,"href":"https:\/\/21panorama.com\/index.php\/wp-json\/wp\/v2\/users\/2"}],"replies":[{"embeddable":true,"href":"https:\/\/21panorama.com\/index.php\/wp-json\/wp\/v2\/comments?post=815"}],"version-history":[{"count":1,"href":"https:\/\/21panorama.com\/index.php\/wp-json\/wp\/v2\/posts\/815\/revisions"}],"predecessor-version":[{"id":819,"href":"https:\/\/21panorama.com\/index.php\/wp-json\/wp\/v2\/posts\/815\/revisions\/819"}],"wp:featuredmedia":[{"embeddable":true,"href":"https:\/\/21panorama.com\/index.php\/wp-json\/wp\/v2\/media\/818"}],"wp:attachment":[{"href":"https:\/\/21panorama.com\/index.php\/wp-json\/wp\/v2\/media?parent=815"}],"wp:term":[{"taxonomy":"category","embeddable":true,"href":"https:\/\/21panorama.com\/index.php\/wp-json\/wp\/v2\/categories?post=815"},{"taxonomy":"post_tag","embeddable":true,"href":"https:\/\/21panorama.com\/index.php\/wp-json\/wp\/v2\/tags?post=815"}],"curies":[{"name":"wp","href":"https:\/\/api.w.org\/{rel}","templated":true}]}}