{"id":811,"date":"2021-05-06T10:14:37","date_gmt":"2021-05-06T15:14:37","guid":{"rendered":"http:\/\/21panorama.com\/?p=811"},"modified":"2021-05-06T10:14:38","modified_gmt":"2021-05-06T15:14:38","slug":"adoptar-planes-estrategicos-para-atender-inundaciones","status":"publish","type":"post","link":"https:\/\/21panorama.com\/index.php\/2021\/05\/06\/adoptar-planes-estrategicos-para-atender-inundaciones\/","title":{"rendered":"ADOPTAR PLANES ESTRAT\u00c9GICOS PARA ATENDER INUNDACIONES"},"content":{"rendered":"\n<p>San Mateo Atenco, M\u00e9xico.- Ana Mu\u00f1iz Neyra, candidata a la alcald\u00eda de San Mateo Atenco por PRI-PAN-PRD, dijo que es preciso adoptar planes estrat\u00e9gicos de acci\u00f3n que permitan atender de mejor manera la posibilidad de problemas por las anegaciones.<\/p>\n\n\n\n<p>La candidata por la coalici\u00f3n \u201cVa por el Estado de M\u00e9xico\u201d, sostuvo la mitad de los 12.5 kil\u00f3metros cuadrados que tiene de superficie el municipio de San Mateo Atenco es susceptible a inundaciones en la temporada de lluvias, debido a las condiciones de relieve donde se localiza.<\/p>\n\n\n\n<p>En recorrido por el barrio de La Concepci\u00f3n en compa\u00f1\u00eda de Ana Lilia Herrera Anzaldo, candidata a la Diputaci\u00f3n Federal, explic\u00f3 que las principales afectaciones se tienen registradas en la Avenida Paseo Tollocan esquina con Benito Ju\u00e1rez hasta la Avenida Las Torres, as\u00ed como en el Barrio de San Juan en el acceso a la Unidad Deportiva, y en el Barrio de Guadalupe.<\/p>\n\n\n\n<p>Como parte de las acciones a desarrollar de llegar a ser alcaldesa, Mu\u00f1iz Neyra, destac\u00f3 que en coordinaci\u00f3n con la Comisi\u00f3n de Aguas del Estado de M\u00e9xico (CAEM) y la Comisi\u00f3n Nacional del Agua (CNA), se construyan dos carcamos de bombeo, as\u00ed como una caja derivadora del colector San Mateo.<\/p>\n\n\n\n<p>De igual manera, fortalecer las acciones de mantenimiento preventivo a los canales que descargan al r\u00edo Lerma o plantas de bombeo, aunado al desazolve continuo de los canales de desag\u00fce para retirar s\u00f3lidos y basura de forma manual y mec\u00e1nica.<\/p>\n\n\n\n<p>Asimismo, reiter\u00f3 la candidata por la Coalici\u00f3n Va por el Estado de M\u00e9xico, la limpieza de los c\u00e1rcamos de bombeo mediante equipos de presi\u00f3n, succi\u00f3n y de forma manual, adem\u00e1s del mantenimiento a los 4.3 kil\u00f3metros de canales de aguas combinadas, como el San Isidro, San Carlos, San Diego y Zapata.<\/p>\n\n\n\n<p>Mu\u00f1iz Neyra pidi\u00f3 el apoyo de la ciudadan\u00eda en general para no tirar basura a los canales. &#8220;Unidos Si, es como podremos triunfar el pr\u00f3ximo 6 de junio y fortalecer cuanto antes los programas preventivos y de atenci\u00f3n a las inundaciones&#8221;, puntualiz\u00f3.<\/p>\n\n\n\n<figure class=\"wp-block-image size-large\"><img decoding=\"async\" width=\"1024\" height=\"683\" src=\"https:\/\/21panorama.com\/wp-content\/uploads\/2021\/05\/WhatsApp-Image-2021-05-05-at-5.39.05-PM-1024x683.jpeg\" alt=\"\" class=\"wp-image-812\" srcset=\"https:\/\/21panorama.com\/wp-content\/uploads\/2021\/05\/WhatsApp-Image-2021-05-05-at-5.39.05-PM-1024x683.jpeg 1024w, https:\/\/21panorama.com\/wp-content\/uploads\/2021\/05\/WhatsApp-Image-2021-05-05-at-5.39.05-PM-300x200.jpeg 300w, https:\/\/21panorama.com\/wp-content\/uploads\/2021\/05\/WhatsApp-Image-2021-05-05-at-5.39.05-PM-768x512.jpeg 768w, https:\/\/21panorama.com\/wp-content\/uploads\/2021\/05\/WhatsApp-Image-2021-05-05-at-5.39.05-PM-1536x1024.jpeg 1536w, https:\/\/21panorama.com\/wp-content\/uploads\/2021\/05\/WhatsApp-Image-2021-05-05-at-5.39.05-PM.jpeg 1600w\" sizes=\"(max-width: 1024px) 100vw, 1024px\" \/><\/figure>\n","protected":false},"excerpt":{"rendered":"<p>La candidata por la coalici\u00f3n \u201cVa por el Estado de M\u00e9xico\u201d, sostuvo la mitad de los 12.5 kil\u00f3metros cuadrados que tiene de superficie el municipio de San Mateo Atenco es susceptible a inundaciones en la temporada de lluvias.<\/p>\n","protected":false},"author":2,"featured_media":813,"comment_status":"open","ping_status":"open","sticky":false,"template":"","format":"standard","meta":{"footnotes":""},"categories":[1],"tags":[67,66,68],"class_list":["post-811","post","type-post","status-publish","format-standard","has-post-thumbnail","hentry","category-sociedad","tag-ana-muniz","tag-san-mateo-atenco","tag-va-por-el-estado-de-mexico"],"yoast_head":"<!-- This site is optimized with the Yoast SEO plugin v24.9 - https:\/\/yoast.com\/wordpress\/plugins\/seo\/ -->\n<title>ADOPTAR PLANES ESTRAT\u00c9GICOS PARA ATENDER INUNDACIONES - 21 Panorama<\/title>\n<meta name=\"robots\" content=\"index, follow, max-snippet:-1, max-image-preview:large, max-video-preview:-1\" \/>\n<link rel=\"canonical\" href=\"https:\/\/21panorama.com\/index.php\/2021\/05\/06\/adoptar-planes-estrategicos-para-atender-inundaciones\/\" \/>\n<meta property=\"og:locale\" content=\"es_MX\" \/>\n<meta property=\"og:type\" content=\"article\" \/>\n<meta property=\"og:title\" content=\"ADOPTAR PLANES ESTRAT\u00c9GICOS PARA ATENDER INUNDACIONES - 21 Panorama\" \/>\n<meta property=\"og:description\" content=\"La candidata por la coalici\u00f3n \u201cVa por el Estado de M\u00e9xico\u201d, sostuvo la mitad de los 12.5 kil\u00f3metros cuadrados que tiene de superficie el municipio de San Mateo Atenco es susceptible a inundaciones en la temporada de lluvias.\" \/>\n<meta property=\"og:url\" content=\"https:\/\/21panorama.com\/index.php\/2021\/05\/06\/adoptar-planes-estrategicos-para-atender-inundaciones\/\" \/>\n<meta property=\"og:site_name\" content=\"21 Panorama\" \/>\n<meta property=\"article:published_time\" content=\"2021-05-06T15:14:37+00:00\" \/>\n<meta property=\"article:modified_time\" content=\"2021-05-06T15:14:38+00:00\" \/>\n<meta property=\"og:image\" content=\"https:\/\/21panorama.com\/wp-content\/uploads\/2021\/05\/WhatsApp-Image-2021-05-05-at-5.39.04-PM.jpeg\" \/>\n\t<meta property=\"og:image:width\" content=\"1067\" \/>\n\t<meta property=\"og:image:height\" content=\"1600\" \/>\n\t<meta property=\"og:image:type\" content=\"image\/jpeg\" \/>\n<meta name=\"author\" content=\"Elena Rodr\u00edguez\" \/>\n<meta name=\"twitter:card\" content=\"summary_large_image\" \/>\n<meta name=\"twitter:label1\" content=\"Escrito por\" \/>\n\t<meta name=\"twitter:data1\" content=\"Elena Rodr\u00edguez\" \/>\n\t<meta name=\"twitter:label2\" content=\"Tiempo de lectura\" \/>\n\t<meta name=\"twitter:data2\" content=\"2 minutos\" \/>\n<script type=\"application\/ld+json\" class=\"yoast-schema-graph\">{\"@context\":\"https:\/\/schema.org\",\"@graph\":[{\"@type\":\"Article\",\"@id\":\"https:\/\/21panorama.com\/index.php\/2021\/05\/06\/adoptar-planes-estrategicos-para-atender-inundaciones\/#article\",\"isPartOf\":{\"@id\":\"https:\/\/21panorama.com\/index.php\/2021\/05\/06\/adoptar-planes-estrategicos-para-atender-inundaciones\/\"},\"author\":{\"name\":\"Elena Rodr\u00edguez\",\"@id\":\"https:\/\/21panorama.com\/#\/schema\/person\/5bf7405d8d4b4a2a7376dbca70e20f51\"},\"headline\":\"ADOPTAR PLANES ESTRAT\u00c9GICOS PARA ATENDER INUNDACIONES\",\"datePublished\":\"2021-05-06T15:14:37+00:00\",\"dateModified\":\"2021-05-06T15:14:38+00:00\",\"mainEntityOfPage\":{\"@id\":\"https:\/\/21panorama.com\/index.php\/2021\/05\/06\/adoptar-planes-estrategicos-para-atender-inundaciones\/\"},\"wordCount\":369,\"commentCount\":0,\"publisher\":{\"@id\":\"https:\/\/21panorama.com\/#organization\"},\"image\":{\"@id\":\"https:\/\/21panorama.com\/index.php\/2021\/05\/06\/adoptar-planes-estrategicos-para-atender-inundaciones\/#primaryimage\"},\"thumbnailUrl\":\"https:\/\/21panorama.com\/wp-content\/uploads\/2021\/05\/WhatsApp-Image-2021-05-05-at-5.39.04-PM.jpeg\",\"keywords\":[\"Ana Mu\u00f1iz\",\"San Mateo Atenco\",\"Va por el Estado de M\u00e9xico\"],\"articleSection\":[\"Sociedad\"],\"inLanguage\":\"es\",\"potentialAction\":[{\"@type\":\"CommentAction\",\"name\":\"Comment\",\"target\":[\"https:\/\/21panorama.com\/index.php\/2021\/05\/06\/adoptar-planes-estrategicos-para-atender-inundaciones\/#respond\"]}]},{\"@type\":\"WebPage\",\"@id\":\"https:\/\/21panorama.com\/index.php\/2021\/05\/06\/adoptar-planes-estrategicos-para-atender-inundaciones\/\",\"url\":\"https:\/\/21panorama.com\/index.php\/2021\/05\/06\/adoptar-planes-estrategicos-para-atender-inundaciones\/\",\"name\":\"ADOPTAR PLANES ESTRAT\u00c9GICOS PARA ATENDER INUNDACIONES - 21 Panorama\",\"isPartOf\":{\"@id\":\"https:\/\/21panorama.com\/#website\"},\"primaryImageOfPage\":{\"@id\":\"https:\/\/21panorama.com\/index.php\/2021\/05\/06\/adoptar-planes-estrategicos-para-atender-inundaciones\/#primaryimage\"},\"image\":{\"@id\":\"https:\/\/21panorama.com\/index.php\/2021\/05\/06\/adoptar-planes-estrategicos-para-atender-inundaciones\/#primaryimage\"},\"thumbnailUrl\":\"https:\/\/21panorama.com\/wp-content\/uploads\/2021\/05\/WhatsApp-Image-2021-05-05-at-5.39.04-PM.jpeg\",\"datePublished\":\"2021-05-06T15:14:37+00:00\",\"dateModified\":\"2021-05-06T15:14:38+00:00\",\"breadcrumb\":{\"@id\":\"https:\/\/21panorama.com\/index.php\/2021\/05\/06\/adoptar-planes-estrategicos-para-atender-inundaciones\/#breadcrumb\"},\"inLanguage\":\"es\",\"potentialAction\":[{\"@type\":\"ReadAction\",\"target\":[\"https:\/\/21panorama.com\/index.php\/2021\/05\/06\/adoptar-planes-estrategicos-para-atender-inundaciones\/\"]}]},{\"@type\":\"ImageObject\",\"inLanguage\":\"es\",\"@id\":\"https:\/\/21panorama.com\/index.php\/2021\/05\/06\/adoptar-planes-estrategicos-para-atender-inundaciones\/#primaryimage\",\"url\":\"https:\/\/21panorama.com\/wp-content\/uploads\/2021\/05\/WhatsApp-Image-2021-05-05-at-5.39.04-PM.jpeg\",\"contentUrl\":\"https:\/\/21panorama.com\/wp-content\/uploads\/2021\/05\/WhatsApp-Image-2021-05-05-at-5.39.04-PM.jpeg\",\"width\":1067,\"height\":1600},{\"@type\":\"BreadcrumbList\",\"@id\":\"https:\/\/21panorama.com\/index.php\/2021\/05\/06\/adoptar-planes-estrategicos-para-atender-inundaciones\/#breadcrumb\",\"itemListElement\":[{\"@type\":\"ListItem\",\"position\":1,\"name\":\"Inicio\",\"item\":\"https:\/\/21panorama.com\/\"},{\"@type\":\"ListItem\",\"position\":2,\"name\":\"ADOPTAR PLANES ESTRAT\u00c9GICOS PARA ATENDER INUNDACIONES\"}]},{\"@type\":\"WebSite\",\"@id\":\"https:\/\/21panorama.com\/#website\",\"url\":\"https:\/\/21panorama.com\/\",\"name\":\"21 Panorama\",\"description\":\"La construcci\u00f3n de la opini\u00f3n p\u00fablica merece un mejor Panorama en este siglo 21 para alcanzar una sociedad con mayor transparencia y sin corrupci\u00f3n.\",\"publisher\":{\"@id\":\"https:\/\/21panorama.com\/#organization\"},\"potentialAction\":[{\"@type\":\"SearchAction\",\"target\":{\"@type\":\"EntryPoint\",\"urlTemplate\":\"https:\/\/21panorama.com\/?s={search_term_string}\"},\"query-input\":{\"@type\":\"PropertyValueSpecification\",\"valueRequired\":true,\"valueName\":\"search_term_string\"}}],\"inLanguage\":\"es\"},{\"@type\":\"Organization\",\"@id\":\"https:\/\/21panorama.com\/#organization\",\"name\":\"21 Panorama\",\"url\":\"https:\/\/21panorama.com\/\",\"logo\":{\"@type\":\"ImageObject\",\"inLanguage\":\"es\",\"@id\":\"https:\/\/21panorama.com\/#\/schema\/logo\/image\/\",\"url\":\"https:\/\/21panorama.com\/wp-content\/uploads\/2019\/07\/cropped-Logo-Panorama-01.jpeg\",\"contentUrl\":\"https:\/\/21panorama.com\/wp-content\/uploads\/2019\/07\/cropped-Logo-Panorama-01.jpeg\",\"width\":290,\"height\":70,\"caption\":\"21 Panorama\"},\"image\":{\"@id\":\"https:\/\/21panorama.com\/#\/schema\/logo\/image\/\"}},{\"@type\":\"Person\",\"@id\":\"https:\/\/21panorama.com\/#\/schema\/person\/5bf7405d8d4b4a2a7376dbca70e20f51\",\"name\":\"Elena Rodr\u00edguez\",\"image\":{\"@type\":\"ImageObject\",\"inLanguage\":\"es\",\"@id\":\"https:\/\/21panorama.com\/#\/schema\/person\/image\/\",\"url\":\"https:\/\/secure.gravatar.com\/avatar\/13aae9944ab2ee472a9e407c9487fdbd03b049abaa559af32fe5dbcf615c981b?s=96&d=mm&r=g\",\"contentUrl\":\"https:\/\/secure.gravatar.com\/avatar\/13aae9944ab2ee472a9e407c9487fdbd03b049abaa559af32fe5dbcf615c981b?s=96&d=mm&r=g\",\"caption\":\"Elena Rodr\u00edguez\"},\"url\":\"https:\/\/21panorama.com\/index.php\/author\/elenarodriguez\/\"}]}<\/script>\n<!-- \/ Yoast SEO plugin. -->","yoast_head_json":{"title":"ADOPTAR PLANES ESTRAT\u00c9GICOS PARA ATENDER INUNDACIONES - 21 Panorama","robots":{"index":"index","follow":"follow","max-snippet":"max-snippet:-1","max-image-preview":"max-image-preview:large","max-video-preview":"max-video-preview:-1"},"canonical":"https:\/\/21panorama.com\/index.php\/2021\/05\/06\/adoptar-planes-estrategicos-para-atender-inundaciones\/","og_locale":"es_MX","og_type":"article","og_title":"ADOPTAR PLANES ESTRAT\u00c9GICOS PARA ATENDER INUNDACIONES - 21 Panorama","og_description":"La candidata por la coalici\u00f3n \u201cVa por el Estado de M\u00e9xico\u201d, sostuvo la mitad de los 12.5 kil\u00f3metros cuadrados que tiene de superficie el municipio de San Mateo Atenco es susceptible a inundaciones en la temporada de lluvias.","og_url":"https:\/\/21panorama.com\/index.php\/2021\/05\/06\/adoptar-planes-estrategicos-para-atender-inundaciones\/","og_site_name":"21 Panorama","article_published_time":"2021-05-06T15:14:37+00:00","article_modified_time":"2021-05-06T15:14:38+00:00","og_image":[{"width":1067,"height":1600,"url":"https:\/\/21panorama.com\/wp-content\/uploads\/2021\/05\/WhatsApp-Image-2021-05-05-at-5.39.04-PM.jpeg","type":"image\/jpeg"}],"author":"Elena Rodr\u00edguez","twitter_card":"summary_large_image","twitter_misc":{"Escrito por":"Elena Rodr\u00edguez","Tiempo de lectura":"2 minutos"},"schema":{"@context":"https:\/\/schema.org","@graph":[{"@type":"Article","@id":"https:\/\/21panorama.com\/index.php\/2021\/05\/06\/adoptar-planes-estrategicos-para-atender-inundaciones\/#article","isPartOf":{"@id":"https:\/\/21panorama.com\/index.php\/2021\/05\/06\/adoptar-planes-estrategicos-para-atender-inundaciones\/"},"author":{"name":"Elena Rodr\u00edguez","@id":"https:\/\/21panorama.com\/#\/schema\/person\/5bf7405d8d4b4a2a7376dbca70e20f51"},"headline":"ADOPTAR PLANES ESTRAT\u00c9GICOS PARA ATENDER INUNDACIONES","datePublished":"2021-05-06T15:14:37+00:00","dateModified":"2021-05-06T15:14:38+00:00","mainEntityOfPage":{"@id":"https:\/\/21panorama.com\/index.php\/2021\/05\/06\/adoptar-planes-estrategicos-para-atender-inundaciones\/"},"wordCount":369,"commentCount":0,"publisher":{"@id":"https:\/\/21panorama.com\/#organization"},"image":{"@id":"https:\/\/21panorama.com\/index.php\/2021\/05\/06\/adoptar-planes-estrategicos-para-atender-inundaciones\/#primaryimage"},"thumbnailUrl":"https:\/\/21panorama.com\/wp-content\/uploads\/2021\/05\/WhatsApp-Image-2021-05-05-at-5.39.04-PM.jpeg","keywords":["Ana Mu\u00f1iz","San Mateo Atenco","Va por el Estado de M\u00e9xico"],"articleSection":["Sociedad"],"inLanguage":"es","potentialAction":[{"@type":"CommentAction","name":"Comment","target":["https:\/\/21panorama.com\/index.php\/2021\/05\/06\/adoptar-planes-estrategicos-para-atender-inundaciones\/#respond"]}]},{"@type":"WebPage","@id":"https:\/\/21panorama.com\/index.php\/2021\/05\/06\/adoptar-planes-estrategicos-para-atender-inundaciones\/","url":"https:\/\/21panorama.com\/index.php\/2021\/05\/06\/adoptar-planes-estrategicos-para-atender-inundaciones\/","name":"ADOPTAR PLANES ESTRAT\u00c9GICOS PARA ATENDER INUNDACIONES - 21 Panorama","isPartOf":{"@id":"https:\/\/21panorama.com\/#website"},"primaryImageOfPage":{"@id":"https:\/\/21panorama.com\/index.php\/2021\/05\/06\/adoptar-planes-estrategicos-para-atender-inundaciones\/#primaryimage"},"image":{"@id":"https:\/\/21panorama.com\/index.php\/2021\/05\/06\/adoptar-planes-estrategicos-para-atender-inundaciones\/#primaryimage"},"thumbnailUrl":"https:\/\/21panorama.com\/wp-content\/uploads\/2021\/05\/WhatsApp-Image-2021-05-05-at-5.39.04-PM.jpeg","datePublished":"2021-05-06T15:14:37+00:00","dateModified":"2021-05-06T15:14:38+00:00","breadcrumb":{"@id":"https:\/\/21panorama.com\/index.php\/2021\/05\/06\/adoptar-planes-estrategicos-para-atender-inundaciones\/#breadcrumb"},"inLanguage":"es","potentialAction":[{"@type":"ReadAction","target":["https:\/\/21panorama.com\/index.php\/2021\/05\/06\/adoptar-planes-estrategicos-para-atender-inundaciones\/"]}]},{"@type":"ImageObject","inLanguage":"es","@id":"https:\/\/21panorama.com\/index.php\/2021\/05\/06\/adoptar-planes-estrategicos-para-atender-inundaciones\/#primaryimage","url":"https:\/\/21panorama.com\/wp-content\/uploads\/2021\/05\/WhatsApp-Image-2021-05-05-at-5.39.04-PM.jpeg","contentUrl":"https:\/\/21panorama.com\/wp-content\/uploads\/2021\/05\/WhatsApp-Image-2021-05-05-at-5.39.04-PM.jpeg","width":1067,"height":1600},{"@type":"BreadcrumbList","@id":"https:\/\/21panorama.com\/index.php\/2021\/05\/06\/adoptar-planes-estrategicos-para-atender-inundaciones\/#breadcrumb","itemListElement":[{"@type":"ListItem","position":1,"name":"Inicio","item":"https:\/\/21panorama.com\/"},{"@type":"ListItem","position":2,"name":"ADOPTAR PLANES ESTRAT\u00c9GICOS PARA ATENDER INUNDACIONES"}]},{"@type":"WebSite","@id":"https:\/\/21panorama.com\/#website","url":"https:\/\/21panorama.com\/","name":"21 Panorama","description":"La construcci\u00f3n de la opini\u00f3n p\u00fablica merece un mejor Panorama en este siglo 21 para alcanzar una sociedad con mayor transparencia y sin corrupci\u00f3n.","publisher":{"@id":"https:\/\/21panorama.com\/#organization"},"potentialAction":[{"@type":"SearchAction","target":{"@type":"EntryPoint","urlTemplate":"https:\/\/21panorama.com\/?s={search_term_string}"},"query-input":{"@type":"PropertyValueSpecification","valueRequired":true,"valueName":"search_term_string"}}],"inLanguage":"es"},{"@type":"Organization","@id":"https:\/\/21panorama.com\/#organization","name":"21 Panorama","url":"https:\/\/21panorama.com\/","logo":{"@type":"ImageObject","inLanguage":"es","@id":"https:\/\/21panorama.com\/#\/schema\/logo\/image\/","url":"https:\/\/21panorama.com\/wp-content\/uploads\/2019\/07\/cropped-Logo-Panorama-01.jpeg","contentUrl":"https:\/\/21panorama.com\/wp-content\/uploads\/2019\/07\/cropped-Logo-Panorama-01.jpeg","width":290,"height":70,"caption":"21 Panorama"},"image":{"@id":"https:\/\/21panorama.com\/#\/schema\/logo\/image\/"}},{"@type":"Person","@id":"https:\/\/21panorama.com\/#\/schema\/person\/5bf7405d8d4b4a2a7376dbca70e20f51","name":"Elena Rodr\u00edguez","image":{"@type":"ImageObject","inLanguage":"es","@id":"https:\/\/21panorama.com\/#\/schema\/person\/image\/","url":"https:\/\/secure.gravatar.com\/avatar\/13aae9944ab2ee472a9e407c9487fdbd03b049abaa559af32fe5dbcf615c981b?s=96&d=mm&r=g","contentUrl":"https:\/\/secure.gravatar.com\/avatar\/13aae9944ab2ee472a9e407c9487fdbd03b049abaa559af32fe5dbcf615c981b?s=96&d=mm&r=g","caption":"Elena Rodr\u00edguez"},"url":"https:\/\/21panorama.com\/index.php\/author\/elenarodriguez\/"}]}},"_links":{"self":[{"href":"https:\/\/21panorama.com\/index.php\/wp-json\/wp\/v2\/posts\/811","targetHints":{"allow":["GET"]}}],"collection":[{"href":"https:\/\/21panorama.com\/index.php\/wp-json\/wp\/v2\/posts"}],"about":[{"href":"https:\/\/21panorama.com\/index.php\/wp-json\/wp\/v2\/types\/post"}],"author":[{"embeddable":true,"href":"https:\/\/21panorama.com\/index.php\/wp-json\/wp\/v2\/users\/2"}],"replies":[{"embeddable":true,"href":"https:\/\/21panorama.com\/index.php\/wp-json\/wp\/v2\/comments?post=811"}],"version-history":[{"count":1,"href":"https:\/\/21panorama.com\/index.php\/wp-json\/wp\/v2\/posts\/811\/revisions"}],"predecessor-version":[{"id":814,"href":"https:\/\/21panorama.com\/index.php\/wp-json\/wp\/v2\/posts\/811\/revisions\/814"}],"wp:featuredmedia":[{"embeddable":true,"href":"https:\/\/21panorama.com\/index.php\/wp-json\/wp\/v2\/media\/813"}],"wp:attachment":[{"href":"https:\/\/21panorama.com\/index.php\/wp-json\/wp\/v2\/media?parent=811"}],"wp:term":[{"taxonomy":"category","embeddable":true,"href":"https:\/\/21panorama.com\/index.php\/wp-json\/wp\/v2\/categories?post=811"},{"taxonomy":"post_tag","embeddable":true,"href":"https:\/\/21panorama.com\/index.php\/wp-json\/wp\/v2\/tags?post=811"}],"curies":[{"name":"wp","href":"https:\/\/api.w.org\/{rel}","templated":true}]}}