{"id":784,"date":"2021-05-01T18:28:42","date_gmt":"2021-05-01T23:28:42","guid":{"rendered":"http:\/\/21panorama.com\/?p=784"},"modified":"2021-05-01T18:28:43","modified_gmt":"2021-05-01T23:28:43","slug":"temascalcingo-debe-recuperar-su-lugar-en-la-historia-pepe-reyes","status":"publish","type":"post","link":"https:\/\/21panorama.com\/index.php\/2021\/05\/01\/temascalcingo-debe-recuperar-su-lugar-en-la-historia-pepe-reyes\/","title":{"rendered":"TEMASCALCINGO DEBE RECUPERAR SU LUGAR EN LA HISTORIA: PEPE REYES"},"content":{"rendered":"\n<p>Al convocar a su pueblo para recuperar el terreno perdido en materia de salud y de servicios p\u00fablicos, el candidato a la presidencia municipal de Temascalcingo por el Partido Verde, Jos\u00e9 Ram\u00f3n Reyes Rivera, lament\u00f3 que sus adversarios pol\u00edticos piensen que con una despensa o d\u00e1diva van a quedar tres a\u00f1os m\u00e1s en el gobierno.<\/p>\n\n\n\n<p>No los voy a defraudar porque cumplir\u00e9 con mis promesas y el municipio \u201cse pintar\u00e1 de verde\u201d, exclam\u00f3 el lider mazahua al enfatizar que es incorrecto que los adversarios utilicen los programas sociales para lucrar con el voto.<\/p>\n\n\n\n<p>Nuestra gente ha despertado, destac\u00f3 Reyes Rivera, quien pidi\u00f3 a la gente que \u201cagarren todo lo que les dan pero voten por el tuc\u00e1n\u201d.<\/p>\n\n\n\n<p>Otros adversarios -dijo- se sienten fortalecidos por su alianza, sin embargo las personas que est\u00e1n en esas planillas son las que siempre han traicionado al pueblo.<\/p>\n\n\n\n<p>\u201cNo llegar\u00e1n personas insensibles a lucrar con las necesidades de la gente\u201d, a\u00f1adi\u00f3 Reyes Rivera al afirmar que en su administraci\u00f3n establecer\u00e1 una pol\u00edtica de resultados.<\/p>\n\n\n\n<p>Habr\u00e1 una pol\u00edtica diferente , \u201cno estamos de rodillas tenemos ganas de mejorar las condiciones del Municipio\u201d, puntualiz\u00f3 Pepe Reyes, quien fue arropado por el dirigente del Partido Verde, Pepe Couttolenc.<\/p>\n\n\n\n<p>\u201cTengo el firme prop\u00f3sito de que las familias est\u00e9n mejor, pues como ustedes yo tengo la universidad de la vida que es m\u00e1s dura, dinero lavador de autom\u00f3viles en paraderos, panadero o<br>siendo ni\u00f1o de la calle y me siento orgulloso de ser quien tiene la confianza de ustedes\u201d, apunt\u00f3.<\/p>\n\n\n\n<p>Soy producto del esfuerzo y la vida misma me estaba preparando para tomar una responsabilidad p\u00fablica<\/p>\n\n\n\n<p>Habr\u00e1 -propuso- atenci\u00f3n a las mujeres que son el pilar fuerte de las familias; importante ser\u00e1 la atenci\u00f3n al campo para que Temascalcingo vuelva a ser el granero del Estado de M\u00e9xico.<\/p>\n\n\n\n<p>\u201cM\u00e1s espacios deportivos para la salud f\u00edsica y mental e Internet gratis, adem\u00e1s de Seguridad p\u00fablica con respuesta d auxilio m\u00e1s inmediata\u201d, propuso.<\/p>\n\n\n\n<p>Tambi\u00e9n impulsar\u00e1 una cl\u00ednica de salud de presencia m\u00e9dica permanente y se har\u00e1 debida gesti\u00f3n para que los centros de salud tengan abasto m\u00e9dico pues no es posible que los pacientes compren el algod\u00f3n y las jeringas.<\/p>\n","protected":false},"excerpt":{"rendered":"<p>\u201cTengo el firme prop\u00f3sito de que las familias est\u00e9n mejor, pues como ustedes yo tengo la universidad de la vida que es m\u00e1s dura, dinero lavador de autom\u00f3viles en paraderos, panadero o<br \/>\nsiendo ni\u00f1o de la calle y me siento orgulloso de ser quien tiene la confianza de ustedes\u201d, apunt\u00f3.<\/p>\n","protected":false},"author":1,"featured_media":785,"comment_status":"open","ping_status":"open","sticky":false,"template":"","format":"standard","meta":{"footnotes":""},"categories":[12,1],"tags":[58,21],"class_list":["post-784","post","type-post","status-publish","format-standard","has-post-thumbnail","hentry","category-politica","category-sociedad","tag-pepe-reyes","tag-temascalcingo"],"yoast_head":"<!-- This site is optimized with the Yoast SEO plugin v24.9 - https:\/\/yoast.com\/wordpress\/plugins\/seo\/ -->\n<title>TEMASCALCINGO DEBE RECUPERAR SU LUGAR EN LA HISTORIA: PEPE REYES - 21 Panorama<\/title>\n<meta name=\"robots\" content=\"index, follow, max-snippet:-1, max-image-preview:large, max-video-preview:-1\" \/>\n<link rel=\"canonical\" href=\"https:\/\/21panorama.com\/index.php\/2021\/05\/01\/temascalcingo-debe-recuperar-su-lugar-en-la-historia-pepe-reyes\/\" \/>\n<meta property=\"og:locale\" content=\"es_MX\" \/>\n<meta property=\"og:type\" content=\"article\" \/>\n<meta property=\"og:title\" content=\"TEMASCALCINGO DEBE RECUPERAR SU LUGAR EN LA HISTORIA: PEPE REYES - 21 Panorama\" \/>\n<meta property=\"og:description\" content=\"\u201cTengo el firme prop\u00f3sito de que las familias est\u00e9n mejor, pues como ustedes yo tengo la universidad de la vida que es m\u00e1s dura, dinero lavador de autom\u00f3viles en paraderos, panadero o siendo ni\u00f1o de la calle y me siento orgulloso de ser quien tiene la confianza de ustedes\u201d, apunt\u00f3.\" \/>\n<meta property=\"og:url\" content=\"https:\/\/21panorama.com\/index.php\/2021\/05\/01\/temascalcingo-debe-recuperar-su-lugar-en-la-historia-pepe-reyes\/\" \/>\n<meta property=\"og:site_name\" content=\"21 Panorama\" \/>\n<meta property=\"article:published_time\" content=\"2021-05-01T23:28:42+00:00\" \/>\n<meta property=\"article:modified_time\" content=\"2021-05-01T23:28:43+00:00\" \/>\n<meta property=\"og:image\" content=\"https:\/\/21panorama.com\/wp-content\/uploads\/2021\/05\/3B955712-AC32-411F-92B0-71E445291784.jpeg\" \/>\n\t<meta property=\"og:image:width\" content=\"1280\" \/>\n\t<meta property=\"og:image:height\" content=\"960\" \/>\n\t<meta property=\"og:image:type\" content=\"image\/jpeg\" \/>\n<meta name=\"author\" content=\"admin\" \/>\n<meta name=\"twitter:card\" content=\"summary_large_image\" \/>\n<meta name=\"twitter:label1\" content=\"Escrito por\" \/>\n\t<meta name=\"twitter:data1\" content=\"admin\" \/>\n\t<meta name=\"twitter:label2\" content=\"Tiempo de lectura\" \/>\n\t<meta name=\"twitter:data2\" content=\"2 minutos\" \/>\n<script type=\"application\/ld+json\" class=\"yoast-schema-graph\">{\"@context\":\"https:\/\/schema.org\",\"@graph\":[{\"@type\":\"Article\",\"@id\":\"https:\/\/21panorama.com\/index.php\/2021\/05\/01\/temascalcingo-debe-recuperar-su-lugar-en-la-historia-pepe-reyes\/#article\",\"isPartOf\":{\"@id\":\"https:\/\/21panorama.com\/index.php\/2021\/05\/01\/temascalcingo-debe-recuperar-su-lugar-en-la-historia-pepe-reyes\/\"},\"author\":{\"name\":\"admin\",\"@id\":\"https:\/\/21panorama.com\/#\/schema\/person\/1afc291b96d5792a158768324287319f\"},\"headline\":\"TEMASCALCINGO DEBE RECUPERAR SU LUGAR EN LA HISTORIA: PEPE REYES\",\"datePublished\":\"2021-05-01T23:28:42+00:00\",\"dateModified\":\"2021-05-01T23:28:43+00:00\",\"mainEntityOfPage\":{\"@id\":\"https:\/\/21panorama.com\/index.php\/2021\/05\/01\/temascalcingo-debe-recuperar-su-lugar-en-la-historia-pepe-reyes\/\"},\"wordCount\":399,\"commentCount\":0,\"publisher\":{\"@id\":\"https:\/\/21panorama.com\/#organization\"},\"image\":{\"@id\":\"https:\/\/21panorama.com\/index.php\/2021\/05\/01\/temascalcingo-debe-recuperar-su-lugar-en-la-historia-pepe-reyes\/#primaryimage\"},\"thumbnailUrl\":\"https:\/\/21panorama.com\/wp-content\/uploads\/2021\/05\/3B955712-AC32-411F-92B0-71E445291784.jpeg\",\"keywords\":[\"Pepe Reyes\",\"Temascalcingo\"],\"articleSection\":[\"Politica\",\"Sociedad\"],\"inLanguage\":\"es\",\"potentialAction\":[{\"@type\":\"CommentAction\",\"name\":\"Comment\",\"target\":[\"https:\/\/21panorama.com\/index.php\/2021\/05\/01\/temascalcingo-debe-recuperar-su-lugar-en-la-historia-pepe-reyes\/#respond\"]}]},{\"@type\":\"WebPage\",\"@id\":\"https:\/\/21panorama.com\/index.php\/2021\/05\/01\/temascalcingo-debe-recuperar-su-lugar-en-la-historia-pepe-reyes\/\",\"url\":\"https:\/\/21panorama.com\/index.php\/2021\/05\/01\/temascalcingo-debe-recuperar-su-lugar-en-la-historia-pepe-reyes\/\",\"name\":\"TEMASCALCINGO DEBE RECUPERAR SU LUGAR EN LA HISTORIA: PEPE REYES - 21 Panorama\",\"isPartOf\":{\"@id\":\"https:\/\/21panorama.com\/#website\"},\"primaryImageOfPage\":{\"@id\":\"https:\/\/21panorama.com\/index.php\/2021\/05\/01\/temascalcingo-debe-recuperar-su-lugar-en-la-historia-pepe-reyes\/#primaryimage\"},\"image\":{\"@id\":\"https:\/\/21panorama.com\/index.php\/2021\/05\/01\/temascalcingo-debe-recuperar-su-lugar-en-la-historia-pepe-reyes\/#primaryimage\"},\"thumbnailUrl\":\"https:\/\/21panorama.com\/wp-content\/uploads\/2021\/05\/3B955712-AC32-411F-92B0-71E445291784.jpeg\",\"datePublished\":\"2021-05-01T23:28:42+00:00\",\"dateModified\":\"2021-05-01T23:28:43+00:00\",\"breadcrumb\":{\"@id\":\"https:\/\/21panorama.com\/index.php\/2021\/05\/01\/temascalcingo-debe-recuperar-su-lugar-en-la-historia-pepe-reyes\/#breadcrumb\"},\"inLanguage\":\"es\",\"potentialAction\":[{\"@type\":\"ReadAction\",\"target\":[\"https:\/\/21panorama.com\/index.php\/2021\/05\/01\/temascalcingo-debe-recuperar-su-lugar-en-la-historia-pepe-reyes\/\"]}]},{\"@type\":\"ImageObject\",\"inLanguage\":\"es\",\"@id\":\"https:\/\/21panorama.com\/index.php\/2021\/05\/01\/temascalcingo-debe-recuperar-su-lugar-en-la-historia-pepe-reyes\/#primaryimage\",\"url\":\"https:\/\/21panorama.com\/wp-content\/uploads\/2021\/05\/3B955712-AC32-411F-92B0-71E445291784.jpeg\",\"contentUrl\":\"https:\/\/21panorama.com\/wp-content\/uploads\/2021\/05\/3B955712-AC32-411F-92B0-71E445291784.jpeg\",\"width\":1280,\"height\":960},{\"@type\":\"BreadcrumbList\",\"@id\":\"https:\/\/21panorama.com\/index.php\/2021\/05\/01\/temascalcingo-debe-recuperar-su-lugar-en-la-historia-pepe-reyes\/#breadcrumb\",\"itemListElement\":[{\"@type\":\"ListItem\",\"position\":1,\"name\":\"Inicio\",\"item\":\"https:\/\/21panorama.com\/\"},{\"@type\":\"ListItem\",\"position\":2,\"name\":\"TEMASCALCINGO DEBE RECUPERAR SU LUGAR EN LA HISTORIA: PEPE REYES\"}]},{\"@type\":\"WebSite\",\"@id\":\"https:\/\/21panorama.com\/#website\",\"url\":\"https:\/\/21panorama.com\/\",\"name\":\"21 Panorama\",\"description\":\"La construcci\u00f3n de la opini\u00f3n p\u00fablica merece un mejor Panorama en este siglo 21 para alcanzar una sociedad con mayor transparencia y sin corrupci\u00f3n.\",\"publisher\":{\"@id\":\"https:\/\/21panorama.com\/#organization\"},\"potentialAction\":[{\"@type\":\"SearchAction\",\"target\":{\"@type\":\"EntryPoint\",\"urlTemplate\":\"https:\/\/21panorama.com\/?s={search_term_string}\"},\"query-input\":{\"@type\":\"PropertyValueSpecification\",\"valueRequired\":true,\"valueName\":\"search_term_string\"}}],\"inLanguage\":\"es\"},{\"@type\":\"Organization\",\"@id\":\"https:\/\/21panorama.com\/#organization\",\"name\":\"21 Panorama\",\"url\":\"https:\/\/21panorama.com\/\",\"logo\":{\"@type\":\"ImageObject\",\"inLanguage\":\"es\",\"@id\":\"https:\/\/21panorama.com\/#\/schema\/logo\/image\/\",\"url\":\"https:\/\/21panorama.com\/wp-content\/uploads\/2019\/07\/cropped-Logo-Panorama-01.jpeg\",\"contentUrl\":\"https:\/\/21panorama.com\/wp-content\/uploads\/2019\/07\/cropped-Logo-Panorama-01.jpeg\",\"width\":290,\"height\":70,\"caption\":\"21 Panorama\"},\"image\":{\"@id\":\"https:\/\/21panorama.com\/#\/schema\/logo\/image\/\"}},{\"@type\":\"Person\",\"@id\":\"https:\/\/21panorama.com\/#\/schema\/person\/1afc291b96d5792a158768324287319f\",\"name\":\"admin\",\"image\":{\"@type\":\"ImageObject\",\"inLanguage\":\"es\",\"@id\":\"https:\/\/21panorama.com\/#\/schema\/person\/image\/\",\"url\":\"https:\/\/secure.gravatar.com\/avatar\/ad365d9d9f46719215b0d042cc3df92a5a8683e09ef13d102233e5491985f0f0?s=96&d=mm&r=g\",\"contentUrl\":\"https:\/\/secure.gravatar.com\/avatar\/ad365d9d9f46719215b0d042cc3df92a5a8683e09ef13d102233e5491985f0f0?s=96&d=mm&r=g\",\"caption\":\"admin\"},\"url\":\"https:\/\/21panorama.com\/index.php\/author\/admin\/\"}]}<\/script>\n<!-- \/ Yoast SEO plugin. -->","yoast_head_json":{"title":"TEMASCALCINGO DEBE RECUPERAR SU LUGAR EN LA HISTORIA: PEPE REYES - 21 Panorama","robots":{"index":"index","follow":"follow","max-snippet":"max-snippet:-1","max-image-preview":"max-image-preview:large","max-video-preview":"max-video-preview:-1"},"canonical":"https:\/\/21panorama.com\/index.php\/2021\/05\/01\/temascalcingo-debe-recuperar-su-lugar-en-la-historia-pepe-reyes\/","og_locale":"es_MX","og_type":"article","og_title":"TEMASCALCINGO DEBE RECUPERAR SU LUGAR EN LA HISTORIA: PEPE REYES - 21 Panorama","og_description":"\u201cTengo el firme prop\u00f3sito de que las familias est\u00e9n mejor, pues como ustedes yo tengo la universidad de la vida que es m\u00e1s dura, dinero lavador de autom\u00f3viles en paraderos, panadero o siendo ni\u00f1o de la calle y me siento orgulloso de ser quien tiene la confianza de ustedes\u201d, apunt\u00f3.","og_url":"https:\/\/21panorama.com\/index.php\/2021\/05\/01\/temascalcingo-debe-recuperar-su-lugar-en-la-historia-pepe-reyes\/","og_site_name":"21 Panorama","article_published_time":"2021-05-01T23:28:42+00:00","article_modified_time":"2021-05-01T23:28:43+00:00","og_image":[{"width":1280,"height":960,"url":"https:\/\/21panorama.com\/wp-content\/uploads\/2021\/05\/3B955712-AC32-411F-92B0-71E445291784.jpeg","type":"image\/jpeg"}],"author":"admin","twitter_card":"summary_large_image","twitter_misc":{"Escrito por":"admin","Tiempo de lectura":"2 minutos"},"schema":{"@context":"https:\/\/schema.org","@graph":[{"@type":"Article","@id":"https:\/\/21panorama.com\/index.php\/2021\/05\/01\/temascalcingo-debe-recuperar-su-lugar-en-la-historia-pepe-reyes\/#article","isPartOf":{"@id":"https:\/\/21panorama.com\/index.php\/2021\/05\/01\/temascalcingo-debe-recuperar-su-lugar-en-la-historia-pepe-reyes\/"},"author":{"name":"admin","@id":"https:\/\/21panorama.com\/#\/schema\/person\/1afc291b96d5792a158768324287319f"},"headline":"TEMASCALCINGO DEBE RECUPERAR SU LUGAR EN LA HISTORIA: PEPE REYES","datePublished":"2021-05-01T23:28:42+00:00","dateModified":"2021-05-01T23:28:43+00:00","mainEntityOfPage":{"@id":"https:\/\/21panorama.com\/index.php\/2021\/05\/01\/temascalcingo-debe-recuperar-su-lugar-en-la-historia-pepe-reyes\/"},"wordCount":399,"commentCount":0,"publisher":{"@id":"https:\/\/21panorama.com\/#organization"},"image":{"@id":"https:\/\/21panorama.com\/index.php\/2021\/05\/01\/temascalcingo-debe-recuperar-su-lugar-en-la-historia-pepe-reyes\/#primaryimage"},"thumbnailUrl":"https:\/\/21panorama.com\/wp-content\/uploads\/2021\/05\/3B955712-AC32-411F-92B0-71E445291784.jpeg","keywords":["Pepe Reyes","Temascalcingo"],"articleSection":["Politica","Sociedad"],"inLanguage":"es","potentialAction":[{"@type":"CommentAction","name":"Comment","target":["https:\/\/21panorama.com\/index.php\/2021\/05\/01\/temascalcingo-debe-recuperar-su-lugar-en-la-historia-pepe-reyes\/#respond"]}]},{"@type":"WebPage","@id":"https:\/\/21panorama.com\/index.php\/2021\/05\/01\/temascalcingo-debe-recuperar-su-lugar-en-la-historia-pepe-reyes\/","url":"https:\/\/21panorama.com\/index.php\/2021\/05\/01\/temascalcingo-debe-recuperar-su-lugar-en-la-historia-pepe-reyes\/","name":"TEMASCALCINGO DEBE RECUPERAR SU LUGAR EN LA HISTORIA: PEPE REYES - 21 Panorama","isPartOf":{"@id":"https:\/\/21panorama.com\/#website"},"primaryImageOfPage":{"@id":"https:\/\/21panorama.com\/index.php\/2021\/05\/01\/temascalcingo-debe-recuperar-su-lugar-en-la-historia-pepe-reyes\/#primaryimage"},"image":{"@id":"https:\/\/21panorama.com\/index.php\/2021\/05\/01\/temascalcingo-debe-recuperar-su-lugar-en-la-historia-pepe-reyes\/#primaryimage"},"thumbnailUrl":"https:\/\/21panorama.com\/wp-content\/uploads\/2021\/05\/3B955712-AC32-411F-92B0-71E445291784.jpeg","datePublished":"2021-05-01T23:28:42+00:00","dateModified":"2021-05-01T23:28:43+00:00","breadcrumb":{"@id":"https:\/\/21panorama.com\/index.php\/2021\/05\/01\/temascalcingo-debe-recuperar-su-lugar-en-la-historia-pepe-reyes\/#breadcrumb"},"inLanguage":"es","potentialAction":[{"@type":"ReadAction","target":["https:\/\/21panorama.com\/index.php\/2021\/05\/01\/temascalcingo-debe-recuperar-su-lugar-en-la-historia-pepe-reyes\/"]}]},{"@type":"ImageObject","inLanguage":"es","@id":"https:\/\/21panorama.com\/index.php\/2021\/05\/01\/temascalcingo-debe-recuperar-su-lugar-en-la-historia-pepe-reyes\/#primaryimage","url":"https:\/\/21panorama.com\/wp-content\/uploads\/2021\/05\/3B955712-AC32-411F-92B0-71E445291784.jpeg","contentUrl":"https:\/\/21panorama.com\/wp-content\/uploads\/2021\/05\/3B955712-AC32-411F-92B0-71E445291784.jpeg","width":1280,"height":960},{"@type":"BreadcrumbList","@id":"https:\/\/21panorama.com\/index.php\/2021\/05\/01\/temascalcingo-debe-recuperar-su-lugar-en-la-historia-pepe-reyes\/#breadcrumb","itemListElement":[{"@type":"ListItem","position":1,"name":"Inicio","item":"https:\/\/21panorama.com\/"},{"@type":"ListItem","position":2,"name":"TEMASCALCINGO DEBE RECUPERAR SU LUGAR EN LA HISTORIA: PEPE REYES"}]},{"@type":"WebSite","@id":"https:\/\/21panorama.com\/#website","url":"https:\/\/21panorama.com\/","name":"21 Panorama","description":"La construcci\u00f3n de la opini\u00f3n p\u00fablica merece un mejor Panorama en este siglo 21 para alcanzar una sociedad con mayor transparencia y sin corrupci\u00f3n.","publisher":{"@id":"https:\/\/21panorama.com\/#organization"},"potentialAction":[{"@type":"SearchAction","target":{"@type":"EntryPoint","urlTemplate":"https:\/\/21panorama.com\/?s={search_term_string}"},"query-input":{"@type":"PropertyValueSpecification","valueRequired":true,"valueName":"search_term_string"}}],"inLanguage":"es"},{"@type":"Organization","@id":"https:\/\/21panorama.com\/#organization","name":"21 Panorama","url":"https:\/\/21panorama.com\/","logo":{"@type":"ImageObject","inLanguage":"es","@id":"https:\/\/21panorama.com\/#\/schema\/logo\/image\/","url":"https:\/\/21panorama.com\/wp-content\/uploads\/2019\/07\/cropped-Logo-Panorama-01.jpeg","contentUrl":"https:\/\/21panorama.com\/wp-content\/uploads\/2019\/07\/cropped-Logo-Panorama-01.jpeg","width":290,"height":70,"caption":"21 Panorama"},"image":{"@id":"https:\/\/21panorama.com\/#\/schema\/logo\/image\/"}},{"@type":"Person","@id":"https:\/\/21panorama.com\/#\/schema\/person\/1afc291b96d5792a158768324287319f","name":"admin","image":{"@type":"ImageObject","inLanguage":"es","@id":"https:\/\/21panorama.com\/#\/schema\/person\/image\/","url":"https:\/\/secure.gravatar.com\/avatar\/ad365d9d9f46719215b0d042cc3df92a5a8683e09ef13d102233e5491985f0f0?s=96&d=mm&r=g","contentUrl":"https:\/\/secure.gravatar.com\/avatar\/ad365d9d9f46719215b0d042cc3df92a5a8683e09ef13d102233e5491985f0f0?s=96&d=mm&r=g","caption":"admin"},"url":"https:\/\/21panorama.com\/index.php\/author\/admin\/"}]}},"_links":{"self":[{"href":"https:\/\/21panorama.com\/index.php\/wp-json\/wp\/v2\/posts\/784","targetHints":{"allow":["GET"]}}],"collection":[{"href":"https:\/\/21panorama.com\/index.php\/wp-json\/wp\/v2\/posts"}],"about":[{"href":"https:\/\/21panorama.com\/index.php\/wp-json\/wp\/v2\/types\/post"}],"author":[{"embeddable":true,"href":"https:\/\/21panorama.com\/index.php\/wp-json\/wp\/v2\/users\/1"}],"replies":[{"embeddable":true,"href":"https:\/\/21panorama.com\/index.php\/wp-json\/wp\/v2\/comments?post=784"}],"version-history":[{"count":1,"href":"https:\/\/21panorama.com\/index.php\/wp-json\/wp\/v2\/posts\/784\/revisions"}],"predecessor-version":[{"id":786,"href":"https:\/\/21panorama.com\/index.php\/wp-json\/wp\/v2\/posts\/784\/revisions\/786"}],"wp:featuredmedia":[{"embeddable":true,"href":"https:\/\/21panorama.com\/index.php\/wp-json\/wp\/v2\/media\/785"}],"wp:attachment":[{"href":"https:\/\/21panorama.com\/index.php\/wp-json\/wp\/v2\/media?parent=784"}],"wp:term":[{"taxonomy":"category","embeddable":true,"href":"https:\/\/21panorama.com\/index.php\/wp-json\/wp\/v2\/categories?post=784"},{"taxonomy":"post_tag","embeddable":true,"href":"https:\/\/21panorama.com\/index.php\/wp-json\/wp\/v2\/tags?post=784"}],"curies":[{"name":"wp","href":"https:\/\/api.w.org\/{rel}","templated":true}]}}