{"id":772,"date":"2021-04-27T16:45:37","date_gmt":"2021-04-27T21:45:37","guid":{"rendered":"http:\/\/21panorama.com\/?p=772"},"modified":"2021-04-27T16:45:38","modified_gmt":"2021-04-27T21:45:38","slug":"destaca-diputado-marlon-martinez-rendicion-de-cuentas-del-ejecutivo-estatal","status":"publish","type":"post","link":"https:\/\/21panorama.com\/index.php\/2021\/04\/27\/destaca-diputado-marlon-martinez-rendicion-de-cuentas-del-ejecutivo-estatal\/","title":{"rendered":"DESTACA DIPUTADO MARLON MART\u00cdNEZ RENDICI\u00d3N DE CUENTAS DEL EJECUTIVO ESTATAL"},"content":{"rendered":"\n<p>La pr\u00e1ctica de la transparencia y la rendici\u00f3n de cuentas, favorece la consolidaci\u00f3n de un gobierno abierto y cercano a la ciudadan\u00eda, enfatiz\u00f3 el vicepresidente de la Junta de Coordinaci\u00f3n Pol\u00edtica del Congreso local, Marlon Mart\u00ednez Mart\u00ednez.<\/p>\n\n\n\n<p>En la entrega de la Cuenta P\u00fablica Estatal 2020 al Poder Legislativo destac\u00f3 la presencia del Secretario de Finanzas para facilitar una mejor interpretaci\u00f3n de la pol\u00edtica hacendaria y de los resultados cualitativos y cuantitativos obtenidos en ese ejercicio.<\/p>\n\n\n\n<p>El documento entregado a la Diputaci\u00f3n Permanente destaca que los ingresos totales ascendieron a 311 mil 034 millones de pesos, en 3.6 por ciento respecto al Presupuesto de Egresos y -0.9 por ciento por debajo a lo que se ejerci\u00f3 en la Cuenta P\u00fablica 2019.<\/p>\n\n\n\n<p>Los ingresos estatales crecieron 5.8 por ciento respecto a la Ley de Ingresos, y los ingresos federales se mantuvieron estables, crecieron 0.6 por ciento respecto a lo programado.<\/p>\n\n\n\n<p>El gasto total integrado del Poder Ejecutivo corresponde a 302 mil 434 millones de pesos. En cuanto al gasto corriente, ascendi\u00f3 a 163 mil 644 millones de pesos, equivalentes al 54.1 por ciento del gasto total.<\/p>\n\n\n\n<p>Por su parte, el gasto operativo registr\u00f3 una reducci\u00f3n en 22.6 por ciento real respecto a 2019, que significa un ahorro de 10 mil 778 millones de pesos.<\/p>\n\n\n\n<p>En el documento se registra un incremento del 10.9 por ciento en los recursos destinados al sector salud, y 8.3 por ciento para educaci\u00f3n respecto al presupuesto, esto representa cerca del 24 por ciento y 42 por ciento, respectivamente, del total del gasto programable.<\/p>\n\n\n\n<p>La inversi\u00f3n p\u00fablica realizada en el Estado, a trav\u00e9s de obras y acciones, ascendi\u00f3 a 24 mil 700 millones de pesos, cifra que representa 10.3 por ciento del total del gasto programable.<\/p>\n\n\n\n<p>La Cuenta P\u00fablica 2020 se integra por 13 tomos, 10 vol\u00famenes y un disco compacto que contienen informaci\u00f3n anal\u00edtica presupuestal, program\u00e1tica y contable de las dependencias y entidades del Gobierno estatal, del mismo modo, la referente a los organismos auxiliares y aut\u00f3nomos.<\/p>\n","protected":false},"excerpt":{"rendered":"<p>Los ingresos estatales crecieron 5.8 por ciento respecto a la Ley de Ingresos, y los ingresos federales se mantuvieron estables, crecieron 0.6 por ciento respecto a lo programado.<\/p>\n","protected":false},"author":1,"featured_media":773,"comment_status":"open","ping_status":"open","sticky":false,"template":"","format":"standard","meta":{"footnotes":""},"categories":[3,1],"tags":[53,52],"class_list":["post-772","post","type-post","status-publish","format-standard","has-post-thumbnail","hentry","category-ecomomia","category-sociedad","tag-lx-legislatura","tag-marlon-martinez"],"yoast_head":"<!-- This site is optimized with the Yoast SEO plugin v24.9 - https:\/\/yoast.com\/wordpress\/plugins\/seo\/ -->\n<title>DESTACA DIPUTADO MARLON MART\u00cdNEZ RENDICI\u00d3N DE CUENTAS DEL EJECUTIVO ESTATAL - 21 Panorama<\/title>\n<meta name=\"robots\" content=\"index, follow, max-snippet:-1, max-image-preview:large, max-video-preview:-1\" \/>\n<link rel=\"canonical\" href=\"https:\/\/21panorama.com\/index.php\/2021\/04\/27\/destaca-diputado-marlon-martinez-rendicion-de-cuentas-del-ejecutivo-estatal\/\" \/>\n<meta property=\"og:locale\" content=\"es_MX\" \/>\n<meta property=\"og:type\" content=\"article\" \/>\n<meta property=\"og:title\" content=\"DESTACA DIPUTADO MARLON MART\u00cdNEZ RENDICI\u00d3N DE CUENTAS DEL EJECUTIVO ESTATAL - 21 Panorama\" \/>\n<meta property=\"og:description\" content=\"Los ingresos estatales crecieron 5.8 por ciento respecto a la Ley de Ingresos, y los ingresos federales se mantuvieron estables, crecieron 0.6 por ciento respecto a lo programado.\" \/>\n<meta property=\"og:url\" content=\"https:\/\/21panorama.com\/index.php\/2021\/04\/27\/destaca-diputado-marlon-martinez-rendicion-de-cuentas-del-ejecutivo-estatal\/\" \/>\n<meta property=\"og:site_name\" content=\"21 Panorama\" \/>\n<meta property=\"article:published_time\" content=\"2021-04-27T21:45:37+00:00\" \/>\n<meta property=\"article:modified_time\" content=\"2021-04-27T21:45:38+00:00\" \/>\n<meta property=\"og:image\" content=\"https:\/\/21panorama.com\/wp-content\/uploads\/2021\/04\/WhatsApp-Image-2021-04-27-at-15.41.59-1.jpeg\" \/>\n\t<meta property=\"og:image:width\" content=\"794\" \/>\n\t<meta property=\"og:image:height\" content=\"960\" \/>\n\t<meta property=\"og:image:type\" content=\"image\/jpeg\" \/>\n<meta name=\"author\" content=\"admin\" \/>\n<meta name=\"twitter:card\" content=\"summary_large_image\" \/>\n<meta name=\"twitter:label1\" content=\"Escrito por\" \/>\n\t<meta name=\"twitter:data1\" content=\"admin\" \/>\n\t<meta name=\"twitter:label2\" content=\"Tiempo de lectura\" \/>\n\t<meta name=\"twitter:data2\" content=\"2 minutos\" \/>\n<script type=\"application\/ld+json\" class=\"yoast-schema-graph\">{\"@context\":\"https:\/\/schema.org\",\"@graph\":[{\"@type\":\"Article\",\"@id\":\"https:\/\/21panorama.com\/index.php\/2021\/04\/27\/destaca-diputado-marlon-martinez-rendicion-de-cuentas-del-ejecutivo-estatal\/#article\",\"isPartOf\":{\"@id\":\"https:\/\/21panorama.com\/index.php\/2021\/04\/27\/destaca-diputado-marlon-martinez-rendicion-de-cuentas-del-ejecutivo-estatal\/\"},\"author\":{\"name\":\"admin\",\"@id\":\"https:\/\/21panorama.com\/#\/schema\/person\/1afc291b96d5792a158768324287319f\"},\"headline\":\"DESTACA DIPUTADO MARLON MART\u00cdNEZ RENDICI\u00d3N DE CUENTAS DEL EJECUTIVO ESTATAL\",\"datePublished\":\"2021-04-27T21:45:37+00:00\",\"dateModified\":\"2021-04-27T21:45:38+00:00\",\"mainEntityOfPage\":{\"@id\":\"https:\/\/21panorama.com\/index.php\/2021\/04\/27\/destaca-diputado-marlon-martinez-rendicion-de-cuentas-del-ejecutivo-estatal\/\"},\"wordCount\":341,\"commentCount\":0,\"publisher\":{\"@id\":\"https:\/\/21panorama.com\/#organization\"},\"image\":{\"@id\":\"https:\/\/21panorama.com\/index.php\/2021\/04\/27\/destaca-diputado-marlon-martinez-rendicion-de-cuentas-del-ejecutivo-estatal\/#primaryimage\"},\"thumbnailUrl\":\"https:\/\/21panorama.com\/wp-content\/uploads\/2021\/04\/WhatsApp-Image-2021-04-27-at-15.41.59-1.jpeg\",\"keywords\":[\"LX Legislatura\",\"Marlon Mart\u00ednez\"],\"articleSection\":[\"Econom\u00eda\",\"Sociedad\"],\"inLanguage\":\"es\",\"potentialAction\":[{\"@type\":\"CommentAction\",\"name\":\"Comment\",\"target\":[\"https:\/\/21panorama.com\/index.php\/2021\/04\/27\/destaca-diputado-marlon-martinez-rendicion-de-cuentas-del-ejecutivo-estatal\/#respond\"]}]},{\"@type\":\"WebPage\",\"@id\":\"https:\/\/21panorama.com\/index.php\/2021\/04\/27\/destaca-diputado-marlon-martinez-rendicion-de-cuentas-del-ejecutivo-estatal\/\",\"url\":\"https:\/\/21panorama.com\/index.php\/2021\/04\/27\/destaca-diputado-marlon-martinez-rendicion-de-cuentas-del-ejecutivo-estatal\/\",\"name\":\"DESTACA DIPUTADO MARLON MART\u00cdNEZ RENDICI\u00d3N DE CUENTAS DEL EJECUTIVO ESTATAL - 21 Panorama\",\"isPartOf\":{\"@id\":\"https:\/\/21panorama.com\/#website\"},\"primaryImageOfPage\":{\"@id\":\"https:\/\/21panorama.com\/index.php\/2021\/04\/27\/destaca-diputado-marlon-martinez-rendicion-de-cuentas-del-ejecutivo-estatal\/#primaryimage\"},\"image\":{\"@id\":\"https:\/\/21panorama.com\/index.php\/2021\/04\/27\/destaca-diputado-marlon-martinez-rendicion-de-cuentas-del-ejecutivo-estatal\/#primaryimage\"},\"thumbnailUrl\":\"https:\/\/21panorama.com\/wp-content\/uploads\/2021\/04\/WhatsApp-Image-2021-04-27-at-15.41.59-1.jpeg\",\"datePublished\":\"2021-04-27T21:45:37+00:00\",\"dateModified\":\"2021-04-27T21:45:38+00:00\",\"breadcrumb\":{\"@id\":\"https:\/\/21panorama.com\/index.php\/2021\/04\/27\/destaca-diputado-marlon-martinez-rendicion-de-cuentas-del-ejecutivo-estatal\/#breadcrumb\"},\"inLanguage\":\"es\",\"potentialAction\":[{\"@type\":\"ReadAction\",\"target\":[\"https:\/\/21panorama.com\/index.php\/2021\/04\/27\/destaca-diputado-marlon-martinez-rendicion-de-cuentas-del-ejecutivo-estatal\/\"]}]},{\"@type\":\"ImageObject\",\"inLanguage\":\"es\",\"@id\":\"https:\/\/21panorama.com\/index.php\/2021\/04\/27\/destaca-diputado-marlon-martinez-rendicion-de-cuentas-del-ejecutivo-estatal\/#primaryimage\",\"url\":\"https:\/\/21panorama.com\/wp-content\/uploads\/2021\/04\/WhatsApp-Image-2021-04-27-at-15.41.59-1.jpeg\",\"contentUrl\":\"https:\/\/21panorama.com\/wp-content\/uploads\/2021\/04\/WhatsApp-Image-2021-04-27-at-15.41.59-1.jpeg\",\"width\":794,\"height\":960},{\"@type\":\"BreadcrumbList\",\"@id\":\"https:\/\/21panorama.com\/index.php\/2021\/04\/27\/destaca-diputado-marlon-martinez-rendicion-de-cuentas-del-ejecutivo-estatal\/#breadcrumb\",\"itemListElement\":[{\"@type\":\"ListItem\",\"position\":1,\"name\":\"Inicio\",\"item\":\"https:\/\/21panorama.com\/\"},{\"@type\":\"ListItem\",\"position\":2,\"name\":\"DESTACA DIPUTADO MARLON MART\u00cdNEZ RENDICI\u00d3N DE CUENTAS DEL EJECUTIVO ESTATAL\"}]},{\"@type\":\"WebSite\",\"@id\":\"https:\/\/21panorama.com\/#website\",\"url\":\"https:\/\/21panorama.com\/\",\"name\":\"21 Panorama\",\"description\":\"La construcci\u00f3n de la opini\u00f3n p\u00fablica merece un mejor Panorama en este siglo 21 para alcanzar una sociedad con mayor transparencia y sin corrupci\u00f3n.\",\"publisher\":{\"@id\":\"https:\/\/21panorama.com\/#organization\"},\"potentialAction\":[{\"@type\":\"SearchAction\",\"target\":{\"@type\":\"EntryPoint\",\"urlTemplate\":\"https:\/\/21panorama.com\/?s={search_term_string}\"},\"query-input\":{\"@type\":\"PropertyValueSpecification\",\"valueRequired\":true,\"valueName\":\"search_term_string\"}}],\"inLanguage\":\"es\"},{\"@type\":\"Organization\",\"@id\":\"https:\/\/21panorama.com\/#organization\",\"name\":\"21 Panorama\",\"url\":\"https:\/\/21panorama.com\/\",\"logo\":{\"@type\":\"ImageObject\",\"inLanguage\":\"es\",\"@id\":\"https:\/\/21panorama.com\/#\/schema\/logo\/image\/\",\"url\":\"https:\/\/21panorama.com\/wp-content\/uploads\/2019\/07\/cropped-Logo-Panorama-01.jpeg\",\"contentUrl\":\"https:\/\/21panorama.com\/wp-content\/uploads\/2019\/07\/cropped-Logo-Panorama-01.jpeg\",\"width\":290,\"height\":70,\"caption\":\"21 Panorama\"},\"image\":{\"@id\":\"https:\/\/21panorama.com\/#\/schema\/logo\/image\/\"}},{\"@type\":\"Person\",\"@id\":\"https:\/\/21panorama.com\/#\/schema\/person\/1afc291b96d5792a158768324287319f\",\"name\":\"admin\",\"image\":{\"@type\":\"ImageObject\",\"inLanguage\":\"es\",\"@id\":\"https:\/\/21panorama.com\/#\/schema\/person\/image\/\",\"url\":\"https:\/\/secure.gravatar.com\/avatar\/ad365d9d9f46719215b0d042cc3df92a5a8683e09ef13d102233e5491985f0f0?s=96&d=mm&r=g\",\"contentUrl\":\"https:\/\/secure.gravatar.com\/avatar\/ad365d9d9f46719215b0d042cc3df92a5a8683e09ef13d102233e5491985f0f0?s=96&d=mm&r=g\",\"caption\":\"admin\"},\"url\":\"https:\/\/21panorama.com\/index.php\/author\/admin\/\"}]}<\/script>\n<!-- \/ Yoast SEO plugin. -->","yoast_head_json":{"title":"DESTACA DIPUTADO MARLON MART\u00cdNEZ RENDICI\u00d3N DE CUENTAS DEL EJECUTIVO ESTATAL - 21 Panorama","robots":{"index":"index","follow":"follow","max-snippet":"max-snippet:-1","max-image-preview":"max-image-preview:large","max-video-preview":"max-video-preview:-1"},"canonical":"https:\/\/21panorama.com\/index.php\/2021\/04\/27\/destaca-diputado-marlon-martinez-rendicion-de-cuentas-del-ejecutivo-estatal\/","og_locale":"es_MX","og_type":"article","og_title":"DESTACA DIPUTADO MARLON MART\u00cdNEZ RENDICI\u00d3N DE CUENTAS DEL EJECUTIVO ESTATAL - 21 Panorama","og_description":"Los ingresos estatales crecieron 5.8 por ciento respecto a la Ley de Ingresos, y los ingresos federales se mantuvieron estables, crecieron 0.6 por ciento respecto a lo programado.","og_url":"https:\/\/21panorama.com\/index.php\/2021\/04\/27\/destaca-diputado-marlon-martinez-rendicion-de-cuentas-del-ejecutivo-estatal\/","og_site_name":"21 Panorama","article_published_time":"2021-04-27T21:45:37+00:00","article_modified_time":"2021-04-27T21:45:38+00:00","og_image":[{"width":794,"height":960,"url":"https:\/\/21panorama.com\/wp-content\/uploads\/2021\/04\/WhatsApp-Image-2021-04-27-at-15.41.59-1.jpeg","type":"image\/jpeg"}],"author":"admin","twitter_card":"summary_large_image","twitter_misc":{"Escrito por":"admin","Tiempo de lectura":"2 minutos"},"schema":{"@context":"https:\/\/schema.org","@graph":[{"@type":"Article","@id":"https:\/\/21panorama.com\/index.php\/2021\/04\/27\/destaca-diputado-marlon-martinez-rendicion-de-cuentas-del-ejecutivo-estatal\/#article","isPartOf":{"@id":"https:\/\/21panorama.com\/index.php\/2021\/04\/27\/destaca-diputado-marlon-martinez-rendicion-de-cuentas-del-ejecutivo-estatal\/"},"author":{"name":"admin","@id":"https:\/\/21panorama.com\/#\/schema\/person\/1afc291b96d5792a158768324287319f"},"headline":"DESTACA DIPUTADO MARLON MART\u00cdNEZ RENDICI\u00d3N DE CUENTAS DEL EJECUTIVO ESTATAL","datePublished":"2021-04-27T21:45:37+00:00","dateModified":"2021-04-27T21:45:38+00:00","mainEntityOfPage":{"@id":"https:\/\/21panorama.com\/index.php\/2021\/04\/27\/destaca-diputado-marlon-martinez-rendicion-de-cuentas-del-ejecutivo-estatal\/"},"wordCount":341,"commentCount":0,"publisher":{"@id":"https:\/\/21panorama.com\/#organization"},"image":{"@id":"https:\/\/21panorama.com\/index.php\/2021\/04\/27\/destaca-diputado-marlon-martinez-rendicion-de-cuentas-del-ejecutivo-estatal\/#primaryimage"},"thumbnailUrl":"https:\/\/21panorama.com\/wp-content\/uploads\/2021\/04\/WhatsApp-Image-2021-04-27-at-15.41.59-1.jpeg","keywords":["LX Legislatura","Marlon Mart\u00ednez"],"articleSection":["Econom\u00eda","Sociedad"],"inLanguage":"es","potentialAction":[{"@type":"CommentAction","name":"Comment","target":["https:\/\/21panorama.com\/index.php\/2021\/04\/27\/destaca-diputado-marlon-martinez-rendicion-de-cuentas-del-ejecutivo-estatal\/#respond"]}]},{"@type":"WebPage","@id":"https:\/\/21panorama.com\/index.php\/2021\/04\/27\/destaca-diputado-marlon-martinez-rendicion-de-cuentas-del-ejecutivo-estatal\/","url":"https:\/\/21panorama.com\/index.php\/2021\/04\/27\/destaca-diputado-marlon-martinez-rendicion-de-cuentas-del-ejecutivo-estatal\/","name":"DESTACA DIPUTADO MARLON MART\u00cdNEZ RENDICI\u00d3N DE CUENTAS DEL EJECUTIVO ESTATAL - 21 Panorama","isPartOf":{"@id":"https:\/\/21panorama.com\/#website"},"primaryImageOfPage":{"@id":"https:\/\/21panorama.com\/index.php\/2021\/04\/27\/destaca-diputado-marlon-martinez-rendicion-de-cuentas-del-ejecutivo-estatal\/#primaryimage"},"image":{"@id":"https:\/\/21panorama.com\/index.php\/2021\/04\/27\/destaca-diputado-marlon-martinez-rendicion-de-cuentas-del-ejecutivo-estatal\/#primaryimage"},"thumbnailUrl":"https:\/\/21panorama.com\/wp-content\/uploads\/2021\/04\/WhatsApp-Image-2021-04-27-at-15.41.59-1.jpeg","datePublished":"2021-04-27T21:45:37+00:00","dateModified":"2021-04-27T21:45:38+00:00","breadcrumb":{"@id":"https:\/\/21panorama.com\/index.php\/2021\/04\/27\/destaca-diputado-marlon-martinez-rendicion-de-cuentas-del-ejecutivo-estatal\/#breadcrumb"},"inLanguage":"es","potentialAction":[{"@type":"ReadAction","target":["https:\/\/21panorama.com\/index.php\/2021\/04\/27\/destaca-diputado-marlon-martinez-rendicion-de-cuentas-del-ejecutivo-estatal\/"]}]},{"@type":"ImageObject","inLanguage":"es","@id":"https:\/\/21panorama.com\/index.php\/2021\/04\/27\/destaca-diputado-marlon-martinez-rendicion-de-cuentas-del-ejecutivo-estatal\/#primaryimage","url":"https:\/\/21panorama.com\/wp-content\/uploads\/2021\/04\/WhatsApp-Image-2021-04-27-at-15.41.59-1.jpeg","contentUrl":"https:\/\/21panorama.com\/wp-content\/uploads\/2021\/04\/WhatsApp-Image-2021-04-27-at-15.41.59-1.jpeg","width":794,"height":960},{"@type":"BreadcrumbList","@id":"https:\/\/21panorama.com\/index.php\/2021\/04\/27\/destaca-diputado-marlon-martinez-rendicion-de-cuentas-del-ejecutivo-estatal\/#breadcrumb","itemListElement":[{"@type":"ListItem","position":1,"name":"Inicio","item":"https:\/\/21panorama.com\/"},{"@type":"ListItem","position":2,"name":"DESTACA DIPUTADO MARLON MART\u00cdNEZ RENDICI\u00d3N DE CUENTAS DEL EJECUTIVO ESTATAL"}]},{"@type":"WebSite","@id":"https:\/\/21panorama.com\/#website","url":"https:\/\/21panorama.com\/","name":"21 Panorama","description":"La construcci\u00f3n de la opini\u00f3n p\u00fablica merece un mejor Panorama en este siglo 21 para alcanzar una sociedad con mayor transparencia y sin corrupci\u00f3n.","publisher":{"@id":"https:\/\/21panorama.com\/#organization"},"potentialAction":[{"@type":"SearchAction","target":{"@type":"EntryPoint","urlTemplate":"https:\/\/21panorama.com\/?s={search_term_string}"},"query-input":{"@type":"PropertyValueSpecification","valueRequired":true,"valueName":"search_term_string"}}],"inLanguage":"es"},{"@type":"Organization","@id":"https:\/\/21panorama.com\/#organization","name":"21 Panorama","url":"https:\/\/21panorama.com\/","logo":{"@type":"ImageObject","inLanguage":"es","@id":"https:\/\/21panorama.com\/#\/schema\/logo\/image\/","url":"https:\/\/21panorama.com\/wp-content\/uploads\/2019\/07\/cropped-Logo-Panorama-01.jpeg","contentUrl":"https:\/\/21panorama.com\/wp-content\/uploads\/2019\/07\/cropped-Logo-Panorama-01.jpeg","width":290,"height":70,"caption":"21 Panorama"},"image":{"@id":"https:\/\/21panorama.com\/#\/schema\/logo\/image\/"}},{"@type":"Person","@id":"https:\/\/21panorama.com\/#\/schema\/person\/1afc291b96d5792a158768324287319f","name":"admin","image":{"@type":"ImageObject","inLanguage":"es","@id":"https:\/\/21panorama.com\/#\/schema\/person\/image\/","url":"https:\/\/secure.gravatar.com\/avatar\/ad365d9d9f46719215b0d042cc3df92a5a8683e09ef13d102233e5491985f0f0?s=96&d=mm&r=g","contentUrl":"https:\/\/secure.gravatar.com\/avatar\/ad365d9d9f46719215b0d042cc3df92a5a8683e09ef13d102233e5491985f0f0?s=96&d=mm&r=g","caption":"admin"},"url":"https:\/\/21panorama.com\/index.php\/author\/admin\/"}]}},"_links":{"self":[{"href":"https:\/\/21panorama.com\/index.php\/wp-json\/wp\/v2\/posts\/772","targetHints":{"allow":["GET"]}}],"collection":[{"href":"https:\/\/21panorama.com\/index.php\/wp-json\/wp\/v2\/posts"}],"about":[{"href":"https:\/\/21panorama.com\/index.php\/wp-json\/wp\/v2\/types\/post"}],"author":[{"embeddable":true,"href":"https:\/\/21panorama.com\/index.php\/wp-json\/wp\/v2\/users\/1"}],"replies":[{"embeddable":true,"href":"https:\/\/21panorama.com\/index.php\/wp-json\/wp\/v2\/comments?post=772"}],"version-history":[{"count":1,"href":"https:\/\/21panorama.com\/index.php\/wp-json\/wp\/v2\/posts\/772\/revisions"}],"predecessor-version":[{"id":774,"href":"https:\/\/21panorama.com\/index.php\/wp-json\/wp\/v2\/posts\/772\/revisions\/774"}],"wp:featuredmedia":[{"embeddable":true,"href":"https:\/\/21panorama.com\/index.php\/wp-json\/wp\/v2\/media\/773"}],"wp:attachment":[{"href":"https:\/\/21panorama.com\/index.php\/wp-json\/wp\/v2\/media?parent=772"}],"wp:term":[{"taxonomy":"category","embeddable":true,"href":"https:\/\/21panorama.com\/index.php\/wp-json\/wp\/v2\/categories?post=772"},{"taxonomy":"post_tag","embeddable":true,"href":"https:\/\/21panorama.com\/index.php\/wp-json\/wp\/v2\/tags?post=772"}],"curies":[{"name":"wp","href":"https:\/\/api.w.org\/{rel}","templated":true}]}}