{"id":768,"date":"2021-04-25T15:01:58","date_gmt":"2021-04-25T20:01:58","guid":{"rendered":"http:\/\/21panorama.com\/?p=768"},"modified":"2021-04-25T15:02:00","modified_gmt":"2021-04-25T20:02:00","slug":"inicia-martes-27-de-abril-aplicacion-de-segunda-dosis-de-vacuna-contra-covid-19-a-adultos-mayores-de-60-anos-en-ocho-municipios-mas-del-estado-de-mexico","status":"publish","type":"post","link":"https:\/\/21panorama.com\/index.php\/2021\/04\/25\/inicia-martes-27-de-abril-aplicacion-de-segunda-dosis-de-vacuna-contra-covid-19-a-adultos-mayores-de-60-anos-en-ocho-municipios-mas-del-estado-de-mexico\/","title":{"rendered":"INICIA MARTES 27 DE ABRIL APLICACI\u00d3N DE SEGUNDA DOSIS DE VACUNA CONTRA COVID-19 A ADULTOS MAYORES DE 60 A\u00d1OS EN OCHO MUNICIPIOS M\u00c1S DEL ESTADO DE M\u00c9XICO"},"content":{"rendered":"\n<p>Santa Cruz Atizap\u00e1n, Temoaya, Ocuilan, Almoloya de Alquisiras, Coatepec Harinas,<br>Lerma y San Mateo Atenco.<\/p>\n\n\n\n<p>Toluca, Estado de M\u00e9xico, 25 de abril de 2021. La Estrategia de Vacunaci\u00f3n<br>contin\u00faa en el Estado de M\u00e9xico, y este martes 27 de abril iniciar\u00e1 la aplicaci\u00f3n de la<br>segunda dosis del biol\u00f3gico contra COVID-19 a adultos mayores de 60 a\u00f1os en ocho<br>municipios mexiquenses m\u00e1s: Texcalyacac, Santa Cruz Atizap\u00e1n, Temoaya, Ocuilan,<br>Almoloya de Alquisiras, Coatepec Harinas, Lerma y San Mateo Atenco.<\/p>\n\n\n\n<p>Quienes acudan a recibir la segunda dosis del biol\u00f3gico deber\u00e1n presentar una<br>identificaci\u00f3n oficial (INE o INAPAM), m\u00e1s la CURP y el contra-recibo otorgado en la<br>primera aplicaci\u00f3n. La ubicaci\u00f3n de m\u00f3dulos se puede consultar en el sitio web<br>www.edomex.gob.mx\/vacunacion.html.<\/p>\n\n\n\n<p>Autoridades hicieron un llamado a los adultos mayores, familiares o acompa\u00f1antes<br>para no pernoctar o llegar de madrugada a las sedes, y en la medida de lo posible<br>escalonar su arribo para no exponerse a largas filas o aglomeraciones que pongan en<br>riesgo su salud, adem\u00e1s de acudir desayunados.<\/p>\n\n\n\n<p><br>En caso de que est\u00e9n en tratamiento por alguna enfermedad, tomar puntualmente<br>sus medicamentos, y seguir acatando las medidas preventivas como son el uso<br>obligatorio del cubrebocas y\/o goggles o careta, lavado de manos, uso de gel<br>antibacterial y respetar la sana distancia.<\/p>\n\n\n\n<p><br>A los adultos mayores de 60 a\u00f1os que por diversas razones no pudieron aplicarse la<br>primera dosis, se les pide mantenerse atentos de los medios de comunicaci\u00f3n<br>oficiales, a trav\u00e9s de los cuales se dar\u00e1n a conocer fechas y lugares de instalaci\u00f3n de<br>m\u00f3dulos regionales en donde podr\u00e1n vacunarse.<\/p>\n\n\n\n<p>Finalmente, recordaron que hasta el 26 de abril se continuar\u00e1 aplicando a segunda dosis a adultos mayores de 60 a\u00f1os del municipio de Chimalhuac\u00e1n.<\/p>\n\n\n\n<figure class=\"wp-block-image size-large\"><img decoding=\"async\" width=\"738\" height=\"218\" src=\"https:\/\/21panorama.com\/wp-content\/uploads\/2021\/04\/WhatsApp-Image-2021-04-25-at-14.57.11.jpeg\" alt=\"\" class=\"wp-image-769\" srcset=\"https:\/\/21panorama.com\/wp-content\/uploads\/2021\/04\/WhatsApp-Image-2021-04-25-at-14.57.11.jpeg 738w, https:\/\/21panorama.com\/wp-content\/uploads\/2021\/04\/WhatsApp-Image-2021-04-25-at-14.57.11-300x89.jpeg 300w\" sizes=\"(max-width: 738px) 100vw, 738px\" \/><\/figure>\n","protected":false},"excerpt":{"rendered":"<p>Estado de M\u00e9xico y de dichos Ayuntamientos, quienes informaron que las jornadas para complementar el esquema de inmunizaci\u00f3n se realizar\u00e1n de 9:00 a 17:00 horas bajo el siguiente calendario.<\/p>\n","protected":false},"author":1,"featured_media":770,"comment_status":"open","ping_status":"open","sticky":false,"template":"","format":"standard","meta":{"footnotes":""},"categories":[6,1],"tags":[43],"class_list":["post-768","post","type-post","status-publish","format-standard","has-post-thumbnail","hentry","category-cienciaysalud","category-sociedad","tag-vacuna-covid19"],"yoast_head":"<!-- This site is optimized with the Yoast SEO plugin v24.9 - https:\/\/yoast.com\/wordpress\/plugins\/seo\/ -->\n<title>INICIA MARTES 27 DE ABRIL APLICACI\u00d3N DE SEGUNDA DOSIS DE VACUNA CONTRA COVID-19 A ADULTOS MAYORES DE 60 A\u00d1OS EN OCHO MUNICIPIOS M\u00c1S DEL ESTADO DE M\u00c9XICO - 21 Panorama<\/title>\n<meta name=\"robots\" content=\"index, follow, max-snippet:-1, max-image-preview:large, max-video-preview:-1\" \/>\n<link rel=\"canonical\" href=\"https:\/\/21panorama.com\/index.php\/2021\/04\/25\/inicia-martes-27-de-abril-aplicacion-de-segunda-dosis-de-vacuna-contra-covid-19-a-adultos-mayores-de-60-anos-en-ocho-municipios-mas-del-estado-de-mexico\/\" \/>\n<meta property=\"og:locale\" content=\"es_MX\" \/>\n<meta property=\"og:type\" content=\"article\" \/>\n<meta property=\"og:title\" content=\"INICIA MARTES 27 DE ABRIL APLICACI\u00d3N DE SEGUNDA DOSIS DE VACUNA CONTRA COVID-19 A ADULTOS MAYORES DE 60 A\u00d1OS EN OCHO MUNICIPIOS M\u00c1S DEL ESTADO DE M\u00c9XICO - 21 Panorama\" \/>\n<meta property=\"og:description\" content=\"Estado de M\u00e9xico y de dichos Ayuntamientos, quienes informaron que las jornadas para complementar el esquema de inmunizaci\u00f3n se realizar\u00e1n de 9:00 a 17:00 horas bajo el siguiente calendario.\" \/>\n<meta property=\"og:url\" content=\"https:\/\/21panorama.com\/index.php\/2021\/04\/25\/inicia-martes-27-de-abril-aplicacion-de-segunda-dosis-de-vacuna-contra-covid-19-a-adultos-mayores-de-60-anos-en-ocho-municipios-mas-del-estado-de-mexico\/\" \/>\n<meta property=\"og:site_name\" content=\"21 Panorama\" \/>\n<meta property=\"article:published_time\" content=\"2021-04-25T20:01:58+00:00\" \/>\n<meta property=\"article:modified_time\" content=\"2021-04-25T20:02:00+00:00\" \/>\n<meta property=\"og:image\" content=\"https:\/\/21panorama.com\/wp-content\/uploads\/2021\/04\/WhatsApp-Image-2021-04-25-at-14.56.50.jpeg\" \/>\n\t<meta property=\"og:image:width\" content=\"795\" \/>\n\t<meta property=\"og:image:height\" content=\"415\" \/>\n\t<meta property=\"og:image:type\" content=\"image\/jpeg\" \/>\n<meta name=\"author\" content=\"admin\" \/>\n<meta name=\"twitter:card\" content=\"summary_large_image\" \/>\n<meta name=\"twitter:label1\" content=\"Escrito por\" \/>\n\t<meta name=\"twitter:data1\" content=\"admin\" \/>\n\t<meta name=\"twitter:label2\" content=\"Tiempo de lectura\" \/>\n\t<meta name=\"twitter:data2\" content=\"2 minutos\" \/>\n<script type=\"application\/ld+json\" class=\"yoast-schema-graph\">{\"@context\":\"https:\/\/schema.org\",\"@graph\":[{\"@type\":\"Article\",\"@id\":\"https:\/\/21panorama.com\/index.php\/2021\/04\/25\/inicia-martes-27-de-abril-aplicacion-de-segunda-dosis-de-vacuna-contra-covid-19-a-adultos-mayores-de-60-anos-en-ocho-municipios-mas-del-estado-de-mexico\/#article\",\"isPartOf\":{\"@id\":\"https:\/\/21panorama.com\/index.php\/2021\/04\/25\/inicia-martes-27-de-abril-aplicacion-de-segunda-dosis-de-vacuna-contra-covid-19-a-adultos-mayores-de-60-anos-en-ocho-municipios-mas-del-estado-de-mexico\/\"},\"author\":{\"name\":\"admin\",\"@id\":\"https:\/\/21panorama.com\/#\/schema\/person\/1afc291b96d5792a158768324287319f\"},\"headline\":\"INICIA MARTES 27 DE ABRIL APLICACI\u00d3N DE SEGUNDA DOSIS DE VACUNA CONTRA COVID-19 A ADULTOS MAYORES DE 60 A\u00d1OS EN OCHO MUNICIPIOS M\u00c1S DEL ESTADO DE M\u00c9XICO\",\"datePublished\":\"2021-04-25T20:01:58+00:00\",\"dateModified\":\"2021-04-25T20:02:00+00:00\",\"mainEntityOfPage\":{\"@id\":\"https:\/\/21panorama.com\/index.php\/2021\/04\/25\/inicia-martes-27-de-abril-aplicacion-de-segunda-dosis-de-vacuna-contra-covid-19-a-adultos-mayores-de-60-anos-en-ocho-municipios-mas-del-estado-de-mexico\/\"},\"wordCount\":325,\"commentCount\":0,\"publisher\":{\"@id\":\"https:\/\/21panorama.com\/#organization\"},\"image\":{\"@id\":\"https:\/\/21panorama.com\/index.php\/2021\/04\/25\/inicia-martes-27-de-abril-aplicacion-de-segunda-dosis-de-vacuna-contra-covid-19-a-adultos-mayores-de-60-anos-en-ocho-municipios-mas-del-estado-de-mexico\/#primaryimage\"},\"thumbnailUrl\":\"https:\/\/21panorama.com\/wp-content\/uploads\/2021\/04\/WhatsApp-Image-2021-04-25-at-14.56.50.jpeg\",\"keywords\":[\"vacuna COVID19\"],\"articleSection\":[\"Ciencia y Salud\",\"Sociedad\"],\"inLanguage\":\"es\",\"potentialAction\":[{\"@type\":\"CommentAction\",\"name\":\"Comment\",\"target\":[\"https:\/\/21panorama.com\/index.php\/2021\/04\/25\/inicia-martes-27-de-abril-aplicacion-de-segunda-dosis-de-vacuna-contra-covid-19-a-adultos-mayores-de-60-anos-en-ocho-municipios-mas-del-estado-de-mexico\/#respond\"]}]},{\"@type\":\"WebPage\",\"@id\":\"https:\/\/21panorama.com\/index.php\/2021\/04\/25\/inicia-martes-27-de-abril-aplicacion-de-segunda-dosis-de-vacuna-contra-covid-19-a-adultos-mayores-de-60-anos-en-ocho-municipios-mas-del-estado-de-mexico\/\",\"url\":\"https:\/\/21panorama.com\/index.php\/2021\/04\/25\/inicia-martes-27-de-abril-aplicacion-de-segunda-dosis-de-vacuna-contra-covid-19-a-adultos-mayores-de-60-anos-en-ocho-municipios-mas-del-estado-de-mexico\/\",\"name\":\"INICIA MARTES 27 DE ABRIL APLICACI\u00d3N DE SEGUNDA DOSIS DE VACUNA CONTRA COVID-19 A ADULTOS MAYORES DE 60 A\u00d1OS EN OCHO MUNICIPIOS M\u00c1S DEL ESTADO DE M\u00c9XICO - 21 Panorama\",\"isPartOf\":{\"@id\":\"https:\/\/21panorama.com\/#website\"},\"primaryImageOfPage\":{\"@id\":\"https:\/\/21panorama.com\/index.php\/2021\/04\/25\/inicia-martes-27-de-abril-aplicacion-de-segunda-dosis-de-vacuna-contra-covid-19-a-adultos-mayores-de-60-anos-en-ocho-municipios-mas-del-estado-de-mexico\/#primaryimage\"},\"image\":{\"@id\":\"https:\/\/21panorama.com\/index.php\/2021\/04\/25\/inicia-martes-27-de-abril-aplicacion-de-segunda-dosis-de-vacuna-contra-covid-19-a-adultos-mayores-de-60-anos-en-ocho-municipios-mas-del-estado-de-mexico\/#primaryimage\"},\"thumbnailUrl\":\"https:\/\/21panorama.com\/wp-content\/uploads\/2021\/04\/WhatsApp-Image-2021-04-25-at-14.56.50.jpeg\",\"datePublished\":\"2021-04-25T20:01:58+00:00\",\"dateModified\":\"2021-04-25T20:02:00+00:00\",\"breadcrumb\":{\"@id\":\"https:\/\/21panorama.com\/index.php\/2021\/04\/25\/inicia-martes-27-de-abril-aplicacion-de-segunda-dosis-de-vacuna-contra-covid-19-a-adultos-mayores-de-60-anos-en-ocho-municipios-mas-del-estado-de-mexico\/#breadcrumb\"},\"inLanguage\":\"es\",\"potentialAction\":[{\"@type\":\"ReadAction\",\"target\":[\"https:\/\/21panorama.com\/index.php\/2021\/04\/25\/inicia-martes-27-de-abril-aplicacion-de-segunda-dosis-de-vacuna-contra-covid-19-a-adultos-mayores-de-60-anos-en-ocho-municipios-mas-del-estado-de-mexico\/\"]}]},{\"@type\":\"ImageObject\",\"inLanguage\":\"es\",\"@id\":\"https:\/\/21panorama.com\/index.php\/2021\/04\/25\/inicia-martes-27-de-abril-aplicacion-de-segunda-dosis-de-vacuna-contra-covid-19-a-adultos-mayores-de-60-anos-en-ocho-municipios-mas-del-estado-de-mexico\/#primaryimage\",\"url\":\"https:\/\/21panorama.com\/wp-content\/uploads\/2021\/04\/WhatsApp-Image-2021-04-25-at-14.56.50.jpeg\",\"contentUrl\":\"https:\/\/21panorama.com\/wp-content\/uploads\/2021\/04\/WhatsApp-Image-2021-04-25-at-14.56.50.jpeg\",\"width\":795,\"height\":415},{\"@type\":\"BreadcrumbList\",\"@id\":\"https:\/\/21panorama.com\/index.php\/2021\/04\/25\/inicia-martes-27-de-abril-aplicacion-de-segunda-dosis-de-vacuna-contra-covid-19-a-adultos-mayores-de-60-anos-en-ocho-municipios-mas-del-estado-de-mexico\/#breadcrumb\",\"itemListElement\":[{\"@type\":\"ListItem\",\"position\":1,\"name\":\"Inicio\",\"item\":\"https:\/\/21panorama.com\/\"},{\"@type\":\"ListItem\",\"position\":2,\"name\":\"INICIA MARTES 27 DE ABRIL APLICACI\u00d3N DE SEGUNDA DOSIS DE VACUNA CONTRA COVID-19 A ADULTOS MAYORES DE 60 A\u00d1OS EN OCHO MUNICIPIOS M\u00c1S DEL ESTADO DE M\u00c9XICO\"}]},{\"@type\":\"WebSite\",\"@id\":\"https:\/\/21panorama.com\/#website\",\"url\":\"https:\/\/21panorama.com\/\",\"name\":\"21 Panorama\",\"description\":\"La construcci\u00f3n de la opini\u00f3n p\u00fablica merece un mejor Panorama en este siglo 21 para alcanzar una sociedad con mayor transparencia y sin corrupci\u00f3n.\",\"publisher\":{\"@id\":\"https:\/\/21panorama.com\/#organization\"},\"potentialAction\":[{\"@type\":\"SearchAction\",\"target\":{\"@type\":\"EntryPoint\",\"urlTemplate\":\"https:\/\/21panorama.com\/?s={search_term_string}\"},\"query-input\":{\"@type\":\"PropertyValueSpecification\",\"valueRequired\":true,\"valueName\":\"search_term_string\"}}],\"inLanguage\":\"es\"},{\"@type\":\"Organization\",\"@id\":\"https:\/\/21panorama.com\/#organization\",\"name\":\"21 Panorama\",\"url\":\"https:\/\/21panorama.com\/\",\"logo\":{\"@type\":\"ImageObject\",\"inLanguage\":\"es\",\"@id\":\"https:\/\/21panorama.com\/#\/schema\/logo\/image\/\",\"url\":\"https:\/\/21panorama.com\/wp-content\/uploads\/2019\/07\/cropped-Logo-Panorama-01.jpeg\",\"contentUrl\":\"https:\/\/21panorama.com\/wp-content\/uploads\/2019\/07\/cropped-Logo-Panorama-01.jpeg\",\"width\":290,\"height\":70,\"caption\":\"21 Panorama\"},\"image\":{\"@id\":\"https:\/\/21panorama.com\/#\/schema\/logo\/image\/\"}},{\"@type\":\"Person\",\"@id\":\"https:\/\/21panorama.com\/#\/schema\/person\/1afc291b96d5792a158768324287319f\",\"name\":\"admin\",\"image\":{\"@type\":\"ImageObject\",\"inLanguage\":\"es\",\"@id\":\"https:\/\/21panorama.com\/#\/schema\/person\/image\/\",\"url\":\"https:\/\/secure.gravatar.com\/avatar\/ad365d9d9f46719215b0d042cc3df92a5a8683e09ef13d102233e5491985f0f0?s=96&d=mm&r=g\",\"contentUrl\":\"https:\/\/secure.gravatar.com\/avatar\/ad365d9d9f46719215b0d042cc3df92a5a8683e09ef13d102233e5491985f0f0?s=96&d=mm&r=g\",\"caption\":\"admin\"},\"url\":\"https:\/\/21panorama.com\/index.php\/author\/admin\/\"}]}<\/script>\n<!-- \/ Yoast SEO plugin. -->","yoast_head_json":{"title":"INICIA MARTES 27 DE ABRIL APLICACI\u00d3N DE SEGUNDA DOSIS DE VACUNA CONTRA COVID-19 A ADULTOS MAYORES DE 60 A\u00d1OS EN OCHO MUNICIPIOS M\u00c1S DEL ESTADO DE M\u00c9XICO - 21 Panorama","robots":{"index":"index","follow":"follow","max-snippet":"max-snippet:-1","max-image-preview":"max-image-preview:large","max-video-preview":"max-video-preview:-1"},"canonical":"https:\/\/21panorama.com\/index.php\/2021\/04\/25\/inicia-martes-27-de-abril-aplicacion-de-segunda-dosis-de-vacuna-contra-covid-19-a-adultos-mayores-de-60-anos-en-ocho-municipios-mas-del-estado-de-mexico\/","og_locale":"es_MX","og_type":"article","og_title":"INICIA MARTES 27 DE ABRIL APLICACI\u00d3N DE SEGUNDA DOSIS DE VACUNA CONTRA COVID-19 A ADULTOS MAYORES DE 60 A\u00d1OS EN OCHO MUNICIPIOS M\u00c1S DEL ESTADO DE M\u00c9XICO - 21 Panorama","og_description":"Estado de M\u00e9xico y de dichos Ayuntamientos, quienes informaron que las jornadas para complementar el esquema de inmunizaci\u00f3n se realizar\u00e1n de 9:00 a 17:00 horas bajo el siguiente calendario.","og_url":"https:\/\/21panorama.com\/index.php\/2021\/04\/25\/inicia-martes-27-de-abril-aplicacion-de-segunda-dosis-de-vacuna-contra-covid-19-a-adultos-mayores-de-60-anos-en-ocho-municipios-mas-del-estado-de-mexico\/","og_site_name":"21 Panorama","article_published_time":"2021-04-25T20:01:58+00:00","article_modified_time":"2021-04-25T20:02:00+00:00","og_image":[{"width":795,"height":415,"url":"https:\/\/21panorama.com\/wp-content\/uploads\/2021\/04\/WhatsApp-Image-2021-04-25-at-14.56.50.jpeg","type":"image\/jpeg"}],"author":"admin","twitter_card":"summary_large_image","twitter_misc":{"Escrito por":"admin","Tiempo de lectura":"2 minutos"},"schema":{"@context":"https:\/\/schema.org","@graph":[{"@type":"Article","@id":"https:\/\/21panorama.com\/index.php\/2021\/04\/25\/inicia-martes-27-de-abril-aplicacion-de-segunda-dosis-de-vacuna-contra-covid-19-a-adultos-mayores-de-60-anos-en-ocho-municipios-mas-del-estado-de-mexico\/#article","isPartOf":{"@id":"https:\/\/21panorama.com\/index.php\/2021\/04\/25\/inicia-martes-27-de-abril-aplicacion-de-segunda-dosis-de-vacuna-contra-covid-19-a-adultos-mayores-de-60-anos-en-ocho-municipios-mas-del-estado-de-mexico\/"},"author":{"name":"admin","@id":"https:\/\/21panorama.com\/#\/schema\/person\/1afc291b96d5792a158768324287319f"},"headline":"INICIA MARTES 27 DE ABRIL APLICACI\u00d3N DE SEGUNDA DOSIS DE VACUNA CONTRA COVID-19 A ADULTOS MAYORES DE 60 A\u00d1OS EN OCHO MUNICIPIOS M\u00c1S DEL ESTADO DE M\u00c9XICO","datePublished":"2021-04-25T20:01:58+00:00","dateModified":"2021-04-25T20:02:00+00:00","mainEntityOfPage":{"@id":"https:\/\/21panorama.com\/index.php\/2021\/04\/25\/inicia-martes-27-de-abril-aplicacion-de-segunda-dosis-de-vacuna-contra-covid-19-a-adultos-mayores-de-60-anos-en-ocho-municipios-mas-del-estado-de-mexico\/"},"wordCount":325,"commentCount":0,"publisher":{"@id":"https:\/\/21panorama.com\/#organization"},"image":{"@id":"https:\/\/21panorama.com\/index.php\/2021\/04\/25\/inicia-martes-27-de-abril-aplicacion-de-segunda-dosis-de-vacuna-contra-covid-19-a-adultos-mayores-de-60-anos-en-ocho-municipios-mas-del-estado-de-mexico\/#primaryimage"},"thumbnailUrl":"https:\/\/21panorama.com\/wp-content\/uploads\/2021\/04\/WhatsApp-Image-2021-04-25-at-14.56.50.jpeg","keywords":["vacuna COVID19"],"articleSection":["Ciencia y Salud","Sociedad"],"inLanguage":"es","potentialAction":[{"@type":"CommentAction","name":"Comment","target":["https:\/\/21panorama.com\/index.php\/2021\/04\/25\/inicia-martes-27-de-abril-aplicacion-de-segunda-dosis-de-vacuna-contra-covid-19-a-adultos-mayores-de-60-anos-en-ocho-municipios-mas-del-estado-de-mexico\/#respond"]}]},{"@type":"WebPage","@id":"https:\/\/21panorama.com\/index.php\/2021\/04\/25\/inicia-martes-27-de-abril-aplicacion-de-segunda-dosis-de-vacuna-contra-covid-19-a-adultos-mayores-de-60-anos-en-ocho-municipios-mas-del-estado-de-mexico\/","url":"https:\/\/21panorama.com\/index.php\/2021\/04\/25\/inicia-martes-27-de-abril-aplicacion-de-segunda-dosis-de-vacuna-contra-covid-19-a-adultos-mayores-de-60-anos-en-ocho-municipios-mas-del-estado-de-mexico\/","name":"INICIA MARTES 27 DE ABRIL APLICACI\u00d3N DE SEGUNDA DOSIS DE VACUNA CONTRA COVID-19 A ADULTOS MAYORES DE 60 A\u00d1OS EN OCHO MUNICIPIOS M\u00c1S DEL ESTADO DE M\u00c9XICO - 21 Panorama","isPartOf":{"@id":"https:\/\/21panorama.com\/#website"},"primaryImageOfPage":{"@id":"https:\/\/21panorama.com\/index.php\/2021\/04\/25\/inicia-martes-27-de-abril-aplicacion-de-segunda-dosis-de-vacuna-contra-covid-19-a-adultos-mayores-de-60-anos-en-ocho-municipios-mas-del-estado-de-mexico\/#primaryimage"},"image":{"@id":"https:\/\/21panorama.com\/index.php\/2021\/04\/25\/inicia-martes-27-de-abril-aplicacion-de-segunda-dosis-de-vacuna-contra-covid-19-a-adultos-mayores-de-60-anos-en-ocho-municipios-mas-del-estado-de-mexico\/#primaryimage"},"thumbnailUrl":"https:\/\/21panorama.com\/wp-content\/uploads\/2021\/04\/WhatsApp-Image-2021-04-25-at-14.56.50.jpeg","datePublished":"2021-04-25T20:01:58+00:00","dateModified":"2021-04-25T20:02:00+00:00","breadcrumb":{"@id":"https:\/\/21panorama.com\/index.php\/2021\/04\/25\/inicia-martes-27-de-abril-aplicacion-de-segunda-dosis-de-vacuna-contra-covid-19-a-adultos-mayores-de-60-anos-en-ocho-municipios-mas-del-estado-de-mexico\/#breadcrumb"},"inLanguage":"es","potentialAction":[{"@type":"ReadAction","target":["https:\/\/21panorama.com\/index.php\/2021\/04\/25\/inicia-martes-27-de-abril-aplicacion-de-segunda-dosis-de-vacuna-contra-covid-19-a-adultos-mayores-de-60-anos-en-ocho-municipios-mas-del-estado-de-mexico\/"]}]},{"@type":"ImageObject","inLanguage":"es","@id":"https:\/\/21panorama.com\/index.php\/2021\/04\/25\/inicia-martes-27-de-abril-aplicacion-de-segunda-dosis-de-vacuna-contra-covid-19-a-adultos-mayores-de-60-anos-en-ocho-municipios-mas-del-estado-de-mexico\/#primaryimage","url":"https:\/\/21panorama.com\/wp-content\/uploads\/2021\/04\/WhatsApp-Image-2021-04-25-at-14.56.50.jpeg","contentUrl":"https:\/\/21panorama.com\/wp-content\/uploads\/2021\/04\/WhatsApp-Image-2021-04-25-at-14.56.50.jpeg","width":795,"height":415},{"@type":"BreadcrumbList","@id":"https:\/\/21panorama.com\/index.php\/2021\/04\/25\/inicia-martes-27-de-abril-aplicacion-de-segunda-dosis-de-vacuna-contra-covid-19-a-adultos-mayores-de-60-anos-en-ocho-municipios-mas-del-estado-de-mexico\/#breadcrumb","itemListElement":[{"@type":"ListItem","position":1,"name":"Inicio","item":"https:\/\/21panorama.com\/"},{"@type":"ListItem","position":2,"name":"INICIA MARTES 27 DE ABRIL APLICACI\u00d3N DE SEGUNDA DOSIS DE VACUNA CONTRA COVID-19 A ADULTOS MAYORES DE 60 A\u00d1OS EN OCHO MUNICIPIOS M\u00c1S DEL ESTADO DE M\u00c9XICO"}]},{"@type":"WebSite","@id":"https:\/\/21panorama.com\/#website","url":"https:\/\/21panorama.com\/","name":"21 Panorama","description":"La construcci\u00f3n de la opini\u00f3n p\u00fablica merece un mejor Panorama en este siglo 21 para alcanzar una sociedad con mayor transparencia y sin corrupci\u00f3n.","publisher":{"@id":"https:\/\/21panorama.com\/#organization"},"potentialAction":[{"@type":"SearchAction","target":{"@type":"EntryPoint","urlTemplate":"https:\/\/21panorama.com\/?s={search_term_string}"},"query-input":{"@type":"PropertyValueSpecification","valueRequired":true,"valueName":"search_term_string"}}],"inLanguage":"es"},{"@type":"Organization","@id":"https:\/\/21panorama.com\/#organization","name":"21 Panorama","url":"https:\/\/21panorama.com\/","logo":{"@type":"ImageObject","inLanguage":"es","@id":"https:\/\/21panorama.com\/#\/schema\/logo\/image\/","url":"https:\/\/21panorama.com\/wp-content\/uploads\/2019\/07\/cropped-Logo-Panorama-01.jpeg","contentUrl":"https:\/\/21panorama.com\/wp-content\/uploads\/2019\/07\/cropped-Logo-Panorama-01.jpeg","width":290,"height":70,"caption":"21 Panorama"},"image":{"@id":"https:\/\/21panorama.com\/#\/schema\/logo\/image\/"}},{"@type":"Person","@id":"https:\/\/21panorama.com\/#\/schema\/person\/1afc291b96d5792a158768324287319f","name":"admin","image":{"@type":"ImageObject","inLanguage":"es","@id":"https:\/\/21panorama.com\/#\/schema\/person\/image\/","url":"https:\/\/secure.gravatar.com\/avatar\/ad365d9d9f46719215b0d042cc3df92a5a8683e09ef13d102233e5491985f0f0?s=96&d=mm&r=g","contentUrl":"https:\/\/secure.gravatar.com\/avatar\/ad365d9d9f46719215b0d042cc3df92a5a8683e09ef13d102233e5491985f0f0?s=96&d=mm&r=g","caption":"admin"},"url":"https:\/\/21panorama.com\/index.php\/author\/admin\/"}]}},"_links":{"self":[{"href":"https:\/\/21panorama.com\/index.php\/wp-json\/wp\/v2\/posts\/768","targetHints":{"allow":["GET"]}}],"collection":[{"href":"https:\/\/21panorama.com\/index.php\/wp-json\/wp\/v2\/posts"}],"about":[{"href":"https:\/\/21panorama.com\/index.php\/wp-json\/wp\/v2\/types\/post"}],"author":[{"embeddable":true,"href":"https:\/\/21panorama.com\/index.php\/wp-json\/wp\/v2\/users\/1"}],"replies":[{"embeddable":true,"href":"https:\/\/21panorama.com\/index.php\/wp-json\/wp\/v2\/comments?post=768"}],"version-history":[{"count":1,"href":"https:\/\/21panorama.com\/index.php\/wp-json\/wp\/v2\/posts\/768\/revisions"}],"predecessor-version":[{"id":771,"href":"https:\/\/21panorama.com\/index.php\/wp-json\/wp\/v2\/posts\/768\/revisions\/771"}],"wp:featuredmedia":[{"embeddable":true,"href":"https:\/\/21panorama.com\/index.php\/wp-json\/wp\/v2\/media\/770"}],"wp:attachment":[{"href":"https:\/\/21panorama.com\/index.php\/wp-json\/wp\/v2\/media?parent=768"}],"wp:term":[{"taxonomy":"category","embeddable":true,"href":"https:\/\/21panorama.com\/index.php\/wp-json\/wp\/v2\/categories?post=768"},{"taxonomy":"post_tag","embeddable":true,"href":"https:\/\/21panorama.com\/index.php\/wp-json\/wp\/v2\/tags?post=768"}],"curies":[{"name":"wp","href":"https:\/\/api.w.org\/{rel}","templated":true}]}}