{"id":74,"date":"2019-07-26T00:38:50","date_gmt":"2019-07-26T00:38:50","guid":{"rendered":"http:\/\/21panorama.com\/?p=74"},"modified":"2019-07-26T16:40:47","modified_gmt":"2019-07-26T16:40:47","slug":"hoy-no-circula","status":"publish","type":"post","link":"https:\/\/21panorama.com\/index.php\/2019\/07\/26\/hoy-no-circula\/","title":{"rendered":"HOY NO CIRCULA"},"content":{"rendered":"\n<p>En&nbsp;<a href=\"https:\/\/www.facebook.com\/hashtag\/atizap%C3%A1n?source=feed_text&amp;epa=HASHTAG&amp;__xts__%5B0%5D=68.ARAetRiDXRNfDHrtnvaxFWLK4voGOWXO1_sI1KLnN_gOcc7exN2On6t8UBsXaQFFhpxgQu2Dxvf1wp4n4F97DlJd-jxuMzDOyouRDMR4Lp9sN5E6jfS7HvgNafTA1GTaDZ2mMVNe_djm08hfSDOfw8keDTZt2kgHqHu9To-n16IkaBYatGwZFDrZaV3_eVKAjJ4nfcFpiEx_1ugHGq-7bVSLkbPtw7DLRbE47hiTt57AbERliAck9HeY3ClfYoQdlrbiSxJdHzLmQSNj_Qnk04r_R-x92plwGY24XUeSsVxZLgDRV57ouvDbNjsC8LjMvHlUGA0aI0tO3J5sSAIztLps3hR0&amp;__tn__=%2ANK-R\">#Atizap\u00e1n<\/a>&nbsp;de Zaragoza aplica el&nbsp;<a href=\"https:\/\/www.facebook.com\/hashtag\/hoynocircula?source=feed_text&amp;epa=HASHTAG&amp;__xts__%5B0%5D=68.ARAetRiDXRNfDHrtnvaxFWLK4voGOWXO1_sI1KLnN_gOcc7exN2On6t8UBsXaQFFhpxgQu2Dxvf1wp4n4F97DlJd-jxuMzDOyouRDMR4Lp9sN5E6jfS7HvgNafTA1GTaDZ2mMVNe_djm08hfSDOfw8keDTZt2kgHqHu9To-n16IkaBYatGwZFDrZaV3_eVKAjJ4nfcFpiEx_1ugHGq-7bVSLkbPtw7DLRbE47hiTt57AbERliAck9HeY3ClfYoQdlrbiSxJdHzLmQSNj_Qnk04r_R-x92plwGY24XUeSsVxZLgDRV57ouvDbNjsC8LjMvHlUGA0aI0tO3J5sSAIztLps3hR0&amp;__tn__=%2ANK-R\">#HoyNoCircula<\/a>&nbsp;con el reglamento de tr\u00e1nsito vigente, hoy para los veh\u00edculos engomado verde con terminaci\u00f3n de placas 1 y 2, holograma 1 y 2.<\/p>\n\n\n\n<p>Hologramas 00 y 0 est\u00e1n exentos, as\u00ed como veh\u00edculos el\u00e9ctricos e h\u00edbridos.<\/p>\n\n\n\n<figure class=\"wp-block-image\"><img decoding=\"async\" width=\"960\" height=\"500\" src=\"https:\/\/21panorama.com\/wp-content\/uploads\/2019\/07\/67156116_2364570940535507_8153974250152132608_n.png\" alt=\"\" class=\"wp-image-75\" srcset=\"https:\/\/21panorama.com\/wp-content\/uploads\/2019\/07\/67156116_2364570940535507_8153974250152132608_n.png 960w, https:\/\/21panorama.com\/wp-content\/uploads\/2019\/07\/67156116_2364570940535507_8153974250152132608_n-300x156.png 300w, https:\/\/21panorama.com\/wp-content\/uploads\/2019\/07\/67156116_2364570940535507_8153974250152132608_n-768x400.png 768w\" sizes=\"(max-width: 960px) 100vw, 960px\" \/><\/figure>\n","protected":false},"excerpt":{"rendered":"<p>En&nbsp;#Atizap\u00e1n&nbsp;de Zaragoza aplica el&nbsp;#HoyNoCircula&nbsp;con el reglamento de tr\u00e1nsito vigente, hoy para los veh\u00edculos engomado verde con terminaci\u00f3n de placas 1 y 2, holograma 1 y 2. Hologramas 00 y 0 est\u00e1n exentos, as\u00ed como veh\u00edculos el\u00e9ctricos e h\u00edbridos.<\/p>\n","protected":false},"author":1,"featured_media":77,"comment_status":"open","ping_status":"open","sticky":false,"template":"","format":"standard","meta":{"footnotes":""},"categories":[1],"tags":[],"class_list":["post-74","post","type-post","status-publish","format-standard","has-post-thumbnail","hentry","category-sociedad"],"yoast_head":"<!-- This site is optimized with the Yoast SEO plugin v24.9 - https:\/\/yoast.com\/wordpress\/plugins\/seo\/ -->\n<title>HOY NO CIRCULA - 21 Panorama<\/title>\n<meta name=\"robots\" content=\"index, follow, max-snippet:-1, max-image-preview:large, max-video-preview:-1\" \/>\n<link rel=\"canonical\" href=\"https:\/\/21panorama.com\/index.php\/2019\/07\/26\/hoy-no-circula\/\" \/>\n<meta property=\"og:locale\" content=\"es_MX\" \/>\n<meta property=\"og:type\" content=\"article\" \/>\n<meta property=\"og:title\" content=\"HOY NO CIRCULA - 21 Panorama\" \/>\n<meta property=\"og:description\" content=\"En&nbsp;#Atizap\u00e1n&nbsp;de Zaragoza aplica el&nbsp;#HoyNoCircula&nbsp;con el reglamento de tr\u00e1nsito vigente, hoy para los veh\u00edculos engomado verde con terminaci\u00f3n de placas 1 y 2, holograma 1 y 2. Hologramas 00 y 0 est\u00e1n exentos, as\u00ed como veh\u00edculos el\u00e9ctricos e h\u00edbridos.\" \/>\n<meta property=\"og:url\" content=\"https:\/\/21panorama.com\/index.php\/2019\/07\/26\/hoy-no-circula\/\" \/>\n<meta property=\"og:site_name\" content=\"21 Panorama\" \/>\n<meta property=\"article:published_time\" content=\"2019-07-26T00:38:50+00:00\" \/>\n<meta property=\"article:modified_time\" content=\"2019-07-26T16:40:47+00:00\" \/>\n<meta property=\"og:image\" content=\"https:\/\/21panorama.com\/wp-content\/uploads\/2019\/07\/hoy-no-circula-vigente-en.png\" \/>\n\t<meta property=\"og:image:width\" content=\"1080\" \/>\n\t<meta property=\"og:image:height\" content=\"1142\" \/>\n\t<meta property=\"og:image:type\" content=\"image\/png\" \/>\n<meta name=\"author\" content=\"admin\" \/>\n<meta name=\"twitter:card\" content=\"summary_large_image\" \/>\n<meta name=\"twitter:label1\" content=\"Escrito por\" \/>\n\t<meta name=\"twitter:data1\" content=\"admin\" \/>\n<script type=\"application\/ld+json\" class=\"yoast-schema-graph\">{\"@context\":\"https:\/\/schema.org\",\"@graph\":[{\"@type\":\"Article\",\"@id\":\"https:\/\/21panorama.com\/index.php\/2019\/07\/26\/hoy-no-circula\/#article\",\"isPartOf\":{\"@id\":\"https:\/\/21panorama.com\/index.php\/2019\/07\/26\/hoy-no-circula\/\"},\"author\":{\"name\":\"admin\",\"@id\":\"https:\/\/21panorama.com\/#\/schema\/person\/1afc291b96d5792a158768324287319f\"},\"headline\":\"HOY NO CIRCULA\",\"datePublished\":\"2019-07-26T00:38:50+00:00\",\"dateModified\":\"2019-07-26T16:40:47+00:00\",\"mainEntityOfPage\":{\"@id\":\"https:\/\/21panorama.com\/index.php\/2019\/07\/26\/hoy-no-circula\/\"},\"wordCount\":51,\"commentCount\":0,\"publisher\":{\"@id\":\"https:\/\/21panorama.com\/#organization\"},\"image\":{\"@id\":\"https:\/\/21panorama.com\/index.php\/2019\/07\/26\/hoy-no-circula\/#primaryimage\"},\"thumbnailUrl\":\"https:\/\/21panorama.com\/wp-content\/uploads\/2019\/07\/hoy-no-circula-vigente-en.png\",\"articleSection\":[\"Sociedad\"],\"inLanguage\":\"es\",\"potentialAction\":[{\"@type\":\"CommentAction\",\"name\":\"Comment\",\"target\":[\"https:\/\/21panorama.com\/index.php\/2019\/07\/26\/hoy-no-circula\/#respond\"]}]},{\"@type\":\"WebPage\",\"@id\":\"https:\/\/21panorama.com\/index.php\/2019\/07\/26\/hoy-no-circula\/\",\"url\":\"https:\/\/21panorama.com\/index.php\/2019\/07\/26\/hoy-no-circula\/\",\"name\":\"HOY NO CIRCULA - 21 Panorama\",\"isPartOf\":{\"@id\":\"https:\/\/21panorama.com\/#website\"},\"primaryImageOfPage\":{\"@id\":\"https:\/\/21panorama.com\/index.php\/2019\/07\/26\/hoy-no-circula\/#primaryimage\"},\"image\":{\"@id\":\"https:\/\/21panorama.com\/index.php\/2019\/07\/26\/hoy-no-circula\/#primaryimage\"},\"thumbnailUrl\":\"https:\/\/21panorama.com\/wp-content\/uploads\/2019\/07\/hoy-no-circula-vigente-en.png\",\"datePublished\":\"2019-07-26T00:38:50+00:00\",\"dateModified\":\"2019-07-26T16:40:47+00:00\",\"breadcrumb\":{\"@id\":\"https:\/\/21panorama.com\/index.php\/2019\/07\/26\/hoy-no-circula\/#breadcrumb\"},\"inLanguage\":\"es\",\"potentialAction\":[{\"@type\":\"ReadAction\",\"target\":[\"https:\/\/21panorama.com\/index.php\/2019\/07\/26\/hoy-no-circula\/\"]}]},{\"@type\":\"ImageObject\",\"inLanguage\":\"es\",\"@id\":\"https:\/\/21panorama.com\/index.php\/2019\/07\/26\/hoy-no-circula\/#primaryimage\",\"url\":\"https:\/\/21panorama.com\/wp-content\/uploads\/2019\/07\/hoy-no-circula-vigente-en.png\",\"contentUrl\":\"https:\/\/21panorama.com\/wp-content\/uploads\/2019\/07\/hoy-no-circula-vigente-en.png\",\"width\":1080,\"height\":1142},{\"@type\":\"BreadcrumbList\",\"@id\":\"https:\/\/21panorama.com\/index.php\/2019\/07\/26\/hoy-no-circula\/#breadcrumb\",\"itemListElement\":[{\"@type\":\"ListItem\",\"position\":1,\"name\":\"Inicio\",\"item\":\"https:\/\/21panorama.com\/\"},{\"@type\":\"ListItem\",\"position\":2,\"name\":\"HOY NO CIRCULA\"}]},{\"@type\":\"WebSite\",\"@id\":\"https:\/\/21panorama.com\/#website\",\"url\":\"https:\/\/21panorama.com\/\",\"name\":\"21 Panorama\",\"description\":\"La construcci\u00f3n de la opini\u00f3n p\u00fablica merece un mejor Panorama en este siglo 21 para alcanzar una sociedad con mayor transparencia y sin corrupci\u00f3n.\",\"publisher\":{\"@id\":\"https:\/\/21panorama.com\/#organization\"},\"potentialAction\":[{\"@type\":\"SearchAction\",\"target\":{\"@type\":\"EntryPoint\",\"urlTemplate\":\"https:\/\/21panorama.com\/?s={search_term_string}\"},\"query-input\":{\"@type\":\"PropertyValueSpecification\",\"valueRequired\":true,\"valueName\":\"search_term_string\"}}],\"inLanguage\":\"es\"},{\"@type\":\"Organization\",\"@id\":\"https:\/\/21panorama.com\/#organization\",\"name\":\"21 Panorama\",\"url\":\"https:\/\/21panorama.com\/\",\"logo\":{\"@type\":\"ImageObject\",\"inLanguage\":\"es\",\"@id\":\"https:\/\/21panorama.com\/#\/schema\/logo\/image\/\",\"url\":\"https:\/\/21panorama.com\/wp-content\/uploads\/2019\/07\/cropped-Logo-Panorama-01.jpeg\",\"contentUrl\":\"https:\/\/21panorama.com\/wp-content\/uploads\/2019\/07\/cropped-Logo-Panorama-01.jpeg\",\"width\":290,\"height\":70,\"caption\":\"21 Panorama\"},\"image\":{\"@id\":\"https:\/\/21panorama.com\/#\/schema\/logo\/image\/\"}},{\"@type\":\"Person\",\"@id\":\"https:\/\/21panorama.com\/#\/schema\/person\/1afc291b96d5792a158768324287319f\",\"name\":\"admin\",\"image\":{\"@type\":\"ImageObject\",\"inLanguage\":\"es\",\"@id\":\"https:\/\/21panorama.com\/#\/schema\/person\/image\/\",\"url\":\"https:\/\/secure.gravatar.com\/avatar\/ad365d9d9f46719215b0d042cc3df92a5a8683e09ef13d102233e5491985f0f0?s=96&d=mm&r=g\",\"contentUrl\":\"https:\/\/secure.gravatar.com\/avatar\/ad365d9d9f46719215b0d042cc3df92a5a8683e09ef13d102233e5491985f0f0?s=96&d=mm&r=g\",\"caption\":\"admin\"},\"url\":\"https:\/\/21panorama.com\/index.php\/author\/admin\/\"}]}<\/script>\n<!-- \/ Yoast SEO plugin. -->","yoast_head_json":{"title":"HOY NO CIRCULA - 21 Panorama","robots":{"index":"index","follow":"follow","max-snippet":"max-snippet:-1","max-image-preview":"max-image-preview:large","max-video-preview":"max-video-preview:-1"},"canonical":"https:\/\/21panorama.com\/index.php\/2019\/07\/26\/hoy-no-circula\/","og_locale":"es_MX","og_type":"article","og_title":"HOY NO CIRCULA - 21 Panorama","og_description":"En&nbsp;#Atizap\u00e1n&nbsp;de Zaragoza aplica el&nbsp;#HoyNoCircula&nbsp;con el reglamento de tr\u00e1nsito vigente, hoy para los veh\u00edculos engomado verde con terminaci\u00f3n de placas 1 y 2, holograma 1 y 2. Hologramas 00 y 0 est\u00e1n exentos, as\u00ed como veh\u00edculos el\u00e9ctricos e h\u00edbridos.","og_url":"https:\/\/21panorama.com\/index.php\/2019\/07\/26\/hoy-no-circula\/","og_site_name":"21 Panorama","article_published_time":"2019-07-26T00:38:50+00:00","article_modified_time":"2019-07-26T16:40:47+00:00","og_image":[{"width":1080,"height":1142,"url":"https:\/\/21panorama.com\/wp-content\/uploads\/2019\/07\/hoy-no-circula-vigente-en.png","type":"image\/png"}],"author":"admin","twitter_card":"summary_large_image","twitter_misc":{"Escrito por":"admin"},"schema":{"@context":"https:\/\/schema.org","@graph":[{"@type":"Article","@id":"https:\/\/21panorama.com\/index.php\/2019\/07\/26\/hoy-no-circula\/#article","isPartOf":{"@id":"https:\/\/21panorama.com\/index.php\/2019\/07\/26\/hoy-no-circula\/"},"author":{"name":"admin","@id":"https:\/\/21panorama.com\/#\/schema\/person\/1afc291b96d5792a158768324287319f"},"headline":"HOY NO CIRCULA","datePublished":"2019-07-26T00:38:50+00:00","dateModified":"2019-07-26T16:40:47+00:00","mainEntityOfPage":{"@id":"https:\/\/21panorama.com\/index.php\/2019\/07\/26\/hoy-no-circula\/"},"wordCount":51,"commentCount":0,"publisher":{"@id":"https:\/\/21panorama.com\/#organization"},"image":{"@id":"https:\/\/21panorama.com\/index.php\/2019\/07\/26\/hoy-no-circula\/#primaryimage"},"thumbnailUrl":"https:\/\/21panorama.com\/wp-content\/uploads\/2019\/07\/hoy-no-circula-vigente-en.png","articleSection":["Sociedad"],"inLanguage":"es","potentialAction":[{"@type":"CommentAction","name":"Comment","target":["https:\/\/21panorama.com\/index.php\/2019\/07\/26\/hoy-no-circula\/#respond"]}]},{"@type":"WebPage","@id":"https:\/\/21panorama.com\/index.php\/2019\/07\/26\/hoy-no-circula\/","url":"https:\/\/21panorama.com\/index.php\/2019\/07\/26\/hoy-no-circula\/","name":"HOY NO CIRCULA - 21 Panorama","isPartOf":{"@id":"https:\/\/21panorama.com\/#website"},"primaryImageOfPage":{"@id":"https:\/\/21panorama.com\/index.php\/2019\/07\/26\/hoy-no-circula\/#primaryimage"},"image":{"@id":"https:\/\/21panorama.com\/index.php\/2019\/07\/26\/hoy-no-circula\/#primaryimage"},"thumbnailUrl":"https:\/\/21panorama.com\/wp-content\/uploads\/2019\/07\/hoy-no-circula-vigente-en.png","datePublished":"2019-07-26T00:38:50+00:00","dateModified":"2019-07-26T16:40:47+00:00","breadcrumb":{"@id":"https:\/\/21panorama.com\/index.php\/2019\/07\/26\/hoy-no-circula\/#breadcrumb"},"inLanguage":"es","potentialAction":[{"@type":"ReadAction","target":["https:\/\/21panorama.com\/index.php\/2019\/07\/26\/hoy-no-circula\/"]}]},{"@type":"ImageObject","inLanguage":"es","@id":"https:\/\/21panorama.com\/index.php\/2019\/07\/26\/hoy-no-circula\/#primaryimage","url":"https:\/\/21panorama.com\/wp-content\/uploads\/2019\/07\/hoy-no-circula-vigente-en.png","contentUrl":"https:\/\/21panorama.com\/wp-content\/uploads\/2019\/07\/hoy-no-circula-vigente-en.png","width":1080,"height":1142},{"@type":"BreadcrumbList","@id":"https:\/\/21panorama.com\/index.php\/2019\/07\/26\/hoy-no-circula\/#breadcrumb","itemListElement":[{"@type":"ListItem","position":1,"name":"Inicio","item":"https:\/\/21panorama.com\/"},{"@type":"ListItem","position":2,"name":"HOY NO CIRCULA"}]},{"@type":"WebSite","@id":"https:\/\/21panorama.com\/#website","url":"https:\/\/21panorama.com\/","name":"21 Panorama","description":"La construcci\u00f3n de la opini\u00f3n p\u00fablica merece un mejor Panorama en este siglo 21 para alcanzar una sociedad con mayor transparencia y sin corrupci\u00f3n.","publisher":{"@id":"https:\/\/21panorama.com\/#organization"},"potentialAction":[{"@type":"SearchAction","target":{"@type":"EntryPoint","urlTemplate":"https:\/\/21panorama.com\/?s={search_term_string}"},"query-input":{"@type":"PropertyValueSpecification","valueRequired":true,"valueName":"search_term_string"}}],"inLanguage":"es"},{"@type":"Organization","@id":"https:\/\/21panorama.com\/#organization","name":"21 Panorama","url":"https:\/\/21panorama.com\/","logo":{"@type":"ImageObject","inLanguage":"es","@id":"https:\/\/21panorama.com\/#\/schema\/logo\/image\/","url":"https:\/\/21panorama.com\/wp-content\/uploads\/2019\/07\/cropped-Logo-Panorama-01.jpeg","contentUrl":"https:\/\/21panorama.com\/wp-content\/uploads\/2019\/07\/cropped-Logo-Panorama-01.jpeg","width":290,"height":70,"caption":"21 Panorama"},"image":{"@id":"https:\/\/21panorama.com\/#\/schema\/logo\/image\/"}},{"@type":"Person","@id":"https:\/\/21panorama.com\/#\/schema\/person\/1afc291b96d5792a158768324287319f","name":"admin","image":{"@type":"ImageObject","inLanguage":"es","@id":"https:\/\/21panorama.com\/#\/schema\/person\/image\/","url":"https:\/\/secure.gravatar.com\/avatar\/ad365d9d9f46719215b0d042cc3df92a5a8683e09ef13d102233e5491985f0f0?s=96&d=mm&r=g","contentUrl":"https:\/\/secure.gravatar.com\/avatar\/ad365d9d9f46719215b0d042cc3df92a5a8683e09ef13d102233e5491985f0f0?s=96&d=mm&r=g","caption":"admin"},"url":"https:\/\/21panorama.com\/index.php\/author\/admin\/"}]}},"_links":{"self":[{"href":"https:\/\/21panorama.com\/index.php\/wp-json\/wp\/v2\/posts\/74","targetHints":{"allow":["GET"]}}],"collection":[{"href":"https:\/\/21panorama.com\/index.php\/wp-json\/wp\/v2\/posts"}],"about":[{"href":"https:\/\/21panorama.com\/index.php\/wp-json\/wp\/v2\/types\/post"}],"author":[{"embeddable":true,"href":"https:\/\/21panorama.com\/index.php\/wp-json\/wp\/v2\/users\/1"}],"replies":[{"embeddable":true,"href":"https:\/\/21panorama.com\/index.php\/wp-json\/wp\/v2\/comments?post=74"}],"version-history":[{"count":2,"href":"https:\/\/21panorama.com\/index.php\/wp-json\/wp\/v2\/posts\/74\/revisions"}],"predecessor-version":[{"id":138,"href":"https:\/\/21panorama.com\/index.php\/wp-json\/wp\/v2\/posts\/74\/revisions\/138"}],"wp:featuredmedia":[{"embeddable":true,"href":"https:\/\/21panorama.com\/index.php\/wp-json\/wp\/v2\/media\/77"}],"wp:attachment":[{"href":"https:\/\/21panorama.com\/index.php\/wp-json\/wp\/v2\/media?parent=74"}],"wp:term":[{"taxonomy":"category","embeddable":true,"href":"https:\/\/21panorama.com\/index.php\/wp-json\/wp\/v2\/categories?post=74"},{"taxonomy":"post_tag","embeddable":true,"href":"https:\/\/21panorama.com\/index.php\/wp-json\/wp\/v2\/tags?post=74"}],"curies":[{"name":"wp","href":"https:\/\/api.w.org\/{rel}","templated":true}]}}