{"id":732,"date":"2021-03-25T18:16:29","date_gmt":"2021-03-26T00:16:29","guid":{"rendered":"http:\/\/21panorama.com\/?p=732"},"modified":"2021-03-25T18:16:30","modified_gmt":"2021-03-26T00:16:30","slug":"llaman-ingenieros-civiles-a-reflexionar-sobre-las-obras-de-impacto-en-mexico","status":"publish","type":"post","link":"https:\/\/21panorama.com\/index.php\/2021\/03\/25\/llaman-ingenieros-civiles-a-reflexionar-sobre-las-obras-de-impacto-en-mexico\/","title":{"rendered":"LLAMAN INGENIEROS CIVILES A REFLEXIONAR SOBRE LAS OBRAS DE IMPACTO EN M\u00c9XICO"},"content":{"rendered":"\n<p>Es necesario llevar a cabo una reflexi\u00f3n en torno a la decisi\u00f3n del gobierno federal de dejar en manos de la ingenier\u00eda militar las obras de infraestructura que tienen efecto en todos los mexicanos, dej\u00f3 en claro el presidente del consejo directivo del Colegio de Ingenieros Civiles del Estado de M\u00e9xico, Mario Vallejo Madrazo.<\/p>\n\n\n\n<p>Se sum\u00f3 a la visi\u00f3n que tiene el secretario de Comunicaciones y Transportes, Jorge Arganis D\u00edaz Leal, toda vez que son los ingenieros civiles los que deben estar a cargo de las obras de infraestructura.<\/p>\n\n\n\n<p>Consider\u00f3 importante el papel que juega el ingeniero militar, \u201csin embargo cada profesionista se ha preparado para desarrollarse en un \u00e1rea espec\u00edfica, la del ingeniero militar est\u00e1 enfocada al soporte de las labores y obras propias del ejercicio militar\u201d.<\/p>\n\n\n\n<p>Dijo que al ingeniero civil se le forma y capacita para llevar a cabo el dise\u00f1o, c\u00e1lculo y seguridad estructural de las obras de infraestructura, que sin duda alguna generan una derrama importante para el pa\u00eds y lo transforman, ya que aportan grandes beneficios a todos los mexicanos con cada una de esas obras.<\/p>\n\n\n\n<p>Vallejo Madrazo se pronunci\u00f3 finalmente por trabajar para consolidar un gran pa\u00eds, al frente de un Colegio que defiende y vela por los intereses del Ingeniero Civil, as\u00ed como de coordinar los esfuerzos para dirigirlos a resultados que engrandezcan la profesi\u00f3n.<\/p>\n","protected":false},"excerpt":{"rendered":"<p>Se sum\u00f3 a la visi\u00f3n que tiene el secretario de Comunicaciones y Transportes, Jorge Arganis D\u00edaz Leal.<\/p>\n","protected":false},"author":1,"featured_media":733,"comment_status":"open","ping_status":"open","sticky":false,"template":"","format":"standard","meta":{"footnotes":""},"categories":[12],"tags":[40,41],"class_list":["post-732","post","type-post","status-publish","format-standard","has-post-thumbnail","hentry","category-politica","tag-colegio-de-ingenieros-civiles","tag-mario-vallejo"],"yoast_head":"<!-- This site is optimized with the Yoast SEO plugin v24.9 - https:\/\/yoast.com\/wordpress\/plugins\/seo\/ -->\n<title>LLAMAN INGENIEROS CIVILES A REFLEXIONAR SOBRE LAS OBRAS DE IMPACTO EN M\u00c9XICO - 21 Panorama<\/title>\n<meta name=\"robots\" content=\"index, follow, max-snippet:-1, max-image-preview:large, max-video-preview:-1\" \/>\n<link rel=\"canonical\" href=\"https:\/\/21panorama.com\/index.php\/2021\/03\/25\/llaman-ingenieros-civiles-a-reflexionar-sobre-las-obras-de-impacto-en-mexico\/\" \/>\n<meta property=\"og:locale\" content=\"es_MX\" \/>\n<meta property=\"og:type\" content=\"article\" \/>\n<meta property=\"og:title\" content=\"LLAMAN INGENIEROS CIVILES A REFLEXIONAR SOBRE LAS OBRAS DE IMPACTO EN M\u00c9XICO - 21 Panorama\" \/>\n<meta property=\"og:description\" content=\"Se sum\u00f3 a la visi\u00f3n que tiene el secretario de Comunicaciones y Transportes, Jorge Arganis D\u00edaz Leal.\" \/>\n<meta property=\"og:url\" content=\"https:\/\/21panorama.com\/index.php\/2021\/03\/25\/llaman-ingenieros-civiles-a-reflexionar-sobre-las-obras-de-impacto-en-mexico\/\" \/>\n<meta property=\"og:site_name\" content=\"21 Panorama\" \/>\n<meta property=\"article:published_time\" content=\"2021-03-26T00:16:29+00:00\" \/>\n<meta property=\"article:modified_time\" content=\"2021-03-26T00:16:30+00:00\" \/>\n<meta property=\"og:image\" content=\"https:\/\/21panorama.com\/wp-content\/uploads\/2021\/03\/WhatsApp-Image-2021-03-25-at-18.08.10.jpeg\" \/>\n\t<meta property=\"og:image:width\" content=\"692\" \/>\n\t<meta property=\"og:image:height\" content=\"1188\" \/>\n\t<meta property=\"og:image:type\" content=\"image\/jpeg\" \/>\n<meta name=\"author\" content=\"admin\" \/>\n<meta name=\"twitter:card\" content=\"summary_large_image\" \/>\n<meta name=\"twitter:label1\" content=\"Escrito por\" \/>\n\t<meta name=\"twitter:data1\" content=\"admin\" \/>\n\t<meta name=\"twitter:label2\" content=\"Tiempo de lectura\" \/>\n\t<meta name=\"twitter:data2\" content=\"1 minuto\" \/>\n<script type=\"application\/ld+json\" class=\"yoast-schema-graph\">{\"@context\":\"https:\/\/schema.org\",\"@graph\":[{\"@type\":\"Article\",\"@id\":\"https:\/\/21panorama.com\/index.php\/2021\/03\/25\/llaman-ingenieros-civiles-a-reflexionar-sobre-las-obras-de-impacto-en-mexico\/#article\",\"isPartOf\":{\"@id\":\"https:\/\/21panorama.com\/index.php\/2021\/03\/25\/llaman-ingenieros-civiles-a-reflexionar-sobre-las-obras-de-impacto-en-mexico\/\"},\"author\":{\"name\":\"admin\",\"@id\":\"https:\/\/21panorama.com\/#\/schema\/person\/1afc291b96d5792a158768324287319f\"},\"headline\":\"LLAMAN INGENIEROS CIVILES A REFLEXIONAR SOBRE LAS OBRAS DE IMPACTO EN M\u00c9XICO\",\"datePublished\":\"2021-03-26T00:16:29+00:00\",\"dateModified\":\"2021-03-26T00:16:30+00:00\",\"mainEntityOfPage\":{\"@id\":\"https:\/\/21panorama.com\/index.php\/2021\/03\/25\/llaman-ingenieros-civiles-a-reflexionar-sobre-las-obras-de-impacto-en-mexico\/\"},\"wordCount\":248,\"commentCount\":0,\"publisher\":{\"@id\":\"https:\/\/21panorama.com\/#organization\"},\"image\":{\"@id\":\"https:\/\/21panorama.com\/index.php\/2021\/03\/25\/llaman-ingenieros-civiles-a-reflexionar-sobre-las-obras-de-impacto-en-mexico\/#primaryimage\"},\"thumbnailUrl\":\"https:\/\/21panorama.com\/wp-content\/uploads\/2021\/03\/WhatsApp-Image-2021-03-25-at-18.08.10.jpeg\",\"keywords\":[\"Colegio de Ingenieros Civiles\",\"Mario Vallejo\"],\"articleSection\":[\"Politica\"],\"inLanguage\":\"es\",\"potentialAction\":[{\"@type\":\"CommentAction\",\"name\":\"Comment\",\"target\":[\"https:\/\/21panorama.com\/index.php\/2021\/03\/25\/llaman-ingenieros-civiles-a-reflexionar-sobre-las-obras-de-impacto-en-mexico\/#respond\"]}]},{\"@type\":\"WebPage\",\"@id\":\"https:\/\/21panorama.com\/index.php\/2021\/03\/25\/llaman-ingenieros-civiles-a-reflexionar-sobre-las-obras-de-impacto-en-mexico\/\",\"url\":\"https:\/\/21panorama.com\/index.php\/2021\/03\/25\/llaman-ingenieros-civiles-a-reflexionar-sobre-las-obras-de-impacto-en-mexico\/\",\"name\":\"LLAMAN INGENIEROS CIVILES A REFLEXIONAR SOBRE LAS OBRAS DE IMPACTO EN M\u00c9XICO - 21 Panorama\",\"isPartOf\":{\"@id\":\"https:\/\/21panorama.com\/#website\"},\"primaryImageOfPage\":{\"@id\":\"https:\/\/21panorama.com\/index.php\/2021\/03\/25\/llaman-ingenieros-civiles-a-reflexionar-sobre-las-obras-de-impacto-en-mexico\/#primaryimage\"},\"image\":{\"@id\":\"https:\/\/21panorama.com\/index.php\/2021\/03\/25\/llaman-ingenieros-civiles-a-reflexionar-sobre-las-obras-de-impacto-en-mexico\/#primaryimage\"},\"thumbnailUrl\":\"https:\/\/21panorama.com\/wp-content\/uploads\/2021\/03\/WhatsApp-Image-2021-03-25-at-18.08.10.jpeg\",\"datePublished\":\"2021-03-26T00:16:29+00:00\",\"dateModified\":\"2021-03-26T00:16:30+00:00\",\"breadcrumb\":{\"@id\":\"https:\/\/21panorama.com\/index.php\/2021\/03\/25\/llaman-ingenieros-civiles-a-reflexionar-sobre-las-obras-de-impacto-en-mexico\/#breadcrumb\"},\"inLanguage\":\"es\",\"potentialAction\":[{\"@type\":\"ReadAction\",\"target\":[\"https:\/\/21panorama.com\/index.php\/2021\/03\/25\/llaman-ingenieros-civiles-a-reflexionar-sobre-las-obras-de-impacto-en-mexico\/\"]}]},{\"@type\":\"ImageObject\",\"inLanguage\":\"es\",\"@id\":\"https:\/\/21panorama.com\/index.php\/2021\/03\/25\/llaman-ingenieros-civiles-a-reflexionar-sobre-las-obras-de-impacto-en-mexico\/#primaryimage\",\"url\":\"https:\/\/21panorama.com\/wp-content\/uploads\/2021\/03\/WhatsApp-Image-2021-03-25-at-18.08.10.jpeg\",\"contentUrl\":\"https:\/\/21panorama.com\/wp-content\/uploads\/2021\/03\/WhatsApp-Image-2021-03-25-at-18.08.10.jpeg\",\"width\":692,\"height\":1188},{\"@type\":\"BreadcrumbList\",\"@id\":\"https:\/\/21panorama.com\/index.php\/2021\/03\/25\/llaman-ingenieros-civiles-a-reflexionar-sobre-las-obras-de-impacto-en-mexico\/#breadcrumb\",\"itemListElement\":[{\"@type\":\"ListItem\",\"position\":1,\"name\":\"Inicio\",\"item\":\"https:\/\/21panorama.com\/\"},{\"@type\":\"ListItem\",\"position\":2,\"name\":\"LLAMAN INGENIEROS CIVILES A REFLEXIONAR SOBRE LAS OBRAS DE IMPACTO EN M\u00c9XICO\"}]},{\"@type\":\"WebSite\",\"@id\":\"https:\/\/21panorama.com\/#website\",\"url\":\"https:\/\/21panorama.com\/\",\"name\":\"21 Panorama\",\"description\":\"La construcci\u00f3n de la opini\u00f3n p\u00fablica merece un mejor Panorama en este siglo 21 para alcanzar una sociedad con mayor transparencia y sin corrupci\u00f3n.\",\"publisher\":{\"@id\":\"https:\/\/21panorama.com\/#organization\"},\"potentialAction\":[{\"@type\":\"SearchAction\",\"target\":{\"@type\":\"EntryPoint\",\"urlTemplate\":\"https:\/\/21panorama.com\/?s={search_term_string}\"},\"query-input\":{\"@type\":\"PropertyValueSpecification\",\"valueRequired\":true,\"valueName\":\"search_term_string\"}}],\"inLanguage\":\"es\"},{\"@type\":\"Organization\",\"@id\":\"https:\/\/21panorama.com\/#organization\",\"name\":\"21 Panorama\",\"url\":\"https:\/\/21panorama.com\/\",\"logo\":{\"@type\":\"ImageObject\",\"inLanguage\":\"es\",\"@id\":\"https:\/\/21panorama.com\/#\/schema\/logo\/image\/\",\"url\":\"https:\/\/21panorama.com\/wp-content\/uploads\/2019\/07\/cropped-Logo-Panorama-01.jpeg\",\"contentUrl\":\"https:\/\/21panorama.com\/wp-content\/uploads\/2019\/07\/cropped-Logo-Panorama-01.jpeg\",\"width\":290,\"height\":70,\"caption\":\"21 Panorama\"},\"image\":{\"@id\":\"https:\/\/21panorama.com\/#\/schema\/logo\/image\/\"}},{\"@type\":\"Person\",\"@id\":\"https:\/\/21panorama.com\/#\/schema\/person\/1afc291b96d5792a158768324287319f\",\"name\":\"admin\",\"image\":{\"@type\":\"ImageObject\",\"inLanguage\":\"es\",\"@id\":\"https:\/\/21panorama.com\/#\/schema\/person\/image\/\",\"url\":\"https:\/\/secure.gravatar.com\/avatar\/ad365d9d9f46719215b0d042cc3df92a5a8683e09ef13d102233e5491985f0f0?s=96&d=mm&r=g\",\"contentUrl\":\"https:\/\/secure.gravatar.com\/avatar\/ad365d9d9f46719215b0d042cc3df92a5a8683e09ef13d102233e5491985f0f0?s=96&d=mm&r=g\",\"caption\":\"admin\"},\"url\":\"https:\/\/21panorama.com\/index.php\/author\/admin\/\"}]}<\/script>\n<!-- \/ Yoast SEO plugin. -->","yoast_head_json":{"title":"LLAMAN INGENIEROS CIVILES A REFLEXIONAR SOBRE LAS OBRAS DE IMPACTO EN M\u00c9XICO - 21 Panorama","robots":{"index":"index","follow":"follow","max-snippet":"max-snippet:-1","max-image-preview":"max-image-preview:large","max-video-preview":"max-video-preview:-1"},"canonical":"https:\/\/21panorama.com\/index.php\/2021\/03\/25\/llaman-ingenieros-civiles-a-reflexionar-sobre-las-obras-de-impacto-en-mexico\/","og_locale":"es_MX","og_type":"article","og_title":"LLAMAN INGENIEROS CIVILES A REFLEXIONAR SOBRE LAS OBRAS DE IMPACTO EN M\u00c9XICO - 21 Panorama","og_description":"Se sum\u00f3 a la visi\u00f3n que tiene el secretario de Comunicaciones y Transportes, Jorge Arganis D\u00edaz Leal.","og_url":"https:\/\/21panorama.com\/index.php\/2021\/03\/25\/llaman-ingenieros-civiles-a-reflexionar-sobre-las-obras-de-impacto-en-mexico\/","og_site_name":"21 Panorama","article_published_time":"2021-03-26T00:16:29+00:00","article_modified_time":"2021-03-26T00:16:30+00:00","og_image":[{"width":692,"height":1188,"url":"https:\/\/21panorama.com\/wp-content\/uploads\/2021\/03\/WhatsApp-Image-2021-03-25-at-18.08.10.jpeg","type":"image\/jpeg"}],"author":"admin","twitter_card":"summary_large_image","twitter_misc":{"Escrito por":"admin","Tiempo de lectura":"1 minuto"},"schema":{"@context":"https:\/\/schema.org","@graph":[{"@type":"Article","@id":"https:\/\/21panorama.com\/index.php\/2021\/03\/25\/llaman-ingenieros-civiles-a-reflexionar-sobre-las-obras-de-impacto-en-mexico\/#article","isPartOf":{"@id":"https:\/\/21panorama.com\/index.php\/2021\/03\/25\/llaman-ingenieros-civiles-a-reflexionar-sobre-las-obras-de-impacto-en-mexico\/"},"author":{"name":"admin","@id":"https:\/\/21panorama.com\/#\/schema\/person\/1afc291b96d5792a158768324287319f"},"headline":"LLAMAN INGENIEROS CIVILES A REFLEXIONAR SOBRE LAS OBRAS DE IMPACTO EN M\u00c9XICO","datePublished":"2021-03-26T00:16:29+00:00","dateModified":"2021-03-26T00:16:30+00:00","mainEntityOfPage":{"@id":"https:\/\/21panorama.com\/index.php\/2021\/03\/25\/llaman-ingenieros-civiles-a-reflexionar-sobre-las-obras-de-impacto-en-mexico\/"},"wordCount":248,"commentCount":0,"publisher":{"@id":"https:\/\/21panorama.com\/#organization"},"image":{"@id":"https:\/\/21panorama.com\/index.php\/2021\/03\/25\/llaman-ingenieros-civiles-a-reflexionar-sobre-las-obras-de-impacto-en-mexico\/#primaryimage"},"thumbnailUrl":"https:\/\/21panorama.com\/wp-content\/uploads\/2021\/03\/WhatsApp-Image-2021-03-25-at-18.08.10.jpeg","keywords":["Colegio de Ingenieros Civiles","Mario Vallejo"],"articleSection":["Politica"],"inLanguage":"es","potentialAction":[{"@type":"CommentAction","name":"Comment","target":["https:\/\/21panorama.com\/index.php\/2021\/03\/25\/llaman-ingenieros-civiles-a-reflexionar-sobre-las-obras-de-impacto-en-mexico\/#respond"]}]},{"@type":"WebPage","@id":"https:\/\/21panorama.com\/index.php\/2021\/03\/25\/llaman-ingenieros-civiles-a-reflexionar-sobre-las-obras-de-impacto-en-mexico\/","url":"https:\/\/21panorama.com\/index.php\/2021\/03\/25\/llaman-ingenieros-civiles-a-reflexionar-sobre-las-obras-de-impacto-en-mexico\/","name":"LLAMAN INGENIEROS CIVILES A REFLEXIONAR SOBRE LAS OBRAS DE IMPACTO EN M\u00c9XICO - 21 Panorama","isPartOf":{"@id":"https:\/\/21panorama.com\/#website"},"primaryImageOfPage":{"@id":"https:\/\/21panorama.com\/index.php\/2021\/03\/25\/llaman-ingenieros-civiles-a-reflexionar-sobre-las-obras-de-impacto-en-mexico\/#primaryimage"},"image":{"@id":"https:\/\/21panorama.com\/index.php\/2021\/03\/25\/llaman-ingenieros-civiles-a-reflexionar-sobre-las-obras-de-impacto-en-mexico\/#primaryimage"},"thumbnailUrl":"https:\/\/21panorama.com\/wp-content\/uploads\/2021\/03\/WhatsApp-Image-2021-03-25-at-18.08.10.jpeg","datePublished":"2021-03-26T00:16:29+00:00","dateModified":"2021-03-26T00:16:30+00:00","breadcrumb":{"@id":"https:\/\/21panorama.com\/index.php\/2021\/03\/25\/llaman-ingenieros-civiles-a-reflexionar-sobre-las-obras-de-impacto-en-mexico\/#breadcrumb"},"inLanguage":"es","potentialAction":[{"@type":"ReadAction","target":["https:\/\/21panorama.com\/index.php\/2021\/03\/25\/llaman-ingenieros-civiles-a-reflexionar-sobre-las-obras-de-impacto-en-mexico\/"]}]},{"@type":"ImageObject","inLanguage":"es","@id":"https:\/\/21panorama.com\/index.php\/2021\/03\/25\/llaman-ingenieros-civiles-a-reflexionar-sobre-las-obras-de-impacto-en-mexico\/#primaryimage","url":"https:\/\/21panorama.com\/wp-content\/uploads\/2021\/03\/WhatsApp-Image-2021-03-25-at-18.08.10.jpeg","contentUrl":"https:\/\/21panorama.com\/wp-content\/uploads\/2021\/03\/WhatsApp-Image-2021-03-25-at-18.08.10.jpeg","width":692,"height":1188},{"@type":"BreadcrumbList","@id":"https:\/\/21panorama.com\/index.php\/2021\/03\/25\/llaman-ingenieros-civiles-a-reflexionar-sobre-las-obras-de-impacto-en-mexico\/#breadcrumb","itemListElement":[{"@type":"ListItem","position":1,"name":"Inicio","item":"https:\/\/21panorama.com\/"},{"@type":"ListItem","position":2,"name":"LLAMAN INGENIEROS CIVILES A REFLEXIONAR SOBRE LAS OBRAS DE IMPACTO EN M\u00c9XICO"}]},{"@type":"WebSite","@id":"https:\/\/21panorama.com\/#website","url":"https:\/\/21panorama.com\/","name":"21 Panorama","description":"La construcci\u00f3n de la opini\u00f3n p\u00fablica merece un mejor Panorama en este siglo 21 para alcanzar una sociedad con mayor transparencia y sin corrupci\u00f3n.","publisher":{"@id":"https:\/\/21panorama.com\/#organization"},"potentialAction":[{"@type":"SearchAction","target":{"@type":"EntryPoint","urlTemplate":"https:\/\/21panorama.com\/?s={search_term_string}"},"query-input":{"@type":"PropertyValueSpecification","valueRequired":true,"valueName":"search_term_string"}}],"inLanguage":"es"},{"@type":"Organization","@id":"https:\/\/21panorama.com\/#organization","name":"21 Panorama","url":"https:\/\/21panorama.com\/","logo":{"@type":"ImageObject","inLanguage":"es","@id":"https:\/\/21panorama.com\/#\/schema\/logo\/image\/","url":"https:\/\/21panorama.com\/wp-content\/uploads\/2019\/07\/cropped-Logo-Panorama-01.jpeg","contentUrl":"https:\/\/21panorama.com\/wp-content\/uploads\/2019\/07\/cropped-Logo-Panorama-01.jpeg","width":290,"height":70,"caption":"21 Panorama"},"image":{"@id":"https:\/\/21panorama.com\/#\/schema\/logo\/image\/"}},{"@type":"Person","@id":"https:\/\/21panorama.com\/#\/schema\/person\/1afc291b96d5792a158768324287319f","name":"admin","image":{"@type":"ImageObject","inLanguage":"es","@id":"https:\/\/21panorama.com\/#\/schema\/person\/image\/","url":"https:\/\/secure.gravatar.com\/avatar\/ad365d9d9f46719215b0d042cc3df92a5a8683e09ef13d102233e5491985f0f0?s=96&d=mm&r=g","contentUrl":"https:\/\/secure.gravatar.com\/avatar\/ad365d9d9f46719215b0d042cc3df92a5a8683e09ef13d102233e5491985f0f0?s=96&d=mm&r=g","caption":"admin"},"url":"https:\/\/21panorama.com\/index.php\/author\/admin\/"}]}},"_links":{"self":[{"href":"https:\/\/21panorama.com\/index.php\/wp-json\/wp\/v2\/posts\/732","targetHints":{"allow":["GET"]}}],"collection":[{"href":"https:\/\/21panorama.com\/index.php\/wp-json\/wp\/v2\/posts"}],"about":[{"href":"https:\/\/21panorama.com\/index.php\/wp-json\/wp\/v2\/types\/post"}],"author":[{"embeddable":true,"href":"https:\/\/21panorama.com\/index.php\/wp-json\/wp\/v2\/users\/1"}],"replies":[{"embeddable":true,"href":"https:\/\/21panorama.com\/index.php\/wp-json\/wp\/v2\/comments?post=732"}],"version-history":[{"count":1,"href":"https:\/\/21panorama.com\/index.php\/wp-json\/wp\/v2\/posts\/732\/revisions"}],"predecessor-version":[{"id":734,"href":"https:\/\/21panorama.com\/index.php\/wp-json\/wp\/v2\/posts\/732\/revisions\/734"}],"wp:featuredmedia":[{"embeddable":true,"href":"https:\/\/21panorama.com\/index.php\/wp-json\/wp\/v2\/media\/733"}],"wp:attachment":[{"href":"https:\/\/21panorama.com\/index.php\/wp-json\/wp\/v2\/media?parent=732"}],"wp:term":[{"taxonomy":"category","embeddable":true,"href":"https:\/\/21panorama.com\/index.php\/wp-json\/wp\/v2\/categories?post=732"},{"taxonomy":"post_tag","embeddable":true,"href":"https:\/\/21panorama.com\/index.php\/wp-json\/wp\/v2\/tags?post=732"}],"curies":[{"name":"wp","href":"https:\/\/api.w.org\/{rel}","templated":true}]}}