{"id":716,"date":"2021-03-22T10:33:41","date_gmt":"2021-03-22T16:33:41","guid":{"rendered":"http:\/\/21panorama.com\/?p=716"},"modified":"2021-03-22T10:33:43","modified_gmt":"2021-03-22T16:33:43","slug":"panorama-politico","status":"publish","type":"post","link":"https:\/\/21panorama.com\/index.php\/2021\/03\/22\/panorama-politico\/","title":{"rendered":"Panorama pol\u00edtico"},"content":{"rendered":"\n<p>A Karime Arguilez Hern\u00e1ndez, candidata por Movimiento Ciudadano a la Diputaci\u00f3n Federal por el Distrito 27, se le ha visto muy ocupada creando estrategias para que los artesanos vendan sus productos, a trav\u00e9s de la Plataforma Nacional del Emprendedor.<br>A menos de un mes de empezar la campa\u00f1a electoral dispers\u00f3 sus acciones de contacto con los diferentes sectores de la comunidad que busca representar.<br>Conocedora de las necesidades de la gente emprender\u00e1 una campa\u00f1a con precisi\u00f3n para sumar intenci\u00f3n de voto.<br>\u2014\u2014\u2014-<\/p>\n\n\n\n<figure class=\"wp-block-image size-large\"><img decoding=\"async\" width=\"807\" height=\"1024\" src=\"https:\/\/21panorama.com\/wp-content\/uploads\/2021\/03\/WhatsApp-Image-2021-03-22-at-07.22.36-807x1024.jpeg\" alt=\"\" class=\"wp-image-717\" srcset=\"https:\/\/21panorama.com\/wp-content\/uploads\/2021\/03\/WhatsApp-Image-2021-03-22-at-07.22.36-807x1024.jpeg 807w, https:\/\/21panorama.com\/wp-content\/uploads\/2021\/03\/WhatsApp-Image-2021-03-22-at-07.22.36-236x300.jpeg 236w, https:\/\/21panorama.com\/wp-content\/uploads\/2021\/03\/WhatsApp-Image-2021-03-22-at-07.22.36-768x975.jpeg 768w, https:\/\/21panorama.com\/wp-content\/uploads\/2021\/03\/WhatsApp-Image-2021-03-22-at-07.22.36.jpeg 828w\" sizes=\"(max-width: 807px) 100vw, 807px\" \/><\/figure>\n\n\n\n<p><br>La dirigente en el Valle de Toluca del Movimiento Nacional Por la Esperanza, Esmeralda de luna, formar\u00e1 un frente juvenil en el Estado de M\u00e9xico, para impulsar un semillero de liderazgos juveniles.<\/p>\n\n\n\n<p>Ha tomado su papel muy en serio que con este grupo de cuadros j\u00f3venes en la pol\u00edtica se podr\u00e1 abanderar las causas sociales, buscar la manera de organizar las demandas y sobretodo ser m\u00e1s incluyentes.<\/p>\n\n\n\n<p>Se trata de que los j\u00f3venes sean hoy los que formen parte de la plataforma pol\u00edtica incluyente.<br>\u2014-<\/p>\n\n\n\n<figure class=\"wp-block-image size-large\"><img decoding=\"async\" width=\"565\" height=\"596\" src=\"https:\/\/21panorama.com\/wp-content\/uploads\/2021\/03\/WhatsApp-Image-2021-03-22-at-07.22.37.jpeg\" alt=\"\" class=\"wp-image-719\" srcset=\"https:\/\/21panorama.com\/wp-content\/uploads\/2021\/03\/WhatsApp-Image-2021-03-22-at-07.22.37.jpeg 565w, https:\/\/21panorama.com\/wp-content\/uploads\/2021\/03\/WhatsApp-Image-2021-03-22-at-07.22.37-284x300.jpeg 284w\" sizes=\"(max-width: 565px) 100vw, 565px\" \/><\/figure>\n\n\n\n<p><br>Mauricio Osorio como alcalde en Valle de Bravo emprendi\u00f3 una cargada por dem\u00e1s abierta en favor de su candidato Sergio Rodr\u00edguez, el famoso Chore que hasta ahora es el \u00fanico designado para abanderar al PRI.<br>La Tarjeta Vallesana corri\u00f3 como p\u00f3lvora desde ayer para mantener en la base de datos a cientos de ciudadanas que est\u00e1n inscritas con ese apoyo.<br>Enormes filas se dibujaron por las calles de este pueblo m\u00e1gico sin respetar la sana distancia.<\/p>\n\n\n\n<p>\u2014\u2014\u2014<\/p>\n\n\n\n<figure class=\"wp-block-image size-large\"><img decoding=\"async\" width=\"416\" height=\"1024\" src=\"https:\/\/21panorama.com\/wp-content\/uploads\/2021\/03\/WhatsApp-Image-2021-03-22-at-07.22.38-416x1024.jpeg\" alt=\"\" class=\"wp-image-720\" srcset=\"https:\/\/21panorama.com\/wp-content\/uploads\/2021\/03\/WhatsApp-Image-2021-03-22-at-07.22.38-416x1024.jpeg 416w, https:\/\/21panorama.com\/wp-content\/uploads\/2021\/03\/WhatsApp-Image-2021-03-22-at-07.22.38-122x300.jpeg 122w, https:\/\/21panorama.com\/wp-content\/uploads\/2021\/03\/WhatsApp-Image-2021-03-22-at-07.22.38.jpeg 520w\" sizes=\"(max-width: 416px) 100vw, 416px\" \/><\/figure>\n\n\n\n<p>Escritos, oficios y denuncias han llegado a las dirigencias municipales y estatales de Morena y Nueva Alianza porque fundadamente est\u00e1n contra de la reelecci\u00f3n de la alcalde de Temoaya, Nelly Rivera S\u00e1nchez.<\/p>\n\n\n\n<p>Si bien es cierto que tiene l\u00ednea de buscar la elecci\u00f3n consecutiva para saber de que est\u00e1n hechos sin el efecto AMLO lo claro es que la militancia de Morena y Nueva Alianza bajar\u00e1 los brazos.<\/p>\n\n\n\n<p>Su forma de conducirse en el Cabildo y las anomal\u00edas en la adquisici\u00f3n de productos y servicios para el ayuntamiento la dejan en clara desventaja para mantener el<br>Municipio, ahora como abanderada del PT.<\/p>\n","protected":false},"excerpt":{"rendered":"<p>Columna pol\u00edtica.<\/p>\n","protected":false},"author":1,"featured_media":718,"comment_status":"open","ping_status":"open","sticky":false,"template":"","format":"standard","meta":{"footnotes":""},"categories":[22],"tags":[],"class_list":["post-716","post","type-post","status-publish","format-standard","has-post-thumbnail","hentry","category-columna-opinion"],"yoast_head":"<!-- This site is optimized with the Yoast SEO plugin v24.9 - https:\/\/yoast.com\/wordpress\/plugins\/seo\/ -->\n<title>Panorama pol\u00edtico - 21 Panorama<\/title>\n<meta name=\"robots\" content=\"index, follow, max-snippet:-1, max-image-preview:large, max-video-preview:-1\" \/>\n<link rel=\"canonical\" href=\"https:\/\/21panorama.com\/index.php\/2021\/03\/22\/panorama-politico\/\" \/>\n<meta property=\"og:locale\" content=\"es_MX\" \/>\n<meta property=\"og:type\" content=\"article\" \/>\n<meta property=\"og:title\" content=\"Panorama pol\u00edtico - 21 Panorama\" \/>\n<meta property=\"og:description\" content=\"Columna pol\u00edtica.\" \/>\n<meta property=\"og:url\" content=\"https:\/\/21panorama.com\/index.php\/2021\/03\/22\/panorama-politico\/\" \/>\n<meta property=\"og:site_name\" content=\"21 Panorama\" \/>\n<meta property=\"article:published_time\" content=\"2021-03-22T16:33:41+00:00\" \/>\n<meta property=\"article:modified_time\" content=\"2021-03-22T16:33:43+00:00\" \/>\n<meta property=\"og:image\" content=\"https:\/\/21panorama.com\/wp-content\/uploads\/2021\/03\/WhatsApp-Image-2021-03-22-at-07.22.34.jpeg\" \/>\n\t<meta property=\"og:image:width\" content=\"740\" \/>\n\t<meta property=\"og:image:height\" content=\"1280\" \/>\n\t<meta property=\"og:image:type\" content=\"image\/jpeg\" \/>\n<meta name=\"author\" content=\"admin\" \/>\n<meta name=\"twitter:card\" content=\"summary_large_image\" \/>\n<meta name=\"twitter:label1\" content=\"Escrito por\" \/>\n\t<meta name=\"twitter:data1\" content=\"admin\" \/>\n\t<meta name=\"twitter:label2\" content=\"Tiempo de lectura\" \/>\n\t<meta name=\"twitter:data2\" content=\"2 minutos\" \/>\n<script type=\"application\/ld+json\" class=\"yoast-schema-graph\">{\"@context\":\"https:\/\/schema.org\",\"@graph\":[{\"@type\":\"Article\",\"@id\":\"https:\/\/21panorama.com\/index.php\/2021\/03\/22\/panorama-politico\/#article\",\"isPartOf\":{\"@id\":\"https:\/\/21panorama.com\/index.php\/2021\/03\/22\/panorama-politico\/\"},\"author\":{\"name\":\"admin\",\"@id\":\"https:\/\/21panorama.com\/#\/schema\/person\/1afc291b96d5792a158768324287319f\"},\"headline\":\"Panorama pol\u00edtico\",\"datePublished\":\"2021-03-22T16:33:41+00:00\",\"dateModified\":\"2021-03-22T16:33:43+00:00\",\"mainEntityOfPage\":{\"@id\":\"https:\/\/21panorama.com\/index.php\/2021\/03\/22\/panorama-politico\/\"},\"wordCount\":372,\"commentCount\":0,\"publisher\":{\"@id\":\"https:\/\/21panorama.com\/#organization\"},\"image\":{\"@id\":\"https:\/\/21panorama.com\/index.php\/2021\/03\/22\/panorama-politico\/#primaryimage\"},\"thumbnailUrl\":\"https:\/\/21panorama.com\/wp-content\/uploads\/2021\/03\/WhatsApp-Image-2021-03-22-at-07.22.34.jpeg\",\"articleSection\":[\"Columna-Opini\u00f3n\"],\"inLanguage\":\"es\",\"potentialAction\":[{\"@type\":\"CommentAction\",\"name\":\"Comment\",\"target\":[\"https:\/\/21panorama.com\/index.php\/2021\/03\/22\/panorama-politico\/#respond\"]}]},{\"@type\":\"WebPage\",\"@id\":\"https:\/\/21panorama.com\/index.php\/2021\/03\/22\/panorama-politico\/\",\"url\":\"https:\/\/21panorama.com\/index.php\/2021\/03\/22\/panorama-politico\/\",\"name\":\"Panorama pol\u00edtico - 21 Panorama\",\"isPartOf\":{\"@id\":\"https:\/\/21panorama.com\/#website\"},\"primaryImageOfPage\":{\"@id\":\"https:\/\/21panorama.com\/index.php\/2021\/03\/22\/panorama-politico\/#primaryimage\"},\"image\":{\"@id\":\"https:\/\/21panorama.com\/index.php\/2021\/03\/22\/panorama-politico\/#primaryimage\"},\"thumbnailUrl\":\"https:\/\/21panorama.com\/wp-content\/uploads\/2021\/03\/WhatsApp-Image-2021-03-22-at-07.22.34.jpeg\",\"datePublished\":\"2021-03-22T16:33:41+00:00\",\"dateModified\":\"2021-03-22T16:33:43+00:00\",\"breadcrumb\":{\"@id\":\"https:\/\/21panorama.com\/index.php\/2021\/03\/22\/panorama-politico\/#breadcrumb\"},\"inLanguage\":\"es\",\"potentialAction\":[{\"@type\":\"ReadAction\",\"target\":[\"https:\/\/21panorama.com\/index.php\/2021\/03\/22\/panorama-politico\/\"]}]},{\"@type\":\"ImageObject\",\"inLanguage\":\"es\",\"@id\":\"https:\/\/21panorama.com\/index.php\/2021\/03\/22\/panorama-politico\/#primaryimage\",\"url\":\"https:\/\/21panorama.com\/wp-content\/uploads\/2021\/03\/WhatsApp-Image-2021-03-22-at-07.22.34.jpeg\",\"contentUrl\":\"https:\/\/21panorama.com\/wp-content\/uploads\/2021\/03\/WhatsApp-Image-2021-03-22-at-07.22.34.jpeg\",\"width\":740,\"height\":1280},{\"@type\":\"BreadcrumbList\",\"@id\":\"https:\/\/21panorama.com\/index.php\/2021\/03\/22\/panorama-politico\/#breadcrumb\",\"itemListElement\":[{\"@type\":\"ListItem\",\"position\":1,\"name\":\"Inicio\",\"item\":\"https:\/\/21panorama.com\/\"},{\"@type\":\"ListItem\",\"position\":2,\"name\":\"Panorama pol\u00edtico\"}]},{\"@type\":\"WebSite\",\"@id\":\"https:\/\/21panorama.com\/#website\",\"url\":\"https:\/\/21panorama.com\/\",\"name\":\"21 Panorama\",\"description\":\"La construcci\u00f3n de la opini\u00f3n p\u00fablica merece un mejor Panorama en este siglo 21 para alcanzar una sociedad con mayor transparencia y sin corrupci\u00f3n.\",\"publisher\":{\"@id\":\"https:\/\/21panorama.com\/#organization\"},\"potentialAction\":[{\"@type\":\"SearchAction\",\"target\":{\"@type\":\"EntryPoint\",\"urlTemplate\":\"https:\/\/21panorama.com\/?s={search_term_string}\"},\"query-input\":{\"@type\":\"PropertyValueSpecification\",\"valueRequired\":true,\"valueName\":\"search_term_string\"}}],\"inLanguage\":\"es\"},{\"@type\":\"Organization\",\"@id\":\"https:\/\/21panorama.com\/#organization\",\"name\":\"21 Panorama\",\"url\":\"https:\/\/21panorama.com\/\",\"logo\":{\"@type\":\"ImageObject\",\"inLanguage\":\"es\",\"@id\":\"https:\/\/21panorama.com\/#\/schema\/logo\/image\/\",\"url\":\"https:\/\/21panorama.com\/wp-content\/uploads\/2019\/07\/cropped-Logo-Panorama-01.jpeg\",\"contentUrl\":\"https:\/\/21panorama.com\/wp-content\/uploads\/2019\/07\/cropped-Logo-Panorama-01.jpeg\",\"width\":290,\"height\":70,\"caption\":\"21 Panorama\"},\"image\":{\"@id\":\"https:\/\/21panorama.com\/#\/schema\/logo\/image\/\"}},{\"@type\":\"Person\",\"@id\":\"https:\/\/21panorama.com\/#\/schema\/person\/1afc291b96d5792a158768324287319f\",\"name\":\"admin\",\"image\":{\"@type\":\"ImageObject\",\"inLanguage\":\"es\",\"@id\":\"https:\/\/21panorama.com\/#\/schema\/person\/image\/\",\"url\":\"https:\/\/secure.gravatar.com\/avatar\/ad365d9d9f46719215b0d042cc3df92a5a8683e09ef13d102233e5491985f0f0?s=96&d=mm&r=g\",\"contentUrl\":\"https:\/\/secure.gravatar.com\/avatar\/ad365d9d9f46719215b0d042cc3df92a5a8683e09ef13d102233e5491985f0f0?s=96&d=mm&r=g\",\"caption\":\"admin\"},\"url\":\"https:\/\/21panorama.com\/index.php\/author\/admin\/\"}]}<\/script>\n<!-- \/ Yoast SEO plugin. -->","yoast_head_json":{"title":"Panorama pol\u00edtico - 21 Panorama","robots":{"index":"index","follow":"follow","max-snippet":"max-snippet:-1","max-image-preview":"max-image-preview:large","max-video-preview":"max-video-preview:-1"},"canonical":"https:\/\/21panorama.com\/index.php\/2021\/03\/22\/panorama-politico\/","og_locale":"es_MX","og_type":"article","og_title":"Panorama pol\u00edtico - 21 Panorama","og_description":"Columna pol\u00edtica.","og_url":"https:\/\/21panorama.com\/index.php\/2021\/03\/22\/panorama-politico\/","og_site_name":"21 Panorama","article_published_time":"2021-03-22T16:33:41+00:00","article_modified_time":"2021-03-22T16:33:43+00:00","og_image":[{"width":740,"height":1280,"url":"https:\/\/21panorama.com\/wp-content\/uploads\/2021\/03\/WhatsApp-Image-2021-03-22-at-07.22.34.jpeg","type":"image\/jpeg"}],"author":"admin","twitter_card":"summary_large_image","twitter_misc":{"Escrito por":"admin","Tiempo de lectura":"2 minutos"},"schema":{"@context":"https:\/\/schema.org","@graph":[{"@type":"Article","@id":"https:\/\/21panorama.com\/index.php\/2021\/03\/22\/panorama-politico\/#article","isPartOf":{"@id":"https:\/\/21panorama.com\/index.php\/2021\/03\/22\/panorama-politico\/"},"author":{"name":"admin","@id":"https:\/\/21panorama.com\/#\/schema\/person\/1afc291b96d5792a158768324287319f"},"headline":"Panorama pol\u00edtico","datePublished":"2021-03-22T16:33:41+00:00","dateModified":"2021-03-22T16:33:43+00:00","mainEntityOfPage":{"@id":"https:\/\/21panorama.com\/index.php\/2021\/03\/22\/panorama-politico\/"},"wordCount":372,"commentCount":0,"publisher":{"@id":"https:\/\/21panorama.com\/#organization"},"image":{"@id":"https:\/\/21panorama.com\/index.php\/2021\/03\/22\/panorama-politico\/#primaryimage"},"thumbnailUrl":"https:\/\/21panorama.com\/wp-content\/uploads\/2021\/03\/WhatsApp-Image-2021-03-22-at-07.22.34.jpeg","articleSection":["Columna-Opini\u00f3n"],"inLanguage":"es","potentialAction":[{"@type":"CommentAction","name":"Comment","target":["https:\/\/21panorama.com\/index.php\/2021\/03\/22\/panorama-politico\/#respond"]}]},{"@type":"WebPage","@id":"https:\/\/21panorama.com\/index.php\/2021\/03\/22\/panorama-politico\/","url":"https:\/\/21panorama.com\/index.php\/2021\/03\/22\/panorama-politico\/","name":"Panorama pol\u00edtico - 21 Panorama","isPartOf":{"@id":"https:\/\/21panorama.com\/#website"},"primaryImageOfPage":{"@id":"https:\/\/21panorama.com\/index.php\/2021\/03\/22\/panorama-politico\/#primaryimage"},"image":{"@id":"https:\/\/21panorama.com\/index.php\/2021\/03\/22\/panorama-politico\/#primaryimage"},"thumbnailUrl":"https:\/\/21panorama.com\/wp-content\/uploads\/2021\/03\/WhatsApp-Image-2021-03-22-at-07.22.34.jpeg","datePublished":"2021-03-22T16:33:41+00:00","dateModified":"2021-03-22T16:33:43+00:00","breadcrumb":{"@id":"https:\/\/21panorama.com\/index.php\/2021\/03\/22\/panorama-politico\/#breadcrumb"},"inLanguage":"es","potentialAction":[{"@type":"ReadAction","target":["https:\/\/21panorama.com\/index.php\/2021\/03\/22\/panorama-politico\/"]}]},{"@type":"ImageObject","inLanguage":"es","@id":"https:\/\/21panorama.com\/index.php\/2021\/03\/22\/panorama-politico\/#primaryimage","url":"https:\/\/21panorama.com\/wp-content\/uploads\/2021\/03\/WhatsApp-Image-2021-03-22-at-07.22.34.jpeg","contentUrl":"https:\/\/21panorama.com\/wp-content\/uploads\/2021\/03\/WhatsApp-Image-2021-03-22-at-07.22.34.jpeg","width":740,"height":1280},{"@type":"BreadcrumbList","@id":"https:\/\/21panorama.com\/index.php\/2021\/03\/22\/panorama-politico\/#breadcrumb","itemListElement":[{"@type":"ListItem","position":1,"name":"Inicio","item":"https:\/\/21panorama.com\/"},{"@type":"ListItem","position":2,"name":"Panorama pol\u00edtico"}]},{"@type":"WebSite","@id":"https:\/\/21panorama.com\/#website","url":"https:\/\/21panorama.com\/","name":"21 Panorama","description":"La construcci\u00f3n de la opini\u00f3n p\u00fablica merece un mejor Panorama en este siglo 21 para alcanzar una sociedad con mayor transparencia y sin corrupci\u00f3n.","publisher":{"@id":"https:\/\/21panorama.com\/#organization"},"potentialAction":[{"@type":"SearchAction","target":{"@type":"EntryPoint","urlTemplate":"https:\/\/21panorama.com\/?s={search_term_string}"},"query-input":{"@type":"PropertyValueSpecification","valueRequired":true,"valueName":"search_term_string"}}],"inLanguage":"es"},{"@type":"Organization","@id":"https:\/\/21panorama.com\/#organization","name":"21 Panorama","url":"https:\/\/21panorama.com\/","logo":{"@type":"ImageObject","inLanguage":"es","@id":"https:\/\/21panorama.com\/#\/schema\/logo\/image\/","url":"https:\/\/21panorama.com\/wp-content\/uploads\/2019\/07\/cropped-Logo-Panorama-01.jpeg","contentUrl":"https:\/\/21panorama.com\/wp-content\/uploads\/2019\/07\/cropped-Logo-Panorama-01.jpeg","width":290,"height":70,"caption":"21 Panorama"},"image":{"@id":"https:\/\/21panorama.com\/#\/schema\/logo\/image\/"}},{"@type":"Person","@id":"https:\/\/21panorama.com\/#\/schema\/person\/1afc291b96d5792a158768324287319f","name":"admin","image":{"@type":"ImageObject","inLanguage":"es","@id":"https:\/\/21panorama.com\/#\/schema\/person\/image\/","url":"https:\/\/secure.gravatar.com\/avatar\/ad365d9d9f46719215b0d042cc3df92a5a8683e09ef13d102233e5491985f0f0?s=96&d=mm&r=g","contentUrl":"https:\/\/secure.gravatar.com\/avatar\/ad365d9d9f46719215b0d042cc3df92a5a8683e09ef13d102233e5491985f0f0?s=96&d=mm&r=g","caption":"admin"},"url":"https:\/\/21panorama.com\/index.php\/author\/admin\/"}]}},"_links":{"self":[{"href":"https:\/\/21panorama.com\/index.php\/wp-json\/wp\/v2\/posts\/716","targetHints":{"allow":["GET"]}}],"collection":[{"href":"https:\/\/21panorama.com\/index.php\/wp-json\/wp\/v2\/posts"}],"about":[{"href":"https:\/\/21panorama.com\/index.php\/wp-json\/wp\/v2\/types\/post"}],"author":[{"embeddable":true,"href":"https:\/\/21panorama.com\/index.php\/wp-json\/wp\/v2\/users\/1"}],"replies":[{"embeddable":true,"href":"https:\/\/21panorama.com\/index.php\/wp-json\/wp\/v2\/comments?post=716"}],"version-history":[{"count":1,"href":"https:\/\/21panorama.com\/index.php\/wp-json\/wp\/v2\/posts\/716\/revisions"}],"predecessor-version":[{"id":721,"href":"https:\/\/21panorama.com\/index.php\/wp-json\/wp\/v2\/posts\/716\/revisions\/721"}],"wp:featuredmedia":[{"embeddable":true,"href":"https:\/\/21panorama.com\/index.php\/wp-json\/wp\/v2\/media\/718"}],"wp:attachment":[{"href":"https:\/\/21panorama.com\/index.php\/wp-json\/wp\/v2\/media?parent=716"}],"wp:term":[{"taxonomy":"category","embeddable":true,"href":"https:\/\/21panorama.com\/index.php\/wp-json\/wp\/v2\/categories?post=716"},{"taxonomy":"post_tag","embeddable":true,"href":"https:\/\/21panorama.com\/index.php\/wp-json\/wp\/v2\/tags?post=716"}],"curies":[{"name":"wp","href":"https:\/\/api.w.org\/{rel}","templated":true}]}}