{"id":710,"date":"2021-03-08T16:28:39","date_gmt":"2021-03-08T22:28:39","guid":{"rendered":"http:\/\/21panorama.com\/?p=710"},"modified":"2021-03-08T16:28:40","modified_gmt":"2021-03-08T22:28:40","slug":"guadalupe-fernandez-enfila-al-pri-a-una-derrota-electoral","status":"publish","type":"post","link":"https:\/\/21panorama.com\/index.php\/2021\/03\/08\/guadalupe-fernandez-enfila-al-pri-a-una-derrota-electoral\/","title":{"rendered":"GUADALUPE FERN\u00c1NDEZ ENFILA AL PRI A UNA DERROTA ELECTORAL"},"content":{"rendered":"\n<p>Por m\u00e1s que quiera pasar desapercibida en las maniobras pol\u00edticas, su alta traici\u00f3n la sigue en cualquier espacio que ocupe Guadalupe Fern\u00e1ndez S\u00e1nchez.<\/p>\n\n\n\n<p>Es sin duda sintom\u00e1tico que sus descalificaciones hacia otras apuestas pol\u00edticas van encaminadas a fortalecer el proyecto de la cuarta transformaci\u00f3n en Cuautitl\u00e1n y eso tiene nombre y apellido: Alta Traici\u00f3n.<\/p>\n\n\n\n<p>As\u00ed el maquiav\u00e9lico juego pol\u00edtico de la pri\u00edsta que traz\u00f3 extraordinariamente a cambio de impunidad por todo lo que desfalc\u00f3 durante su paso como alcalde sustituta de su hermana Martha Elvia.<\/p>\n\n\n\n<p>Las condiciones financieras que encontr\u00f3 el presidente electo Ariel Juarez ser\u00e1n tema electoral ante la negligente administraci\u00f3n que encabez\u00f3 Guadalupe Fern\u00e1ndez al hacer pagos a personal que no trabajaba.<\/p>\n\n\n\n<p>Su manger Alma Merino Fontova cobraba m\u00e1s de 100 mil pesos mensuales y fue quien siempre ostent\u00f3 el poder y m\u00e1s a\u00fan los sueldazos en el Cabildo para manejarlo a su capricho.<\/p>\n\n\n\n<p>Adem\u00e1s de las obras viales pagadas pero no realizadas, saqueo de cemento y materiales de construcci\u00f3n, llevar a trabajadores ( pagados por el ayuntamiento) a su casa para remodelarla, es parte de las acusaciones que se dejan sentir en las redes sociales ante las maniobras electoreras.<\/p>\n\n\n\n<p>Y lo m\u00e1s deleznable -acusan- es que dej\u00f3 a Cuautitl\u00e1n con deudas millonarias por Iaudos no pagados; dej\u00f3 en n\u00f3mina corriente a m\u00e1s de 150 trabajadores que estaban en lista de raya y aviadores, nuevas bases sindicales a un mes de terminar su periodo constitucional.<\/p>\n\n\n\n<p>Todo esto en contubernio con los representantes sindicales y repartiendo en partes iguales lo que les quitaron a los trabajadores(m\u00e1s de 8 meses de pago retroactivo), la sindicalizaci\u00f3n de familiares de la apoderada legal, el esposo de Cristina Bernal Bull\u00f3n quien nunca ha trabajado en el Ayuntamiento, a gente de Rafael Ferreira, Director de administraci\u00f3n, del S\u00edndico procurador, esposo de la representante sindical Mar\u00eda Eugenia Mart\u00ednez Melgarejo, quien era polic\u00eda y dem\u00e1s directores.<\/p>\n\n\n\n<p>La auditor\u00eda ser\u00e1 el elemento jur\u00eddico para fincarles responsabilidades tanto a la ex Presidenta como S\u00edndico, Regidores, Representantes del Sindicato y Directores que abusaron del poder para cometer las anomal\u00edas.<\/p>\n","protected":false},"excerpt":{"rendered":"<p>Por m\u00e1s que quiera pasar desapercibida en las maniobras pol\u00edticas, su alta traici\u00f3n la sigue en cualquier espacio que ocupe Guadalupe Fern\u00e1ndez S\u00e1nchez.<\/p>\n","protected":false},"author":1,"featured_media":711,"comment_status":"open","ping_status":"open","sticky":false,"template":"","format":"standard","meta":{"footnotes":""},"categories":[12],"tags":[36,33],"class_list":["post-710","post","type-post","status-publish","format-standard","has-post-thumbnail","hentry","category-politica","tag-guadalupe-frenandez","tag-pri"],"yoast_head":"<!-- This site is optimized with the Yoast SEO plugin v24.9 - https:\/\/yoast.com\/wordpress\/plugins\/seo\/ -->\n<title>GUADALUPE FERN\u00c1NDEZ ENFILA AL PRI A UNA DERROTA ELECTORAL - 21 Panorama<\/title>\n<meta name=\"robots\" content=\"index, follow, max-snippet:-1, max-image-preview:large, max-video-preview:-1\" \/>\n<link rel=\"canonical\" href=\"https:\/\/21panorama.com\/index.php\/2021\/03\/08\/guadalupe-fernandez-enfila-al-pri-a-una-derrota-electoral\/\" \/>\n<meta property=\"og:locale\" content=\"es_MX\" \/>\n<meta property=\"og:type\" content=\"article\" \/>\n<meta property=\"og:title\" content=\"GUADALUPE FERN\u00c1NDEZ ENFILA AL PRI A UNA DERROTA ELECTORAL - 21 Panorama\" \/>\n<meta property=\"og:description\" content=\"Por m\u00e1s que quiera pasar desapercibida en las maniobras pol\u00edticas, su alta traici\u00f3n la sigue en cualquier espacio que ocupe Guadalupe Fern\u00e1ndez S\u00e1nchez.\" \/>\n<meta property=\"og:url\" content=\"https:\/\/21panorama.com\/index.php\/2021\/03\/08\/guadalupe-fernandez-enfila-al-pri-a-una-derrota-electoral\/\" \/>\n<meta property=\"og:site_name\" content=\"21 Panorama\" \/>\n<meta property=\"article:published_time\" content=\"2021-03-08T22:28:39+00:00\" \/>\n<meta property=\"article:modified_time\" content=\"2021-03-08T22:28:40+00:00\" \/>\n<meta property=\"og:image\" content=\"https:\/\/21panorama.com\/wp-content\/uploads\/2021\/03\/WhatsApp-Image-2021-03-08-at-16.18.45.jpeg\" \/>\n\t<meta property=\"og:image:width\" content=\"591\" \/>\n\t<meta property=\"og:image:height\" content=\"1280\" \/>\n\t<meta property=\"og:image:type\" content=\"image\/jpeg\" \/>\n<meta name=\"author\" content=\"admin\" \/>\n<meta name=\"twitter:card\" content=\"summary_large_image\" \/>\n<meta name=\"twitter:label1\" content=\"Escrito por\" \/>\n\t<meta name=\"twitter:data1\" content=\"admin\" \/>\n\t<meta name=\"twitter:label2\" content=\"Tiempo de lectura\" \/>\n\t<meta name=\"twitter:data2\" content=\"2 minutos\" \/>\n<script type=\"application\/ld+json\" class=\"yoast-schema-graph\">{\"@context\":\"https:\/\/schema.org\",\"@graph\":[{\"@type\":\"Article\",\"@id\":\"https:\/\/21panorama.com\/index.php\/2021\/03\/08\/guadalupe-fernandez-enfila-al-pri-a-una-derrota-electoral\/#article\",\"isPartOf\":{\"@id\":\"https:\/\/21panorama.com\/index.php\/2021\/03\/08\/guadalupe-fernandez-enfila-al-pri-a-una-derrota-electoral\/\"},\"author\":{\"name\":\"admin\",\"@id\":\"https:\/\/21panorama.com\/#\/schema\/person\/1afc291b96d5792a158768324287319f\"},\"headline\":\"GUADALUPE FERN\u00c1NDEZ ENFILA AL PRI A UNA DERROTA ELECTORAL\",\"datePublished\":\"2021-03-08T22:28:39+00:00\",\"dateModified\":\"2021-03-08T22:28:40+00:00\",\"mainEntityOfPage\":{\"@id\":\"https:\/\/21panorama.com\/index.php\/2021\/03\/08\/guadalupe-fernandez-enfila-al-pri-a-una-derrota-electoral\/\"},\"wordCount\":385,\"commentCount\":0,\"publisher\":{\"@id\":\"https:\/\/21panorama.com\/#organization\"},\"image\":{\"@id\":\"https:\/\/21panorama.com\/index.php\/2021\/03\/08\/guadalupe-fernandez-enfila-al-pri-a-una-derrota-electoral\/#primaryimage\"},\"thumbnailUrl\":\"https:\/\/21panorama.com\/wp-content\/uploads\/2021\/03\/WhatsApp-Image-2021-03-08-at-16.18.45.jpeg\",\"keywords\":[\"Guadalupe Fren\u00e1ndez\",\"PRI\"],\"articleSection\":[\"Politica\"],\"inLanguage\":\"es\",\"potentialAction\":[{\"@type\":\"CommentAction\",\"name\":\"Comment\",\"target\":[\"https:\/\/21panorama.com\/index.php\/2021\/03\/08\/guadalupe-fernandez-enfila-al-pri-a-una-derrota-electoral\/#respond\"]}]},{\"@type\":\"WebPage\",\"@id\":\"https:\/\/21panorama.com\/index.php\/2021\/03\/08\/guadalupe-fernandez-enfila-al-pri-a-una-derrota-electoral\/\",\"url\":\"https:\/\/21panorama.com\/index.php\/2021\/03\/08\/guadalupe-fernandez-enfila-al-pri-a-una-derrota-electoral\/\",\"name\":\"GUADALUPE FERN\u00c1NDEZ ENFILA AL PRI A UNA DERROTA ELECTORAL - 21 Panorama\",\"isPartOf\":{\"@id\":\"https:\/\/21panorama.com\/#website\"},\"primaryImageOfPage\":{\"@id\":\"https:\/\/21panorama.com\/index.php\/2021\/03\/08\/guadalupe-fernandez-enfila-al-pri-a-una-derrota-electoral\/#primaryimage\"},\"image\":{\"@id\":\"https:\/\/21panorama.com\/index.php\/2021\/03\/08\/guadalupe-fernandez-enfila-al-pri-a-una-derrota-electoral\/#primaryimage\"},\"thumbnailUrl\":\"https:\/\/21panorama.com\/wp-content\/uploads\/2021\/03\/WhatsApp-Image-2021-03-08-at-16.18.45.jpeg\",\"datePublished\":\"2021-03-08T22:28:39+00:00\",\"dateModified\":\"2021-03-08T22:28:40+00:00\",\"breadcrumb\":{\"@id\":\"https:\/\/21panorama.com\/index.php\/2021\/03\/08\/guadalupe-fernandez-enfila-al-pri-a-una-derrota-electoral\/#breadcrumb\"},\"inLanguage\":\"es\",\"potentialAction\":[{\"@type\":\"ReadAction\",\"target\":[\"https:\/\/21panorama.com\/index.php\/2021\/03\/08\/guadalupe-fernandez-enfila-al-pri-a-una-derrota-electoral\/\"]}]},{\"@type\":\"ImageObject\",\"inLanguage\":\"es\",\"@id\":\"https:\/\/21panorama.com\/index.php\/2021\/03\/08\/guadalupe-fernandez-enfila-al-pri-a-una-derrota-electoral\/#primaryimage\",\"url\":\"https:\/\/21panorama.com\/wp-content\/uploads\/2021\/03\/WhatsApp-Image-2021-03-08-at-16.18.45.jpeg\",\"contentUrl\":\"https:\/\/21panorama.com\/wp-content\/uploads\/2021\/03\/WhatsApp-Image-2021-03-08-at-16.18.45.jpeg\",\"width\":591,\"height\":1280},{\"@type\":\"BreadcrumbList\",\"@id\":\"https:\/\/21panorama.com\/index.php\/2021\/03\/08\/guadalupe-fernandez-enfila-al-pri-a-una-derrota-electoral\/#breadcrumb\",\"itemListElement\":[{\"@type\":\"ListItem\",\"position\":1,\"name\":\"Inicio\",\"item\":\"https:\/\/21panorama.com\/\"},{\"@type\":\"ListItem\",\"position\":2,\"name\":\"GUADALUPE FERN\u00c1NDEZ ENFILA AL PRI A UNA DERROTA ELECTORAL\"}]},{\"@type\":\"WebSite\",\"@id\":\"https:\/\/21panorama.com\/#website\",\"url\":\"https:\/\/21panorama.com\/\",\"name\":\"21 Panorama\",\"description\":\"La construcci\u00f3n de la opini\u00f3n p\u00fablica merece un mejor Panorama en este siglo 21 para alcanzar una sociedad con mayor transparencia y sin corrupci\u00f3n.\",\"publisher\":{\"@id\":\"https:\/\/21panorama.com\/#organization\"},\"potentialAction\":[{\"@type\":\"SearchAction\",\"target\":{\"@type\":\"EntryPoint\",\"urlTemplate\":\"https:\/\/21panorama.com\/?s={search_term_string}\"},\"query-input\":{\"@type\":\"PropertyValueSpecification\",\"valueRequired\":true,\"valueName\":\"search_term_string\"}}],\"inLanguage\":\"es\"},{\"@type\":\"Organization\",\"@id\":\"https:\/\/21panorama.com\/#organization\",\"name\":\"21 Panorama\",\"url\":\"https:\/\/21panorama.com\/\",\"logo\":{\"@type\":\"ImageObject\",\"inLanguage\":\"es\",\"@id\":\"https:\/\/21panorama.com\/#\/schema\/logo\/image\/\",\"url\":\"https:\/\/21panorama.com\/wp-content\/uploads\/2019\/07\/cropped-Logo-Panorama-01.jpeg\",\"contentUrl\":\"https:\/\/21panorama.com\/wp-content\/uploads\/2019\/07\/cropped-Logo-Panorama-01.jpeg\",\"width\":290,\"height\":70,\"caption\":\"21 Panorama\"},\"image\":{\"@id\":\"https:\/\/21panorama.com\/#\/schema\/logo\/image\/\"}},{\"@type\":\"Person\",\"@id\":\"https:\/\/21panorama.com\/#\/schema\/person\/1afc291b96d5792a158768324287319f\",\"name\":\"admin\",\"image\":{\"@type\":\"ImageObject\",\"inLanguage\":\"es\",\"@id\":\"https:\/\/21panorama.com\/#\/schema\/person\/image\/\",\"url\":\"https:\/\/secure.gravatar.com\/avatar\/ad365d9d9f46719215b0d042cc3df92a5a8683e09ef13d102233e5491985f0f0?s=96&d=mm&r=g\",\"contentUrl\":\"https:\/\/secure.gravatar.com\/avatar\/ad365d9d9f46719215b0d042cc3df92a5a8683e09ef13d102233e5491985f0f0?s=96&d=mm&r=g\",\"caption\":\"admin\"},\"url\":\"https:\/\/21panorama.com\/index.php\/author\/admin\/\"}]}<\/script>\n<!-- \/ Yoast SEO plugin. -->","yoast_head_json":{"title":"GUADALUPE FERN\u00c1NDEZ ENFILA AL PRI A UNA DERROTA ELECTORAL - 21 Panorama","robots":{"index":"index","follow":"follow","max-snippet":"max-snippet:-1","max-image-preview":"max-image-preview:large","max-video-preview":"max-video-preview:-1"},"canonical":"https:\/\/21panorama.com\/index.php\/2021\/03\/08\/guadalupe-fernandez-enfila-al-pri-a-una-derrota-electoral\/","og_locale":"es_MX","og_type":"article","og_title":"GUADALUPE FERN\u00c1NDEZ ENFILA AL PRI A UNA DERROTA ELECTORAL - 21 Panorama","og_description":"Por m\u00e1s que quiera pasar desapercibida en las maniobras pol\u00edticas, su alta traici\u00f3n la sigue en cualquier espacio que ocupe Guadalupe Fern\u00e1ndez S\u00e1nchez.","og_url":"https:\/\/21panorama.com\/index.php\/2021\/03\/08\/guadalupe-fernandez-enfila-al-pri-a-una-derrota-electoral\/","og_site_name":"21 Panorama","article_published_time":"2021-03-08T22:28:39+00:00","article_modified_time":"2021-03-08T22:28:40+00:00","og_image":[{"width":591,"height":1280,"url":"https:\/\/21panorama.com\/wp-content\/uploads\/2021\/03\/WhatsApp-Image-2021-03-08-at-16.18.45.jpeg","type":"image\/jpeg"}],"author":"admin","twitter_card":"summary_large_image","twitter_misc":{"Escrito por":"admin","Tiempo de lectura":"2 minutos"},"schema":{"@context":"https:\/\/schema.org","@graph":[{"@type":"Article","@id":"https:\/\/21panorama.com\/index.php\/2021\/03\/08\/guadalupe-fernandez-enfila-al-pri-a-una-derrota-electoral\/#article","isPartOf":{"@id":"https:\/\/21panorama.com\/index.php\/2021\/03\/08\/guadalupe-fernandez-enfila-al-pri-a-una-derrota-electoral\/"},"author":{"name":"admin","@id":"https:\/\/21panorama.com\/#\/schema\/person\/1afc291b96d5792a158768324287319f"},"headline":"GUADALUPE FERN\u00c1NDEZ ENFILA AL PRI A UNA DERROTA ELECTORAL","datePublished":"2021-03-08T22:28:39+00:00","dateModified":"2021-03-08T22:28:40+00:00","mainEntityOfPage":{"@id":"https:\/\/21panorama.com\/index.php\/2021\/03\/08\/guadalupe-fernandez-enfila-al-pri-a-una-derrota-electoral\/"},"wordCount":385,"commentCount":0,"publisher":{"@id":"https:\/\/21panorama.com\/#organization"},"image":{"@id":"https:\/\/21panorama.com\/index.php\/2021\/03\/08\/guadalupe-fernandez-enfila-al-pri-a-una-derrota-electoral\/#primaryimage"},"thumbnailUrl":"https:\/\/21panorama.com\/wp-content\/uploads\/2021\/03\/WhatsApp-Image-2021-03-08-at-16.18.45.jpeg","keywords":["Guadalupe Fren\u00e1ndez","PRI"],"articleSection":["Politica"],"inLanguage":"es","potentialAction":[{"@type":"CommentAction","name":"Comment","target":["https:\/\/21panorama.com\/index.php\/2021\/03\/08\/guadalupe-fernandez-enfila-al-pri-a-una-derrota-electoral\/#respond"]}]},{"@type":"WebPage","@id":"https:\/\/21panorama.com\/index.php\/2021\/03\/08\/guadalupe-fernandez-enfila-al-pri-a-una-derrota-electoral\/","url":"https:\/\/21panorama.com\/index.php\/2021\/03\/08\/guadalupe-fernandez-enfila-al-pri-a-una-derrota-electoral\/","name":"GUADALUPE FERN\u00c1NDEZ ENFILA AL PRI A UNA DERROTA ELECTORAL - 21 Panorama","isPartOf":{"@id":"https:\/\/21panorama.com\/#website"},"primaryImageOfPage":{"@id":"https:\/\/21panorama.com\/index.php\/2021\/03\/08\/guadalupe-fernandez-enfila-al-pri-a-una-derrota-electoral\/#primaryimage"},"image":{"@id":"https:\/\/21panorama.com\/index.php\/2021\/03\/08\/guadalupe-fernandez-enfila-al-pri-a-una-derrota-electoral\/#primaryimage"},"thumbnailUrl":"https:\/\/21panorama.com\/wp-content\/uploads\/2021\/03\/WhatsApp-Image-2021-03-08-at-16.18.45.jpeg","datePublished":"2021-03-08T22:28:39+00:00","dateModified":"2021-03-08T22:28:40+00:00","breadcrumb":{"@id":"https:\/\/21panorama.com\/index.php\/2021\/03\/08\/guadalupe-fernandez-enfila-al-pri-a-una-derrota-electoral\/#breadcrumb"},"inLanguage":"es","potentialAction":[{"@type":"ReadAction","target":["https:\/\/21panorama.com\/index.php\/2021\/03\/08\/guadalupe-fernandez-enfila-al-pri-a-una-derrota-electoral\/"]}]},{"@type":"ImageObject","inLanguage":"es","@id":"https:\/\/21panorama.com\/index.php\/2021\/03\/08\/guadalupe-fernandez-enfila-al-pri-a-una-derrota-electoral\/#primaryimage","url":"https:\/\/21panorama.com\/wp-content\/uploads\/2021\/03\/WhatsApp-Image-2021-03-08-at-16.18.45.jpeg","contentUrl":"https:\/\/21panorama.com\/wp-content\/uploads\/2021\/03\/WhatsApp-Image-2021-03-08-at-16.18.45.jpeg","width":591,"height":1280},{"@type":"BreadcrumbList","@id":"https:\/\/21panorama.com\/index.php\/2021\/03\/08\/guadalupe-fernandez-enfila-al-pri-a-una-derrota-electoral\/#breadcrumb","itemListElement":[{"@type":"ListItem","position":1,"name":"Inicio","item":"https:\/\/21panorama.com\/"},{"@type":"ListItem","position":2,"name":"GUADALUPE FERN\u00c1NDEZ ENFILA AL PRI A UNA DERROTA ELECTORAL"}]},{"@type":"WebSite","@id":"https:\/\/21panorama.com\/#website","url":"https:\/\/21panorama.com\/","name":"21 Panorama","description":"La construcci\u00f3n de la opini\u00f3n p\u00fablica merece un mejor Panorama en este siglo 21 para alcanzar una sociedad con mayor transparencia y sin corrupci\u00f3n.","publisher":{"@id":"https:\/\/21panorama.com\/#organization"},"potentialAction":[{"@type":"SearchAction","target":{"@type":"EntryPoint","urlTemplate":"https:\/\/21panorama.com\/?s={search_term_string}"},"query-input":{"@type":"PropertyValueSpecification","valueRequired":true,"valueName":"search_term_string"}}],"inLanguage":"es"},{"@type":"Organization","@id":"https:\/\/21panorama.com\/#organization","name":"21 Panorama","url":"https:\/\/21panorama.com\/","logo":{"@type":"ImageObject","inLanguage":"es","@id":"https:\/\/21panorama.com\/#\/schema\/logo\/image\/","url":"https:\/\/21panorama.com\/wp-content\/uploads\/2019\/07\/cropped-Logo-Panorama-01.jpeg","contentUrl":"https:\/\/21panorama.com\/wp-content\/uploads\/2019\/07\/cropped-Logo-Panorama-01.jpeg","width":290,"height":70,"caption":"21 Panorama"},"image":{"@id":"https:\/\/21panorama.com\/#\/schema\/logo\/image\/"}},{"@type":"Person","@id":"https:\/\/21panorama.com\/#\/schema\/person\/1afc291b96d5792a158768324287319f","name":"admin","image":{"@type":"ImageObject","inLanguage":"es","@id":"https:\/\/21panorama.com\/#\/schema\/person\/image\/","url":"https:\/\/secure.gravatar.com\/avatar\/ad365d9d9f46719215b0d042cc3df92a5a8683e09ef13d102233e5491985f0f0?s=96&d=mm&r=g","contentUrl":"https:\/\/secure.gravatar.com\/avatar\/ad365d9d9f46719215b0d042cc3df92a5a8683e09ef13d102233e5491985f0f0?s=96&d=mm&r=g","caption":"admin"},"url":"https:\/\/21panorama.com\/index.php\/author\/admin\/"}]}},"_links":{"self":[{"href":"https:\/\/21panorama.com\/index.php\/wp-json\/wp\/v2\/posts\/710","targetHints":{"allow":["GET"]}}],"collection":[{"href":"https:\/\/21panorama.com\/index.php\/wp-json\/wp\/v2\/posts"}],"about":[{"href":"https:\/\/21panorama.com\/index.php\/wp-json\/wp\/v2\/types\/post"}],"author":[{"embeddable":true,"href":"https:\/\/21panorama.com\/index.php\/wp-json\/wp\/v2\/users\/1"}],"replies":[{"embeddable":true,"href":"https:\/\/21panorama.com\/index.php\/wp-json\/wp\/v2\/comments?post=710"}],"version-history":[{"count":1,"href":"https:\/\/21panorama.com\/index.php\/wp-json\/wp\/v2\/posts\/710\/revisions"}],"predecessor-version":[{"id":712,"href":"https:\/\/21panorama.com\/index.php\/wp-json\/wp\/v2\/posts\/710\/revisions\/712"}],"wp:featuredmedia":[{"embeddable":true,"href":"https:\/\/21panorama.com\/index.php\/wp-json\/wp\/v2\/media\/711"}],"wp:attachment":[{"href":"https:\/\/21panorama.com\/index.php\/wp-json\/wp\/v2\/media?parent=710"}],"wp:term":[{"taxonomy":"category","embeddable":true,"href":"https:\/\/21panorama.com\/index.php\/wp-json\/wp\/v2\/categories?post=710"},{"taxonomy":"post_tag","embeddable":true,"href":"https:\/\/21panorama.com\/index.php\/wp-json\/wp\/v2\/tags?post=710"}],"curies":[{"name":"wp","href":"https:\/\/api.w.org\/{rel}","templated":true}]}}