{"id":698,"date":"2021-02-27T12:24:27","date_gmt":"2021-02-27T18:24:27","guid":{"rendered":"http:\/\/21panorama.com\/?p=698"},"modified":"2021-02-27T12:24:29","modified_gmt":"2021-02-27T18:24:29","slug":"exigen-condominos-de-central-de-abasto-de-toluca-solucion-a-sus-demandas","status":"publish","type":"post","link":"https:\/\/21panorama.com\/index.php\/2021\/02\/27\/exigen-condominos-de-central-de-abasto-de-toluca-solucion-a-sus-demandas\/","title":{"rendered":"EXIGEN CONDOMINOS DE CENTRAL DE ABASTO DE TOLUCA SOLUCI\u00d3N A SUS DEMANDAS"},"content":{"rendered":"\n<p>La leg\u00edtima mesa directiva de la Central de Abasto de Toluca inform\u00f3 que fueron denunciados penalmente los que usurparon funciones desde que tomaron las instalaciones en dos ocasiones tanto en Noviembre del 2020 como en Febrero de este a\u00f1o.<\/p>\n\n\n\n<p>El presidente de la mesa directiva, Jorge Hern\u00e1ndez Palma, dej\u00f3 en claro que las autoridades municipales y estatales se han desatendido de la problem\u00e1tica que empez\u00f3 con la usurpaci\u00f3n encabezada por Pascual Vilchis S\u00e1nchez y 60 golpeadores.<\/p>\n\n\n\n<p>En su momento, Cesar Ben\u00edtez Cortes destac\u00f3 que la denuncia penal fue sustentada con pruebas y videos por el asalto y vandalismo en oficinas administrativas de la Central de Abasto de Toluca.<\/p>\n\n\n\n<p>Explic\u00f3 que La mesa interina que instalaron ilegalmente los usurpadores con notario prosiguieron con un comit\u00e9 electoral que deriv\u00f3 en el registro de una planilla fraudulenta que gan\u00f3 por 96 votos cuando son m\u00e1s de 900 cond\u00f3minos.<\/p>\n\n\n\n<p>Sobre las Carpetas radicadas en la fiscal\u00eda general, el abogado Jes\u00fas Bustos se\u00f1al\u00f3 que fueron por robo con violencia con n\u00famero 107\/041677\/21\/02 donde se contabilizaron m\u00e1s de 244 mil pesos por hurto en la Tesoreria. Por ello se vincul\u00f3 a proceso a una persona que ya fue detenida de nombre Jes\u00fas Manuel de Le\u00f3n Gonzalez.<\/p>\n\n\n\n<p>Se radic\u00f3 otra por Despojo, robo y da\u00f1o en los bienes en contra de Pascual Vilchis S\u00e1nchez y Otros responsables con n\u00famero 107\/043871\/21\/02.<\/p>\n\n\n\n<p>En conferencia de prensa, expusieron que se sospecha colusi\u00f3n de la policia estatal donde aparecen inertes en videos levantados, cuando hab\u00edan actos violentos y solo actuaron cuando por exigencia de los cond\u00f3minos se pudo detener a un responsable del robo.<\/p>\n\n\n\n<p>Asimismo se dio a conocer que har\u00e1n una convocatoria para registro de planillas leg\u00edtimo el 3 de marzo pr\u00f3ximo.<br>Se persigue un proceso ordenado para que en una asamblea se nombre a los representantes de la central de abasto.<\/p>\n\n\n\n<figure class=\"wp-block-gallery columns-3 is-cropped wp-block-gallery-1 is-layout-flex wp-block-gallery-is-layout-flex\"><ul class=\"blocks-gallery-grid\"><li class=\"blocks-gallery-item\"><figure><img decoding=\"async\" width=\"1024\" height=\"484\" src=\"https:\/\/21panorama.com\/wp-content\/uploads\/2021\/02\/WhatsApp-Image-2021-02-27-at-12.09.59-1024x484.jpeg\" alt=\"\" data-id=\"701\" data-link=\"https:\/\/21panorama.com\/?attachment_id=701\" class=\"wp-image-701\" srcset=\"https:\/\/21panorama.com\/wp-content\/uploads\/2021\/02\/WhatsApp-Image-2021-02-27-at-12.09.59-1024x484.jpeg 1024w, https:\/\/21panorama.com\/wp-content\/uploads\/2021\/02\/WhatsApp-Image-2021-02-27-at-12.09.59-300x142.jpeg 300w, https:\/\/21panorama.com\/wp-content\/uploads\/2021\/02\/WhatsApp-Image-2021-02-27-at-12.09.59-768x363.jpeg 768w, https:\/\/21panorama.com\/wp-content\/uploads\/2021\/02\/WhatsApp-Image-2021-02-27-at-12.09.59.jpeg 1040w\" sizes=\"(max-width: 1024px) 100vw, 1024px\" \/><\/figure><\/li><li class=\"blocks-gallery-item\"><figure><img decoding=\"async\" width=\"1024\" height=\"484\" src=\"https:\/\/21panorama.com\/wp-content\/uploads\/2021\/02\/WhatsApp-Image-2021-02-27-at-12.09.59-1-1-1024x484.jpeg\" alt=\"\" data-id=\"703\" data-link=\"https:\/\/21panorama.com\/?attachment_id=703\" class=\"wp-image-703\" srcset=\"https:\/\/21panorama.com\/wp-content\/uploads\/2021\/02\/WhatsApp-Image-2021-02-27-at-12.09.59-1-1-1024x484.jpeg 1024w, https:\/\/21panorama.com\/wp-content\/uploads\/2021\/02\/WhatsApp-Image-2021-02-27-at-12.09.59-1-1-300x142.jpeg 300w, https:\/\/21panorama.com\/wp-content\/uploads\/2021\/02\/WhatsApp-Image-2021-02-27-at-12.09.59-1-1-768x363.jpeg 768w, https:\/\/21panorama.com\/wp-content\/uploads\/2021\/02\/WhatsApp-Image-2021-02-27-at-12.09.59-1-1.jpeg 1040w\" sizes=\"(max-width: 1024px) 100vw, 1024px\" \/><\/figure><\/li><li class=\"blocks-gallery-item\"><figure><img decoding=\"async\" width=\"598\" height=\"1024\" src=\"https:\/\/21panorama.com\/wp-content\/uploads\/2021\/02\/WhatsApp-Image-2021-02-27-at-12.09.58-1-1-598x1024.jpeg\" alt=\"\" data-id=\"704\" data-link=\"https:\/\/21panorama.com\/?attachment_id=704\" class=\"wp-image-704\" srcset=\"https:\/\/21panorama.com\/wp-content\/uploads\/2021\/02\/WhatsApp-Image-2021-02-27-at-12.09.58-1-1-598x1024.jpeg 598w, https:\/\/21panorama.com\/wp-content\/uploads\/2021\/02\/WhatsApp-Image-2021-02-27-at-12.09.58-1-1-175x300.jpeg 175w, https:\/\/21panorama.com\/wp-content\/uploads\/2021\/02\/WhatsApp-Image-2021-02-27-at-12.09.58-1-1.jpeg 748w\" sizes=\"(max-width: 598px) 100vw, 598px\" \/><\/figure><\/li><li class=\"blocks-gallery-item\"><figure><img decoding=\"async\" width=\"768\" height=\"1024\" src=\"https:\/\/21panorama.com\/wp-content\/uploads\/2021\/02\/WhatsApp-Image-2021-02-27-at-12.09.59-2-768x1024.jpeg\" alt=\"\" data-id=\"705\" data-link=\"https:\/\/21panorama.com\/?attachment_id=705\" class=\"wp-image-705\" srcset=\"https:\/\/21panorama.com\/wp-content\/uploads\/2021\/02\/WhatsApp-Image-2021-02-27-at-12.09.59-2-768x1024.jpeg 768w, https:\/\/21panorama.com\/wp-content\/uploads\/2021\/02\/WhatsApp-Image-2021-02-27-at-12.09.59-2-225x300.jpeg 225w, https:\/\/21panorama.com\/wp-content\/uploads\/2021\/02\/WhatsApp-Image-2021-02-27-at-12.09.59-2.jpeg 960w\" sizes=\"(max-width: 768px) 100vw, 768px\" \/><\/figure><\/li><li class=\"blocks-gallery-item\"><figure><img decoding=\"async\" width=\"1024\" height=\"576\" src=\"https:\/\/21panorama.com\/wp-content\/uploads\/2021\/02\/WhatsApp-Image-2021-02-27-at-12.10.00-1024x576.jpeg\" alt=\"\" data-id=\"706\" data-link=\"https:\/\/21panorama.com\/?attachment_id=706\" class=\"wp-image-706\" srcset=\"https:\/\/21panorama.com\/wp-content\/uploads\/2021\/02\/WhatsApp-Image-2021-02-27-at-12.10.00-1024x576.jpeg 1024w, https:\/\/21panorama.com\/wp-content\/uploads\/2021\/02\/WhatsApp-Image-2021-02-27-at-12.10.00-300x169.jpeg 300w, https:\/\/21panorama.com\/wp-content\/uploads\/2021\/02\/WhatsApp-Image-2021-02-27-at-12.10.00-768x432.jpeg 768w, https:\/\/21panorama.com\/wp-content\/uploads\/2021\/02\/WhatsApp-Image-2021-02-27-at-12.10.00.jpeg 1280w\" sizes=\"(max-width: 1024px) 100vw, 1024px\" \/><\/figure><\/li><li class=\"blocks-gallery-item\"><figure><img decoding=\"async\" width=\"768\" height=\"1024\" src=\"https:\/\/21panorama.com\/wp-content\/uploads\/2021\/02\/WhatsApp-Image-2021-02-27-at-12.10.00-1-768x1024.jpeg\" alt=\"\" data-id=\"707\" data-link=\"https:\/\/21panorama.com\/?attachment_id=707\" class=\"wp-image-707\" srcset=\"https:\/\/21panorama.com\/wp-content\/uploads\/2021\/02\/WhatsApp-Image-2021-02-27-at-12.10.00-1-768x1024.jpeg 768w, https:\/\/21panorama.com\/wp-content\/uploads\/2021\/02\/WhatsApp-Image-2021-02-27-at-12.10.00-1-225x300.jpeg 225w, https:\/\/21panorama.com\/wp-content\/uploads\/2021\/02\/WhatsApp-Image-2021-02-27-at-12.10.00-1.jpeg 960w\" sizes=\"(max-width: 768px) 100vw, 768px\" \/><\/figure><\/li><li class=\"blocks-gallery-item\"><figure><img decoding=\"async\" width=\"576\" height=\"1024\" src=\"https:\/\/21panorama.com\/wp-content\/uploads\/2021\/02\/WhatsApp-Image-2021-02-27-at-12.10.00-2-576x1024.jpeg\" alt=\"\" data-id=\"708\" data-full-url=\"https:\/\/21panorama.com\/wp-content\/uploads\/2021\/02\/WhatsApp-Image-2021-02-27-at-12.10.00-2.jpeg\" data-link=\"https:\/\/21panorama.com\/?attachment_id=708\" class=\"wp-image-708\" srcset=\"https:\/\/21panorama.com\/wp-content\/uploads\/2021\/02\/WhatsApp-Image-2021-02-27-at-12.10.00-2-576x1024.jpeg 576w, https:\/\/21panorama.com\/wp-content\/uploads\/2021\/02\/WhatsApp-Image-2021-02-27-at-12.10.00-2-169x300.jpeg 169w, https:\/\/21panorama.com\/wp-content\/uploads\/2021\/02\/WhatsApp-Image-2021-02-27-at-12.10.00-2.jpeg 720w\" sizes=\"(max-width: 576px) 100vw, 576px\" \/><\/figure><\/li><\/ul><\/figure>\n","protected":false},"excerpt":{"rendered":"<p>En su momento, Cesar Ben\u00edtez Cortes destac\u00f3 que la denuncia penal fue sustentada con pruebas y videos por el asalto y vandalismo en oficinas administrativas de la Central de Abasto de Toluca.<\/p>\n","protected":false},"author":1,"featured_media":699,"comment_status":"open","ping_status":"open","sticky":false,"template":"","format":"standard","meta":{"footnotes":""},"categories":[3,1],"tags":[34],"class_list":["post-698","post","type-post","status-publish","format-standard","has-post-thumbnail","hentry","category-ecomomia","category-sociedad","tag-central-de-abastos"],"yoast_head":"<!-- This site is optimized with the Yoast SEO plugin v24.9 - https:\/\/yoast.com\/wordpress\/plugins\/seo\/ -->\n<title>EXIGEN CONDOMINOS DE CENTRAL DE ABASTO DE TOLUCA SOLUCI\u00d3N A SUS DEMANDAS - 21 Panorama<\/title>\n<meta name=\"robots\" content=\"index, follow, max-snippet:-1, max-image-preview:large, max-video-preview:-1\" \/>\n<link rel=\"canonical\" href=\"https:\/\/21panorama.com\/index.php\/2021\/02\/27\/exigen-condominos-de-central-de-abasto-de-toluca-solucion-a-sus-demandas\/\" \/>\n<meta property=\"og:locale\" content=\"es_MX\" \/>\n<meta property=\"og:type\" content=\"article\" \/>\n<meta property=\"og:title\" content=\"EXIGEN CONDOMINOS DE CENTRAL DE ABASTO DE TOLUCA SOLUCI\u00d3N A SUS DEMANDAS - 21 Panorama\" \/>\n<meta property=\"og:description\" content=\"En su momento, Cesar Ben\u00edtez Cortes destac\u00f3 que la denuncia penal fue sustentada con pruebas y videos por el asalto y vandalismo en oficinas administrativas de la Central de Abasto de Toluca.\" \/>\n<meta property=\"og:url\" content=\"https:\/\/21panorama.com\/index.php\/2021\/02\/27\/exigen-condominos-de-central-de-abasto-de-toluca-solucion-a-sus-demandas\/\" \/>\n<meta property=\"og:site_name\" content=\"21 Panorama\" \/>\n<meta property=\"article:published_time\" content=\"2021-02-27T18:24:27+00:00\" \/>\n<meta property=\"article:modified_time\" content=\"2021-02-27T18:24:29+00:00\" \/>\n<meta property=\"og:image\" content=\"https:\/\/21panorama.com\/wp-content\/uploads\/2021\/02\/WhatsApp-Image-2021-02-27-at-12.09.58.jpeg\" \/>\n\t<meta property=\"og:image:width\" content=\"1280\" \/>\n\t<meta property=\"og:image:height\" content=\"960\" \/>\n\t<meta property=\"og:image:type\" content=\"image\/jpeg\" \/>\n<meta name=\"author\" content=\"admin\" \/>\n<meta name=\"twitter:card\" content=\"summary_large_image\" \/>\n<meta name=\"twitter:label1\" content=\"Escrito por\" \/>\n\t<meta name=\"twitter:data1\" content=\"admin\" \/>\n\t<meta name=\"twitter:label2\" content=\"Tiempo de lectura\" \/>\n\t<meta name=\"twitter:data2\" content=\"2 minutos\" \/>\n<script type=\"application\/ld+json\" class=\"yoast-schema-graph\">{\"@context\":\"https:\/\/schema.org\",\"@graph\":[{\"@type\":\"Article\",\"@id\":\"https:\/\/21panorama.com\/index.php\/2021\/02\/27\/exigen-condominos-de-central-de-abasto-de-toluca-solucion-a-sus-demandas\/#article\",\"isPartOf\":{\"@id\":\"https:\/\/21panorama.com\/index.php\/2021\/02\/27\/exigen-condominos-de-central-de-abasto-de-toluca-solucion-a-sus-demandas\/\"},\"author\":{\"name\":\"admin\",\"@id\":\"https:\/\/21panorama.com\/#\/schema\/person\/1afc291b96d5792a158768324287319f\"},\"headline\":\"EXIGEN CONDOMINOS DE CENTRAL DE ABASTO DE TOLUCA SOLUCI\u00d3N A SUS DEMANDAS\",\"datePublished\":\"2021-02-27T18:24:27+00:00\",\"dateModified\":\"2021-02-27T18:24:29+00:00\",\"mainEntityOfPage\":{\"@id\":\"https:\/\/21panorama.com\/index.php\/2021\/02\/27\/exigen-condominos-de-central-de-abasto-de-toluca-solucion-a-sus-demandas\/\"},\"wordCount\":332,\"commentCount\":0,\"publisher\":{\"@id\":\"https:\/\/21panorama.com\/#organization\"},\"image\":{\"@id\":\"https:\/\/21panorama.com\/index.php\/2021\/02\/27\/exigen-condominos-de-central-de-abasto-de-toluca-solucion-a-sus-demandas\/#primaryimage\"},\"thumbnailUrl\":\"https:\/\/21panorama.com\/wp-content\/uploads\/2021\/02\/WhatsApp-Image-2021-02-27-at-12.09.58.jpeg\",\"keywords\":[\"Central de abastos\"],\"articleSection\":[\"Econom\u00eda\",\"Sociedad\"],\"inLanguage\":\"es\",\"potentialAction\":[{\"@type\":\"CommentAction\",\"name\":\"Comment\",\"target\":[\"https:\/\/21panorama.com\/index.php\/2021\/02\/27\/exigen-condominos-de-central-de-abasto-de-toluca-solucion-a-sus-demandas\/#respond\"]}]},{\"@type\":\"WebPage\",\"@id\":\"https:\/\/21panorama.com\/index.php\/2021\/02\/27\/exigen-condominos-de-central-de-abasto-de-toluca-solucion-a-sus-demandas\/\",\"url\":\"https:\/\/21panorama.com\/index.php\/2021\/02\/27\/exigen-condominos-de-central-de-abasto-de-toluca-solucion-a-sus-demandas\/\",\"name\":\"EXIGEN CONDOMINOS DE CENTRAL DE ABASTO DE TOLUCA SOLUCI\u00d3N A SUS DEMANDAS - 21 Panorama\",\"isPartOf\":{\"@id\":\"https:\/\/21panorama.com\/#website\"},\"primaryImageOfPage\":{\"@id\":\"https:\/\/21panorama.com\/index.php\/2021\/02\/27\/exigen-condominos-de-central-de-abasto-de-toluca-solucion-a-sus-demandas\/#primaryimage\"},\"image\":{\"@id\":\"https:\/\/21panorama.com\/index.php\/2021\/02\/27\/exigen-condominos-de-central-de-abasto-de-toluca-solucion-a-sus-demandas\/#primaryimage\"},\"thumbnailUrl\":\"https:\/\/21panorama.com\/wp-content\/uploads\/2021\/02\/WhatsApp-Image-2021-02-27-at-12.09.58.jpeg\",\"datePublished\":\"2021-02-27T18:24:27+00:00\",\"dateModified\":\"2021-02-27T18:24:29+00:00\",\"breadcrumb\":{\"@id\":\"https:\/\/21panorama.com\/index.php\/2021\/02\/27\/exigen-condominos-de-central-de-abasto-de-toluca-solucion-a-sus-demandas\/#breadcrumb\"},\"inLanguage\":\"es\",\"potentialAction\":[{\"@type\":\"ReadAction\",\"target\":[\"https:\/\/21panorama.com\/index.php\/2021\/02\/27\/exigen-condominos-de-central-de-abasto-de-toluca-solucion-a-sus-demandas\/\"]}]},{\"@type\":\"ImageObject\",\"inLanguage\":\"es\",\"@id\":\"https:\/\/21panorama.com\/index.php\/2021\/02\/27\/exigen-condominos-de-central-de-abasto-de-toluca-solucion-a-sus-demandas\/#primaryimage\",\"url\":\"https:\/\/21panorama.com\/wp-content\/uploads\/2021\/02\/WhatsApp-Image-2021-02-27-at-12.09.58.jpeg\",\"contentUrl\":\"https:\/\/21panorama.com\/wp-content\/uploads\/2021\/02\/WhatsApp-Image-2021-02-27-at-12.09.58.jpeg\",\"width\":1280,\"height\":960},{\"@type\":\"BreadcrumbList\",\"@id\":\"https:\/\/21panorama.com\/index.php\/2021\/02\/27\/exigen-condominos-de-central-de-abasto-de-toluca-solucion-a-sus-demandas\/#breadcrumb\",\"itemListElement\":[{\"@type\":\"ListItem\",\"position\":1,\"name\":\"Inicio\",\"item\":\"https:\/\/21panorama.com\/\"},{\"@type\":\"ListItem\",\"position\":2,\"name\":\"EXIGEN CONDOMINOS DE CENTRAL DE ABASTO DE TOLUCA SOLUCI\u00d3N A SUS DEMANDAS\"}]},{\"@type\":\"WebSite\",\"@id\":\"https:\/\/21panorama.com\/#website\",\"url\":\"https:\/\/21panorama.com\/\",\"name\":\"21 Panorama\",\"description\":\"La construcci\u00f3n de la opini\u00f3n p\u00fablica merece un mejor Panorama en este siglo 21 para alcanzar una sociedad con mayor transparencia y sin corrupci\u00f3n.\",\"publisher\":{\"@id\":\"https:\/\/21panorama.com\/#organization\"},\"potentialAction\":[{\"@type\":\"SearchAction\",\"target\":{\"@type\":\"EntryPoint\",\"urlTemplate\":\"https:\/\/21panorama.com\/?s={search_term_string}\"},\"query-input\":{\"@type\":\"PropertyValueSpecification\",\"valueRequired\":true,\"valueName\":\"search_term_string\"}}],\"inLanguage\":\"es\"},{\"@type\":\"Organization\",\"@id\":\"https:\/\/21panorama.com\/#organization\",\"name\":\"21 Panorama\",\"url\":\"https:\/\/21panorama.com\/\",\"logo\":{\"@type\":\"ImageObject\",\"inLanguage\":\"es\",\"@id\":\"https:\/\/21panorama.com\/#\/schema\/logo\/image\/\",\"url\":\"https:\/\/21panorama.com\/wp-content\/uploads\/2019\/07\/cropped-Logo-Panorama-01.jpeg\",\"contentUrl\":\"https:\/\/21panorama.com\/wp-content\/uploads\/2019\/07\/cropped-Logo-Panorama-01.jpeg\",\"width\":290,\"height\":70,\"caption\":\"21 Panorama\"},\"image\":{\"@id\":\"https:\/\/21panorama.com\/#\/schema\/logo\/image\/\"}},{\"@type\":\"Person\",\"@id\":\"https:\/\/21panorama.com\/#\/schema\/person\/1afc291b96d5792a158768324287319f\",\"name\":\"admin\",\"image\":{\"@type\":\"ImageObject\",\"inLanguage\":\"es\",\"@id\":\"https:\/\/21panorama.com\/#\/schema\/person\/image\/\",\"url\":\"https:\/\/secure.gravatar.com\/avatar\/ad365d9d9f46719215b0d042cc3df92a5a8683e09ef13d102233e5491985f0f0?s=96&d=mm&r=g\",\"contentUrl\":\"https:\/\/secure.gravatar.com\/avatar\/ad365d9d9f46719215b0d042cc3df92a5a8683e09ef13d102233e5491985f0f0?s=96&d=mm&r=g\",\"caption\":\"admin\"},\"url\":\"https:\/\/21panorama.com\/index.php\/author\/admin\/\"}]}<\/script>\n<!-- \/ Yoast SEO plugin. -->","yoast_head_json":{"title":"EXIGEN CONDOMINOS DE CENTRAL DE ABASTO DE TOLUCA SOLUCI\u00d3N A SUS DEMANDAS - 21 Panorama","robots":{"index":"index","follow":"follow","max-snippet":"max-snippet:-1","max-image-preview":"max-image-preview:large","max-video-preview":"max-video-preview:-1"},"canonical":"https:\/\/21panorama.com\/index.php\/2021\/02\/27\/exigen-condominos-de-central-de-abasto-de-toluca-solucion-a-sus-demandas\/","og_locale":"es_MX","og_type":"article","og_title":"EXIGEN CONDOMINOS DE CENTRAL DE ABASTO DE TOLUCA SOLUCI\u00d3N A SUS DEMANDAS - 21 Panorama","og_description":"En su momento, Cesar Ben\u00edtez Cortes destac\u00f3 que la denuncia penal fue sustentada con pruebas y videos por el asalto y vandalismo en oficinas administrativas de la Central de Abasto de Toluca.","og_url":"https:\/\/21panorama.com\/index.php\/2021\/02\/27\/exigen-condominos-de-central-de-abasto-de-toluca-solucion-a-sus-demandas\/","og_site_name":"21 Panorama","article_published_time":"2021-02-27T18:24:27+00:00","article_modified_time":"2021-02-27T18:24:29+00:00","og_image":[{"width":1280,"height":960,"url":"https:\/\/21panorama.com\/wp-content\/uploads\/2021\/02\/WhatsApp-Image-2021-02-27-at-12.09.58.jpeg","type":"image\/jpeg"}],"author":"admin","twitter_card":"summary_large_image","twitter_misc":{"Escrito por":"admin","Tiempo de lectura":"2 minutos"},"schema":{"@context":"https:\/\/schema.org","@graph":[{"@type":"Article","@id":"https:\/\/21panorama.com\/index.php\/2021\/02\/27\/exigen-condominos-de-central-de-abasto-de-toluca-solucion-a-sus-demandas\/#article","isPartOf":{"@id":"https:\/\/21panorama.com\/index.php\/2021\/02\/27\/exigen-condominos-de-central-de-abasto-de-toluca-solucion-a-sus-demandas\/"},"author":{"name":"admin","@id":"https:\/\/21panorama.com\/#\/schema\/person\/1afc291b96d5792a158768324287319f"},"headline":"EXIGEN CONDOMINOS DE CENTRAL DE ABASTO DE TOLUCA SOLUCI\u00d3N A SUS DEMANDAS","datePublished":"2021-02-27T18:24:27+00:00","dateModified":"2021-02-27T18:24:29+00:00","mainEntityOfPage":{"@id":"https:\/\/21panorama.com\/index.php\/2021\/02\/27\/exigen-condominos-de-central-de-abasto-de-toluca-solucion-a-sus-demandas\/"},"wordCount":332,"commentCount":0,"publisher":{"@id":"https:\/\/21panorama.com\/#organization"},"image":{"@id":"https:\/\/21panorama.com\/index.php\/2021\/02\/27\/exigen-condominos-de-central-de-abasto-de-toluca-solucion-a-sus-demandas\/#primaryimage"},"thumbnailUrl":"https:\/\/21panorama.com\/wp-content\/uploads\/2021\/02\/WhatsApp-Image-2021-02-27-at-12.09.58.jpeg","keywords":["Central de abastos"],"articleSection":["Econom\u00eda","Sociedad"],"inLanguage":"es","potentialAction":[{"@type":"CommentAction","name":"Comment","target":["https:\/\/21panorama.com\/index.php\/2021\/02\/27\/exigen-condominos-de-central-de-abasto-de-toluca-solucion-a-sus-demandas\/#respond"]}]},{"@type":"WebPage","@id":"https:\/\/21panorama.com\/index.php\/2021\/02\/27\/exigen-condominos-de-central-de-abasto-de-toluca-solucion-a-sus-demandas\/","url":"https:\/\/21panorama.com\/index.php\/2021\/02\/27\/exigen-condominos-de-central-de-abasto-de-toluca-solucion-a-sus-demandas\/","name":"EXIGEN CONDOMINOS DE CENTRAL DE ABASTO DE TOLUCA SOLUCI\u00d3N A SUS DEMANDAS - 21 Panorama","isPartOf":{"@id":"https:\/\/21panorama.com\/#website"},"primaryImageOfPage":{"@id":"https:\/\/21panorama.com\/index.php\/2021\/02\/27\/exigen-condominos-de-central-de-abasto-de-toluca-solucion-a-sus-demandas\/#primaryimage"},"image":{"@id":"https:\/\/21panorama.com\/index.php\/2021\/02\/27\/exigen-condominos-de-central-de-abasto-de-toluca-solucion-a-sus-demandas\/#primaryimage"},"thumbnailUrl":"https:\/\/21panorama.com\/wp-content\/uploads\/2021\/02\/WhatsApp-Image-2021-02-27-at-12.09.58.jpeg","datePublished":"2021-02-27T18:24:27+00:00","dateModified":"2021-02-27T18:24:29+00:00","breadcrumb":{"@id":"https:\/\/21panorama.com\/index.php\/2021\/02\/27\/exigen-condominos-de-central-de-abasto-de-toluca-solucion-a-sus-demandas\/#breadcrumb"},"inLanguage":"es","potentialAction":[{"@type":"ReadAction","target":["https:\/\/21panorama.com\/index.php\/2021\/02\/27\/exigen-condominos-de-central-de-abasto-de-toluca-solucion-a-sus-demandas\/"]}]},{"@type":"ImageObject","inLanguage":"es","@id":"https:\/\/21panorama.com\/index.php\/2021\/02\/27\/exigen-condominos-de-central-de-abasto-de-toluca-solucion-a-sus-demandas\/#primaryimage","url":"https:\/\/21panorama.com\/wp-content\/uploads\/2021\/02\/WhatsApp-Image-2021-02-27-at-12.09.58.jpeg","contentUrl":"https:\/\/21panorama.com\/wp-content\/uploads\/2021\/02\/WhatsApp-Image-2021-02-27-at-12.09.58.jpeg","width":1280,"height":960},{"@type":"BreadcrumbList","@id":"https:\/\/21panorama.com\/index.php\/2021\/02\/27\/exigen-condominos-de-central-de-abasto-de-toluca-solucion-a-sus-demandas\/#breadcrumb","itemListElement":[{"@type":"ListItem","position":1,"name":"Inicio","item":"https:\/\/21panorama.com\/"},{"@type":"ListItem","position":2,"name":"EXIGEN CONDOMINOS DE CENTRAL DE ABASTO DE TOLUCA SOLUCI\u00d3N A SUS DEMANDAS"}]},{"@type":"WebSite","@id":"https:\/\/21panorama.com\/#website","url":"https:\/\/21panorama.com\/","name":"21 Panorama","description":"La construcci\u00f3n de la opini\u00f3n p\u00fablica merece un mejor Panorama en este siglo 21 para alcanzar una sociedad con mayor transparencia y sin corrupci\u00f3n.","publisher":{"@id":"https:\/\/21panorama.com\/#organization"},"potentialAction":[{"@type":"SearchAction","target":{"@type":"EntryPoint","urlTemplate":"https:\/\/21panorama.com\/?s={search_term_string}"},"query-input":{"@type":"PropertyValueSpecification","valueRequired":true,"valueName":"search_term_string"}}],"inLanguage":"es"},{"@type":"Organization","@id":"https:\/\/21panorama.com\/#organization","name":"21 Panorama","url":"https:\/\/21panorama.com\/","logo":{"@type":"ImageObject","inLanguage":"es","@id":"https:\/\/21panorama.com\/#\/schema\/logo\/image\/","url":"https:\/\/21panorama.com\/wp-content\/uploads\/2019\/07\/cropped-Logo-Panorama-01.jpeg","contentUrl":"https:\/\/21panorama.com\/wp-content\/uploads\/2019\/07\/cropped-Logo-Panorama-01.jpeg","width":290,"height":70,"caption":"21 Panorama"},"image":{"@id":"https:\/\/21panorama.com\/#\/schema\/logo\/image\/"}},{"@type":"Person","@id":"https:\/\/21panorama.com\/#\/schema\/person\/1afc291b96d5792a158768324287319f","name":"admin","image":{"@type":"ImageObject","inLanguage":"es","@id":"https:\/\/21panorama.com\/#\/schema\/person\/image\/","url":"https:\/\/secure.gravatar.com\/avatar\/ad365d9d9f46719215b0d042cc3df92a5a8683e09ef13d102233e5491985f0f0?s=96&d=mm&r=g","contentUrl":"https:\/\/secure.gravatar.com\/avatar\/ad365d9d9f46719215b0d042cc3df92a5a8683e09ef13d102233e5491985f0f0?s=96&d=mm&r=g","caption":"admin"},"url":"https:\/\/21panorama.com\/index.php\/author\/admin\/"}]}},"_links":{"self":[{"href":"https:\/\/21panorama.com\/index.php\/wp-json\/wp\/v2\/posts\/698","targetHints":{"allow":["GET"]}}],"collection":[{"href":"https:\/\/21panorama.com\/index.php\/wp-json\/wp\/v2\/posts"}],"about":[{"href":"https:\/\/21panorama.com\/index.php\/wp-json\/wp\/v2\/types\/post"}],"author":[{"embeddable":true,"href":"https:\/\/21panorama.com\/index.php\/wp-json\/wp\/v2\/users\/1"}],"replies":[{"embeddable":true,"href":"https:\/\/21panorama.com\/index.php\/wp-json\/wp\/v2\/comments?post=698"}],"version-history":[{"count":1,"href":"https:\/\/21panorama.com\/index.php\/wp-json\/wp\/v2\/posts\/698\/revisions"}],"predecessor-version":[{"id":709,"href":"https:\/\/21panorama.com\/index.php\/wp-json\/wp\/v2\/posts\/698\/revisions\/709"}],"wp:featuredmedia":[{"embeddable":true,"href":"https:\/\/21panorama.com\/index.php\/wp-json\/wp\/v2\/media\/699"}],"wp:attachment":[{"href":"https:\/\/21panorama.com\/index.php\/wp-json\/wp\/v2\/media?parent=698"}],"wp:term":[{"taxonomy":"category","embeddable":true,"href":"https:\/\/21panorama.com\/index.php\/wp-json\/wp\/v2\/categories?post=698"},{"taxonomy":"post_tag","embeddable":true,"href":"https:\/\/21panorama.com\/index.php\/wp-json\/wp\/v2\/tags?post=698"}],"curies":[{"name":"wp","href":"https:\/\/api.w.org\/{rel}","templated":true}]}}