{"id":69,"date":"2019-07-26T00:28:59","date_gmt":"2019-07-26T00:28:59","guid":{"rendered":"http:\/\/21panorama.com\/?p=69"},"modified":"2019-07-26T16:41:19","modified_gmt":"2019-07-26T16:41:19","slug":"espacios-mas-limpios","status":"publish","type":"post","link":"https:\/\/21panorama.com\/index.php\/2019\/07\/26\/espacios-mas-limpios\/","title":{"rendered":"ESPACIOS M\u00c1S LIMPIOS"},"content":{"rendered":"\n<p> En el marco de las acciones a favor del medio ambiente que se est\u00e1n llevando a cabo por la<br><a href=\"https:\/\/www.facebook.com\/AmbienteEdomex\/?__xts__%5B0%5D=68.ARAv6m_mwSQur_-r2bY5xhcvWsLZhcXDfYgeVYcByd6xY_D18VNCoIXwJ5pS6HFcaQK5jX3rp7eQftuE-EWTq4htvDsbLpUN0b4GjBKZdMUGfJw0EycExqdwhWKA4TSI7QJVq-KRwyb4ooAntilY1De23QuZe0YGvknqfIyx5LVQ7E7MCffcCkNhKbeXd4TlkC5YQf04iDf3TNQC3Z5i_sZIgxFUSJUoSfgmiC4Gxj7iNDAXP6uOhxix9noQbITgQfN65QBr6lcHEm66f4r60cy88jGsLLlZoZcN6pRoFp9HVXyrIIgHGRJeVAXuisGF6Gil_IBZiAtmoC_FNLGGIr4&amp;__tn__=%2CdK%2AF-R&amp;eid=ARA51iSVYDyEQUic714Jw02MrJB28PPq2cArGxHPlBz5FAd3eggusiraH42uev143ocNgvfxg6tHss09\">Secretar\u00eda de Medio Ambiente del Estado de M\u00e9xico<\/a>.<br>El H. Ayuntamiento, a trav\u00e9s de la direcci\u00f3n de ecolog\u00eda y medio ambiente, invita a la ciudadan\u00eda en general, a participar en la jornada de limpieza &#8220;espacios m\u00e1s limpios&#8221;; la cual se llevar\u00e1 a cabo el pr\u00f3ximo jueves 8 de agosto.<br><a href=\"https:\/\/www.facebook.com\/hashtag\/tradici%C3%B3nymodernidad?epa=HASHTAG\">#Tradici\u00f3nYModernidad<\/a><br><a href=\"https:\/\/www.facebook.com\/hashtag\/calimayalimpio?epa=HASHTAG\">#CalimayaLimpio<\/a><\/p>\n\n\n\n<figure class=\"wp-block-image\"><img decoding=\"async\" width=\"960\" height=\"960\" src=\"https:\/\/21panorama.com\/wp-content\/uploads\/2019\/07\/66904154_705879859855725_5911068849880432640_n.jpg\" alt=\"\" class=\"wp-image-70\" srcset=\"https:\/\/21panorama.com\/wp-content\/uploads\/2019\/07\/66904154_705879859855725_5911068849880432640_n.jpg 960w, https:\/\/21panorama.com\/wp-content\/uploads\/2019\/07\/66904154_705879859855725_5911068849880432640_n-150x150.jpg 150w, https:\/\/21panorama.com\/wp-content\/uploads\/2019\/07\/66904154_705879859855725_5911068849880432640_n-300x300.jpg 300w, https:\/\/21panorama.com\/wp-content\/uploads\/2019\/07\/66904154_705879859855725_5911068849880432640_n-768x768.jpg 768w\" sizes=\"(max-width: 960px) 100vw, 960px\" \/><\/figure>\n","protected":false},"excerpt":{"rendered":"<p>En el marco de las acciones a favor del medio ambiente que se est\u00e1n llevando a cabo por laSecretar\u00eda de Medio Ambiente del Estado de M\u00e9xico.El H. Ayuntamiento, a trav\u00e9s de la direcci\u00f3n de ecolog\u00eda y medio ambiente, invita a la ciudadan\u00eda en general, a participar en la jornada de limpieza &#8220;espacios m\u00e1s limpios&#8221;; la cual se llevar\u00e1 a cabo el pr\u00f3ximo jueves 8 de agosto.#Tradici\u00f3nYModernidad#CalimayaLimpio<\/p>\n","protected":false},"author":1,"featured_media":70,"comment_status":"open","ping_status":"open","sticky":false,"template":"","format":"standard","meta":{"footnotes":""},"categories":[11],"tags":[],"class_list":["post-69","post","type-post","status-publish","format-standard","has-post-thumbnail","hentry","category-medio-ambiente"],"yoast_head":"<!-- This site is optimized with the Yoast SEO plugin v24.9 - https:\/\/yoast.com\/wordpress\/plugins\/seo\/ -->\n<title>ESPACIOS M\u00c1S LIMPIOS - 21 Panorama<\/title>\n<meta name=\"robots\" content=\"index, follow, max-snippet:-1, max-image-preview:large, max-video-preview:-1\" \/>\n<link rel=\"canonical\" href=\"https:\/\/21panorama.com\/index.php\/2019\/07\/26\/espacios-mas-limpios\/\" \/>\n<meta property=\"og:locale\" content=\"es_MX\" \/>\n<meta property=\"og:type\" content=\"article\" \/>\n<meta property=\"og:title\" content=\"ESPACIOS M\u00c1S LIMPIOS - 21 Panorama\" \/>\n<meta property=\"og:description\" content=\"En el marco de las acciones a favor del medio ambiente que se est\u00e1n llevando a cabo por laSecretar\u00eda de Medio Ambiente del Estado de M\u00e9xico.El H. Ayuntamiento, a trav\u00e9s de la direcci\u00f3n de ecolog\u00eda y medio ambiente, invita a la ciudadan\u00eda en general, a participar en la jornada de limpieza &#8220;espacios m\u00e1s limpios&#8221;; la cual se llevar\u00e1 a cabo el pr\u00f3ximo jueves 8 de agosto.#Tradici\u00f3nYModernidad#CalimayaLimpio\" \/>\n<meta property=\"og:url\" content=\"https:\/\/21panorama.com\/index.php\/2019\/07\/26\/espacios-mas-limpios\/\" \/>\n<meta property=\"og:site_name\" content=\"21 Panorama\" \/>\n<meta property=\"article:published_time\" content=\"2019-07-26T00:28:59+00:00\" \/>\n<meta property=\"article:modified_time\" content=\"2019-07-26T16:41:19+00:00\" \/>\n<meta property=\"og:image\" content=\"https:\/\/21panorama.com\/wp-content\/uploads\/2019\/07\/66904154_705879859855725_5911068849880432640_n.jpg\" \/>\n\t<meta property=\"og:image:width\" content=\"960\" \/>\n\t<meta property=\"og:image:height\" content=\"960\" \/>\n\t<meta property=\"og:image:type\" content=\"image\/jpeg\" \/>\n<meta name=\"author\" content=\"admin\" \/>\n<meta name=\"twitter:card\" content=\"summary_large_image\" \/>\n<meta name=\"twitter:label1\" content=\"Escrito por\" \/>\n\t<meta name=\"twitter:data1\" content=\"admin\" \/>\n<script type=\"application\/ld+json\" class=\"yoast-schema-graph\">{\"@context\":\"https:\/\/schema.org\",\"@graph\":[{\"@type\":\"Article\",\"@id\":\"https:\/\/21panorama.com\/index.php\/2019\/07\/26\/espacios-mas-limpios\/#article\",\"isPartOf\":{\"@id\":\"https:\/\/21panorama.com\/index.php\/2019\/07\/26\/espacios-mas-limpios\/\"},\"author\":{\"name\":\"admin\",\"@id\":\"https:\/\/21panorama.com\/#\/schema\/person\/1afc291b96d5792a158768324287319f\"},\"headline\":\"ESPACIOS M\u00c1S LIMPIOS\",\"datePublished\":\"2019-07-26T00:28:59+00:00\",\"dateModified\":\"2019-07-26T16:41:19+00:00\",\"mainEntityOfPage\":{\"@id\":\"https:\/\/21panorama.com\/index.php\/2019\/07\/26\/espacios-mas-limpios\/\"},\"wordCount\":83,\"commentCount\":0,\"publisher\":{\"@id\":\"https:\/\/21panorama.com\/#organization\"},\"image\":{\"@id\":\"https:\/\/21panorama.com\/index.php\/2019\/07\/26\/espacios-mas-limpios\/#primaryimage\"},\"thumbnailUrl\":\"https:\/\/21panorama.com\/wp-content\/uploads\/2019\/07\/66904154_705879859855725_5911068849880432640_n.jpg\",\"articleSection\":[\"Medio Ambiente\"],\"inLanguage\":\"es\",\"potentialAction\":[{\"@type\":\"CommentAction\",\"name\":\"Comment\",\"target\":[\"https:\/\/21panorama.com\/index.php\/2019\/07\/26\/espacios-mas-limpios\/#respond\"]}]},{\"@type\":\"WebPage\",\"@id\":\"https:\/\/21panorama.com\/index.php\/2019\/07\/26\/espacios-mas-limpios\/\",\"url\":\"https:\/\/21panorama.com\/index.php\/2019\/07\/26\/espacios-mas-limpios\/\",\"name\":\"ESPACIOS M\u00c1S LIMPIOS - 21 Panorama\",\"isPartOf\":{\"@id\":\"https:\/\/21panorama.com\/#website\"},\"primaryImageOfPage\":{\"@id\":\"https:\/\/21panorama.com\/index.php\/2019\/07\/26\/espacios-mas-limpios\/#primaryimage\"},\"image\":{\"@id\":\"https:\/\/21panorama.com\/index.php\/2019\/07\/26\/espacios-mas-limpios\/#primaryimage\"},\"thumbnailUrl\":\"https:\/\/21panorama.com\/wp-content\/uploads\/2019\/07\/66904154_705879859855725_5911068849880432640_n.jpg\",\"datePublished\":\"2019-07-26T00:28:59+00:00\",\"dateModified\":\"2019-07-26T16:41:19+00:00\",\"breadcrumb\":{\"@id\":\"https:\/\/21panorama.com\/index.php\/2019\/07\/26\/espacios-mas-limpios\/#breadcrumb\"},\"inLanguage\":\"es\",\"potentialAction\":[{\"@type\":\"ReadAction\",\"target\":[\"https:\/\/21panorama.com\/index.php\/2019\/07\/26\/espacios-mas-limpios\/\"]}]},{\"@type\":\"ImageObject\",\"inLanguage\":\"es\",\"@id\":\"https:\/\/21panorama.com\/index.php\/2019\/07\/26\/espacios-mas-limpios\/#primaryimage\",\"url\":\"https:\/\/21panorama.com\/wp-content\/uploads\/2019\/07\/66904154_705879859855725_5911068849880432640_n.jpg\",\"contentUrl\":\"https:\/\/21panorama.com\/wp-content\/uploads\/2019\/07\/66904154_705879859855725_5911068849880432640_n.jpg\",\"width\":960,\"height\":960},{\"@type\":\"BreadcrumbList\",\"@id\":\"https:\/\/21panorama.com\/index.php\/2019\/07\/26\/espacios-mas-limpios\/#breadcrumb\",\"itemListElement\":[{\"@type\":\"ListItem\",\"position\":1,\"name\":\"Inicio\",\"item\":\"https:\/\/21panorama.com\/\"},{\"@type\":\"ListItem\",\"position\":2,\"name\":\"ESPACIOS M\u00c1S LIMPIOS\"}]},{\"@type\":\"WebSite\",\"@id\":\"https:\/\/21panorama.com\/#website\",\"url\":\"https:\/\/21panorama.com\/\",\"name\":\"21 Panorama\",\"description\":\"La construcci\u00f3n de la opini\u00f3n p\u00fablica merece un mejor Panorama en este siglo 21 para alcanzar una sociedad con mayor transparencia y sin corrupci\u00f3n.\",\"publisher\":{\"@id\":\"https:\/\/21panorama.com\/#organization\"},\"potentialAction\":[{\"@type\":\"SearchAction\",\"target\":{\"@type\":\"EntryPoint\",\"urlTemplate\":\"https:\/\/21panorama.com\/?s={search_term_string}\"},\"query-input\":{\"@type\":\"PropertyValueSpecification\",\"valueRequired\":true,\"valueName\":\"search_term_string\"}}],\"inLanguage\":\"es\"},{\"@type\":\"Organization\",\"@id\":\"https:\/\/21panorama.com\/#organization\",\"name\":\"21 Panorama\",\"url\":\"https:\/\/21panorama.com\/\",\"logo\":{\"@type\":\"ImageObject\",\"inLanguage\":\"es\",\"@id\":\"https:\/\/21panorama.com\/#\/schema\/logo\/image\/\",\"url\":\"https:\/\/21panorama.com\/wp-content\/uploads\/2019\/07\/cropped-Logo-Panorama-01.jpeg\",\"contentUrl\":\"https:\/\/21panorama.com\/wp-content\/uploads\/2019\/07\/cropped-Logo-Panorama-01.jpeg\",\"width\":290,\"height\":70,\"caption\":\"21 Panorama\"},\"image\":{\"@id\":\"https:\/\/21panorama.com\/#\/schema\/logo\/image\/\"}},{\"@type\":\"Person\",\"@id\":\"https:\/\/21panorama.com\/#\/schema\/person\/1afc291b96d5792a158768324287319f\",\"name\":\"admin\",\"image\":{\"@type\":\"ImageObject\",\"inLanguage\":\"es\",\"@id\":\"https:\/\/21panorama.com\/#\/schema\/person\/image\/\",\"url\":\"https:\/\/secure.gravatar.com\/avatar\/ad365d9d9f46719215b0d042cc3df92a5a8683e09ef13d102233e5491985f0f0?s=96&d=mm&r=g\",\"contentUrl\":\"https:\/\/secure.gravatar.com\/avatar\/ad365d9d9f46719215b0d042cc3df92a5a8683e09ef13d102233e5491985f0f0?s=96&d=mm&r=g\",\"caption\":\"admin\"},\"url\":\"https:\/\/21panorama.com\/index.php\/author\/admin\/\"}]}<\/script>\n<!-- \/ Yoast SEO plugin. -->","yoast_head_json":{"title":"ESPACIOS M\u00c1S LIMPIOS - 21 Panorama","robots":{"index":"index","follow":"follow","max-snippet":"max-snippet:-1","max-image-preview":"max-image-preview:large","max-video-preview":"max-video-preview:-1"},"canonical":"https:\/\/21panorama.com\/index.php\/2019\/07\/26\/espacios-mas-limpios\/","og_locale":"es_MX","og_type":"article","og_title":"ESPACIOS M\u00c1S LIMPIOS - 21 Panorama","og_description":"En el marco de las acciones a favor del medio ambiente que se est\u00e1n llevando a cabo por laSecretar\u00eda de Medio Ambiente del Estado de M\u00e9xico.El H. Ayuntamiento, a trav\u00e9s de la direcci\u00f3n de ecolog\u00eda y medio ambiente, invita a la ciudadan\u00eda en general, a participar en la jornada de limpieza &#8220;espacios m\u00e1s limpios&#8221;; la cual se llevar\u00e1 a cabo el pr\u00f3ximo jueves 8 de agosto.#Tradici\u00f3nYModernidad#CalimayaLimpio","og_url":"https:\/\/21panorama.com\/index.php\/2019\/07\/26\/espacios-mas-limpios\/","og_site_name":"21 Panorama","article_published_time":"2019-07-26T00:28:59+00:00","article_modified_time":"2019-07-26T16:41:19+00:00","og_image":[{"width":960,"height":960,"url":"https:\/\/21panorama.com\/wp-content\/uploads\/2019\/07\/66904154_705879859855725_5911068849880432640_n.jpg","type":"image\/jpeg"}],"author":"admin","twitter_card":"summary_large_image","twitter_misc":{"Escrito por":"admin"},"schema":{"@context":"https:\/\/schema.org","@graph":[{"@type":"Article","@id":"https:\/\/21panorama.com\/index.php\/2019\/07\/26\/espacios-mas-limpios\/#article","isPartOf":{"@id":"https:\/\/21panorama.com\/index.php\/2019\/07\/26\/espacios-mas-limpios\/"},"author":{"name":"admin","@id":"https:\/\/21panorama.com\/#\/schema\/person\/1afc291b96d5792a158768324287319f"},"headline":"ESPACIOS M\u00c1S LIMPIOS","datePublished":"2019-07-26T00:28:59+00:00","dateModified":"2019-07-26T16:41:19+00:00","mainEntityOfPage":{"@id":"https:\/\/21panorama.com\/index.php\/2019\/07\/26\/espacios-mas-limpios\/"},"wordCount":83,"commentCount":0,"publisher":{"@id":"https:\/\/21panorama.com\/#organization"},"image":{"@id":"https:\/\/21panorama.com\/index.php\/2019\/07\/26\/espacios-mas-limpios\/#primaryimage"},"thumbnailUrl":"https:\/\/21panorama.com\/wp-content\/uploads\/2019\/07\/66904154_705879859855725_5911068849880432640_n.jpg","articleSection":["Medio Ambiente"],"inLanguage":"es","potentialAction":[{"@type":"CommentAction","name":"Comment","target":["https:\/\/21panorama.com\/index.php\/2019\/07\/26\/espacios-mas-limpios\/#respond"]}]},{"@type":"WebPage","@id":"https:\/\/21panorama.com\/index.php\/2019\/07\/26\/espacios-mas-limpios\/","url":"https:\/\/21panorama.com\/index.php\/2019\/07\/26\/espacios-mas-limpios\/","name":"ESPACIOS M\u00c1S LIMPIOS - 21 Panorama","isPartOf":{"@id":"https:\/\/21panorama.com\/#website"},"primaryImageOfPage":{"@id":"https:\/\/21panorama.com\/index.php\/2019\/07\/26\/espacios-mas-limpios\/#primaryimage"},"image":{"@id":"https:\/\/21panorama.com\/index.php\/2019\/07\/26\/espacios-mas-limpios\/#primaryimage"},"thumbnailUrl":"https:\/\/21panorama.com\/wp-content\/uploads\/2019\/07\/66904154_705879859855725_5911068849880432640_n.jpg","datePublished":"2019-07-26T00:28:59+00:00","dateModified":"2019-07-26T16:41:19+00:00","breadcrumb":{"@id":"https:\/\/21panorama.com\/index.php\/2019\/07\/26\/espacios-mas-limpios\/#breadcrumb"},"inLanguage":"es","potentialAction":[{"@type":"ReadAction","target":["https:\/\/21panorama.com\/index.php\/2019\/07\/26\/espacios-mas-limpios\/"]}]},{"@type":"ImageObject","inLanguage":"es","@id":"https:\/\/21panorama.com\/index.php\/2019\/07\/26\/espacios-mas-limpios\/#primaryimage","url":"https:\/\/21panorama.com\/wp-content\/uploads\/2019\/07\/66904154_705879859855725_5911068849880432640_n.jpg","contentUrl":"https:\/\/21panorama.com\/wp-content\/uploads\/2019\/07\/66904154_705879859855725_5911068849880432640_n.jpg","width":960,"height":960},{"@type":"BreadcrumbList","@id":"https:\/\/21panorama.com\/index.php\/2019\/07\/26\/espacios-mas-limpios\/#breadcrumb","itemListElement":[{"@type":"ListItem","position":1,"name":"Inicio","item":"https:\/\/21panorama.com\/"},{"@type":"ListItem","position":2,"name":"ESPACIOS M\u00c1S LIMPIOS"}]},{"@type":"WebSite","@id":"https:\/\/21panorama.com\/#website","url":"https:\/\/21panorama.com\/","name":"21 Panorama","description":"La construcci\u00f3n de la opini\u00f3n p\u00fablica merece un mejor Panorama en este siglo 21 para alcanzar una sociedad con mayor transparencia y sin corrupci\u00f3n.","publisher":{"@id":"https:\/\/21panorama.com\/#organization"},"potentialAction":[{"@type":"SearchAction","target":{"@type":"EntryPoint","urlTemplate":"https:\/\/21panorama.com\/?s={search_term_string}"},"query-input":{"@type":"PropertyValueSpecification","valueRequired":true,"valueName":"search_term_string"}}],"inLanguage":"es"},{"@type":"Organization","@id":"https:\/\/21panorama.com\/#organization","name":"21 Panorama","url":"https:\/\/21panorama.com\/","logo":{"@type":"ImageObject","inLanguage":"es","@id":"https:\/\/21panorama.com\/#\/schema\/logo\/image\/","url":"https:\/\/21panorama.com\/wp-content\/uploads\/2019\/07\/cropped-Logo-Panorama-01.jpeg","contentUrl":"https:\/\/21panorama.com\/wp-content\/uploads\/2019\/07\/cropped-Logo-Panorama-01.jpeg","width":290,"height":70,"caption":"21 Panorama"},"image":{"@id":"https:\/\/21panorama.com\/#\/schema\/logo\/image\/"}},{"@type":"Person","@id":"https:\/\/21panorama.com\/#\/schema\/person\/1afc291b96d5792a158768324287319f","name":"admin","image":{"@type":"ImageObject","inLanguage":"es","@id":"https:\/\/21panorama.com\/#\/schema\/person\/image\/","url":"https:\/\/secure.gravatar.com\/avatar\/ad365d9d9f46719215b0d042cc3df92a5a8683e09ef13d102233e5491985f0f0?s=96&d=mm&r=g","contentUrl":"https:\/\/secure.gravatar.com\/avatar\/ad365d9d9f46719215b0d042cc3df92a5a8683e09ef13d102233e5491985f0f0?s=96&d=mm&r=g","caption":"admin"},"url":"https:\/\/21panorama.com\/index.php\/author\/admin\/"}]}},"_links":{"self":[{"href":"https:\/\/21panorama.com\/index.php\/wp-json\/wp\/v2\/posts\/69","targetHints":{"allow":["GET"]}}],"collection":[{"href":"https:\/\/21panorama.com\/index.php\/wp-json\/wp\/v2\/posts"}],"about":[{"href":"https:\/\/21panorama.com\/index.php\/wp-json\/wp\/v2\/types\/post"}],"author":[{"embeddable":true,"href":"https:\/\/21panorama.com\/index.php\/wp-json\/wp\/v2\/users\/1"}],"replies":[{"embeddable":true,"href":"https:\/\/21panorama.com\/index.php\/wp-json\/wp\/v2\/comments?post=69"}],"version-history":[{"count":2,"href":"https:\/\/21panorama.com\/index.php\/wp-json\/wp\/v2\/posts\/69\/revisions"}],"predecessor-version":[{"id":139,"href":"https:\/\/21panorama.com\/index.php\/wp-json\/wp\/v2\/posts\/69\/revisions\/139"}],"wp:featuredmedia":[{"embeddable":true,"href":"https:\/\/21panorama.com\/index.php\/wp-json\/wp\/v2\/media\/70"}],"wp:attachment":[{"href":"https:\/\/21panorama.com\/index.php\/wp-json\/wp\/v2\/media?parent=69"}],"wp:term":[{"taxonomy":"category","embeddable":true,"href":"https:\/\/21panorama.com\/index.php\/wp-json\/wp\/v2\/categories?post=69"},{"taxonomy":"post_tag","embeddable":true,"href":"https:\/\/21panorama.com\/index.php\/wp-json\/wp\/v2\/tags?post=69"}],"curies":[{"name":"wp","href":"https:\/\/api.w.org\/{rel}","templated":true}]}}