{"id":669,"date":"2021-02-18T01:31:06","date_gmt":"2021-02-18T07:31:06","guid":{"rendered":"http:\/\/21panorama.com\/?p=669"},"modified":"2021-02-18T01:31:07","modified_gmt":"2021-02-18T07:31:07","slug":"panorama-publico","status":"publish","type":"post","link":"https:\/\/21panorama.com\/index.php\/2021\/02\/18\/panorama-publico\/","title":{"rendered":"PANORAMA P\u00daBLICO"},"content":{"rendered":"\n<p>En m\u00e1s de una d\u00e9cada de Contralor del Congreso local, Victorino Barrios no pesc\u00f3 ni un solo alcalde que tuviera como destino la c\u00e1rcel por las malversaciones de recursos p\u00fablicos que por siempre se han denunciado.<\/p>\n\n\n\n<p>En la UAEMex pasar\u00e1 lo mismo y no habr\u00e1 ning\u00fan avance sobre cualquier indicio que ayude a desentra\u00f1ar la mal llamada Estafa Maestra. Todos los que pudieran ser implicados deben seguir durmiendo sin alteraci\u00f3n de su sue\u00f1o.<\/p>\n\n\n\n<p>Eso si, utilizar\u00e1n este argumento para espantar con el petate del muerto o para neutralizar todo intento de aquel que pueda tener aspiraciones leg\u00edtimas hacia la Rector\u00eda.<\/p>\n\n\n\n<p>Dicho y hecho, as\u00ed se presumen las cosas donde el m\u00e1s afectado por la orden del rector Alfredo Barrera es Javier Gonz\u00e1lez, quien desde la administraci\u00f3n en periodos pasados tuvo que lidiar con las presiones.<\/p>\n\n\n\n<p>En su ofuscaci\u00f3n por el proceso de elecci\u00f3n en ciernes, Alfredo Barrera pretende imponer a cualquiera de sus cuadros acad\u00e9micos como Luis Ra\u00fal Ortiz Ram\u00edrez, actual abogado general de la UAEM o Carlos Eduardo Barrera D\u00edaz, secretario de Investigaci\u00f3n y Estudios.<\/p>\n\n\n\n<p>Pareciera que la intenci\u00f3n de Alfredo Barrera es aprovechar los beneficios que le da la Ley Universitaria, y como presidente de la Comisi\u00f3n Legislativa Universitaria, quiere mover los hilos para favorecer a cualquiera de sus dos favoritos y dejar fuera de la \u201cjugada\u201d a Javier Gonz\u00e1lez Mart\u00ednez, quien desde el inicio de su gesti\u00f3n, le ayud\u00f3 en un reto por dem\u00e1s may\u00fasculo y no menos importante.<\/p>\n\n\n\n<p>La posici\u00f3n que jug\u00f3 Javier Gonz\u00e1lez Mart\u00ednez como secretario de Administraci\u00f3n, fue fundamental para que la UAEM saliera del hoyo en el que se encontraba, como lo reconoci\u00f3 el propio rector Alfredo Barrera Baca en conferencia de prensa que ofreci\u00f3 el pasado 29 de enero del presente a\u00f1o. Hace poco m\u00e1s de 19 d\u00edas.<\/p>\n\n\n\n<p>Es m\u00e1s, sin citar nombres, Alfredo Barrera sabe que gracias al trabajo pulcro que emprendi\u00f3 Javier Gonz\u00e1lez Mart\u00ednez desde el primer d\u00eda del 2017 en que el rector tom\u00f3 las riendas de la UAEM, las finanzas empezaron a tener otro color.<\/p>\n\n\n\n<p>No porque se hiciera algo oscuro, no, sino que Javier Gonz\u00e1lez puso en pr\u00e1ctica toda su experiencia y capacidad para saldar los pasivos que ten\u00eda la UAEM a la llegada de Alfredo Barrera, deuda que superaba los 5 mil millones de pesos. Porque como secretario de Administraci\u00f3n esa era su principal tarea y responsabilidad.<\/p>\n\n\n\n<p>Actualmente Juan Miguel Reyes Viurquez, secretario de Administraci\u00f3n de la UAEM ha seguido al pie de la letra esta tarea y gracias la instrumentaci\u00f3n del Programa de Ahorro y Contenci\u00f3n del Gasto fue posible tener ahorros por m\u00e1s de 317 millones de pesos., mismos que presumi\u00f3 el rector Alfredo Barrera.<\/p>\n\n\n\n<p>En palabras del propio rector, la \u00fanica deuda que se tiene es con el ISSEMyM y, es una \u201cdeuda controlada\u201d porque ya se firm\u00f3 un convenio, adem\u00e1s se dio un anticipo de m\u00e1s de mil 600 millones de pesos\u201d.<\/p>\n\n\n\n<p>Alfredo Barrera detall\u00f3 que al inicio de su gesti\u00f3n como rector, en 2017, la deuda era de 5 mil millones de pesos y \u201choy (2021) es de casi 800 millones de pesos y es exclusivamente con el ISSEMyM, ya no le debemos al gobierno, al SAT, ya no le debemos a proveedores. Hoy la Universidad, dijo revirti\u00f3 es intranquilidad de la deuda\u201d.<\/p>\n\n\n\n<p>Es de suma importancia hacer una remembranza de lo que ha dicho el propio rector Alfredo Barrera sobre las finanzas equilibras en estos casi 4 a\u00f1os y que se logr\u00f3 saldar los pasivos que ten\u00edan m\u00e1s de 8 a\u00f1os de retrasos como \u00e9l mismo lo hizo saber.<\/p>\n\n\n\n<p>Por eso sorprende que hoy se quiera medir con el mismo rasero a quien en su momento le confi\u00f3 la administraci\u00f3n de los recursos, tanto los que ingresaban como los que se ten\u00edan que pagar, por lo que no dud\u00f3 en la capacidad de Javier Gonz\u00e1lez Mart\u00ednez para poder llevar a buen puerto, un problema que se ven\u00eda arrastrando desde el 2009 y no se hab\u00eda podido resolver de ninguna \u00edndole.<\/p>\n\n\n\n<p>Ciclo que, por cierto, est\u00e1 por cerrar Juan Miguel Reyes Viurquez. Por ello, hoy en d\u00eda, sorprende hablar de una \u201cEstafa Maestra\u201d en la UAEM.<br>Alfredo Barrera no lo dice a los cuatro vientos, pero si es tema de conversaci\u00f3n entre los suyos, en las reuniones, en los encuentros; para qu\u00e9, para denostar a quien lo ayud\u00f3, que siendo responsabilidad de Javier Gonz\u00e1lez, el otrora secretario de Administraci\u00f3n, nunca dud\u00f3 en poner en pr\u00e1ctica lo aprendido en las aulas de la m\u00e1xima Casa de Estudios para sacar del hoyo a la UAEM por los pasivos que representaban el pesado lastre: 5 mil millones de pesos.<\/p>\n\n\n\n<p>Pareciera que la intenci\u00f3n de un reducido grupo de acad\u00e9micos universitarios, es \u201ccrucificar\u201d a Javier Gonz\u00e1lez, por el solo hecho de representar una alternativa viable para dirigir los destinos de la Universidad Aut\u00f3noma del Estado de M\u00e9xico para los pr\u00f3ximos 4 a\u00f1os, en la v\u00edspera de la elecci\u00f3n del nuevo rector.<\/p>\n\n\n\n<p>Lo que parece ser, por primera vez en mucho tiempo, un proceso democr\u00e1tico abierto, pulcro, limpio, transparente, para elegir rector del a UAEM, se puede convertir en un \u201ccochinero\u201d, porque de manera ventajosa, quieren hacer ver al ex secretario de Administraci\u00f3n Javier Gonz\u00e1lez, como el \u00fanico culpable de la \u201cEstafa\u201d, sin tener en consideraci\u00f3n que \u00e9l no tuvo implicaci\u00f3n directa en un hecho que se hab\u00eda consumado y eso lo sabe el rector.<\/p>\n","protected":false},"excerpt":{"rendered":"<p>Columna de opini\u00f3n.<\/p>\n","protected":false},"author":1,"featured_media":670,"comment_status":"open","ping_status":"open","sticky":false,"template":"","format":"standard","meta":{"footnotes":""},"categories":[22,10],"tags":[24,23],"class_list":["post-669","post","type-post","status-publish","format-standard","has-post-thumbnail","hentry","category-columna-opinion","category-opinion","tag-alfredo-barrera","tag-uaemex"],"yoast_head":"<!-- This site is optimized with the Yoast SEO plugin v24.9 - https:\/\/yoast.com\/wordpress\/plugins\/seo\/ -->\n<title>PANORAMA P\u00daBLICO - 21 Panorama<\/title>\n<meta name=\"robots\" content=\"index, follow, max-snippet:-1, max-image-preview:large, max-video-preview:-1\" \/>\n<link rel=\"canonical\" href=\"https:\/\/21panorama.com\/index.php\/2021\/02\/18\/panorama-publico\/\" \/>\n<meta property=\"og:locale\" content=\"es_MX\" \/>\n<meta property=\"og:type\" content=\"article\" \/>\n<meta property=\"og:title\" content=\"PANORAMA P\u00daBLICO - 21 Panorama\" \/>\n<meta property=\"og:description\" content=\"Columna de opini\u00f3n.\" \/>\n<meta property=\"og:url\" content=\"https:\/\/21panorama.com\/index.php\/2021\/02\/18\/panorama-publico\/\" \/>\n<meta property=\"og:site_name\" content=\"21 Panorama\" \/>\n<meta property=\"article:published_time\" content=\"2021-02-18T07:31:06+00:00\" \/>\n<meta property=\"article:modified_time\" content=\"2021-02-18T07:31:07+00:00\" \/>\n<meta property=\"og:image\" content=\"https:\/\/21panorama.com\/wp-content\/uploads\/2021\/02\/WhatsApp-Image-2021-02-17-at-23.53.24.jpeg\" \/>\n\t<meta property=\"og:image:width\" content=\"1066\" \/>\n\t<meta property=\"og:image:height\" content=\"1280\" \/>\n\t<meta property=\"og:image:type\" content=\"image\/jpeg\" \/>\n<meta name=\"author\" content=\"admin\" \/>\n<meta name=\"twitter:card\" content=\"summary_large_image\" \/>\n<meta name=\"twitter:label1\" content=\"Escrito por\" \/>\n\t<meta name=\"twitter:data1\" content=\"admin\" \/>\n\t<meta name=\"twitter:label2\" content=\"Tiempo de lectura\" \/>\n\t<meta name=\"twitter:data2\" content=\"5 minutos\" \/>\n<script type=\"application\/ld+json\" class=\"yoast-schema-graph\">{\"@context\":\"https:\/\/schema.org\",\"@graph\":[{\"@type\":\"Article\",\"@id\":\"https:\/\/21panorama.com\/index.php\/2021\/02\/18\/panorama-publico\/#article\",\"isPartOf\":{\"@id\":\"https:\/\/21panorama.com\/index.php\/2021\/02\/18\/panorama-publico\/\"},\"author\":{\"name\":\"admin\",\"@id\":\"https:\/\/21panorama.com\/#\/schema\/person\/1afc291b96d5792a158768324287319f\"},\"headline\":\"PANORAMA P\u00daBLICO\",\"datePublished\":\"2021-02-18T07:31:06+00:00\",\"dateModified\":\"2021-02-18T07:31:07+00:00\",\"mainEntityOfPage\":{\"@id\":\"https:\/\/21panorama.com\/index.php\/2021\/02\/18\/panorama-publico\/\"},\"wordCount\":958,\"commentCount\":0,\"publisher\":{\"@id\":\"https:\/\/21panorama.com\/#organization\"},\"image\":{\"@id\":\"https:\/\/21panorama.com\/index.php\/2021\/02\/18\/panorama-publico\/#primaryimage\"},\"thumbnailUrl\":\"https:\/\/21panorama.com\/wp-content\/uploads\/2021\/02\/WhatsApp-Image-2021-02-17-at-23.53.24.jpeg\",\"keywords\":[\"Alfredo Barrera\",\"UAEMex\"],\"articleSection\":[\"Columna-Opini\u00f3n\",\"Opini\u00f3n\"],\"inLanguage\":\"es\",\"potentialAction\":[{\"@type\":\"CommentAction\",\"name\":\"Comment\",\"target\":[\"https:\/\/21panorama.com\/index.php\/2021\/02\/18\/panorama-publico\/#respond\"]}]},{\"@type\":\"WebPage\",\"@id\":\"https:\/\/21panorama.com\/index.php\/2021\/02\/18\/panorama-publico\/\",\"url\":\"https:\/\/21panorama.com\/index.php\/2021\/02\/18\/panorama-publico\/\",\"name\":\"PANORAMA P\u00daBLICO - 21 Panorama\",\"isPartOf\":{\"@id\":\"https:\/\/21panorama.com\/#website\"},\"primaryImageOfPage\":{\"@id\":\"https:\/\/21panorama.com\/index.php\/2021\/02\/18\/panorama-publico\/#primaryimage\"},\"image\":{\"@id\":\"https:\/\/21panorama.com\/index.php\/2021\/02\/18\/panorama-publico\/#primaryimage\"},\"thumbnailUrl\":\"https:\/\/21panorama.com\/wp-content\/uploads\/2021\/02\/WhatsApp-Image-2021-02-17-at-23.53.24.jpeg\",\"datePublished\":\"2021-02-18T07:31:06+00:00\",\"dateModified\":\"2021-02-18T07:31:07+00:00\",\"breadcrumb\":{\"@id\":\"https:\/\/21panorama.com\/index.php\/2021\/02\/18\/panorama-publico\/#breadcrumb\"},\"inLanguage\":\"es\",\"potentialAction\":[{\"@type\":\"ReadAction\",\"target\":[\"https:\/\/21panorama.com\/index.php\/2021\/02\/18\/panorama-publico\/\"]}]},{\"@type\":\"ImageObject\",\"inLanguage\":\"es\",\"@id\":\"https:\/\/21panorama.com\/index.php\/2021\/02\/18\/panorama-publico\/#primaryimage\",\"url\":\"https:\/\/21panorama.com\/wp-content\/uploads\/2021\/02\/WhatsApp-Image-2021-02-17-at-23.53.24.jpeg\",\"contentUrl\":\"https:\/\/21panorama.com\/wp-content\/uploads\/2021\/02\/WhatsApp-Image-2021-02-17-at-23.53.24.jpeg\",\"width\":1066,\"height\":1280},{\"@type\":\"BreadcrumbList\",\"@id\":\"https:\/\/21panorama.com\/index.php\/2021\/02\/18\/panorama-publico\/#breadcrumb\",\"itemListElement\":[{\"@type\":\"ListItem\",\"position\":1,\"name\":\"Inicio\",\"item\":\"https:\/\/21panorama.com\/\"},{\"@type\":\"ListItem\",\"position\":2,\"name\":\"PANORAMA P\u00daBLICO\"}]},{\"@type\":\"WebSite\",\"@id\":\"https:\/\/21panorama.com\/#website\",\"url\":\"https:\/\/21panorama.com\/\",\"name\":\"21 Panorama\",\"description\":\"La construcci\u00f3n de la opini\u00f3n p\u00fablica merece un mejor Panorama en este siglo 21 para alcanzar una sociedad con mayor transparencia y sin corrupci\u00f3n.\",\"publisher\":{\"@id\":\"https:\/\/21panorama.com\/#organization\"},\"potentialAction\":[{\"@type\":\"SearchAction\",\"target\":{\"@type\":\"EntryPoint\",\"urlTemplate\":\"https:\/\/21panorama.com\/?s={search_term_string}\"},\"query-input\":{\"@type\":\"PropertyValueSpecification\",\"valueRequired\":true,\"valueName\":\"search_term_string\"}}],\"inLanguage\":\"es\"},{\"@type\":\"Organization\",\"@id\":\"https:\/\/21panorama.com\/#organization\",\"name\":\"21 Panorama\",\"url\":\"https:\/\/21panorama.com\/\",\"logo\":{\"@type\":\"ImageObject\",\"inLanguage\":\"es\",\"@id\":\"https:\/\/21panorama.com\/#\/schema\/logo\/image\/\",\"url\":\"https:\/\/21panorama.com\/wp-content\/uploads\/2019\/07\/cropped-Logo-Panorama-01.jpeg\",\"contentUrl\":\"https:\/\/21panorama.com\/wp-content\/uploads\/2019\/07\/cropped-Logo-Panorama-01.jpeg\",\"width\":290,\"height\":70,\"caption\":\"21 Panorama\"},\"image\":{\"@id\":\"https:\/\/21panorama.com\/#\/schema\/logo\/image\/\"}},{\"@type\":\"Person\",\"@id\":\"https:\/\/21panorama.com\/#\/schema\/person\/1afc291b96d5792a158768324287319f\",\"name\":\"admin\",\"image\":{\"@type\":\"ImageObject\",\"inLanguage\":\"es\",\"@id\":\"https:\/\/21panorama.com\/#\/schema\/person\/image\/\",\"url\":\"https:\/\/secure.gravatar.com\/avatar\/ad365d9d9f46719215b0d042cc3df92a5a8683e09ef13d102233e5491985f0f0?s=96&d=mm&r=g\",\"contentUrl\":\"https:\/\/secure.gravatar.com\/avatar\/ad365d9d9f46719215b0d042cc3df92a5a8683e09ef13d102233e5491985f0f0?s=96&d=mm&r=g\",\"caption\":\"admin\"},\"url\":\"https:\/\/21panorama.com\/index.php\/author\/admin\/\"}]}<\/script>\n<!-- \/ Yoast SEO plugin. -->","yoast_head_json":{"title":"PANORAMA P\u00daBLICO - 21 Panorama","robots":{"index":"index","follow":"follow","max-snippet":"max-snippet:-1","max-image-preview":"max-image-preview:large","max-video-preview":"max-video-preview:-1"},"canonical":"https:\/\/21panorama.com\/index.php\/2021\/02\/18\/panorama-publico\/","og_locale":"es_MX","og_type":"article","og_title":"PANORAMA P\u00daBLICO - 21 Panorama","og_description":"Columna de opini\u00f3n.","og_url":"https:\/\/21panorama.com\/index.php\/2021\/02\/18\/panorama-publico\/","og_site_name":"21 Panorama","article_published_time":"2021-02-18T07:31:06+00:00","article_modified_time":"2021-02-18T07:31:07+00:00","og_image":[{"width":1066,"height":1280,"url":"https:\/\/21panorama.com\/wp-content\/uploads\/2021\/02\/WhatsApp-Image-2021-02-17-at-23.53.24.jpeg","type":"image\/jpeg"}],"author":"admin","twitter_card":"summary_large_image","twitter_misc":{"Escrito por":"admin","Tiempo de lectura":"5 minutos"},"schema":{"@context":"https:\/\/schema.org","@graph":[{"@type":"Article","@id":"https:\/\/21panorama.com\/index.php\/2021\/02\/18\/panorama-publico\/#article","isPartOf":{"@id":"https:\/\/21panorama.com\/index.php\/2021\/02\/18\/panorama-publico\/"},"author":{"name":"admin","@id":"https:\/\/21panorama.com\/#\/schema\/person\/1afc291b96d5792a158768324287319f"},"headline":"PANORAMA P\u00daBLICO","datePublished":"2021-02-18T07:31:06+00:00","dateModified":"2021-02-18T07:31:07+00:00","mainEntityOfPage":{"@id":"https:\/\/21panorama.com\/index.php\/2021\/02\/18\/panorama-publico\/"},"wordCount":958,"commentCount":0,"publisher":{"@id":"https:\/\/21panorama.com\/#organization"},"image":{"@id":"https:\/\/21panorama.com\/index.php\/2021\/02\/18\/panorama-publico\/#primaryimage"},"thumbnailUrl":"https:\/\/21panorama.com\/wp-content\/uploads\/2021\/02\/WhatsApp-Image-2021-02-17-at-23.53.24.jpeg","keywords":["Alfredo Barrera","UAEMex"],"articleSection":["Columna-Opini\u00f3n","Opini\u00f3n"],"inLanguage":"es","potentialAction":[{"@type":"CommentAction","name":"Comment","target":["https:\/\/21panorama.com\/index.php\/2021\/02\/18\/panorama-publico\/#respond"]}]},{"@type":"WebPage","@id":"https:\/\/21panorama.com\/index.php\/2021\/02\/18\/panorama-publico\/","url":"https:\/\/21panorama.com\/index.php\/2021\/02\/18\/panorama-publico\/","name":"PANORAMA P\u00daBLICO - 21 Panorama","isPartOf":{"@id":"https:\/\/21panorama.com\/#website"},"primaryImageOfPage":{"@id":"https:\/\/21panorama.com\/index.php\/2021\/02\/18\/panorama-publico\/#primaryimage"},"image":{"@id":"https:\/\/21panorama.com\/index.php\/2021\/02\/18\/panorama-publico\/#primaryimage"},"thumbnailUrl":"https:\/\/21panorama.com\/wp-content\/uploads\/2021\/02\/WhatsApp-Image-2021-02-17-at-23.53.24.jpeg","datePublished":"2021-02-18T07:31:06+00:00","dateModified":"2021-02-18T07:31:07+00:00","breadcrumb":{"@id":"https:\/\/21panorama.com\/index.php\/2021\/02\/18\/panorama-publico\/#breadcrumb"},"inLanguage":"es","potentialAction":[{"@type":"ReadAction","target":["https:\/\/21panorama.com\/index.php\/2021\/02\/18\/panorama-publico\/"]}]},{"@type":"ImageObject","inLanguage":"es","@id":"https:\/\/21panorama.com\/index.php\/2021\/02\/18\/panorama-publico\/#primaryimage","url":"https:\/\/21panorama.com\/wp-content\/uploads\/2021\/02\/WhatsApp-Image-2021-02-17-at-23.53.24.jpeg","contentUrl":"https:\/\/21panorama.com\/wp-content\/uploads\/2021\/02\/WhatsApp-Image-2021-02-17-at-23.53.24.jpeg","width":1066,"height":1280},{"@type":"BreadcrumbList","@id":"https:\/\/21panorama.com\/index.php\/2021\/02\/18\/panorama-publico\/#breadcrumb","itemListElement":[{"@type":"ListItem","position":1,"name":"Inicio","item":"https:\/\/21panorama.com\/"},{"@type":"ListItem","position":2,"name":"PANORAMA P\u00daBLICO"}]},{"@type":"WebSite","@id":"https:\/\/21panorama.com\/#website","url":"https:\/\/21panorama.com\/","name":"21 Panorama","description":"La construcci\u00f3n de la opini\u00f3n p\u00fablica merece un mejor Panorama en este siglo 21 para alcanzar una sociedad con mayor transparencia y sin corrupci\u00f3n.","publisher":{"@id":"https:\/\/21panorama.com\/#organization"},"potentialAction":[{"@type":"SearchAction","target":{"@type":"EntryPoint","urlTemplate":"https:\/\/21panorama.com\/?s={search_term_string}"},"query-input":{"@type":"PropertyValueSpecification","valueRequired":true,"valueName":"search_term_string"}}],"inLanguage":"es"},{"@type":"Organization","@id":"https:\/\/21panorama.com\/#organization","name":"21 Panorama","url":"https:\/\/21panorama.com\/","logo":{"@type":"ImageObject","inLanguage":"es","@id":"https:\/\/21panorama.com\/#\/schema\/logo\/image\/","url":"https:\/\/21panorama.com\/wp-content\/uploads\/2019\/07\/cropped-Logo-Panorama-01.jpeg","contentUrl":"https:\/\/21panorama.com\/wp-content\/uploads\/2019\/07\/cropped-Logo-Panorama-01.jpeg","width":290,"height":70,"caption":"21 Panorama"},"image":{"@id":"https:\/\/21panorama.com\/#\/schema\/logo\/image\/"}},{"@type":"Person","@id":"https:\/\/21panorama.com\/#\/schema\/person\/1afc291b96d5792a158768324287319f","name":"admin","image":{"@type":"ImageObject","inLanguage":"es","@id":"https:\/\/21panorama.com\/#\/schema\/person\/image\/","url":"https:\/\/secure.gravatar.com\/avatar\/ad365d9d9f46719215b0d042cc3df92a5a8683e09ef13d102233e5491985f0f0?s=96&d=mm&r=g","contentUrl":"https:\/\/secure.gravatar.com\/avatar\/ad365d9d9f46719215b0d042cc3df92a5a8683e09ef13d102233e5491985f0f0?s=96&d=mm&r=g","caption":"admin"},"url":"https:\/\/21panorama.com\/index.php\/author\/admin\/"}]}},"_links":{"self":[{"href":"https:\/\/21panorama.com\/index.php\/wp-json\/wp\/v2\/posts\/669","targetHints":{"allow":["GET"]}}],"collection":[{"href":"https:\/\/21panorama.com\/index.php\/wp-json\/wp\/v2\/posts"}],"about":[{"href":"https:\/\/21panorama.com\/index.php\/wp-json\/wp\/v2\/types\/post"}],"author":[{"embeddable":true,"href":"https:\/\/21panorama.com\/index.php\/wp-json\/wp\/v2\/users\/1"}],"replies":[{"embeddable":true,"href":"https:\/\/21panorama.com\/index.php\/wp-json\/wp\/v2\/comments?post=669"}],"version-history":[{"count":1,"href":"https:\/\/21panorama.com\/index.php\/wp-json\/wp\/v2\/posts\/669\/revisions"}],"predecessor-version":[{"id":671,"href":"https:\/\/21panorama.com\/index.php\/wp-json\/wp\/v2\/posts\/669\/revisions\/671"}],"wp:featuredmedia":[{"embeddable":true,"href":"https:\/\/21panorama.com\/index.php\/wp-json\/wp\/v2\/media\/670"}],"wp:attachment":[{"href":"https:\/\/21panorama.com\/index.php\/wp-json\/wp\/v2\/media?parent=669"}],"wp:term":[{"taxonomy":"category","embeddable":true,"href":"https:\/\/21panorama.com\/index.php\/wp-json\/wp\/v2\/categories?post=669"},{"taxonomy":"post_tag","embeddable":true,"href":"https:\/\/21panorama.com\/index.php\/wp-json\/wp\/v2\/tags?post=669"}],"curies":[{"name":"wp","href":"https:\/\/api.w.org\/{rel}","templated":true}]}}