{"id":666,"date":"2021-02-17T08:32:40","date_gmt":"2021-02-17T14:32:40","guid":{"rendered":"http:\/\/21panorama.com\/?p=666"},"modified":"2021-02-17T08:32:42","modified_gmt":"2021-02-17T14:32:42","slug":"ofende-juan-de-la-cruz-con-su-chapulineo-en-temascalcingo","status":"publish","type":"post","link":"https:\/\/21panorama.com\/index.php\/2021\/02\/17\/ofende-juan-de-la-cruz-con-su-chapulineo-en-temascalcingo\/","title":{"rendered":"OFENDE JUAN DE LA CRUZ CON SU \u201cCHAPULINEO\u201d EN TEMASCALCINGO"},"content":{"rendered":"\n<p>Con la novedad que militantes y simpatizantes de Morena en Temascalcingo ya se hartaron de la doble moral con que se conduce su alcalde Juan de la Cruz, pues de no<br>\npasar de nueva cuenta su registro como candidato a la alcald\u00eda se tirar\u00e1 a los brazos de Isidro Pastor, como aquella vez que lo ayud\u00f3 a formar la agrupaci\u00f3n pol\u00edtica Alternativa y que se qued\u00f3 en el intento de ser Partido. <\/p>\n\n\n\n<p>Los morenistas le demandan que ya se quede en el PES de su compadre el<br>\nComandante Pastor que sin duda lo ocupar\u00e1 m\u00e1s para dinamitar candidaturas en el PAN PRI o PRD.  <\/p>\n\n\n\n<p>TEXTUAL en las redes se inundan menajes de apoyo a la cuarta transformaci\u00f3n pero recalcan que no ir\u00e1n con Juan de la Cruz que no los representa. <\/p>\n\n\n\n<p>Somos un grupo de personas de diferentes comunidades del municipio de Temascalcingo, nos consideramos morenistas, obradoristas y seguidores de la 4T, las cuales apoyamos la campa\u00f1a pasada para llevarlo a la presidencia de M\u00e9xico acto que nos enorgullece y nos hace saber que cada d\u00eda estamos m\u00e1s comprometidos con sus ideales. <\/p>\n\n\n\n<p>Sin embargo manifestamos nuestra inconformidad que el actual presidente de Temascalcingo, Juan de la cruz Ruiz, sea considerado para la reelecci\u00f3n en nuestro municipio ya que ha faltado a los ideales que lo impulsaron. <\/p>\n\n\n\n<p>Es una pena que los que estamos comprometidos con el proyecto de Morena no seamos tomados en cuenta as\u00ed que de ser Juan de la Crus Ruiz el pr\u00f3ximo candidato de Morena en nuestro municipio nos despedimos completamente del proyecto Morena. <\/p>\n\n\n\n<p>As\u00ed o M\u00e1s claro la ruptura en Morena a la que ha llevado el alcalde por su necedad de perpetuarse como Porfirio D\u00edaz. <\/p>\n\n\n\n<p>Ya lo dijo el Dirigente Nacional de Morena, Mario Delgado, a su militancia que no se dejen enga\u00f1ar por el amigu\u00edsimo, el influyentismo, el <br>\nnepotismo y el sectarismo.  \u201cNo hay nada para nadie pues en Morena la gente decide en la encuestas\u201d. <\/p>\n\n\n\n<p>Como dir\u00edan los cl\u00e1sicos es es la cr\u00f3nica de una muerte anunciada si proceden con el registro a precandidato del<br>\nAlcalde que debe aclarar las cuentas de su administraci\u00f3n que andar en la<br>\nGrilla fuera de su municipio.<\/p>\n","protected":false},"excerpt":{"rendered":"<p>Los morenistas le demandan que ya se quede en el PES de su compadre el<br \/>\n Comandante Pastor que sin duda lo ocupar\u00e1 m\u00e1s para dinamitar candidaturas en el PAN PRI o PRD.  <\/p>\n","protected":false},"author":1,"featured_media":667,"comment_status":"open","ping_status":"open","sticky":false,"template":"","format":"standard","meta":{"footnotes":""},"categories":[12],"tags":[20,21],"class_list":["post-666","post","type-post","status-publish","format-standard","has-post-thumbnail","hentry","category-politica","tag-juan-de-la-cruz","tag-temascalcingo"],"yoast_head":"<!-- This site is optimized with the Yoast SEO plugin v24.9 - https:\/\/yoast.com\/wordpress\/plugins\/seo\/ -->\n<title>OFENDE JUAN DE LA CRUZ CON SU \u201cCHAPULINEO\u201d EN TEMASCALCINGO - 21 Panorama<\/title>\n<meta name=\"robots\" content=\"index, follow, max-snippet:-1, max-image-preview:large, max-video-preview:-1\" \/>\n<link rel=\"canonical\" href=\"https:\/\/21panorama.com\/index.php\/2021\/02\/17\/ofende-juan-de-la-cruz-con-su-chapulineo-en-temascalcingo\/\" \/>\n<meta property=\"og:locale\" content=\"es_MX\" \/>\n<meta property=\"og:type\" content=\"article\" \/>\n<meta property=\"og:title\" content=\"OFENDE JUAN DE LA CRUZ CON SU \u201cCHAPULINEO\u201d EN TEMASCALCINGO - 21 Panorama\" \/>\n<meta property=\"og:description\" content=\"Los morenistas le demandan que ya se quede en el PES de su compadre el Comandante Pastor que sin duda lo ocupar\u00e1 m\u00e1s para dinamitar candidaturas en el PAN PRI o PRD.\" \/>\n<meta property=\"og:url\" content=\"https:\/\/21panorama.com\/index.php\/2021\/02\/17\/ofende-juan-de-la-cruz-con-su-chapulineo-en-temascalcingo\/\" \/>\n<meta property=\"og:site_name\" content=\"21 Panorama\" \/>\n<meta property=\"article:published_time\" content=\"2021-02-17T14:32:40+00:00\" \/>\n<meta property=\"article:modified_time\" content=\"2021-02-17T14:32:42+00:00\" \/>\n<meta property=\"og:image\" content=\"https:\/\/21panorama.com\/wp-content\/uploads\/2021\/02\/WhatsApp-Image-2021-02-17-at-08.20.44.jpeg\" \/>\n\t<meta property=\"og:image:width\" content=\"594\" \/>\n\t<meta property=\"og:image:height\" content=\"1062\" \/>\n\t<meta property=\"og:image:type\" content=\"image\/jpeg\" \/>\n<meta name=\"author\" content=\"admin\" \/>\n<meta name=\"twitter:card\" content=\"summary_large_image\" \/>\n<meta name=\"twitter:label1\" content=\"Escrito por\" \/>\n\t<meta name=\"twitter:data1\" content=\"admin\" \/>\n\t<meta name=\"twitter:label2\" content=\"Tiempo de lectura\" \/>\n\t<meta name=\"twitter:data2\" content=\"2 minutos\" \/>\n<script type=\"application\/ld+json\" class=\"yoast-schema-graph\">{\"@context\":\"https:\/\/schema.org\",\"@graph\":[{\"@type\":\"Article\",\"@id\":\"https:\/\/21panorama.com\/index.php\/2021\/02\/17\/ofende-juan-de-la-cruz-con-su-chapulineo-en-temascalcingo\/#article\",\"isPartOf\":{\"@id\":\"https:\/\/21panorama.com\/index.php\/2021\/02\/17\/ofende-juan-de-la-cruz-con-su-chapulineo-en-temascalcingo\/\"},\"author\":{\"name\":\"admin\",\"@id\":\"https:\/\/21panorama.com\/#\/schema\/person\/1afc291b96d5792a158768324287319f\"},\"headline\":\"OFENDE JUAN DE LA CRUZ CON SU \u201cCHAPULINEO\u201d EN TEMASCALCINGO\",\"datePublished\":\"2021-02-17T14:32:40+00:00\",\"dateModified\":\"2021-02-17T14:32:42+00:00\",\"mainEntityOfPage\":{\"@id\":\"https:\/\/21panorama.com\/index.php\/2021\/02\/17\/ofende-juan-de-la-cruz-con-su-chapulineo-en-temascalcingo\/\"},\"wordCount\":390,\"commentCount\":0,\"publisher\":{\"@id\":\"https:\/\/21panorama.com\/#organization\"},\"image\":{\"@id\":\"https:\/\/21panorama.com\/index.php\/2021\/02\/17\/ofende-juan-de-la-cruz-con-su-chapulineo-en-temascalcingo\/#primaryimage\"},\"thumbnailUrl\":\"https:\/\/21panorama.com\/wp-content\/uploads\/2021\/02\/WhatsApp-Image-2021-02-17-at-08.20.44.jpeg\",\"keywords\":[\"Juan de la Cruz\",\"Temascalcingo\"],\"articleSection\":[\"Politica\"],\"inLanguage\":\"es\",\"potentialAction\":[{\"@type\":\"CommentAction\",\"name\":\"Comment\",\"target\":[\"https:\/\/21panorama.com\/index.php\/2021\/02\/17\/ofende-juan-de-la-cruz-con-su-chapulineo-en-temascalcingo\/#respond\"]}]},{\"@type\":\"WebPage\",\"@id\":\"https:\/\/21panorama.com\/index.php\/2021\/02\/17\/ofende-juan-de-la-cruz-con-su-chapulineo-en-temascalcingo\/\",\"url\":\"https:\/\/21panorama.com\/index.php\/2021\/02\/17\/ofende-juan-de-la-cruz-con-su-chapulineo-en-temascalcingo\/\",\"name\":\"OFENDE JUAN DE LA CRUZ CON SU \u201cCHAPULINEO\u201d EN TEMASCALCINGO - 21 Panorama\",\"isPartOf\":{\"@id\":\"https:\/\/21panorama.com\/#website\"},\"primaryImageOfPage\":{\"@id\":\"https:\/\/21panorama.com\/index.php\/2021\/02\/17\/ofende-juan-de-la-cruz-con-su-chapulineo-en-temascalcingo\/#primaryimage\"},\"image\":{\"@id\":\"https:\/\/21panorama.com\/index.php\/2021\/02\/17\/ofende-juan-de-la-cruz-con-su-chapulineo-en-temascalcingo\/#primaryimage\"},\"thumbnailUrl\":\"https:\/\/21panorama.com\/wp-content\/uploads\/2021\/02\/WhatsApp-Image-2021-02-17-at-08.20.44.jpeg\",\"datePublished\":\"2021-02-17T14:32:40+00:00\",\"dateModified\":\"2021-02-17T14:32:42+00:00\",\"breadcrumb\":{\"@id\":\"https:\/\/21panorama.com\/index.php\/2021\/02\/17\/ofende-juan-de-la-cruz-con-su-chapulineo-en-temascalcingo\/#breadcrumb\"},\"inLanguage\":\"es\",\"potentialAction\":[{\"@type\":\"ReadAction\",\"target\":[\"https:\/\/21panorama.com\/index.php\/2021\/02\/17\/ofende-juan-de-la-cruz-con-su-chapulineo-en-temascalcingo\/\"]}]},{\"@type\":\"ImageObject\",\"inLanguage\":\"es\",\"@id\":\"https:\/\/21panorama.com\/index.php\/2021\/02\/17\/ofende-juan-de-la-cruz-con-su-chapulineo-en-temascalcingo\/#primaryimage\",\"url\":\"https:\/\/21panorama.com\/wp-content\/uploads\/2021\/02\/WhatsApp-Image-2021-02-17-at-08.20.44.jpeg\",\"contentUrl\":\"https:\/\/21panorama.com\/wp-content\/uploads\/2021\/02\/WhatsApp-Image-2021-02-17-at-08.20.44.jpeg\",\"width\":594,\"height\":1062},{\"@type\":\"BreadcrumbList\",\"@id\":\"https:\/\/21panorama.com\/index.php\/2021\/02\/17\/ofende-juan-de-la-cruz-con-su-chapulineo-en-temascalcingo\/#breadcrumb\",\"itemListElement\":[{\"@type\":\"ListItem\",\"position\":1,\"name\":\"Inicio\",\"item\":\"https:\/\/21panorama.com\/\"},{\"@type\":\"ListItem\",\"position\":2,\"name\":\"OFENDE JUAN DE LA CRUZ CON SU \u201cCHAPULINEO\u201d EN TEMASCALCINGO\"}]},{\"@type\":\"WebSite\",\"@id\":\"https:\/\/21panorama.com\/#website\",\"url\":\"https:\/\/21panorama.com\/\",\"name\":\"21 Panorama\",\"description\":\"La construcci\u00f3n de la opini\u00f3n p\u00fablica merece un mejor Panorama en este siglo 21 para alcanzar una sociedad con mayor transparencia y sin corrupci\u00f3n.\",\"publisher\":{\"@id\":\"https:\/\/21panorama.com\/#organization\"},\"potentialAction\":[{\"@type\":\"SearchAction\",\"target\":{\"@type\":\"EntryPoint\",\"urlTemplate\":\"https:\/\/21panorama.com\/?s={search_term_string}\"},\"query-input\":{\"@type\":\"PropertyValueSpecification\",\"valueRequired\":true,\"valueName\":\"search_term_string\"}}],\"inLanguage\":\"es\"},{\"@type\":\"Organization\",\"@id\":\"https:\/\/21panorama.com\/#organization\",\"name\":\"21 Panorama\",\"url\":\"https:\/\/21panorama.com\/\",\"logo\":{\"@type\":\"ImageObject\",\"inLanguage\":\"es\",\"@id\":\"https:\/\/21panorama.com\/#\/schema\/logo\/image\/\",\"url\":\"https:\/\/21panorama.com\/wp-content\/uploads\/2019\/07\/cropped-Logo-Panorama-01.jpeg\",\"contentUrl\":\"https:\/\/21panorama.com\/wp-content\/uploads\/2019\/07\/cropped-Logo-Panorama-01.jpeg\",\"width\":290,\"height\":70,\"caption\":\"21 Panorama\"},\"image\":{\"@id\":\"https:\/\/21panorama.com\/#\/schema\/logo\/image\/\"}},{\"@type\":\"Person\",\"@id\":\"https:\/\/21panorama.com\/#\/schema\/person\/1afc291b96d5792a158768324287319f\",\"name\":\"admin\",\"image\":{\"@type\":\"ImageObject\",\"inLanguage\":\"es\",\"@id\":\"https:\/\/21panorama.com\/#\/schema\/person\/image\/\",\"url\":\"https:\/\/secure.gravatar.com\/avatar\/ad365d9d9f46719215b0d042cc3df92a5a8683e09ef13d102233e5491985f0f0?s=96&d=mm&r=g\",\"contentUrl\":\"https:\/\/secure.gravatar.com\/avatar\/ad365d9d9f46719215b0d042cc3df92a5a8683e09ef13d102233e5491985f0f0?s=96&d=mm&r=g\",\"caption\":\"admin\"},\"url\":\"https:\/\/21panorama.com\/index.php\/author\/admin\/\"}]}<\/script>\n<!-- \/ Yoast SEO plugin. -->","yoast_head_json":{"title":"OFENDE JUAN DE LA CRUZ CON SU \u201cCHAPULINEO\u201d EN TEMASCALCINGO - 21 Panorama","robots":{"index":"index","follow":"follow","max-snippet":"max-snippet:-1","max-image-preview":"max-image-preview:large","max-video-preview":"max-video-preview:-1"},"canonical":"https:\/\/21panorama.com\/index.php\/2021\/02\/17\/ofende-juan-de-la-cruz-con-su-chapulineo-en-temascalcingo\/","og_locale":"es_MX","og_type":"article","og_title":"OFENDE JUAN DE LA CRUZ CON SU \u201cCHAPULINEO\u201d EN TEMASCALCINGO - 21 Panorama","og_description":"Los morenistas le demandan que ya se quede en el PES de su compadre el Comandante Pastor que sin duda lo ocupar\u00e1 m\u00e1s para dinamitar candidaturas en el PAN PRI o PRD.","og_url":"https:\/\/21panorama.com\/index.php\/2021\/02\/17\/ofende-juan-de-la-cruz-con-su-chapulineo-en-temascalcingo\/","og_site_name":"21 Panorama","article_published_time":"2021-02-17T14:32:40+00:00","article_modified_time":"2021-02-17T14:32:42+00:00","og_image":[{"width":594,"height":1062,"url":"https:\/\/21panorama.com\/wp-content\/uploads\/2021\/02\/WhatsApp-Image-2021-02-17-at-08.20.44.jpeg","type":"image\/jpeg"}],"author":"admin","twitter_card":"summary_large_image","twitter_misc":{"Escrito por":"admin","Tiempo de lectura":"2 minutos"},"schema":{"@context":"https:\/\/schema.org","@graph":[{"@type":"Article","@id":"https:\/\/21panorama.com\/index.php\/2021\/02\/17\/ofende-juan-de-la-cruz-con-su-chapulineo-en-temascalcingo\/#article","isPartOf":{"@id":"https:\/\/21panorama.com\/index.php\/2021\/02\/17\/ofende-juan-de-la-cruz-con-su-chapulineo-en-temascalcingo\/"},"author":{"name":"admin","@id":"https:\/\/21panorama.com\/#\/schema\/person\/1afc291b96d5792a158768324287319f"},"headline":"OFENDE JUAN DE LA CRUZ CON SU \u201cCHAPULINEO\u201d EN TEMASCALCINGO","datePublished":"2021-02-17T14:32:40+00:00","dateModified":"2021-02-17T14:32:42+00:00","mainEntityOfPage":{"@id":"https:\/\/21panorama.com\/index.php\/2021\/02\/17\/ofende-juan-de-la-cruz-con-su-chapulineo-en-temascalcingo\/"},"wordCount":390,"commentCount":0,"publisher":{"@id":"https:\/\/21panorama.com\/#organization"},"image":{"@id":"https:\/\/21panorama.com\/index.php\/2021\/02\/17\/ofende-juan-de-la-cruz-con-su-chapulineo-en-temascalcingo\/#primaryimage"},"thumbnailUrl":"https:\/\/21panorama.com\/wp-content\/uploads\/2021\/02\/WhatsApp-Image-2021-02-17-at-08.20.44.jpeg","keywords":["Juan de la Cruz","Temascalcingo"],"articleSection":["Politica"],"inLanguage":"es","potentialAction":[{"@type":"CommentAction","name":"Comment","target":["https:\/\/21panorama.com\/index.php\/2021\/02\/17\/ofende-juan-de-la-cruz-con-su-chapulineo-en-temascalcingo\/#respond"]}]},{"@type":"WebPage","@id":"https:\/\/21panorama.com\/index.php\/2021\/02\/17\/ofende-juan-de-la-cruz-con-su-chapulineo-en-temascalcingo\/","url":"https:\/\/21panorama.com\/index.php\/2021\/02\/17\/ofende-juan-de-la-cruz-con-su-chapulineo-en-temascalcingo\/","name":"OFENDE JUAN DE LA CRUZ CON SU \u201cCHAPULINEO\u201d EN TEMASCALCINGO - 21 Panorama","isPartOf":{"@id":"https:\/\/21panorama.com\/#website"},"primaryImageOfPage":{"@id":"https:\/\/21panorama.com\/index.php\/2021\/02\/17\/ofende-juan-de-la-cruz-con-su-chapulineo-en-temascalcingo\/#primaryimage"},"image":{"@id":"https:\/\/21panorama.com\/index.php\/2021\/02\/17\/ofende-juan-de-la-cruz-con-su-chapulineo-en-temascalcingo\/#primaryimage"},"thumbnailUrl":"https:\/\/21panorama.com\/wp-content\/uploads\/2021\/02\/WhatsApp-Image-2021-02-17-at-08.20.44.jpeg","datePublished":"2021-02-17T14:32:40+00:00","dateModified":"2021-02-17T14:32:42+00:00","breadcrumb":{"@id":"https:\/\/21panorama.com\/index.php\/2021\/02\/17\/ofende-juan-de-la-cruz-con-su-chapulineo-en-temascalcingo\/#breadcrumb"},"inLanguage":"es","potentialAction":[{"@type":"ReadAction","target":["https:\/\/21panorama.com\/index.php\/2021\/02\/17\/ofende-juan-de-la-cruz-con-su-chapulineo-en-temascalcingo\/"]}]},{"@type":"ImageObject","inLanguage":"es","@id":"https:\/\/21panorama.com\/index.php\/2021\/02\/17\/ofende-juan-de-la-cruz-con-su-chapulineo-en-temascalcingo\/#primaryimage","url":"https:\/\/21panorama.com\/wp-content\/uploads\/2021\/02\/WhatsApp-Image-2021-02-17-at-08.20.44.jpeg","contentUrl":"https:\/\/21panorama.com\/wp-content\/uploads\/2021\/02\/WhatsApp-Image-2021-02-17-at-08.20.44.jpeg","width":594,"height":1062},{"@type":"BreadcrumbList","@id":"https:\/\/21panorama.com\/index.php\/2021\/02\/17\/ofende-juan-de-la-cruz-con-su-chapulineo-en-temascalcingo\/#breadcrumb","itemListElement":[{"@type":"ListItem","position":1,"name":"Inicio","item":"https:\/\/21panorama.com\/"},{"@type":"ListItem","position":2,"name":"OFENDE JUAN DE LA CRUZ CON SU \u201cCHAPULINEO\u201d EN TEMASCALCINGO"}]},{"@type":"WebSite","@id":"https:\/\/21panorama.com\/#website","url":"https:\/\/21panorama.com\/","name":"21 Panorama","description":"La construcci\u00f3n de la opini\u00f3n p\u00fablica merece un mejor Panorama en este siglo 21 para alcanzar una sociedad con mayor transparencia y sin corrupci\u00f3n.","publisher":{"@id":"https:\/\/21panorama.com\/#organization"},"potentialAction":[{"@type":"SearchAction","target":{"@type":"EntryPoint","urlTemplate":"https:\/\/21panorama.com\/?s={search_term_string}"},"query-input":{"@type":"PropertyValueSpecification","valueRequired":true,"valueName":"search_term_string"}}],"inLanguage":"es"},{"@type":"Organization","@id":"https:\/\/21panorama.com\/#organization","name":"21 Panorama","url":"https:\/\/21panorama.com\/","logo":{"@type":"ImageObject","inLanguage":"es","@id":"https:\/\/21panorama.com\/#\/schema\/logo\/image\/","url":"https:\/\/21panorama.com\/wp-content\/uploads\/2019\/07\/cropped-Logo-Panorama-01.jpeg","contentUrl":"https:\/\/21panorama.com\/wp-content\/uploads\/2019\/07\/cropped-Logo-Panorama-01.jpeg","width":290,"height":70,"caption":"21 Panorama"},"image":{"@id":"https:\/\/21panorama.com\/#\/schema\/logo\/image\/"}},{"@type":"Person","@id":"https:\/\/21panorama.com\/#\/schema\/person\/1afc291b96d5792a158768324287319f","name":"admin","image":{"@type":"ImageObject","inLanguage":"es","@id":"https:\/\/21panorama.com\/#\/schema\/person\/image\/","url":"https:\/\/secure.gravatar.com\/avatar\/ad365d9d9f46719215b0d042cc3df92a5a8683e09ef13d102233e5491985f0f0?s=96&d=mm&r=g","contentUrl":"https:\/\/secure.gravatar.com\/avatar\/ad365d9d9f46719215b0d042cc3df92a5a8683e09ef13d102233e5491985f0f0?s=96&d=mm&r=g","caption":"admin"},"url":"https:\/\/21panorama.com\/index.php\/author\/admin\/"}]}},"_links":{"self":[{"href":"https:\/\/21panorama.com\/index.php\/wp-json\/wp\/v2\/posts\/666","targetHints":{"allow":["GET"]}}],"collection":[{"href":"https:\/\/21panorama.com\/index.php\/wp-json\/wp\/v2\/posts"}],"about":[{"href":"https:\/\/21panorama.com\/index.php\/wp-json\/wp\/v2\/types\/post"}],"author":[{"embeddable":true,"href":"https:\/\/21panorama.com\/index.php\/wp-json\/wp\/v2\/users\/1"}],"replies":[{"embeddable":true,"href":"https:\/\/21panorama.com\/index.php\/wp-json\/wp\/v2\/comments?post=666"}],"version-history":[{"count":1,"href":"https:\/\/21panorama.com\/index.php\/wp-json\/wp\/v2\/posts\/666\/revisions"}],"predecessor-version":[{"id":668,"href":"https:\/\/21panorama.com\/index.php\/wp-json\/wp\/v2\/posts\/666\/revisions\/668"}],"wp:featuredmedia":[{"embeddable":true,"href":"https:\/\/21panorama.com\/index.php\/wp-json\/wp\/v2\/media\/667"}],"wp:attachment":[{"href":"https:\/\/21panorama.com\/index.php\/wp-json\/wp\/v2\/media?parent=666"}],"wp:term":[{"taxonomy":"category","embeddable":true,"href":"https:\/\/21panorama.com\/index.php\/wp-json\/wp\/v2\/categories?post=666"},{"taxonomy":"post_tag","embeddable":true,"href":"https:\/\/21panorama.com\/index.php\/wp-json\/wp\/v2\/tags?post=666"}],"curies":[{"name":"wp","href":"https:\/\/api.w.org\/{rel}","templated":true}]}}