{"id":663,"date":"2021-02-16T00:27:27","date_gmt":"2021-02-16T06:27:27","guid":{"rendered":"http:\/\/21panorama.com\/?p=663"},"modified":"2021-02-17T00:31:53","modified_gmt":"2021-02-17T06:31:53","slug":"cristian-hernandez-lechuga-aspira-a-la-alcaldia-de-xonacatlan","status":"publish","type":"post","link":"https:\/\/21panorama.com\/index.php\/2021\/02\/16\/cristian-hernandez-lechuga-aspira-a-la-alcaldia-de-xonacatlan\/","title":{"rendered":"CRISTIAN HERNANDEZ LECHUGA ASPIRA A LA ALCALD\u00cdA DE XONACATL\u00c1N"},"content":{"rendered":"\n<p>Cristian Hern\u00e1ndez Lechuga es un cuadro pol\u00edtico joven y no es m\u00e1s de lo mismo en el escenario electoral. Ya tiene el registro como precandidato por el Partido Acci\u00f3n Nacional, con miras a la contienda del pr\u00f3ximo 6 de junio.<\/p>\n\n\n\n<p>Xonacatl\u00e1n es la demarcaci\u00f3n donde se encuentran los fabricantes de mu\u00f1ecos de peluche, quienes son reconocidos a nivel estatal y nacional, as\u00ed como tambi\u00e9n de los productores de \u00e1rboles navide\u00f1os, ante ello se espera que se pueda seguir promoviendo estas actividades para beneficio de la poblaci\u00f3n local y seguir generando sus ingresos los cuales se han visto disminuidos por la pandemia del COVID-19.<\/p>\n\n\n\n<p>Hern\u00e1ndez Lechuga, sabe y conoce de estas necesidades de las personas que cada d\u00eda crean los mu\u00f1ecos de peluche, as\u00ed como de la actividad empresarial y de todos los sectores productivos.<\/p>\n\n\n\n<p>La poblaci\u00f3n de Xonacatl\u00e1n puede contar con el apoyo del precandidato del Partido Acci\u00f3n Nacional, Cristian Hern\u00e1ndez Lechuga, escuchar\u00e1 sus propuestas e inquietudes de lo que se necesita en este municipio.<\/p>\n\n\n\n<p>As\u00ed que el precandidato del blanquiazul platicar\u00e1 en esta precampa\u00f1a con los militantes y simpatizantes de las comunidades.<\/p>\n\n\n\n<p>Cristian Hern\u00e1ndez Lechuga, se encuentra contento por asumir este gran compromiso para beneficio de la poblaci\u00f3n del municipio de Xonacatl\u00e1n.<\/p>\n","protected":false},"excerpt":{"rendered":"<p>Se registr\u00f3 como precandidato del<br \/>\nPAN a la presidencia municipal de Xonacatl\u00e1n. <\/p>\n","protected":false},"author":1,"featured_media":664,"comment_status":"open","ping_status":"open","sticky":false,"template":"","format":"standard","meta":{"footnotes":""},"categories":[12],"tags":[19,18],"class_list":["post-663","post","type-post","status-publish","format-standard","has-post-thumbnail","hentry","category-politica","tag-cristian-hernandez","tag-xonacatlan"],"yoast_head":"<!-- This site is optimized with the Yoast SEO plugin v24.9 - https:\/\/yoast.com\/wordpress\/plugins\/seo\/ -->\n<title>CRISTIAN HERNANDEZ LECHUGA ASPIRA A LA ALCALD\u00cdA DE XONACATL\u00c1N - 21 Panorama<\/title>\n<meta name=\"robots\" content=\"index, follow, max-snippet:-1, max-image-preview:large, max-video-preview:-1\" \/>\n<link rel=\"canonical\" href=\"https:\/\/21panorama.com\/index.php\/2021\/02\/16\/cristian-hernandez-lechuga-aspira-a-la-alcaldia-de-xonacatlan\/\" \/>\n<meta property=\"og:locale\" content=\"es_MX\" \/>\n<meta property=\"og:type\" content=\"article\" \/>\n<meta property=\"og:title\" content=\"CRISTIAN HERNANDEZ LECHUGA ASPIRA A LA ALCALD\u00cdA DE XONACATL\u00c1N - 21 Panorama\" \/>\n<meta property=\"og:description\" content=\"Se registr\u00f3 como precandidato del PAN a la presidencia municipal de Xonacatl\u00e1n.\" \/>\n<meta property=\"og:url\" content=\"https:\/\/21panorama.com\/index.php\/2021\/02\/16\/cristian-hernandez-lechuga-aspira-a-la-alcaldia-de-xonacatlan\/\" \/>\n<meta property=\"og:site_name\" content=\"21 Panorama\" \/>\n<meta property=\"article:published_time\" content=\"2021-02-16T06:27:27+00:00\" \/>\n<meta property=\"article:modified_time\" content=\"2021-02-17T06:31:53+00:00\" \/>\n<meta property=\"og:image\" content=\"https:\/\/21panorama.com\/wp-content\/uploads\/2021\/02\/WhatsApp-Image-2021-02-15-at-19.25.06.jpeg\" \/>\n\t<meta property=\"og:image:width\" content=\"957\" \/>\n\t<meta property=\"og:image:height\" content=\"1280\" \/>\n\t<meta property=\"og:image:type\" content=\"image\/jpeg\" \/>\n<meta name=\"author\" content=\"admin\" \/>\n<meta name=\"twitter:card\" content=\"summary_large_image\" \/>\n<meta name=\"twitter:label1\" content=\"Escrito por\" \/>\n\t<meta name=\"twitter:data1\" content=\"admin\" \/>\n\t<meta name=\"twitter:label2\" content=\"Tiempo de lectura\" \/>\n\t<meta name=\"twitter:data2\" content=\"1 minuto\" \/>\n<script type=\"application\/ld+json\" class=\"yoast-schema-graph\">{\"@context\":\"https:\/\/schema.org\",\"@graph\":[{\"@type\":\"Article\",\"@id\":\"https:\/\/21panorama.com\/index.php\/2021\/02\/16\/cristian-hernandez-lechuga-aspira-a-la-alcaldia-de-xonacatlan\/#article\",\"isPartOf\":{\"@id\":\"https:\/\/21panorama.com\/index.php\/2021\/02\/16\/cristian-hernandez-lechuga-aspira-a-la-alcaldia-de-xonacatlan\/\"},\"author\":{\"name\":\"admin\",\"@id\":\"https:\/\/21panorama.com\/#\/schema\/person\/1afc291b96d5792a158768324287319f\"},\"headline\":\"CRISTIAN HERNANDEZ LECHUGA ASPIRA A LA ALCALD\u00cdA DE XONACATL\u00c1N\",\"datePublished\":\"2021-02-16T06:27:27+00:00\",\"dateModified\":\"2021-02-17T06:31:53+00:00\",\"mainEntityOfPage\":{\"@id\":\"https:\/\/21panorama.com\/index.php\/2021\/02\/16\/cristian-hernandez-lechuga-aspira-a-la-alcaldia-de-xonacatlan\/\"},\"wordCount\":235,\"commentCount\":0,\"publisher\":{\"@id\":\"https:\/\/21panorama.com\/#organization\"},\"image\":{\"@id\":\"https:\/\/21panorama.com\/index.php\/2021\/02\/16\/cristian-hernandez-lechuga-aspira-a-la-alcaldia-de-xonacatlan\/#primaryimage\"},\"thumbnailUrl\":\"https:\/\/21panorama.com\/wp-content\/uploads\/2021\/02\/WhatsApp-Image-2021-02-15-at-19.25.06.jpeg\",\"keywords\":[\"Cristian Hern\u00e1ndez\",\"Xonacatl\u00e1n\"],\"articleSection\":[\"Politica\"],\"inLanguage\":\"es\",\"potentialAction\":[{\"@type\":\"CommentAction\",\"name\":\"Comment\",\"target\":[\"https:\/\/21panorama.com\/index.php\/2021\/02\/16\/cristian-hernandez-lechuga-aspira-a-la-alcaldia-de-xonacatlan\/#respond\"]}]},{\"@type\":\"WebPage\",\"@id\":\"https:\/\/21panorama.com\/index.php\/2021\/02\/16\/cristian-hernandez-lechuga-aspira-a-la-alcaldia-de-xonacatlan\/\",\"url\":\"https:\/\/21panorama.com\/index.php\/2021\/02\/16\/cristian-hernandez-lechuga-aspira-a-la-alcaldia-de-xonacatlan\/\",\"name\":\"CRISTIAN HERNANDEZ LECHUGA ASPIRA A LA ALCALD\u00cdA DE XONACATL\u00c1N - 21 Panorama\",\"isPartOf\":{\"@id\":\"https:\/\/21panorama.com\/#website\"},\"primaryImageOfPage\":{\"@id\":\"https:\/\/21panorama.com\/index.php\/2021\/02\/16\/cristian-hernandez-lechuga-aspira-a-la-alcaldia-de-xonacatlan\/#primaryimage\"},\"image\":{\"@id\":\"https:\/\/21panorama.com\/index.php\/2021\/02\/16\/cristian-hernandez-lechuga-aspira-a-la-alcaldia-de-xonacatlan\/#primaryimage\"},\"thumbnailUrl\":\"https:\/\/21panorama.com\/wp-content\/uploads\/2021\/02\/WhatsApp-Image-2021-02-15-at-19.25.06.jpeg\",\"datePublished\":\"2021-02-16T06:27:27+00:00\",\"dateModified\":\"2021-02-17T06:31:53+00:00\",\"breadcrumb\":{\"@id\":\"https:\/\/21panorama.com\/index.php\/2021\/02\/16\/cristian-hernandez-lechuga-aspira-a-la-alcaldia-de-xonacatlan\/#breadcrumb\"},\"inLanguage\":\"es\",\"potentialAction\":[{\"@type\":\"ReadAction\",\"target\":[\"https:\/\/21panorama.com\/index.php\/2021\/02\/16\/cristian-hernandez-lechuga-aspira-a-la-alcaldia-de-xonacatlan\/\"]}]},{\"@type\":\"ImageObject\",\"inLanguage\":\"es\",\"@id\":\"https:\/\/21panorama.com\/index.php\/2021\/02\/16\/cristian-hernandez-lechuga-aspira-a-la-alcaldia-de-xonacatlan\/#primaryimage\",\"url\":\"https:\/\/21panorama.com\/wp-content\/uploads\/2021\/02\/WhatsApp-Image-2021-02-15-at-19.25.06.jpeg\",\"contentUrl\":\"https:\/\/21panorama.com\/wp-content\/uploads\/2021\/02\/WhatsApp-Image-2021-02-15-at-19.25.06.jpeg\",\"width\":957,\"height\":1280},{\"@type\":\"BreadcrumbList\",\"@id\":\"https:\/\/21panorama.com\/index.php\/2021\/02\/16\/cristian-hernandez-lechuga-aspira-a-la-alcaldia-de-xonacatlan\/#breadcrumb\",\"itemListElement\":[{\"@type\":\"ListItem\",\"position\":1,\"name\":\"Inicio\",\"item\":\"https:\/\/21panorama.com\/\"},{\"@type\":\"ListItem\",\"position\":2,\"name\":\"CRISTIAN HERNANDEZ LECHUGA ASPIRA A LA ALCALD\u00cdA DE XONACATL\u00c1N\"}]},{\"@type\":\"WebSite\",\"@id\":\"https:\/\/21panorama.com\/#website\",\"url\":\"https:\/\/21panorama.com\/\",\"name\":\"21 Panorama\",\"description\":\"La construcci\u00f3n de la opini\u00f3n p\u00fablica merece un mejor Panorama en este siglo 21 para alcanzar una sociedad con mayor transparencia y sin corrupci\u00f3n.\",\"publisher\":{\"@id\":\"https:\/\/21panorama.com\/#organization\"},\"potentialAction\":[{\"@type\":\"SearchAction\",\"target\":{\"@type\":\"EntryPoint\",\"urlTemplate\":\"https:\/\/21panorama.com\/?s={search_term_string}\"},\"query-input\":{\"@type\":\"PropertyValueSpecification\",\"valueRequired\":true,\"valueName\":\"search_term_string\"}}],\"inLanguage\":\"es\"},{\"@type\":\"Organization\",\"@id\":\"https:\/\/21panorama.com\/#organization\",\"name\":\"21 Panorama\",\"url\":\"https:\/\/21panorama.com\/\",\"logo\":{\"@type\":\"ImageObject\",\"inLanguage\":\"es\",\"@id\":\"https:\/\/21panorama.com\/#\/schema\/logo\/image\/\",\"url\":\"https:\/\/21panorama.com\/wp-content\/uploads\/2019\/07\/cropped-Logo-Panorama-01.jpeg\",\"contentUrl\":\"https:\/\/21panorama.com\/wp-content\/uploads\/2019\/07\/cropped-Logo-Panorama-01.jpeg\",\"width\":290,\"height\":70,\"caption\":\"21 Panorama\"},\"image\":{\"@id\":\"https:\/\/21panorama.com\/#\/schema\/logo\/image\/\"}},{\"@type\":\"Person\",\"@id\":\"https:\/\/21panorama.com\/#\/schema\/person\/1afc291b96d5792a158768324287319f\",\"name\":\"admin\",\"image\":{\"@type\":\"ImageObject\",\"inLanguage\":\"es\",\"@id\":\"https:\/\/21panorama.com\/#\/schema\/person\/image\/\",\"url\":\"https:\/\/secure.gravatar.com\/avatar\/ad365d9d9f46719215b0d042cc3df92a5a8683e09ef13d102233e5491985f0f0?s=96&d=mm&r=g\",\"contentUrl\":\"https:\/\/secure.gravatar.com\/avatar\/ad365d9d9f46719215b0d042cc3df92a5a8683e09ef13d102233e5491985f0f0?s=96&d=mm&r=g\",\"caption\":\"admin\"},\"url\":\"https:\/\/21panorama.com\/index.php\/author\/admin\/\"}]}<\/script>\n<!-- \/ Yoast SEO plugin. -->","yoast_head_json":{"title":"CRISTIAN HERNANDEZ LECHUGA ASPIRA A LA ALCALD\u00cdA DE XONACATL\u00c1N - 21 Panorama","robots":{"index":"index","follow":"follow","max-snippet":"max-snippet:-1","max-image-preview":"max-image-preview:large","max-video-preview":"max-video-preview:-1"},"canonical":"https:\/\/21panorama.com\/index.php\/2021\/02\/16\/cristian-hernandez-lechuga-aspira-a-la-alcaldia-de-xonacatlan\/","og_locale":"es_MX","og_type":"article","og_title":"CRISTIAN HERNANDEZ LECHUGA ASPIRA A LA ALCALD\u00cdA DE XONACATL\u00c1N - 21 Panorama","og_description":"Se registr\u00f3 como precandidato del PAN a la presidencia municipal de Xonacatl\u00e1n.","og_url":"https:\/\/21panorama.com\/index.php\/2021\/02\/16\/cristian-hernandez-lechuga-aspira-a-la-alcaldia-de-xonacatlan\/","og_site_name":"21 Panorama","article_published_time":"2021-02-16T06:27:27+00:00","article_modified_time":"2021-02-17T06:31:53+00:00","og_image":[{"width":957,"height":1280,"url":"https:\/\/21panorama.com\/wp-content\/uploads\/2021\/02\/WhatsApp-Image-2021-02-15-at-19.25.06.jpeg","type":"image\/jpeg"}],"author":"admin","twitter_card":"summary_large_image","twitter_misc":{"Escrito por":"admin","Tiempo de lectura":"1 minuto"},"schema":{"@context":"https:\/\/schema.org","@graph":[{"@type":"Article","@id":"https:\/\/21panorama.com\/index.php\/2021\/02\/16\/cristian-hernandez-lechuga-aspira-a-la-alcaldia-de-xonacatlan\/#article","isPartOf":{"@id":"https:\/\/21panorama.com\/index.php\/2021\/02\/16\/cristian-hernandez-lechuga-aspira-a-la-alcaldia-de-xonacatlan\/"},"author":{"name":"admin","@id":"https:\/\/21panorama.com\/#\/schema\/person\/1afc291b96d5792a158768324287319f"},"headline":"CRISTIAN HERNANDEZ LECHUGA ASPIRA A LA ALCALD\u00cdA DE XONACATL\u00c1N","datePublished":"2021-02-16T06:27:27+00:00","dateModified":"2021-02-17T06:31:53+00:00","mainEntityOfPage":{"@id":"https:\/\/21panorama.com\/index.php\/2021\/02\/16\/cristian-hernandez-lechuga-aspira-a-la-alcaldia-de-xonacatlan\/"},"wordCount":235,"commentCount":0,"publisher":{"@id":"https:\/\/21panorama.com\/#organization"},"image":{"@id":"https:\/\/21panorama.com\/index.php\/2021\/02\/16\/cristian-hernandez-lechuga-aspira-a-la-alcaldia-de-xonacatlan\/#primaryimage"},"thumbnailUrl":"https:\/\/21panorama.com\/wp-content\/uploads\/2021\/02\/WhatsApp-Image-2021-02-15-at-19.25.06.jpeg","keywords":["Cristian Hern\u00e1ndez","Xonacatl\u00e1n"],"articleSection":["Politica"],"inLanguage":"es","potentialAction":[{"@type":"CommentAction","name":"Comment","target":["https:\/\/21panorama.com\/index.php\/2021\/02\/16\/cristian-hernandez-lechuga-aspira-a-la-alcaldia-de-xonacatlan\/#respond"]}]},{"@type":"WebPage","@id":"https:\/\/21panorama.com\/index.php\/2021\/02\/16\/cristian-hernandez-lechuga-aspira-a-la-alcaldia-de-xonacatlan\/","url":"https:\/\/21panorama.com\/index.php\/2021\/02\/16\/cristian-hernandez-lechuga-aspira-a-la-alcaldia-de-xonacatlan\/","name":"CRISTIAN HERNANDEZ LECHUGA ASPIRA A LA ALCALD\u00cdA DE XONACATL\u00c1N - 21 Panorama","isPartOf":{"@id":"https:\/\/21panorama.com\/#website"},"primaryImageOfPage":{"@id":"https:\/\/21panorama.com\/index.php\/2021\/02\/16\/cristian-hernandez-lechuga-aspira-a-la-alcaldia-de-xonacatlan\/#primaryimage"},"image":{"@id":"https:\/\/21panorama.com\/index.php\/2021\/02\/16\/cristian-hernandez-lechuga-aspira-a-la-alcaldia-de-xonacatlan\/#primaryimage"},"thumbnailUrl":"https:\/\/21panorama.com\/wp-content\/uploads\/2021\/02\/WhatsApp-Image-2021-02-15-at-19.25.06.jpeg","datePublished":"2021-02-16T06:27:27+00:00","dateModified":"2021-02-17T06:31:53+00:00","breadcrumb":{"@id":"https:\/\/21panorama.com\/index.php\/2021\/02\/16\/cristian-hernandez-lechuga-aspira-a-la-alcaldia-de-xonacatlan\/#breadcrumb"},"inLanguage":"es","potentialAction":[{"@type":"ReadAction","target":["https:\/\/21panorama.com\/index.php\/2021\/02\/16\/cristian-hernandez-lechuga-aspira-a-la-alcaldia-de-xonacatlan\/"]}]},{"@type":"ImageObject","inLanguage":"es","@id":"https:\/\/21panorama.com\/index.php\/2021\/02\/16\/cristian-hernandez-lechuga-aspira-a-la-alcaldia-de-xonacatlan\/#primaryimage","url":"https:\/\/21panorama.com\/wp-content\/uploads\/2021\/02\/WhatsApp-Image-2021-02-15-at-19.25.06.jpeg","contentUrl":"https:\/\/21panorama.com\/wp-content\/uploads\/2021\/02\/WhatsApp-Image-2021-02-15-at-19.25.06.jpeg","width":957,"height":1280},{"@type":"BreadcrumbList","@id":"https:\/\/21panorama.com\/index.php\/2021\/02\/16\/cristian-hernandez-lechuga-aspira-a-la-alcaldia-de-xonacatlan\/#breadcrumb","itemListElement":[{"@type":"ListItem","position":1,"name":"Inicio","item":"https:\/\/21panorama.com\/"},{"@type":"ListItem","position":2,"name":"CRISTIAN HERNANDEZ LECHUGA ASPIRA A LA ALCALD\u00cdA DE XONACATL\u00c1N"}]},{"@type":"WebSite","@id":"https:\/\/21panorama.com\/#website","url":"https:\/\/21panorama.com\/","name":"21 Panorama","description":"La construcci\u00f3n de la opini\u00f3n p\u00fablica merece un mejor Panorama en este siglo 21 para alcanzar una sociedad con mayor transparencia y sin corrupci\u00f3n.","publisher":{"@id":"https:\/\/21panorama.com\/#organization"},"potentialAction":[{"@type":"SearchAction","target":{"@type":"EntryPoint","urlTemplate":"https:\/\/21panorama.com\/?s={search_term_string}"},"query-input":{"@type":"PropertyValueSpecification","valueRequired":true,"valueName":"search_term_string"}}],"inLanguage":"es"},{"@type":"Organization","@id":"https:\/\/21panorama.com\/#organization","name":"21 Panorama","url":"https:\/\/21panorama.com\/","logo":{"@type":"ImageObject","inLanguage":"es","@id":"https:\/\/21panorama.com\/#\/schema\/logo\/image\/","url":"https:\/\/21panorama.com\/wp-content\/uploads\/2019\/07\/cropped-Logo-Panorama-01.jpeg","contentUrl":"https:\/\/21panorama.com\/wp-content\/uploads\/2019\/07\/cropped-Logo-Panorama-01.jpeg","width":290,"height":70,"caption":"21 Panorama"},"image":{"@id":"https:\/\/21panorama.com\/#\/schema\/logo\/image\/"}},{"@type":"Person","@id":"https:\/\/21panorama.com\/#\/schema\/person\/1afc291b96d5792a158768324287319f","name":"admin","image":{"@type":"ImageObject","inLanguage":"es","@id":"https:\/\/21panorama.com\/#\/schema\/person\/image\/","url":"https:\/\/secure.gravatar.com\/avatar\/ad365d9d9f46719215b0d042cc3df92a5a8683e09ef13d102233e5491985f0f0?s=96&d=mm&r=g","contentUrl":"https:\/\/secure.gravatar.com\/avatar\/ad365d9d9f46719215b0d042cc3df92a5a8683e09ef13d102233e5491985f0f0?s=96&d=mm&r=g","caption":"admin"},"url":"https:\/\/21panorama.com\/index.php\/author\/admin\/"}]}},"_links":{"self":[{"href":"https:\/\/21panorama.com\/index.php\/wp-json\/wp\/v2\/posts\/663","targetHints":{"allow":["GET"]}}],"collection":[{"href":"https:\/\/21panorama.com\/index.php\/wp-json\/wp\/v2\/posts"}],"about":[{"href":"https:\/\/21panorama.com\/index.php\/wp-json\/wp\/v2\/types\/post"}],"author":[{"embeddable":true,"href":"https:\/\/21panorama.com\/index.php\/wp-json\/wp\/v2\/users\/1"}],"replies":[{"embeddable":true,"href":"https:\/\/21panorama.com\/index.php\/wp-json\/wp\/v2\/comments?post=663"}],"version-history":[{"count":1,"href":"https:\/\/21panorama.com\/index.php\/wp-json\/wp\/v2\/posts\/663\/revisions"}],"predecessor-version":[{"id":665,"href":"https:\/\/21panorama.com\/index.php\/wp-json\/wp\/v2\/posts\/663\/revisions\/665"}],"wp:featuredmedia":[{"embeddable":true,"href":"https:\/\/21panorama.com\/index.php\/wp-json\/wp\/v2\/media\/664"}],"wp:attachment":[{"href":"https:\/\/21panorama.com\/index.php\/wp-json\/wp\/v2\/media?parent=663"}],"wp:term":[{"taxonomy":"category","embeddable":true,"href":"https:\/\/21panorama.com\/index.php\/wp-json\/wp\/v2\/categories?post=663"},{"taxonomy":"post_tag","embeddable":true,"href":"https:\/\/21panorama.com\/index.php\/wp-json\/wp\/v2\/tags?post=663"}],"curies":[{"name":"wp","href":"https:\/\/api.w.org\/{rel}","templated":true}]}}