{"id":6152,"date":"2026-08-24T20:03:05","date_gmt":"2026-08-25T02:03:05","guid":{"rendered":"https:\/\/21panorama.com\/?p=6152"},"modified":"2026-09-02T20:14:33","modified_gmt":"2026-09-03T02:14:33","slug":"el-puente-alameda-oriente-2-en-el-estado-de-mexico-registra-un-avance-de-42-por-ciento-sict","status":"publish","type":"post","link":"https:\/\/21panorama.com\/index.php\/2026\/08\/24\/el-puente-alameda-oriente-2-en-el-estado-de-mexico-registra-un-avance-de-42-por-ciento-sict\/","title":{"rendered":"EL PUENTE ALAMEDA ORIENTE 2 EN EL ESTADO DE M\u00c9XICO REGISTRA UN AVANCE DE 42 POR CIENTO: SICT"},"content":{"rendered":"\n<p>\u25cf La dependencia inform\u00f3 que estar\u00e1 concluido en octubre de este a\u00f1o y en noviembre inicia la construcci\u00f3n del puente 1<br>\u25cf Estas obras beneficiar\u00e1n a m\u00e1s de 1.7 millones de habitantes, al agilizar la movilidad de peatones y veh\u00edculos<\/p>\n\n\n\n<p>El Gobierno de M\u00e9xico, a trav\u00e9s de la Secretar\u00eda de Infraestructura, Comunicaciones y Transportes (SICT), encabezada por Jes\u00fas Esteva Medina, informa que avanza la construcci\u00f3n de los puentes Alameda Oriente 1 y 2 en el Estado de M\u00e9xico; la segunda estructura lleva un progreso de 42 por ciento.<\/p>\n\n\n\n<p>Ambos puentes resultaron da\u00f1ados con el sismo de 2017, por lo que se decidi\u00f3 demolerlas en su totalidad y reconstruirlas con una inversi\u00f3n de 2 mil millones de pesos.<\/p>\n\n\n\n<figure class=\"wp-block-image size-large\"><img loading=\"lazy\" decoding=\"async\" width=\"1024\" height=\"576\" src=\"https:\/\/21panorama.com\/wp-content\/uploads\/2026\/09\/WhatsApp-Image-2026-08-24-at-10.26.12-AM-3-1024x576.jpeg\" alt=\"\" class=\"wp-image-6154\" srcset=\"https:\/\/21panorama.com\/wp-content\/uploads\/2026\/09\/WhatsApp-Image-2026-08-24-at-10.26.12-AM-3-1024x576.jpeg 1024w, https:\/\/21panorama.com\/wp-content\/uploads\/2026\/09\/WhatsApp-Image-2026-08-24-at-10.26.12-AM-3-300x169.jpeg 300w, https:\/\/21panorama.com\/wp-content\/uploads\/2026\/09\/WhatsApp-Image-2026-08-24-at-10.26.12-AM-3-768x432.jpeg 768w, https:\/\/21panorama.com\/wp-content\/uploads\/2026\/09\/WhatsApp-Image-2026-08-24-at-10.26.12-AM-3-1536x864.jpeg 1536w, https:\/\/21panorama.com\/wp-content\/uploads\/2026\/09\/WhatsApp-Image-2026-08-24-at-10.26.12-AM-3.jpeg 1600w\" sizes=\"auto, (max-width: 1024px) 100vw, 1024px\" \/><\/figure>\n\n\n\n<p>Estas obras forman parte del Plan Integral de la Zona Oriente del Estado de M\u00e9xico y a la fecha, se trabaja en el Puente 2 con direcci\u00f3n al Estado de M\u00e9xico, que contar\u00e1 con 500 metros de longitud, tres carriles de circulaci\u00f3n y se prev\u00e9 que est\u00e9 concluido en octubre de este a\u00f1o.<\/p>\n\n\n\n<p>Actualmente, las labores incluyen la construcci\u00f3n de cajones, columnas y cabezales, montaje de trabes, hincado de pilotes de concreto y acero, as\u00ed como el mejoramiento con tezontle en caminos.<\/p>\n\n\n\n<p>Una vez concluido el Puente Alameda Oriente 2, de inmediato iniciar\u00e1n -en noviembre de este a\u00f1o- las obras de demolici\u00f3n y reconstrucci\u00f3n del Puente Alameda Oriente 1, con direcci\u00f3n a la Ciudad de M\u00e9xico.<\/p>\n\n\n\n<p>Esta estructura contar\u00e1 con 700 metros de longitud y tres carriles de circulaci\u00f3n. De acuerdo con el programa de trabajo quedar\u00e1 listo en octubre de 2027.<\/p>\n\n\n\n<p>Ambos puentes sumar\u00e1n en su totalidad 1.2 kil\u00f3metros de longitud, beneficiar\u00e1n a un mill\u00f3n 798 mil 474 habitantes, generar\u00e1n 6 mil empleos y permitir\u00e1n ahorros en los tiempos de traslado de 15 minutos.<\/p>\n\n\n\n<p>Los puentes vehiculares Alameda Oriente 1 y 2 se ubican en los l\u00edmites del municipio de Nezahualc\u00f3yotl, Estado de M\u00e9xico y conectan con la alcald\u00eda Venustiano Carranza de la Ciudad de M\u00e9xico, una zona del \u00c1rea Metropolitana con alta movilidad de veh\u00edculos y peatones.<\/p>\n","protected":false},"excerpt":{"rendered":"<p>\u25cf La dependencia inform\u00f3 que estar\u00e1 concluido en octubre de este a\u00f1o y en noviembre inicia la construcci\u00f3n del puente 1\u25cf Estas obras beneficiar\u00e1n a m\u00e1s de 1.7 millones de habitantes, al agilizar la movilidad de peatones y veh\u00edculos El Gobierno de M\u00e9xico, a trav\u00e9s de la Secretar\u00eda de Infraestructura, Comunicaciones y Transportes (SICT), encabezada por Jes\u00fas Esteva Medina, informa que avanza la construcci\u00f3n de los puentes Alameda Oriente 1 y 2 en el Estado de M\u00e9xico; la segunda estructura lleva un progreso de 42 por ciento. Ambos puentes resultaron&hellip;<\/p>\n","protected":false},"author":1,"featured_media":6153,"comment_status":"open","ping_status":"open","sticky":false,"template":"","format":"standard","meta":{"footnotes":""},"categories":[10,12,1],"tags":[97,222,442],"class_list":["post-6152","post","type-post","status-publish","format-standard","has-post-thumbnail","hentry","category-opinion","category-politica","category-sociedad","tag-edomex","tag-gem","tag-jesus-esteva-medina"],"_links":{"self":[{"href":"https:\/\/21panorama.com\/index.php\/wp-json\/wp\/v2\/posts\/6152","targetHints":{"allow":["GET"]}}],"collection":[{"href":"https:\/\/21panorama.com\/index.php\/wp-json\/wp\/v2\/posts"}],"about":[{"href":"https:\/\/21panorama.com\/index.php\/wp-json\/wp\/v2\/types\/post"}],"author":[{"embeddable":true,"href":"https:\/\/21panorama.com\/index.php\/wp-json\/wp\/v2\/users\/1"}],"replies":[{"embeddable":true,"href":"https:\/\/21panorama.com\/index.php\/wp-json\/wp\/v2\/comments?post=6152"}],"version-history":[{"count":1,"href":"https:\/\/21panorama.com\/index.php\/wp-json\/wp\/v2\/posts\/6152\/revisions"}],"predecessor-version":[{"id":6155,"href":"https:\/\/21panorama.com\/index.php\/wp-json\/wp\/v2\/posts\/6152\/revisions\/6155"}],"wp:featuredmedia":[{"embeddable":true,"href":"https:\/\/21panorama.com\/index.php\/wp-json\/wp\/v2\/media\/6153"}],"wp:attachment":[{"href":"https:\/\/21panorama.com\/index.php\/wp-json\/wp\/v2\/media?parent=6152"}],"wp:term":[{"taxonomy":"category","embeddable":true,"href":"https:\/\/21panorama.com\/index.php\/wp-json\/wp\/v2\/categories?post=6152"},{"taxonomy":"post_tag","embeddable":true,"href":"https:\/\/21panorama.com\/index.php\/wp-json\/wp\/v2\/tags?post=6152"}],"curies":[{"name":"wp","href":"https:\/\/api.w.org\/{rel}","templated":true}]}}