{"id":6149,"date":"2026-08-22T19:41:48","date_gmt":"2026-08-23T01:41:48","guid":{"rendered":"https:\/\/21panorama.com\/?p=6149"},"modified":"2026-09-02T19:50:07","modified_gmt":"2026-09-03T01:50:07","slug":"contribuye-congreso-a-tener-instituciones-mas-solidas-martha-camacho","status":"publish","type":"post","link":"https:\/\/21panorama.com\/index.php\/2026\/08\/22\/contribuye-congreso-a-tener-instituciones-mas-solidas-martha-camacho\/","title":{"rendered":"CONTRIBUYE CONGRESO A TENER INSTITUCIONES M\u00c1S S\u00d3LIDAS: MARTHA CAMACHO"},"content":{"rendered":"\n<p>Con la aprobaci\u00f3n de las leyes de Transparencia y Acceso a la Informaci\u00f3n P\u00fablica, as\u00ed como de Protecci\u00f3n de Datos Personales en Posesi\u00f3n de Sujetos Obligados, ambas del Estado de M\u00e9xico y Municipios, que dan paso a la creaci\u00f3n de Transparencia Mexiquense, la LXII Legislatura mexiquense contribuye al fortalecimiento de instituciones m\u00e1s s\u00f3lidas, a la protecci\u00f3n de los derechos de la ciudadan\u00eda y a la construcci\u00f3n de un marco jur\u00eddico acorde con las exigencias de la sociedad, afirm\u00f3 la diputada Martha Azucena Camacho Reynoso, presidenta de la Directiva.<\/p>\n\n\n\n<p>Al clausurar el Octavo Periodo Extraordinario de Sesiones, la parlamentaria destac\u00f3 que la aprobaci\u00f3n de las nuevas leyes, impulsadas por el diputado Gerardo Pliego Santana (morena) y por la gobernadora Delfina G\u00f3mez \u00c1lvarez, as\u00ed como las reformas a otros cinco ordenamientos estatales relacionados con la transparencia, el derecho de acceso a la informaci\u00f3n y la protecci\u00f3n de datos personales, permiten armonizar la legislaci\u00f3n local con el marco jur\u00eddico nacional, fortalecer la participaci\u00f3n del Estado de M\u00e9xico en el Sistema Nacional de Transparencia y consolidar el subsistema estatal.<\/p>\n\n\n\n<p>\u201cPero, sobre todo, damos un paso fundamental para que la transparencia deje de ser solamente una obligaci\u00f3n institucional y sea ante todo un derecho efectivo de la ciudadan\u00eda. Porque informar no es una concesi\u00f3n, transparentar no es una opci\u00f3n y proteger los datos personales no solo implica una responsabilidad administrativa, sino tambi\u00e9n proteger la dignidad y la seguridad de las personas\u201d, expres\u00f3.<\/p>\n\n\n\n<p>Respecto a la aprobaci\u00f3n de la reforma para reconfigurar y simplificar las categor\u00edas de la Presea \u2018Estado de M\u00e9xico\u2019, destac\u00f3 que esta medida responde a los principios de austeridad republicana, racionalidad y responsabilidad en el ejercicio de los recursos p\u00fablicos.<\/p>\n\n\n\n<p>\u201cPorque la austeridad no significa dejar de reconocer. Por el contrario, significa reconocer con mayor justicia, con mayor sentido y con mayor responsabilidad a quienes verdaderamente han contribuido a engrandecer a nuestro estado, el Estado de M\u00e9xico. Porque detr\u00e1s de cada reconocimiento hay una historia\u201d, mencion\u00f3.<\/p>\n\n\n\n<p>Por \u00faltimo, elogi\u00f3 la aprobaci\u00f3n de la iniciativa por la cual se autoriz\u00f3 al Instituto de Salud del Estado de M\u00e9xico (ISEM) donar un inmueble en Naucalpan de Ju\u00e1rez a los Servicios de Salud del Instituto Mexicano del Seguro Social para el Bienestar (IMSS-BIENESTAR), donde se brindar\u00e1 atenci\u00f3n m\u00e9dica y hospitalaria integral y gratuita a personas que no est\u00e9n afiliadas a instituciones de seguridad social.<\/p>\n\n\n\n<p>Indic\u00f3 que la decisi\u00f3n tiene un significado que va m\u00e1s all\u00e1 de un procedimiento administrativo, pues se trata de poner un inmueble al servicio de la vida: \u201ces una decisi\u00f3n que entiende que cuando se trata de la salud no puede haber indiferencia. Y es precisamente el tipo de decisi\u00f3n que da sentido a nuestra funci\u00f3n p\u00fablica\u201d.<\/p>\n\n\n\n<p>Por estas aprobaciones, puntualiz\u00f3 que el Octavo Periodo Extraordinario de Sesiones tuvo una naturaleza profundamente social, y se\u00f1al\u00f3 que las propuestas impulsadas por la gobernadora encontraron en la Legislatura un espacio de an\u00e1lisis, responsabilidad y construcci\u00f3n de acuerdos.<\/p>\n","protected":false},"excerpt":{"rendered":"<p>Con la aprobaci\u00f3n de las leyes de Transparencia y Acceso a la Informaci\u00f3n P\u00fablica, as\u00ed como de Protecci\u00f3n de Datos Personales en Posesi\u00f3n de Sujetos Obligados, ambas del Estado de M\u00e9xico y Municipios, que dan paso a la creaci\u00f3n de Transparencia Mexiquense, la LXII Legislatura mexiquense contribuye al fortalecimiento de instituciones m\u00e1s s\u00f3lidas, a la protecci\u00f3n de los derechos de la ciudadan\u00eda y a la construcci\u00f3n de un marco jur\u00eddico acorde con las exigencias de la sociedad, afirm\u00f3 la diputada Martha Azucena Camacho Reynoso, presidenta de la Directiva.<\/p>\n","protected":false},"author":1,"featured_media":6150,"comment_status":"open","ping_status":"open","sticky":false,"template":"","format":"standard","meta":{"footnotes":""},"categories":[10,12,1],"tags":[97,222,445],"class_list":["post-6149","post","type-post","status-publish","format-standard","has-post-thumbnail","hentry","category-opinion","category-politica","category-sociedad","tag-edomex","tag-gem","tag-martha-camacho-reynoso"],"_links":{"self":[{"href":"https:\/\/21panorama.com\/index.php\/wp-json\/wp\/v2\/posts\/6149","targetHints":{"allow":["GET"]}}],"collection":[{"href":"https:\/\/21panorama.com\/index.php\/wp-json\/wp\/v2\/posts"}],"about":[{"href":"https:\/\/21panorama.com\/index.php\/wp-json\/wp\/v2\/types\/post"}],"author":[{"embeddable":true,"href":"https:\/\/21panorama.com\/index.php\/wp-json\/wp\/v2\/users\/1"}],"replies":[{"embeddable":true,"href":"https:\/\/21panorama.com\/index.php\/wp-json\/wp\/v2\/comments?post=6149"}],"version-history":[{"count":1,"href":"https:\/\/21panorama.com\/index.php\/wp-json\/wp\/v2\/posts\/6149\/revisions"}],"predecessor-version":[{"id":6151,"href":"https:\/\/21panorama.com\/index.php\/wp-json\/wp\/v2\/posts\/6149\/revisions\/6151"}],"wp:featuredmedia":[{"embeddable":true,"href":"https:\/\/21panorama.com\/index.php\/wp-json\/wp\/v2\/media\/6150"}],"wp:attachment":[{"href":"https:\/\/21panorama.com\/index.php\/wp-json\/wp\/v2\/media?parent=6149"}],"wp:term":[{"taxonomy":"category","embeddable":true,"href":"https:\/\/21panorama.com\/index.php\/wp-json\/wp\/v2\/categories?post=6149"},{"taxonomy":"post_tag","embeddable":true,"href":"https:\/\/21panorama.com\/index.php\/wp-json\/wp\/v2\/tags?post=6149"}],"curies":[{"name":"wp","href":"https:\/\/api.w.org\/{rel}","templated":true}]}}