{"id":6007,"date":"2025-07-07T13:40:01","date_gmt":"2025-07-07T19:40:01","guid":{"rendered":"https:\/\/21panorama.com\/?p=6007"},"modified":"2025-07-10T13:47:52","modified_gmt":"2025-07-10T19:47:52","slug":"incomoda-a-morena-la-transparencia-y-la-rendicion-de-cuentas","status":"publish","type":"post","link":"https:\/\/21panorama.com\/index.php\/2025\/07\/07\/incomoda-a-morena-la-transparencia-y-la-rendicion-de-cuentas\/","title":{"rendered":"INCOMODA A MORENA LA TRANSPARENCIA Y LA RENDICI\u00d3N DE CUENTAS"},"content":{"rendered":"\n<ul class=\"wp-block-list\">\n<li>Nos quieren callar con censura legalizada y no lo vamos a permitir, dijo la dirigente estatal del PRI, Cristina Ruiz Sandoval.<\/li>\n<\/ul>\n\n\n\n<p>En el Congreso local, Morena decidi\u00f3 \u201capagar la luz de la transparencia\u201d en el Estado de M\u00e9xico con la desaparici\u00f3n del Infoem y lo hizo de la forma m\u00e1s burda al disfrazar este atentado pol\u00edtico como una \u201carmonizaci\u00f3n legal\u201d, lament\u00f3 la presidenta del Comit\u00e9 Directivo Estatal (CDE), Cristina Ruiz Sandoval.<\/p>\n\n\n\n<figure class=\"wp-block-gallery has-nested-images columns-default is-cropped wp-block-gallery-1 is-layout-flex wp-block-gallery-is-layout-flex\">\n<figure class=\"wp-block-image size-large\"><img decoding=\"async\" width=\"1024\" height=\"554\" data-id=\"6010\" src=\"https:\/\/21panorama.com\/wp-content\/uploads\/2025\/07\/99122b7d-ef87-4a8c-b354-bacce4ac55a5-1024x554.jpeg\" alt=\"\" class=\"wp-image-6010\" srcset=\"https:\/\/21panorama.com\/wp-content\/uploads\/2025\/07\/99122b7d-ef87-4a8c-b354-bacce4ac55a5-1024x554.jpeg 1024w, https:\/\/21panorama.com\/wp-content\/uploads\/2025\/07\/99122b7d-ef87-4a8c-b354-bacce4ac55a5-300x162.jpeg 300w, https:\/\/21panorama.com\/wp-content\/uploads\/2025\/07\/99122b7d-ef87-4a8c-b354-bacce4ac55a5-768x416.jpeg 768w, https:\/\/21panorama.com\/wp-content\/uploads\/2025\/07\/99122b7d-ef87-4a8c-b354-bacce4ac55a5-1536x831.jpeg 1536w, https:\/\/21panorama.com\/wp-content\/uploads\/2025\/07\/99122b7d-ef87-4a8c-b354-bacce4ac55a5-2048x1108.jpeg 2048w\" sizes=\"(max-width: 1024px) 100vw, 1024px\" \/><\/figure>\n<\/figure>\n\n\n\n<figure class=\"wp-block-gallery has-nested-images columns-default is-cropped wp-block-gallery-2 is-layout-flex wp-block-gallery-is-layout-flex\">\n<figure class=\"wp-block-image size-large\"><img decoding=\"async\" width=\"761\" height=\"1024\" data-id=\"6011\" src=\"https:\/\/21panorama.com\/wp-content\/uploads\/2025\/07\/9d6254fa-6b8b-4f3d-b71c-660fb9f86932-761x1024.jpeg\" alt=\"\" class=\"wp-image-6011\" srcset=\"https:\/\/21panorama.com\/wp-content\/uploads\/2025\/07\/9d6254fa-6b8b-4f3d-b71c-660fb9f86932-761x1024.jpeg 761w, https:\/\/21panorama.com\/wp-content\/uploads\/2025\/07\/9d6254fa-6b8b-4f3d-b71c-660fb9f86932-223x300.jpeg 223w, https:\/\/21panorama.com\/wp-content\/uploads\/2025\/07\/9d6254fa-6b8b-4f3d-b71c-660fb9f86932-768x1034.jpeg 768w, https:\/\/21panorama.com\/wp-content\/uploads\/2025\/07\/9d6254fa-6b8b-4f3d-b71c-660fb9f86932-1141x1536.jpeg 1141w, https:\/\/21panorama.com\/wp-content\/uploads\/2025\/07\/9d6254fa-6b8b-4f3d-b71c-660fb9f86932-1521x2048.jpeg 1521w, https:\/\/21panorama.com\/wp-content\/uploads\/2025\/07\/9d6254fa-6b8b-4f3d-b71c-660fb9f86932-scaled.jpeg 1902w\" sizes=\"(max-width: 761px) 100vw, 761px\" \/><\/figure>\n<\/figure>\n\n\n\n\n\n\n\n<figure class=\"wp-block-image size-large\"><img decoding=\"async\" width=\"773\" height=\"1024\" src=\"https:\/\/21panorama.com\/wp-content\/uploads\/2025\/07\/a22d8171-6e05-49f7-be97-0d7910bb2f69-1-773x1024.jpeg\" alt=\"\" class=\"wp-image-6008\" srcset=\"https:\/\/21panorama.com\/wp-content\/uploads\/2025\/07\/a22d8171-6e05-49f7-be97-0d7910bb2f69-1-773x1024.jpeg 773w, https:\/\/21panorama.com\/wp-content\/uploads\/2025\/07\/a22d8171-6e05-49f7-be97-0d7910bb2f69-1-226x300.jpeg 226w, https:\/\/21panorama.com\/wp-content\/uploads\/2025\/07\/a22d8171-6e05-49f7-be97-0d7910bb2f69-1-768x1018.jpeg 768w, https:\/\/21panorama.com\/wp-content\/uploads\/2025\/07\/a22d8171-6e05-49f7-be97-0d7910bb2f69-1-1159x1536.jpeg 1159w, https:\/\/21panorama.com\/wp-content\/uploads\/2025\/07\/a22d8171-6e05-49f7-be97-0d7910bb2f69-1-1545x2048.jpeg 1545w, https:\/\/21panorama.com\/wp-content\/uploads\/2025\/07\/a22d8171-6e05-49f7-be97-0d7910bb2f69-1-scaled.jpeg 1932w\" sizes=\"(max-width: 773px) 100vw, 773px\" \/><\/figure>\n\n\n\n<p>En conferencia de prensa con el grupo parlamentario del PRI, la Senadora dijo que la extinci\u00f3n del Instituto de Transparencia, Acceso a la Informaci\u00f3n P\u00fablica y Protecci\u00f3n de Datos Personales del Estado de M\u00e9xico y Municipios no se trata de un ajuste t\u00e9cnico sino de una decisi\u00f3n autoritaria desde el gobierno contra un organismo que incomoda a sus intereses.<\/p>\n\n\n\n<p>Al hacer un comparativo estad\u00edstico de solicitudes de informaci\u00f3n p\u00fablica, el PRI Estado de M\u00e9xico revel\u00f3 que durante los primeros 20 meses de administraci\u00f3n de Morena (septiembre 2023-junio 2025) se presentaron 124 mil 934 peticiones, es decir un aumento del 68 % comparado con ese mismo periodo pero del sexenio priista (septiembre 2017-junio 2019), al contabilizar 74 mil 469 peticiones.<\/p>\n\n\n\n<p>Adem\u00e1s, dijo, la ciudadan\u00eda tiene m\u00e1s dudas que respuestas porque tambi\u00e9n aumentaron exponencialmente los recursos de inconformidad o de revisi\u00f3n al actual gobierno de Morena. No responden lo que se solicita, contestan a medias o rechazan dar la informaci\u00f3n, agreg\u00f3.<\/p>\n\n\n\n<p>En el periodo de gobierno que se compara, el PRI recibi\u00f3 11 mil 453 recursos, mientras que en el actual sexenio suman casi 17 mil 958, lo que significa un aumento exponencial de 56 %.<\/p>\n\n\n\n<p>Esto es sin\u00f3nimo del rechazo a la transparencia y otra raz\u00f3n clave para desaparecer al INFOEM, al \u00e1rbitro que puede obligar a que se entregue la informaci\u00f3n al ciudadano. Por eso en el PRI rechazamos su desaparici\u00f3n ya que se pierde la autonom\u00eda institucional, se retrocede en materia de transparencia y se pone en riesgo la protecci\u00f3n de datos personales, puntualiz\u00f3.<\/p>\n\n\n\n<p>\u201cLa receta es debilitar los contrapesos, desaparecer organismos aut\u00f3nomos y concentrar el poder\u201d, agreg\u00f3.<\/p>\n\n\n\n<p>El PRI propone impulsar en las leyes secundarias la creaci\u00f3n de un nuevo \u00f3rgano descentralizado, con autonom\u00eda<br>t\u00e9cnica y de gesti\u00f3n. \u201cTenemos claro que quieren convertir la transparencia en una oficina m\u00e1s dentro de la Secretar\u00eda de<br>la Contralor\u00eda y solo hacer simulaci\u00f3n burocr\u00e1tica, pero no lo vamos a permitir\u201d, advirti\u00f3.<\/p>\n\n\n\n<p>Esto no es un caso aislado, forma parte de un plan nacional para controlar, vigilar y callar a M\u00e9xico con censura legalizada, militarizaci\u00f3n electoral, mando \u00fanico federal, espionaje institucional y una CURP Biom\u00e9trica obligatoria, expuso la Senadora.<\/p>\n","protected":false},"excerpt":{"rendered":"<p>En el Congreso local, Morena decidi\u00f3 \u201capagar la luz de la transparencia\u201d en el Estado de M\u00e9xico con la desaparici\u00f3n del Infoem y lo hizo de la forma m\u00e1s burda al disfrazar este atentado pol\u00edtico como una \u201carmonizaci\u00f3n legal\u201d, lament\u00f3 la presidenta del Comit\u00e9 Directivo Estatal (CDE), Cristina Ruiz Sandoval. En conferencia de prensa con el grupo parlamentario del PRI, la Senadora dijo que la extinci\u00f3n del Instituto de Transparencia, Acceso a la Informaci\u00f3n P\u00fablica y Protecci\u00f3n de Datos Personales del Estado de M\u00e9xico y Municipios no se trata de&hellip;<\/p>\n","protected":false},"author":1,"featured_media":0,"comment_status":"open","ping_status":"open","sticky":false,"template":"","format":"standard","meta":{"footnotes":""},"categories":[1],"tags":[],"class_list":["post-6007","post","type-post","status-publish","format-standard","hentry","category-sociedad"],"yoast_head":"<!-- This site is optimized with the Yoast SEO plugin v24.9 - https:\/\/yoast.com\/wordpress\/plugins\/seo\/ -->\n<title>INCOMODA A MORENA LA TRANSPARENCIA Y LA RENDICI\u00d3N DE CUENTAS - 21 Panorama<\/title>\n<meta name=\"robots\" content=\"index, follow, max-snippet:-1, max-image-preview:large, max-video-preview:-1\" \/>\n<link rel=\"canonical\" href=\"https:\/\/21panorama.com\/index.php\/2025\/07\/07\/incomoda-a-morena-la-transparencia-y-la-rendicion-de-cuentas\/\" \/>\n<meta property=\"og:locale\" content=\"es_MX\" \/>\n<meta property=\"og:type\" content=\"article\" \/>\n<meta property=\"og:title\" content=\"INCOMODA A MORENA LA TRANSPARENCIA Y LA RENDICI\u00d3N DE CUENTAS - 21 Panorama\" \/>\n<meta property=\"og:description\" content=\"En el Congreso local, Morena decidi\u00f3 \u201capagar la luz de la transparencia\u201d en el Estado de M\u00e9xico con la desaparici\u00f3n del Infoem y lo hizo de la forma m\u00e1s burda al disfrazar este atentado pol\u00edtico como una \u201carmonizaci\u00f3n legal\u201d, lament\u00f3 la presidenta del Comit\u00e9 Directivo Estatal (CDE), Cristina Ruiz Sandoval. En conferencia de prensa con el grupo parlamentario del PRI, la Senadora dijo que la extinci\u00f3n del Instituto de Transparencia, Acceso a la Informaci\u00f3n P\u00fablica y Protecci\u00f3n de Datos Personales del Estado de M\u00e9xico y Municipios no se trata de&hellip;\" \/>\n<meta property=\"og:url\" content=\"https:\/\/21panorama.com\/index.php\/2025\/07\/07\/incomoda-a-morena-la-transparencia-y-la-rendicion-de-cuentas\/\" \/>\n<meta property=\"og:site_name\" content=\"21 Panorama\" \/>\n<meta property=\"article:published_time\" content=\"2025-07-07T19:40:01+00:00\" \/>\n<meta property=\"article:modified_time\" content=\"2025-07-10T19:47:52+00:00\" \/>\n<meta property=\"og:image\" content=\"https:\/\/21panorama.com\/wp-content\/uploads\/2025\/07\/99122b7d-ef87-4a8c-b354-bacce4ac55a5-scaled.jpeg\" \/>\n\t<meta property=\"og:image:width\" content=\"2560\" \/>\n\t<meta property=\"og:image:height\" content=\"1385\" \/>\n\t<meta property=\"og:image:type\" content=\"image\/jpeg\" \/>\n<meta name=\"author\" content=\"admin\" \/>\n<meta name=\"twitter:card\" content=\"summary_large_image\" \/>\n<meta name=\"twitter:label1\" content=\"Escrito por\" \/>\n\t<meta name=\"twitter:data1\" content=\"admin\" \/>\n\t<meta name=\"twitter:label2\" content=\"Tiempo de lectura\" \/>\n\t<meta name=\"twitter:data2\" content=\"3 minutos\" \/>\n<script type=\"application\/ld+json\" class=\"yoast-schema-graph\">{\"@context\":\"https:\/\/schema.org\",\"@graph\":[{\"@type\":\"Article\",\"@id\":\"https:\/\/21panorama.com\/index.php\/2025\/07\/07\/incomoda-a-morena-la-transparencia-y-la-rendicion-de-cuentas\/#article\",\"isPartOf\":{\"@id\":\"https:\/\/21panorama.com\/index.php\/2025\/07\/07\/incomoda-a-morena-la-transparencia-y-la-rendicion-de-cuentas\/\"},\"author\":{\"name\":\"admin\",\"@id\":\"https:\/\/21panorama.com\/#\/schema\/person\/1afc291b96d5792a158768324287319f\"},\"headline\":\"INCOMODA A MORENA LA TRANSPARENCIA Y LA RENDICI\u00d3N DE CUENTAS\",\"datePublished\":\"2025-07-07T19:40:01+00:00\",\"dateModified\":\"2025-07-10T19:47:52+00:00\",\"mainEntityOfPage\":{\"@id\":\"https:\/\/21panorama.com\/index.php\/2025\/07\/07\/incomoda-a-morena-la-transparencia-y-la-rendicion-de-cuentas\/\"},\"wordCount\":464,\"commentCount\":0,\"publisher\":{\"@id\":\"https:\/\/21panorama.com\/#organization\"},\"image\":{\"@id\":\"https:\/\/21panorama.com\/index.php\/2025\/07\/07\/incomoda-a-morena-la-transparencia-y-la-rendicion-de-cuentas\/#primaryimage\"},\"thumbnailUrl\":\"https:\/\/21panorama.com\/wp-content\/uploads\/2025\/07\/99122b7d-ef87-4a8c-b354-bacce4ac55a5-1024x554.jpeg\",\"articleSection\":[\"Sociedad\"],\"inLanguage\":\"es\",\"potentialAction\":[{\"@type\":\"CommentAction\",\"name\":\"Comment\",\"target\":[\"https:\/\/21panorama.com\/index.php\/2025\/07\/07\/incomoda-a-morena-la-transparencia-y-la-rendicion-de-cuentas\/#respond\"]}]},{\"@type\":\"WebPage\",\"@id\":\"https:\/\/21panorama.com\/index.php\/2025\/07\/07\/incomoda-a-morena-la-transparencia-y-la-rendicion-de-cuentas\/\",\"url\":\"https:\/\/21panorama.com\/index.php\/2025\/07\/07\/incomoda-a-morena-la-transparencia-y-la-rendicion-de-cuentas\/\",\"name\":\"INCOMODA A MORENA LA TRANSPARENCIA Y LA RENDICI\u00d3N DE CUENTAS - 21 Panorama\",\"isPartOf\":{\"@id\":\"https:\/\/21panorama.com\/#website\"},\"primaryImageOfPage\":{\"@id\":\"https:\/\/21panorama.com\/index.php\/2025\/07\/07\/incomoda-a-morena-la-transparencia-y-la-rendicion-de-cuentas\/#primaryimage\"},\"image\":{\"@id\":\"https:\/\/21panorama.com\/index.php\/2025\/07\/07\/incomoda-a-morena-la-transparencia-y-la-rendicion-de-cuentas\/#primaryimage\"},\"thumbnailUrl\":\"https:\/\/21panorama.com\/wp-content\/uploads\/2025\/07\/99122b7d-ef87-4a8c-b354-bacce4ac55a5-1024x554.jpeg\",\"datePublished\":\"2025-07-07T19:40:01+00:00\",\"dateModified\":\"2025-07-10T19:47:52+00:00\",\"breadcrumb\":{\"@id\":\"https:\/\/21panorama.com\/index.php\/2025\/07\/07\/incomoda-a-morena-la-transparencia-y-la-rendicion-de-cuentas\/#breadcrumb\"},\"inLanguage\":\"es\",\"potentialAction\":[{\"@type\":\"ReadAction\",\"target\":[\"https:\/\/21panorama.com\/index.php\/2025\/07\/07\/incomoda-a-morena-la-transparencia-y-la-rendicion-de-cuentas\/\"]}]},{\"@type\":\"ImageObject\",\"inLanguage\":\"es\",\"@id\":\"https:\/\/21panorama.com\/index.php\/2025\/07\/07\/incomoda-a-morena-la-transparencia-y-la-rendicion-de-cuentas\/#primaryimage\",\"url\":\"https:\/\/21panorama.com\/wp-content\/uploads\/2025\/07\/99122b7d-ef87-4a8c-b354-bacce4ac55a5-scaled.jpeg\",\"contentUrl\":\"https:\/\/21panorama.com\/wp-content\/uploads\/2025\/07\/99122b7d-ef87-4a8c-b354-bacce4ac55a5-scaled.jpeg\",\"width\":2560,\"height\":1385},{\"@type\":\"BreadcrumbList\",\"@id\":\"https:\/\/21panorama.com\/index.php\/2025\/07\/07\/incomoda-a-morena-la-transparencia-y-la-rendicion-de-cuentas\/#breadcrumb\",\"itemListElement\":[{\"@type\":\"ListItem\",\"position\":1,\"name\":\"Inicio\",\"item\":\"https:\/\/21panorama.com\/\"},{\"@type\":\"ListItem\",\"position\":2,\"name\":\"INCOMODA A MORENA LA TRANSPARENCIA Y LA RENDICI\u00d3N DE CUENTAS\"}]},{\"@type\":\"WebSite\",\"@id\":\"https:\/\/21panorama.com\/#website\",\"url\":\"https:\/\/21panorama.com\/\",\"name\":\"21 Panorama\",\"description\":\"La construcci\u00f3n de la opini\u00f3n p\u00fablica merece un mejor Panorama en este siglo 21 para alcanzar una sociedad con mayor transparencia y sin corrupci\u00f3n.\",\"publisher\":{\"@id\":\"https:\/\/21panorama.com\/#organization\"},\"potentialAction\":[{\"@type\":\"SearchAction\",\"target\":{\"@type\":\"EntryPoint\",\"urlTemplate\":\"https:\/\/21panorama.com\/?s={search_term_string}\"},\"query-input\":{\"@type\":\"PropertyValueSpecification\",\"valueRequired\":true,\"valueName\":\"search_term_string\"}}],\"inLanguage\":\"es\"},{\"@type\":\"Organization\",\"@id\":\"https:\/\/21panorama.com\/#organization\",\"name\":\"21 Panorama\",\"url\":\"https:\/\/21panorama.com\/\",\"logo\":{\"@type\":\"ImageObject\",\"inLanguage\":\"es\",\"@id\":\"https:\/\/21panorama.com\/#\/schema\/logo\/image\/\",\"url\":\"https:\/\/21panorama.com\/wp-content\/uploads\/2019\/07\/cropped-Logo-Panorama-01.jpeg\",\"contentUrl\":\"https:\/\/21panorama.com\/wp-content\/uploads\/2019\/07\/cropped-Logo-Panorama-01.jpeg\",\"width\":290,\"height\":70,\"caption\":\"21 Panorama\"},\"image\":{\"@id\":\"https:\/\/21panorama.com\/#\/schema\/logo\/image\/\"}},{\"@type\":\"Person\",\"@id\":\"https:\/\/21panorama.com\/#\/schema\/person\/1afc291b96d5792a158768324287319f\",\"name\":\"admin\",\"image\":{\"@type\":\"ImageObject\",\"inLanguage\":\"es\",\"@id\":\"https:\/\/21panorama.com\/#\/schema\/person\/image\/\",\"url\":\"https:\/\/secure.gravatar.com\/avatar\/ad365d9d9f46719215b0d042cc3df92a5a8683e09ef13d102233e5491985f0f0?s=96&d=mm&r=g\",\"contentUrl\":\"https:\/\/secure.gravatar.com\/avatar\/ad365d9d9f46719215b0d042cc3df92a5a8683e09ef13d102233e5491985f0f0?s=96&d=mm&r=g\",\"caption\":\"admin\"},\"url\":\"https:\/\/21panorama.com\/index.php\/author\/admin\/\"}]}<\/script>\n<!-- \/ Yoast SEO plugin. -->","yoast_head_json":{"title":"INCOMODA A MORENA LA TRANSPARENCIA Y LA RENDICI\u00d3N DE CUENTAS - 21 Panorama","robots":{"index":"index","follow":"follow","max-snippet":"max-snippet:-1","max-image-preview":"max-image-preview:large","max-video-preview":"max-video-preview:-1"},"canonical":"https:\/\/21panorama.com\/index.php\/2025\/07\/07\/incomoda-a-morena-la-transparencia-y-la-rendicion-de-cuentas\/","og_locale":"es_MX","og_type":"article","og_title":"INCOMODA A MORENA LA TRANSPARENCIA Y LA RENDICI\u00d3N DE CUENTAS - 21 Panorama","og_description":"En el Congreso local, Morena decidi\u00f3 \u201capagar la luz de la transparencia\u201d en el Estado de M\u00e9xico con la desaparici\u00f3n del Infoem y lo hizo de la forma m\u00e1s burda al disfrazar este atentado pol\u00edtico como una \u201carmonizaci\u00f3n legal\u201d, lament\u00f3 la presidenta del Comit\u00e9 Directivo Estatal (CDE), Cristina Ruiz Sandoval. En conferencia de prensa con el grupo parlamentario del PRI, la Senadora dijo que la extinci\u00f3n del Instituto de Transparencia, Acceso a la Informaci\u00f3n P\u00fablica y Protecci\u00f3n de Datos Personales del Estado de M\u00e9xico y Municipios no se trata de&hellip;","og_url":"https:\/\/21panorama.com\/index.php\/2025\/07\/07\/incomoda-a-morena-la-transparencia-y-la-rendicion-de-cuentas\/","og_site_name":"21 Panorama","article_published_time":"2025-07-07T19:40:01+00:00","article_modified_time":"2025-07-10T19:47:52+00:00","og_image":[{"width":2560,"height":1385,"url":"https:\/\/21panorama.com\/wp-content\/uploads\/2025\/07\/99122b7d-ef87-4a8c-b354-bacce4ac55a5-scaled.jpeg","type":"image\/jpeg"}],"author":"admin","twitter_card":"summary_large_image","twitter_misc":{"Escrito por":"admin","Tiempo de lectura":"3 minutos"},"schema":{"@context":"https:\/\/schema.org","@graph":[{"@type":"Article","@id":"https:\/\/21panorama.com\/index.php\/2025\/07\/07\/incomoda-a-morena-la-transparencia-y-la-rendicion-de-cuentas\/#article","isPartOf":{"@id":"https:\/\/21panorama.com\/index.php\/2025\/07\/07\/incomoda-a-morena-la-transparencia-y-la-rendicion-de-cuentas\/"},"author":{"name":"admin","@id":"https:\/\/21panorama.com\/#\/schema\/person\/1afc291b96d5792a158768324287319f"},"headline":"INCOMODA A MORENA LA TRANSPARENCIA Y LA RENDICI\u00d3N DE CUENTAS","datePublished":"2025-07-07T19:40:01+00:00","dateModified":"2025-07-10T19:47:52+00:00","mainEntityOfPage":{"@id":"https:\/\/21panorama.com\/index.php\/2025\/07\/07\/incomoda-a-morena-la-transparencia-y-la-rendicion-de-cuentas\/"},"wordCount":464,"commentCount":0,"publisher":{"@id":"https:\/\/21panorama.com\/#organization"},"image":{"@id":"https:\/\/21panorama.com\/index.php\/2025\/07\/07\/incomoda-a-morena-la-transparencia-y-la-rendicion-de-cuentas\/#primaryimage"},"thumbnailUrl":"https:\/\/21panorama.com\/wp-content\/uploads\/2025\/07\/99122b7d-ef87-4a8c-b354-bacce4ac55a5-1024x554.jpeg","articleSection":["Sociedad"],"inLanguage":"es","potentialAction":[{"@type":"CommentAction","name":"Comment","target":["https:\/\/21panorama.com\/index.php\/2025\/07\/07\/incomoda-a-morena-la-transparencia-y-la-rendicion-de-cuentas\/#respond"]}]},{"@type":"WebPage","@id":"https:\/\/21panorama.com\/index.php\/2025\/07\/07\/incomoda-a-morena-la-transparencia-y-la-rendicion-de-cuentas\/","url":"https:\/\/21panorama.com\/index.php\/2025\/07\/07\/incomoda-a-morena-la-transparencia-y-la-rendicion-de-cuentas\/","name":"INCOMODA A MORENA LA TRANSPARENCIA Y LA RENDICI\u00d3N DE CUENTAS - 21 Panorama","isPartOf":{"@id":"https:\/\/21panorama.com\/#website"},"primaryImageOfPage":{"@id":"https:\/\/21panorama.com\/index.php\/2025\/07\/07\/incomoda-a-morena-la-transparencia-y-la-rendicion-de-cuentas\/#primaryimage"},"image":{"@id":"https:\/\/21panorama.com\/index.php\/2025\/07\/07\/incomoda-a-morena-la-transparencia-y-la-rendicion-de-cuentas\/#primaryimage"},"thumbnailUrl":"https:\/\/21panorama.com\/wp-content\/uploads\/2025\/07\/99122b7d-ef87-4a8c-b354-bacce4ac55a5-1024x554.jpeg","datePublished":"2025-07-07T19:40:01+00:00","dateModified":"2025-07-10T19:47:52+00:00","breadcrumb":{"@id":"https:\/\/21panorama.com\/index.php\/2025\/07\/07\/incomoda-a-morena-la-transparencia-y-la-rendicion-de-cuentas\/#breadcrumb"},"inLanguage":"es","potentialAction":[{"@type":"ReadAction","target":["https:\/\/21panorama.com\/index.php\/2025\/07\/07\/incomoda-a-morena-la-transparencia-y-la-rendicion-de-cuentas\/"]}]},{"@type":"ImageObject","inLanguage":"es","@id":"https:\/\/21panorama.com\/index.php\/2025\/07\/07\/incomoda-a-morena-la-transparencia-y-la-rendicion-de-cuentas\/#primaryimage","url":"https:\/\/21panorama.com\/wp-content\/uploads\/2025\/07\/99122b7d-ef87-4a8c-b354-bacce4ac55a5-scaled.jpeg","contentUrl":"https:\/\/21panorama.com\/wp-content\/uploads\/2025\/07\/99122b7d-ef87-4a8c-b354-bacce4ac55a5-scaled.jpeg","width":2560,"height":1385},{"@type":"BreadcrumbList","@id":"https:\/\/21panorama.com\/index.php\/2025\/07\/07\/incomoda-a-morena-la-transparencia-y-la-rendicion-de-cuentas\/#breadcrumb","itemListElement":[{"@type":"ListItem","position":1,"name":"Inicio","item":"https:\/\/21panorama.com\/"},{"@type":"ListItem","position":2,"name":"INCOMODA A MORENA LA TRANSPARENCIA Y LA RENDICI\u00d3N DE CUENTAS"}]},{"@type":"WebSite","@id":"https:\/\/21panorama.com\/#website","url":"https:\/\/21panorama.com\/","name":"21 Panorama","description":"La construcci\u00f3n de la opini\u00f3n p\u00fablica merece un mejor Panorama en este siglo 21 para alcanzar una sociedad con mayor transparencia y sin corrupci\u00f3n.","publisher":{"@id":"https:\/\/21panorama.com\/#organization"},"potentialAction":[{"@type":"SearchAction","target":{"@type":"EntryPoint","urlTemplate":"https:\/\/21panorama.com\/?s={search_term_string}"},"query-input":{"@type":"PropertyValueSpecification","valueRequired":true,"valueName":"search_term_string"}}],"inLanguage":"es"},{"@type":"Organization","@id":"https:\/\/21panorama.com\/#organization","name":"21 Panorama","url":"https:\/\/21panorama.com\/","logo":{"@type":"ImageObject","inLanguage":"es","@id":"https:\/\/21panorama.com\/#\/schema\/logo\/image\/","url":"https:\/\/21panorama.com\/wp-content\/uploads\/2019\/07\/cropped-Logo-Panorama-01.jpeg","contentUrl":"https:\/\/21panorama.com\/wp-content\/uploads\/2019\/07\/cropped-Logo-Panorama-01.jpeg","width":290,"height":70,"caption":"21 Panorama"},"image":{"@id":"https:\/\/21panorama.com\/#\/schema\/logo\/image\/"}},{"@type":"Person","@id":"https:\/\/21panorama.com\/#\/schema\/person\/1afc291b96d5792a158768324287319f","name":"admin","image":{"@type":"ImageObject","inLanguage":"es","@id":"https:\/\/21panorama.com\/#\/schema\/person\/image\/","url":"https:\/\/secure.gravatar.com\/avatar\/ad365d9d9f46719215b0d042cc3df92a5a8683e09ef13d102233e5491985f0f0?s=96&d=mm&r=g","contentUrl":"https:\/\/secure.gravatar.com\/avatar\/ad365d9d9f46719215b0d042cc3df92a5a8683e09ef13d102233e5491985f0f0?s=96&d=mm&r=g","caption":"admin"},"url":"https:\/\/21panorama.com\/index.php\/author\/admin\/"}]}},"_links":{"self":[{"href":"https:\/\/21panorama.com\/index.php\/wp-json\/wp\/v2\/posts\/6007","targetHints":{"allow":["GET"]}}],"collection":[{"href":"https:\/\/21panorama.com\/index.php\/wp-json\/wp\/v2\/posts"}],"about":[{"href":"https:\/\/21panorama.com\/index.php\/wp-json\/wp\/v2\/types\/post"}],"author":[{"embeddable":true,"href":"https:\/\/21panorama.com\/index.php\/wp-json\/wp\/v2\/users\/1"}],"replies":[{"embeddable":true,"href":"https:\/\/21panorama.com\/index.php\/wp-json\/wp\/v2\/comments?post=6007"}],"version-history":[{"count":2,"href":"https:\/\/21panorama.com\/index.php\/wp-json\/wp\/v2\/posts\/6007\/revisions"}],"predecessor-version":[{"id":6013,"href":"https:\/\/21panorama.com\/index.php\/wp-json\/wp\/v2\/posts\/6007\/revisions\/6013"}],"wp:attachment":[{"href":"https:\/\/21panorama.com\/index.php\/wp-json\/wp\/v2\/media?parent=6007"}],"wp:term":[{"taxonomy":"category","embeddable":true,"href":"https:\/\/21panorama.com\/index.php\/wp-json\/wp\/v2\/categories?post=6007"},{"taxonomy":"post_tag","embeddable":true,"href":"https:\/\/21panorama.com\/index.php\/wp-json\/wp\/v2\/tags?post=6007"}],"curies":[{"name":"wp","href":"https:\/\/api.w.org\/{rel}","templated":true}]}}