{"id":5996,"date":"2025-05-28T17:39:33","date_gmt":"2025-05-28T23:39:33","guid":{"rendered":"https:\/\/21panorama.com\/?p=5996"},"modified":"2025-05-28T17:39:33","modified_gmt":"2025-05-28T23:39:33","slug":"cierra-campana-ricardo-garduno-a-ministro-de-la-corte-de-justicia","status":"publish","type":"post","link":"https:\/\/21panorama.com\/index.php\/2025\/05\/28\/cierra-campana-ricardo-garduno-a-ministro-de-la-corte-de-justicia\/","title":{"rendered":"CIERRA CAMPA\u00d1A RICARDO GARDU\u00d1O A MINISTRO DE LA CORTE DE JUSTICIA"},"content":{"rendered":"\n<p>Con el n\u00famero 47 en la boleta morada, el candidato a Ministro de la Suprema Corte de Justicia de la Naci\u00f3n, Ricardo Gardu\u00f1o Pasten, cerr\u00f3 su campa\u00f1a rumbo a las elecciones del pr\u00f3ximo 1 de junio, convencido de la necesidad de un cambio en la aplicaci\u00f3n de la justicia con perspectiva de g\u00e9nero.<\/p>\n\n\n\n<p>En su natal Jocotitl\u00e1n, expuso en su recorrido por el tianguis ante los vecinos de este municipio que M\u00e9xico necesita un cambio real en la impartici\u00f3n de justicia, por ello pidi\u00f3 al electorado salir a votar, \u201cqueremos ser la voz que no ha sido escuchada y que se haga visible la gente que no tiene presencia en el alto tribunal\u201d.<\/p>\n\n\n\n<p>Despu\u00e9s de una ardua visita por diferentes ciudades del pa\u00eds, el candidato a Ministro quien tambi\u00e9n es autor de un libro reconocido a nivel internacional sostuvo que desde la Corte de Justicia puede aportar una visi\u00f3n realista y humanista basada en sus or\u00edgenes y con el firme compromiso de acercar la justicia a quien m\u00e1s la necesita.<\/p>\n\n\n\n<p>Con una carrera judicial desde hace 30 a\u00f1os al empezar como meritorio, Gardu\u00f1o Pasten ya planteaba en el 2014 que el Poder Judicial debe tener m\u00e1s acercamiento con la sociedad. El candidato que ya fue secretario, juez y actualmente Magistrado en Toluca dijo ser cercano a la sociedad que busca justicia.<\/p>\n\n\n\n<p>Manifest\u00f3 la importancia que las personas juzgadoras tengan una vida transparente y libre de se\u00f1alamientos con el fin de que el Poder Judicial cambie la historia del pa\u00eds y por eso todos debemos de estar sujetos a una investigaci\u00f3n para conocer las resoluciones que se han tendido y que decida la gente. \u201cHay que ser transparentes y un buen juez por su casa empieza\u201d, agreg\u00f3.<\/p>\n","protected":false},"excerpt":{"rendered":"<p>Con el n\u00famero 47 en la boleta morada, el candidato a Ministro de la Suprema Corte de Justicia de la Naci\u00f3n, Ricardo Gardu\u00f1o Pasten, cerr\u00f3 su campa\u00f1a rumbo a las elecciones del pr\u00f3ximo 1 de junio, convencido de la necesidad de un cambio en la aplicaci\u00f3n de la justicia con perspectiva de g\u00e9nero. En su natal Jocotitl\u00e1n, expuso en su recorrido por el tianguis ante los vecinos de este municipio que M\u00e9xico necesita un cambio real en la impartici\u00f3n de justicia, por ello pidi\u00f3 al electorado salir a votar, \u201cqueremos&hellip;<\/p>\n","protected":false},"author":1,"featured_media":5997,"comment_status":"open","ping_status":"open","sticky":false,"template":"","format":"standard","meta":{"footnotes":""},"categories":[1],"tags":[],"class_list":["post-5996","post","type-post","status-publish","format-standard","has-post-thumbnail","hentry","category-sociedad"],"yoast_head":"<!-- This site is optimized with the Yoast SEO plugin v24.9 - https:\/\/yoast.com\/wordpress\/plugins\/seo\/ -->\n<title>CIERRA CAMPA\u00d1A RICARDO GARDU\u00d1O A MINISTRO DE LA CORTE DE JUSTICIA - 21 Panorama<\/title>\n<meta name=\"robots\" content=\"index, follow, max-snippet:-1, max-image-preview:large, max-video-preview:-1\" \/>\n<link rel=\"canonical\" href=\"https:\/\/21panorama.com\/index.php\/2025\/05\/28\/cierra-campana-ricardo-garduno-a-ministro-de-la-corte-de-justicia\/\" \/>\n<meta property=\"og:locale\" content=\"es_MX\" \/>\n<meta property=\"og:type\" content=\"article\" \/>\n<meta property=\"og:title\" content=\"CIERRA CAMPA\u00d1A RICARDO GARDU\u00d1O A MINISTRO DE LA CORTE DE JUSTICIA - 21 Panorama\" \/>\n<meta property=\"og:description\" content=\"Con el n\u00famero 47 en la boleta morada, el candidato a Ministro de la Suprema Corte de Justicia de la Naci\u00f3n, Ricardo Gardu\u00f1o Pasten, cerr\u00f3 su campa\u00f1a rumbo a las elecciones del pr\u00f3ximo 1 de junio, convencido de la necesidad de un cambio en la aplicaci\u00f3n de la justicia con perspectiva de g\u00e9nero. En su natal Jocotitl\u00e1n, expuso en su recorrido por el tianguis ante los vecinos de este municipio que M\u00e9xico necesita un cambio real en la impartici\u00f3n de justicia, por ello pidi\u00f3 al electorado salir a votar, \u201cqueremos&hellip;\" \/>\n<meta property=\"og:url\" content=\"https:\/\/21panorama.com\/index.php\/2025\/05\/28\/cierra-campana-ricardo-garduno-a-ministro-de-la-corte-de-justicia\/\" \/>\n<meta property=\"og:site_name\" content=\"21 Panorama\" \/>\n<meta property=\"article:published_time\" content=\"2025-05-28T23:39:33+00:00\" \/>\n<meta property=\"og:image\" content=\"https:\/\/21panorama.com\/wp-content\/uploads\/2025\/05\/a51b9855-5a7f-423c-9765-14fb486642d6.jpg\" \/>\n\t<meta property=\"og:image:width\" content=\"1599\" \/>\n\t<meta property=\"og:image:height\" content=\"899\" \/>\n\t<meta property=\"og:image:type\" content=\"image\/jpeg\" \/>\n<meta name=\"author\" content=\"admin\" \/>\n<meta name=\"twitter:card\" content=\"summary_large_image\" \/>\n<meta name=\"twitter:label1\" content=\"Escrito por\" \/>\n\t<meta name=\"twitter:data1\" content=\"admin\" \/>\n\t<meta name=\"twitter:label2\" content=\"Tiempo de lectura\" \/>\n\t<meta name=\"twitter:data2\" content=\"2 minutos\" \/>\n<script type=\"application\/ld+json\" class=\"yoast-schema-graph\">{\"@context\":\"https:\/\/schema.org\",\"@graph\":[{\"@type\":\"Article\",\"@id\":\"https:\/\/21panorama.com\/index.php\/2025\/05\/28\/cierra-campana-ricardo-garduno-a-ministro-de-la-corte-de-justicia\/#article\",\"isPartOf\":{\"@id\":\"https:\/\/21panorama.com\/index.php\/2025\/05\/28\/cierra-campana-ricardo-garduno-a-ministro-de-la-corte-de-justicia\/\"},\"author\":{\"name\":\"admin\",\"@id\":\"https:\/\/21panorama.com\/#\/schema\/person\/1afc291b96d5792a158768324287319f\"},\"headline\":\"CIERRA CAMPA\u00d1A RICARDO GARDU\u00d1O A MINISTRO DE LA CORTE DE JUSTICIA\",\"datePublished\":\"2025-05-28T23:39:33+00:00\",\"mainEntityOfPage\":{\"@id\":\"https:\/\/21panorama.com\/index.php\/2025\/05\/28\/cierra-campana-ricardo-garduno-a-ministro-de-la-corte-de-justicia\/\"},\"wordCount\":317,\"commentCount\":0,\"publisher\":{\"@id\":\"https:\/\/21panorama.com\/#organization\"},\"image\":{\"@id\":\"https:\/\/21panorama.com\/index.php\/2025\/05\/28\/cierra-campana-ricardo-garduno-a-ministro-de-la-corte-de-justicia\/#primaryimage\"},\"thumbnailUrl\":\"https:\/\/21panorama.com\/wp-content\/uploads\/2025\/05\/a51b9855-5a7f-423c-9765-14fb486642d6.jpg\",\"articleSection\":[\"Sociedad\"],\"inLanguage\":\"es\",\"potentialAction\":[{\"@type\":\"CommentAction\",\"name\":\"Comment\",\"target\":[\"https:\/\/21panorama.com\/index.php\/2025\/05\/28\/cierra-campana-ricardo-garduno-a-ministro-de-la-corte-de-justicia\/#respond\"]}]},{\"@type\":\"WebPage\",\"@id\":\"https:\/\/21panorama.com\/index.php\/2025\/05\/28\/cierra-campana-ricardo-garduno-a-ministro-de-la-corte-de-justicia\/\",\"url\":\"https:\/\/21panorama.com\/index.php\/2025\/05\/28\/cierra-campana-ricardo-garduno-a-ministro-de-la-corte-de-justicia\/\",\"name\":\"CIERRA CAMPA\u00d1A RICARDO GARDU\u00d1O A MINISTRO DE LA CORTE DE JUSTICIA - 21 Panorama\",\"isPartOf\":{\"@id\":\"https:\/\/21panorama.com\/#website\"},\"primaryImageOfPage\":{\"@id\":\"https:\/\/21panorama.com\/index.php\/2025\/05\/28\/cierra-campana-ricardo-garduno-a-ministro-de-la-corte-de-justicia\/#primaryimage\"},\"image\":{\"@id\":\"https:\/\/21panorama.com\/index.php\/2025\/05\/28\/cierra-campana-ricardo-garduno-a-ministro-de-la-corte-de-justicia\/#primaryimage\"},\"thumbnailUrl\":\"https:\/\/21panorama.com\/wp-content\/uploads\/2025\/05\/a51b9855-5a7f-423c-9765-14fb486642d6.jpg\",\"datePublished\":\"2025-05-28T23:39:33+00:00\",\"breadcrumb\":{\"@id\":\"https:\/\/21panorama.com\/index.php\/2025\/05\/28\/cierra-campana-ricardo-garduno-a-ministro-de-la-corte-de-justicia\/#breadcrumb\"},\"inLanguage\":\"es\",\"potentialAction\":[{\"@type\":\"ReadAction\",\"target\":[\"https:\/\/21panorama.com\/index.php\/2025\/05\/28\/cierra-campana-ricardo-garduno-a-ministro-de-la-corte-de-justicia\/\"]}]},{\"@type\":\"ImageObject\",\"inLanguage\":\"es\",\"@id\":\"https:\/\/21panorama.com\/index.php\/2025\/05\/28\/cierra-campana-ricardo-garduno-a-ministro-de-la-corte-de-justicia\/#primaryimage\",\"url\":\"https:\/\/21panorama.com\/wp-content\/uploads\/2025\/05\/a51b9855-5a7f-423c-9765-14fb486642d6.jpg\",\"contentUrl\":\"https:\/\/21panorama.com\/wp-content\/uploads\/2025\/05\/a51b9855-5a7f-423c-9765-14fb486642d6.jpg\",\"width\":1599,\"height\":899},{\"@type\":\"BreadcrumbList\",\"@id\":\"https:\/\/21panorama.com\/index.php\/2025\/05\/28\/cierra-campana-ricardo-garduno-a-ministro-de-la-corte-de-justicia\/#breadcrumb\",\"itemListElement\":[{\"@type\":\"ListItem\",\"position\":1,\"name\":\"Inicio\",\"item\":\"https:\/\/21panorama.com\/\"},{\"@type\":\"ListItem\",\"position\":2,\"name\":\"CIERRA CAMPA\u00d1A RICARDO GARDU\u00d1O A MINISTRO DE LA CORTE DE JUSTICIA\"}]},{\"@type\":\"WebSite\",\"@id\":\"https:\/\/21panorama.com\/#website\",\"url\":\"https:\/\/21panorama.com\/\",\"name\":\"21 Panorama\",\"description\":\"La construcci\u00f3n de la opini\u00f3n p\u00fablica merece un mejor Panorama en este siglo 21 para alcanzar una sociedad con mayor transparencia y sin corrupci\u00f3n.\",\"publisher\":{\"@id\":\"https:\/\/21panorama.com\/#organization\"},\"potentialAction\":[{\"@type\":\"SearchAction\",\"target\":{\"@type\":\"EntryPoint\",\"urlTemplate\":\"https:\/\/21panorama.com\/?s={search_term_string}\"},\"query-input\":{\"@type\":\"PropertyValueSpecification\",\"valueRequired\":true,\"valueName\":\"search_term_string\"}}],\"inLanguage\":\"es\"},{\"@type\":\"Organization\",\"@id\":\"https:\/\/21panorama.com\/#organization\",\"name\":\"21 Panorama\",\"url\":\"https:\/\/21panorama.com\/\",\"logo\":{\"@type\":\"ImageObject\",\"inLanguage\":\"es\",\"@id\":\"https:\/\/21panorama.com\/#\/schema\/logo\/image\/\",\"url\":\"https:\/\/21panorama.com\/wp-content\/uploads\/2019\/07\/cropped-Logo-Panorama-01.jpeg\",\"contentUrl\":\"https:\/\/21panorama.com\/wp-content\/uploads\/2019\/07\/cropped-Logo-Panorama-01.jpeg\",\"width\":290,\"height\":70,\"caption\":\"21 Panorama\"},\"image\":{\"@id\":\"https:\/\/21panorama.com\/#\/schema\/logo\/image\/\"}},{\"@type\":\"Person\",\"@id\":\"https:\/\/21panorama.com\/#\/schema\/person\/1afc291b96d5792a158768324287319f\",\"name\":\"admin\",\"image\":{\"@type\":\"ImageObject\",\"inLanguage\":\"es\",\"@id\":\"https:\/\/21panorama.com\/#\/schema\/person\/image\/\",\"url\":\"https:\/\/secure.gravatar.com\/avatar\/ad365d9d9f46719215b0d042cc3df92a5a8683e09ef13d102233e5491985f0f0?s=96&d=mm&r=g\",\"contentUrl\":\"https:\/\/secure.gravatar.com\/avatar\/ad365d9d9f46719215b0d042cc3df92a5a8683e09ef13d102233e5491985f0f0?s=96&d=mm&r=g\",\"caption\":\"admin\"},\"url\":\"https:\/\/21panorama.com\/index.php\/author\/admin\/\"}]}<\/script>\n<!-- \/ Yoast SEO plugin. -->","yoast_head_json":{"title":"CIERRA CAMPA\u00d1A RICARDO GARDU\u00d1O A MINISTRO DE LA CORTE DE JUSTICIA - 21 Panorama","robots":{"index":"index","follow":"follow","max-snippet":"max-snippet:-1","max-image-preview":"max-image-preview:large","max-video-preview":"max-video-preview:-1"},"canonical":"https:\/\/21panorama.com\/index.php\/2025\/05\/28\/cierra-campana-ricardo-garduno-a-ministro-de-la-corte-de-justicia\/","og_locale":"es_MX","og_type":"article","og_title":"CIERRA CAMPA\u00d1A RICARDO GARDU\u00d1O A MINISTRO DE LA CORTE DE JUSTICIA - 21 Panorama","og_description":"Con el n\u00famero 47 en la boleta morada, el candidato a Ministro de la Suprema Corte de Justicia de la Naci\u00f3n, Ricardo Gardu\u00f1o Pasten, cerr\u00f3 su campa\u00f1a rumbo a las elecciones del pr\u00f3ximo 1 de junio, convencido de la necesidad de un cambio en la aplicaci\u00f3n de la justicia con perspectiva de g\u00e9nero. En su natal Jocotitl\u00e1n, expuso en su recorrido por el tianguis ante los vecinos de este municipio que M\u00e9xico necesita un cambio real en la impartici\u00f3n de justicia, por ello pidi\u00f3 al electorado salir a votar, \u201cqueremos&hellip;","og_url":"https:\/\/21panorama.com\/index.php\/2025\/05\/28\/cierra-campana-ricardo-garduno-a-ministro-de-la-corte-de-justicia\/","og_site_name":"21 Panorama","article_published_time":"2025-05-28T23:39:33+00:00","og_image":[{"width":1599,"height":899,"url":"https:\/\/21panorama.com\/wp-content\/uploads\/2025\/05\/a51b9855-5a7f-423c-9765-14fb486642d6.jpg","type":"image\/jpeg"}],"author":"admin","twitter_card":"summary_large_image","twitter_misc":{"Escrito por":"admin","Tiempo de lectura":"2 minutos"},"schema":{"@context":"https:\/\/schema.org","@graph":[{"@type":"Article","@id":"https:\/\/21panorama.com\/index.php\/2025\/05\/28\/cierra-campana-ricardo-garduno-a-ministro-de-la-corte-de-justicia\/#article","isPartOf":{"@id":"https:\/\/21panorama.com\/index.php\/2025\/05\/28\/cierra-campana-ricardo-garduno-a-ministro-de-la-corte-de-justicia\/"},"author":{"name":"admin","@id":"https:\/\/21panorama.com\/#\/schema\/person\/1afc291b96d5792a158768324287319f"},"headline":"CIERRA CAMPA\u00d1A RICARDO GARDU\u00d1O A MINISTRO DE LA CORTE DE JUSTICIA","datePublished":"2025-05-28T23:39:33+00:00","mainEntityOfPage":{"@id":"https:\/\/21panorama.com\/index.php\/2025\/05\/28\/cierra-campana-ricardo-garduno-a-ministro-de-la-corte-de-justicia\/"},"wordCount":317,"commentCount":0,"publisher":{"@id":"https:\/\/21panorama.com\/#organization"},"image":{"@id":"https:\/\/21panorama.com\/index.php\/2025\/05\/28\/cierra-campana-ricardo-garduno-a-ministro-de-la-corte-de-justicia\/#primaryimage"},"thumbnailUrl":"https:\/\/21panorama.com\/wp-content\/uploads\/2025\/05\/a51b9855-5a7f-423c-9765-14fb486642d6.jpg","articleSection":["Sociedad"],"inLanguage":"es","potentialAction":[{"@type":"CommentAction","name":"Comment","target":["https:\/\/21panorama.com\/index.php\/2025\/05\/28\/cierra-campana-ricardo-garduno-a-ministro-de-la-corte-de-justicia\/#respond"]}]},{"@type":"WebPage","@id":"https:\/\/21panorama.com\/index.php\/2025\/05\/28\/cierra-campana-ricardo-garduno-a-ministro-de-la-corte-de-justicia\/","url":"https:\/\/21panorama.com\/index.php\/2025\/05\/28\/cierra-campana-ricardo-garduno-a-ministro-de-la-corte-de-justicia\/","name":"CIERRA CAMPA\u00d1A RICARDO GARDU\u00d1O A MINISTRO DE LA CORTE DE JUSTICIA - 21 Panorama","isPartOf":{"@id":"https:\/\/21panorama.com\/#website"},"primaryImageOfPage":{"@id":"https:\/\/21panorama.com\/index.php\/2025\/05\/28\/cierra-campana-ricardo-garduno-a-ministro-de-la-corte-de-justicia\/#primaryimage"},"image":{"@id":"https:\/\/21panorama.com\/index.php\/2025\/05\/28\/cierra-campana-ricardo-garduno-a-ministro-de-la-corte-de-justicia\/#primaryimage"},"thumbnailUrl":"https:\/\/21panorama.com\/wp-content\/uploads\/2025\/05\/a51b9855-5a7f-423c-9765-14fb486642d6.jpg","datePublished":"2025-05-28T23:39:33+00:00","breadcrumb":{"@id":"https:\/\/21panorama.com\/index.php\/2025\/05\/28\/cierra-campana-ricardo-garduno-a-ministro-de-la-corte-de-justicia\/#breadcrumb"},"inLanguage":"es","potentialAction":[{"@type":"ReadAction","target":["https:\/\/21panorama.com\/index.php\/2025\/05\/28\/cierra-campana-ricardo-garduno-a-ministro-de-la-corte-de-justicia\/"]}]},{"@type":"ImageObject","inLanguage":"es","@id":"https:\/\/21panorama.com\/index.php\/2025\/05\/28\/cierra-campana-ricardo-garduno-a-ministro-de-la-corte-de-justicia\/#primaryimage","url":"https:\/\/21panorama.com\/wp-content\/uploads\/2025\/05\/a51b9855-5a7f-423c-9765-14fb486642d6.jpg","contentUrl":"https:\/\/21panorama.com\/wp-content\/uploads\/2025\/05\/a51b9855-5a7f-423c-9765-14fb486642d6.jpg","width":1599,"height":899},{"@type":"BreadcrumbList","@id":"https:\/\/21panorama.com\/index.php\/2025\/05\/28\/cierra-campana-ricardo-garduno-a-ministro-de-la-corte-de-justicia\/#breadcrumb","itemListElement":[{"@type":"ListItem","position":1,"name":"Inicio","item":"https:\/\/21panorama.com\/"},{"@type":"ListItem","position":2,"name":"CIERRA CAMPA\u00d1A RICARDO GARDU\u00d1O A MINISTRO DE LA CORTE DE JUSTICIA"}]},{"@type":"WebSite","@id":"https:\/\/21panorama.com\/#website","url":"https:\/\/21panorama.com\/","name":"21 Panorama","description":"La construcci\u00f3n de la opini\u00f3n p\u00fablica merece un mejor Panorama en este siglo 21 para alcanzar una sociedad con mayor transparencia y sin corrupci\u00f3n.","publisher":{"@id":"https:\/\/21panorama.com\/#organization"},"potentialAction":[{"@type":"SearchAction","target":{"@type":"EntryPoint","urlTemplate":"https:\/\/21panorama.com\/?s={search_term_string}"},"query-input":{"@type":"PropertyValueSpecification","valueRequired":true,"valueName":"search_term_string"}}],"inLanguage":"es"},{"@type":"Organization","@id":"https:\/\/21panorama.com\/#organization","name":"21 Panorama","url":"https:\/\/21panorama.com\/","logo":{"@type":"ImageObject","inLanguage":"es","@id":"https:\/\/21panorama.com\/#\/schema\/logo\/image\/","url":"https:\/\/21panorama.com\/wp-content\/uploads\/2019\/07\/cropped-Logo-Panorama-01.jpeg","contentUrl":"https:\/\/21panorama.com\/wp-content\/uploads\/2019\/07\/cropped-Logo-Panorama-01.jpeg","width":290,"height":70,"caption":"21 Panorama"},"image":{"@id":"https:\/\/21panorama.com\/#\/schema\/logo\/image\/"}},{"@type":"Person","@id":"https:\/\/21panorama.com\/#\/schema\/person\/1afc291b96d5792a158768324287319f","name":"admin","image":{"@type":"ImageObject","inLanguage":"es","@id":"https:\/\/21panorama.com\/#\/schema\/person\/image\/","url":"https:\/\/secure.gravatar.com\/avatar\/ad365d9d9f46719215b0d042cc3df92a5a8683e09ef13d102233e5491985f0f0?s=96&d=mm&r=g","contentUrl":"https:\/\/secure.gravatar.com\/avatar\/ad365d9d9f46719215b0d042cc3df92a5a8683e09ef13d102233e5491985f0f0?s=96&d=mm&r=g","caption":"admin"},"url":"https:\/\/21panorama.com\/index.php\/author\/admin\/"}]}},"_links":{"self":[{"href":"https:\/\/21panorama.com\/index.php\/wp-json\/wp\/v2\/posts\/5996","targetHints":{"allow":["GET"]}}],"collection":[{"href":"https:\/\/21panorama.com\/index.php\/wp-json\/wp\/v2\/posts"}],"about":[{"href":"https:\/\/21panorama.com\/index.php\/wp-json\/wp\/v2\/types\/post"}],"author":[{"embeddable":true,"href":"https:\/\/21panorama.com\/index.php\/wp-json\/wp\/v2\/users\/1"}],"replies":[{"embeddable":true,"href":"https:\/\/21panorama.com\/index.php\/wp-json\/wp\/v2\/comments?post=5996"}],"version-history":[{"count":1,"href":"https:\/\/21panorama.com\/index.php\/wp-json\/wp\/v2\/posts\/5996\/revisions"}],"predecessor-version":[{"id":5998,"href":"https:\/\/21panorama.com\/index.php\/wp-json\/wp\/v2\/posts\/5996\/revisions\/5998"}],"wp:featuredmedia":[{"embeddable":true,"href":"https:\/\/21panorama.com\/index.php\/wp-json\/wp\/v2\/media\/5997"}],"wp:attachment":[{"href":"https:\/\/21panorama.com\/index.php\/wp-json\/wp\/v2\/media?parent=5996"}],"wp:term":[{"taxonomy":"category","embeddable":true,"href":"https:\/\/21panorama.com\/index.php\/wp-json\/wp\/v2\/categories?post=5996"},{"taxonomy":"post_tag","embeddable":true,"href":"https:\/\/21panorama.com\/index.php\/wp-json\/wp\/v2\/tags?post=5996"}],"curies":[{"name":"wp","href":"https:\/\/api.w.org\/{rel}","templated":true}]}}