{"id":5992,"date":"2025-05-22T15:02:28","date_gmt":"2025-05-22T21:02:28","guid":{"rendered":"https:\/\/21panorama.com\/?p=5992"},"modified":"2025-05-22T15:02:28","modified_gmt":"2025-05-22T21:02:28","slug":"el-compromiso-no-se-detiene-seguimos-firmes-por-el-estado-de-mexico-castro","status":"publish","type":"post","link":"https:\/\/21panorama.com\/index.php\/2025\/05\/22\/el-compromiso-no-se-detiene-seguimos-firmes-por-el-estado-de-mexico-castro\/","title":{"rendered":"EL COMPROMISO NO SE DETIENE, SEGUIMOS FIRMES POR EL ESTADO DE M\u00c9XICO: CASTRO"},"content":{"rendered":"\n<p>Al concluir formalmente el Periodo Ordinario de Sesiones en el Congreso, el diputado Alejandro Castro Hern\u00e1ndez asegur\u00f3 que el trabajo no se detiene y que seguir\u00e1n atentos al desarrollo legislativo por el compromiso que se tiene con los mexiquenses.<\/p>\n\n\n\n<p>Desde el Congreso las y los diputados del PRI del Estado de M\u00e9xico defendemos sus derechos, impulsaremos leyes con visi\u00f3n social y actuaremos con responsabilidad para construir una mejor entidad y con m\u00e1s cercan\u00eda con la gente.<\/p>\n\n\n\n<p>En el balance del periodo de sesiones, sostuvo que la fracci\u00f3n parlamentaria del PRI en la C\u00e1mara de Diputados trabaja con convicci\u00f3n y compromiso por las causas del Estado de M\u00e9xico.<\/p>\n\n\n\n<p>No hay esfuerzo aislados porque somos un gran equipo que defiende con firmeza los ideales de nuestro partido y las necesidades de nuestra gente, expuso el legislador al establecer que cada palabra representa el sentir de quienes d\u00eda a d\u00eda luchan por un mejor estado.<\/p>\n\n\n\n<p>\u201cEstoy aqu\u00ed porque creo firmemente que cuando se trabaja con honestidad, empat\u00eda y compromiso, se construyen realidades distintas, vine a servir, camino con ustedes, y mientras haya causas justas por defender, seguir\u00e9 de pie por su confianza, seguiremos adelante porque lo mejor est\u00e1 por venir&#8221;, dijo. <\/p>\n\n\n\n<p>Destac\u00f3, finalmente, que en este periodo propuso un sistema integral de transporte seguro con vigilancia conectada al C5, botones de p\u00e1nico, personal capacitado en perspectiva de g\u00e9nero y geolocalizaci\u00f3n en tiempo real. Adem\u00e1s de un fondo estatal de apoyo para familias de mujeres desaparecidas, que brinde acompa\u00f1amiento psicol\u00f3gico jur\u00eddico, econ\u00f3mico y atenci\u00f3n m\u00e9dica.<\/p>\n","protected":false},"excerpt":{"rendered":"<p>Al concluir formalmente el Periodo Ordinario de Sesiones en el Congreso, el diputado Alejandro Castro Hern\u00e1ndez asegur\u00f3 que el trabajo no se detiene y que seguir\u00e1n atentos al desarrollo legislativo por el compromiso que se tiene con los mexiquenses.<\/p>\n","protected":false},"author":1,"featured_media":5993,"comment_status":"open","ping_status":"open","sticky":false,"template":"","format":"standard","meta":{"footnotes":""},"categories":[12,1],"tags":[413,97,33],"class_list":["post-5992","post","type-post","status-publish","format-standard","has-post-thumbnail","hentry","category-politica","category-sociedad","tag-cristina-ruiz-sandoval","tag-edomex","tag-pri"],"yoast_head":"<!-- This site is optimized with the Yoast SEO plugin v24.9 - https:\/\/yoast.com\/wordpress\/plugins\/seo\/ -->\n<title>EL COMPROMISO NO SE DETIENE, SEGUIMOS FIRMES POR EL ESTADO DE M\u00c9XICO: CASTRO - 21 Panorama<\/title>\n<meta name=\"robots\" content=\"index, follow, max-snippet:-1, max-image-preview:large, max-video-preview:-1\" \/>\n<link rel=\"canonical\" href=\"https:\/\/21panorama.com\/index.php\/2025\/05\/22\/el-compromiso-no-se-detiene-seguimos-firmes-por-el-estado-de-mexico-castro\/\" \/>\n<meta property=\"og:locale\" content=\"es_MX\" \/>\n<meta property=\"og:type\" content=\"article\" \/>\n<meta property=\"og:title\" content=\"EL COMPROMISO NO SE DETIENE, SEGUIMOS FIRMES POR EL ESTADO DE M\u00c9XICO: CASTRO - 21 Panorama\" \/>\n<meta property=\"og:description\" content=\"Al concluir formalmente el Periodo Ordinario de Sesiones en el Congreso, el diputado Alejandro Castro Hern\u00e1ndez asegur\u00f3 que el trabajo no se detiene y que seguir\u00e1n atentos al desarrollo legislativo por el compromiso que se tiene con los mexiquenses.\" \/>\n<meta property=\"og:url\" content=\"https:\/\/21panorama.com\/index.php\/2025\/05\/22\/el-compromiso-no-se-detiene-seguimos-firmes-por-el-estado-de-mexico-castro\/\" \/>\n<meta property=\"og:site_name\" content=\"21 Panorama\" \/>\n<meta property=\"article:published_time\" content=\"2025-05-22T21:02:28+00:00\" \/>\n<meta property=\"og:image\" content=\"https:\/\/21panorama.com\/wp-content\/uploads\/2025\/05\/WhatsApp-Image-2025-05-21-at-6.02.08-PM-2.jpeg\" \/>\n\t<meta property=\"og:image:width\" content=\"1600\" \/>\n\t<meta property=\"og:image:height\" content=\"1066\" \/>\n\t<meta property=\"og:image:type\" content=\"image\/jpeg\" \/>\n<meta name=\"author\" content=\"admin\" \/>\n<meta name=\"twitter:card\" content=\"summary_large_image\" \/>\n<meta name=\"twitter:label1\" content=\"Escrito por\" \/>\n\t<meta name=\"twitter:data1\" content=\"admin\" \/>\n\t<meta name=\"twitter:label2\" content=\"Tiempo de lectura\" \/>\n\t<meta name=\"twitter:data2\" content=\"2 minutos\" \/>\n<script type=\"application\/ld+json\" class=\"yoast-schema-graph\">{\"@context\":\"https:\/\/schema.org\",\"@graph\":[{\"@type\":\"Article\",\"@id\":\"https:\/\/21panorama.com\/index.php\/2025\/05\/22\/el-compromiso-no-se-detiene-seguimos-firmes-por-el-estado-de-mexico-castro\/#article\",\"isPartOf\":{\"@id\":\"https:\/\/21panorama.com\/index.php\/2025\/05\/22\/el-compromiso-no-se-detiene-seguimos-firmes-por-el-estado-de-mexico-castro\/\"},\"author\":{\"name\":\"admin\",\"@id\":\"https:\/\/21panorama.com\/#\/schema\/person\/1afc291b96d5792a158768324287319f\"},\"headline\":\"EL COMPROMISO NO SE DETIENE, SEGUIMOS FIRMES POR EL ESTADO DE M\u00c9XICO: CASTRO\",\"datePublished\":\"2025-05-22T21:02:28+00:00\",\"mainEntityOfPage\":{\"@id\":\"https:\/\/21panorama.com\/index.php\/2025\/05\/22\/el-compromiso-no-se-detiene-seguimos-firmes-por-el-estado-de-mexico-castro\/\"},\"wordCount\":288,\"commentCount\":0,\"publisher\":{\"@id\":\"https:\/\/21panorama.com\/#organization\"},\"image\":{\"@id\":\"https:\/\/21panorama.com\/index.php\/2025\/05\/22\/el-compromiso-no-se-detiene-seguimos-firmes-por-el-estado-de-mexico-castro\/#primaryimage\"},\"thumbnailUrl\":\"https:\/\/21panorama.com\/wp-content\/uploads\/2025\/05\/WhatsApp-Image-2025-05-21-at-6.02.08-PM-2.jpeg\",\"keywords\":[\"Cristina Ru\u00edz Sandoval\",\"EDOMEX\",\"PRI\"],\"articleSection\":[\"Politica\",\"Sociedad\"],\"inLanguage\":\"es\",\"potentialAction\":[{\"@type\":\"CommentAction\",\"name\":\"Comment\",\"target\":[\"https:\/\/21panorama.com\/index.php\/2025\/05\/22\/el-compromiso-no-se-detiene-seguimos-firmes-por-el-estado-de-mexico-castro\/#respond\"]}]},{\"@type\":\"WebPage\",\"@id\":\"https:\/\/21panorama.com\/index.php\/2025\/05\/22\/el-compromiso-no-se-detiene-seguimos-firmes-por-el-estado-de-mexico-castro\/\",\"url\":\"https:\/\/21panorama.com\/index.php\/2025\/05\/22\/el-compromiso-no-se-detiene-seguimos-firmes-por-el-estado-de-mexico-castro\/\",\"name\":\"EL COMPROMISO NO SE DETIENE, SEGUIMOS FIRMES POR EL ESTADO DE M\u00c9XICO: CASTRO - 21 Panorama\",\"isPartOf\":{\"@id\":\"https:\/\/21panorama.com\/#website\"},\"primaryImageOfPage\":{\"@id\":\"https:\/\/21panorama.com\/index.php\/2025\/05\/22\/el-compromiso-no-se-detiene-seguimos-firmes-por-el-estado-de-mexico-castro\/#primaryimage\"},\"image\":{\"@id\":\"https:\/\/21panorama.com\/index.php\/2025\/05\/22\/el-compromiso-no-se-detiene-seguimos-firmes-por-el-estado-de-mexico-castro\/#primaryimage\"},\"thumbnailUrl\":\"https:\/\/21panorama.com\/wp-content\/uploads\/2025\/05\/WhatsApp-Image-2025-05-21-at-6.02.08-PM-2.jpeg\",\"datePublished\":\"2025-05-22T21:02:28+00:00\",\"breadcrumb\":{\"@id\":\"https:\/\/21panorama.com\/index.php\/2025\/05\/22\/el-compromiso-no-se-detiene-seguimos-firmes-por-el-estado-de-mexico-castro\/#breadcrumb\"},\"inLanguage\":\"es\",\"potentialAction\":[{\"@type\":\"ReadAction\",\"target\":[\"https:\/\/21panorama.com\/index.php\/2025\/05\/22\/el-compromiso-no-se-detiene-seguimos-firmes-por-el-estado-de-mexico-castro\/\"]}]},{\"@type\":\"ImageObject\",\"inLanguage\":\"es\",\"@id\":\"https:\/\/21panorama.com\/index.php\/2025\/05\/22\/el-compromiso-no-se-detiene-seguimos-firmes-por-el-estado-de-mexico-castro\/#primaryimage\",\"url\":\"https:\/\/21panorama.com\/wp-content\/uploads\/2025\/05\/WhatsApp-Image-2025-05-21-at-6.02.08-PM-2.jpeg\",\"contentUrl\":\"https:\/\/21panorama.com\/wp-content\/uploads\/2025\/05\/WhatsApp-Image-2025-05-21-at-6.02.08-PM-2.jpeg\",\"width\":1600,\"height\":1066},{\"@type\":\"BreadcrumbList\",\"@id\":\"https:\/\/21panorama.com\/index.php\/2025\/05\/22\/el-compromiso-no-se-detiene-seguimos-firmes-por-el-estado-de-mexico-castro\/#breadcrumb\",\"itemListElement\":[{\"@type\":\"ListItem\",\"position\":1,\"name\":\"Inicio\",\"item\":\"https:\/\/21panorama.com\/\"},{\"@type\":\"ListItem\",\"position\":2,\"name\":\"EL COMPROMISO NO SE DETIENE, SEGUIMOS FIRMES POR EL ESTADO DE M\u00c9XICO: CASTRO\"}]},{\"@type\":\"WebSite\",\"@id\":\"https:\/\/21panorama.com\/#website\",\"url\":\"https:\/\/21panorama.com\/\",\"name\":\"21 Panorama\",\"description\":\"La construcci\u00f3n de la opini\u00f3n p\u00fablica merece un mejor Panorama en este siglo 21 para alcanzar una sociedad con mayor transparencia y sin corrupci\u00f3n.\",\"publisher\":{\"@id\":\"https:\/\/21panorama.com\/#organization\"},\"potentialAction\":[{\"@type\":\"SearchAction\",\"target\":{\"@type\":\"EntryPoint\",\"urlTemplate\":\"https:\/\/21panorama.com\/?s={search_term_string}\"},\"query-input\":{\"@type\":\"PropertyValueSpecification\",\"valueRequired\":true,\"valueName\":\"search_term_string\"}}],\"inLanguage\":\"es\"},{\"@type\":\"Organization\",\"@id\":\"https:\/\/21panorama.com\/#organization\",\"name\":\"21 Panorama\",\"url\":\"https:\/\/21panorama.com\/\",\"logo\":{\"@type\":\"ImageObject\",\"inLanguage\":\"es\",\"@id\":\"https:\/\/21panorama.com\/#\/schema\/logo\/image\/\",\"url\":\"https:\/\/21panorama.com\/wp-content\/uploads\/2019\/07\/cropped-Logo-Panorama-01.jpeg\",\"contentUrl\":\"https:\/\/21panorama.com\/wp-content\/uploads\/2019\/07\/cropped-Logo-Panorama-01.jpeg\",\"width\":290,\"height\":70,\"caption\":\"21 Panorama\"},\"image\":{\"@id\":\"https:\/\/21panorama.com\/#\/schema\/logo\/image\/\"}},{\"@type\":\"Person\",\"@id\":\"https:\/\/21panorama.com\/#\/schema\/person\/1afc291b96d5792a158768324287319f\",\"name\":\"admin\",\"image\":{\"@type\":\"ImageObject\",\"inLanguage\":\"es\",\"@id\":\"https:\/\/21panorama.com\/#\/schema\/person\/image\/\",\"url\":\"https:\/\/secure.gravatar.com\/avatar\/ad365d9d9f46719215b0d042cc3df92a5a8683e09ef13d102233e5491985f0f0?s=96&d=mm&r=g\",\"contentUrl\":\"https:\/\/secure.gravatar.com\/avatar\/ad365d9d9f46719215b0d042cc3df92a5a8683e09ef13d102233e5491985f0f0?s=96&d=mm&r=g\",\"caption\":\"admin\"},\"url\":\"https:\/\/21panorama.com\/index.php\/author\/admin\/\"}]}<\/script>\n<!-- \/ Yoast SEO plugin. -->","yoast_head_json":{"title":"EL COMPROMISO NO SE DETIENE, SEGUIMOS FIRMES POR EL ESTADO DE M\u00c9XICO: CASTRO - 21 Panorama","robots":{"index":"index","follow":"follow","max-snippet":"max-snippet:-1","max-image-preview":"max-image-preview:large","max-video-preview":"max-video-preview:-1"},"canonical":"https:\/\/21panorama.com\/index.php\/2025\/05\/22\/el-compromiso-no-se-detiene-seguimos-firmes-por-el-estado-de-mexico-castro\/","og_locale":"es_MX","og_type":"article","og_title":"EL COMPROMISO NO SE DETIENE, SEGUIMOS FIRMES POR EL ESTADO DE M\u00c9XICO: CASTRO - 21 Panorama","og_description":"Al concluir formalmente el Periodo Ordinario de Sesiones en el Congreso, el diputado Alejandro Castro Hern\u00e1ndez asegur\u00f3 que el trabajo no se detiene y que seguir\u00e1n atentos al desarrollo legislativo por el compromiso que se tiene con los mexiquenses.","og_url":"https:\/\/21panorama.com\/index.php\/2025\/05\/22\/el-compromiso-no-se-detiene-seguimos-firmes-por-el-estado-de-mexico-castro\/","og_site_name":"21 Panorama","article_published_time":"2025-05-22T21:02:28+00:00","og_image":[{"width":1600,"height":1066,"url":"https:\/\/21panorama.com\/wp-content\/uploads\/2025\/05\/WhatsApp-Image-2025-05-21-at-6.02.08-PM-2.jpeg","type":"image\/jpeg"}],"author":"admin","twitter_card":"summary_large_image","twitter_misc":{"Escrito por":"admin","Tiempo de lectura":"2 minutos"},"schema":{"@context":"https:\/\/schema.org","@graph":[{"@type":"Article","@id":"https:\/\/21panorama.com\/index.php\/2025\/05\/22\/el-compromiso-no-se-detiene-seguimos-firmes-por-el-estado-de-mexico-castro\/#article","isPartOf":{"@id":"https:\/\/21panorama.com\/index.php\/2025\/05\/22\/el-compromiso-no-se-detiene-seguimos-firmes-por-el-estado-de-mexico-castro\/"},"author":{"name":"admin","@id":"https:\/\/21panorama.com\/#\/schema\/person\/1afc291b96d5792a158768324287319f"},"headline":"EL COMPROMISO NO SE DETIENE, SEGUIMOS FIRMES POR EL ESTADO DE M\u00c9XICO: CASTRO","datePublished":"2025-05-22T21:02:28+00:00","mainEntityOfPage":{"@id":"https:\/\/21panorama.com\/index.php\/2025\/05\/22\/el-compromiso-no-se-detiene-seguimos-firmes-por-el-estado-de-mexico-castro\/"},"wordCount":288,"commentCount":0,"publisher":{"@id":"https:\/\/21panorama.com\/#organization"},"image":{"@id":"https:\/\/21panorama.com\/index.php\/2025\/05\/22\/el-compromiso-no-se-detiene-seguimos-firmes-por-el-estado-de-mexico-castro\/#primaryimage"},"thumbnailUrl":"https:\/\/21panorama.com\/wp-content\/uploads\/2025\/05\/WhatsApp-Image-2025-05-21-at-6.02.08-PM-2.jpeg","keywords":["Cristina Ru\u00edz Sandoval","EDOMEX","PRI"],"articleSection":["Politica","Sociedad"],"inLanguage":"es","potentialAction":[{"@type":"CommentAction","name":"Comment","target":["https:\/\/21panorama.com\/index.php\/2025\/05\/22\/el-compromiso-no-se-detiene-seguimos-firmes-por-el-estado-de-mexico-castro\/#respond"]}]},{"@type":"WebPage","@id":"https:\/\/21panorama.com\/index.php\/2025\/05\/22\/el-compromiso-no-se-detiene-seguimos-firmes-por-el-estado-de-mexico-castro\/","url":"https:\/\/21panorama.com\/index.php\/2025\/05\/22\/el-compromiso-no-se-detiene-seguimos-firmes-por-el-estado-de-mexico-castro\/","name":"EL COMPROMISO NO SE DETIENE, SEGUIMOS FIRMES POR EL ESTADO DE M\u00c9XICO: CASTRO - 21 Panorama","isPartOf":{"@id":"https:\/\/21panorama.com\/#website"},"primaryImageOfPage":{"@id":"https:\/\/21panorama.com\/index.php\/2025\/05\/22\/el-compromiso-no-se-detiene-seguimos-firmes-por-el-estado-de-mexico-castro\/#primaryimage"},"image":{"@id":"https:\/\/21panorama.com\/index.php\/2025\/05\/22\/el-compromiso-no-se-detiene-seguimos-firmes-por-el-estado-de-mexico-castro\/#primaryimage"},"thumbnailUrl":"https:\/\/21panorama.com\/wp-content\/uploads\/2025\/05\/WhatsApp-Image-2025-05-21-at-6.02.08-PM-2.jpeg","datePublished":"2025-05-22T21:02:28+00:00","breadcrumb":{"@id":"https:\/\/21panorama.com\/index.php\/2025\/05\/22\/el-compromiso-no-se-detiene-seguimos-firmes-por-el-estado-de-mexico-castro\/#breadcrumb"},"inLanguage":"es","potentialAction":[{"@type":"ReadAction","target":["https:\/\/21panorama.com\/index.php\/2025\/05\/22\/el-compromiso-no-se-detiene-seguimos-firmes-por-el-estado-de-mexico-castro\/"]}]},{"@type":"ImageObject","inLanguage":"es","@id":"https:\/\/21panorama.com\/index.php\/2025\/05\/22\/el-compromiso-no-se-detiene-seguimos-firmes-por-el-estado-de-mexico-castro\/#primaryimage","url":"https:\/\/21panorama.com\/wp-content\/uploads\/2025\/05\/WhatsApp-Image-2025-05-21-at-6.02.08-PM-2.jpeg","contentUrl":"https:\/\/21panorama.com\/wp-content\/uploads\/2025\/05\/WhatsApp-Image-2025-05-21-at-6.02.08-PM-2.jpeg","width":1600,"height":1066},{"@type":"BreadcrumbList","@id":"https:\/\/21panorama.com\/index.php\/2025\/05\/22\/el-compromiso-no-se-detiene-seguimos-firmes-por-el-estado-de-mexico-castro\/#breadcrumb","itemListElement":[{"@type":"ListItem","position":1,"name":"Inicio","item":"https:\/\/21panorama.com\/"},{"@type":"ListItem","position":2,"name":"EL COMPROMISO NO SE DETIENE, SEGUIMOS FIRMES POR EL ESTADO DE M\u00c9XICO: CASTRO"}]},{"@type":"WebSite","@id":"https:\/\/21panorama.com\/#website","url":"https:\/\/21panorama.com\/","name":"21 Panorama","description":"La construcci\u00f3n de la opini\u00f3n p\u00fablica merece un mejor Panorama en este siglo 21 para alcanzar una sociedad con mayor transparencia y sin corrupci\u00f3n.","publisher":{"@id":"https:\/\/21panorama.com\/#organization"},"potentialAction":[{"@type":"SearchAction","target":{"@type":"EntryPoint","urlTemplate":"https:\/\/21panorama.com\/?s={search_term_string}"},"query-input":{"@type":"PropertyValueSpecification","valueRequired":true,"valueName":"search_term_string"}}],"inLanguage":"es"},{"@type":"Organization","@id":"https:\/\/21panorama.com\/#organization","name":"21 Panorama","url":"https:\/\/21panorama.com\/","logo":{"@type":"ImageObject","inLanguage":"es","@id":"https:\/\/21panorama.com\/#\/schema\/logo\/image\/","url":"https:\/\/21panorama.com\/wp-content\/uploads\/2019\/07\/cropped-Logo-Panorama-01.jpeg","contentUrl":"https:\/\/21panorama.com\/wp-content\/uploads\/2019\/07\/cropped-Logo-Panorama-01.jpeg","width":290,"height":70,"caption":"21 Panorama"},"image":{"@id":"https:\/\/21panorama.com\/#\/schema\/logo\/image\/"}},{"@type":"Person","@id":"https:\/\/21panorama.com\/#\/schema\/person\/1afc291b96d5792a158768324287319f","name":"admin","image":{"@type":"ImageObject","inLanguage":"es","@id":"https:\/\/21panorama.com\/#\/schema\/person\/image\/","url":"https:\/\/secure.gravatar.com\/avatar\/ad365d9d9f46719215b0d042cc3df92a5a8683e09ef13d102233e5491985f0f0?s=96&d=mm&r=g","contentUrl":"https:\/\/secure.gravatar.com\/avatar\/ad365d9d9f46719215b0d042cc3df92a5a8683e09ef13d102233e5491985f0f0?s=96&d=mm&r=g","caption":"admin"},"url":"https:\/\/21panorama.com\/index.php\/author\/admin\/"}]}},"_links":{"self":[{"href":"https:\/\/21panorama.com\/index.php\/wp-json\/wp\/v2\/posts\/5992","targetHints":{"allow":["GET"]}}],"collection":[{"href":"https:\/\/21panorama.com\/index.php\/wp-json\/wp\/v2\/posts"}],"about":[{"href":"https:\/\/21panorama.com\/index.php\/wp-json\/wp\/v2\/types\/post"}],"author":[{"embeddable":true,"href":"https:\/\/21panorama.com\/index.php\/wp-json\/wp\/v2\/users\/1"}],"replies":[{"embeddable":true,"href":"https:\/\/21panorama.com\/index.php\/wp-json\/wp\/v2\/comments?post=5992"}],"version-history":[{"count":1,"href":"https:\/\/21panorama.com\/index.php\/wp-json\/wp\/v2\/posts\/5992\/revisions"}],"predecessor-version":[{"id":5994,"href":"https:\/\/21panorama.com\/index.php\/wp-json\/wp\/v2\/posts\/5992\/revisions\/5994"}],"wp:featuredmedia":[{"embeddable":true,"href":"https:\/\/21panorama.com\/index.php\/wp-json\/wp\/v2\/media\/5993"}],"wp:attachment":[{"href":"https:\/\/21panorama.com\/index.php\/wp-json\/wp\/v2\/media?parent=5992"}],"wp:term":[{"taxonomy":"category","embeddable":true,"href":"https:\/\/21panorama.com\/index.php\/wp-json\/wp\/v2\/categories?post=5992"},{"taxonomy":"post_tag","embeddable":true,"href":"https:\/\/21panorama.com\/index.php\/wp-json\/wp\/v2\/tags?post=5992"}],"curies":[{"name":"wp","href":"https:\/\/api.w.org\/{rel}","templated":true}]}}