{"id":5967,"date":"2025-04-23T22:36:05","date_gmt":"2025-04-24T04:36:05","guid":{"rendered":"https:\/\/21panorama.com\/?p=5967"},"modified":"2025-04-23T22:36:06","modified_gmt":"2025-04-24T04:36:06","slug":"erendira-fierro-propone-conglomerados-de-centros-de-investigacion-para-fortalecer-redes-academicas-y-detonar-innovacion-en-la-uaemex","status":"publish","type":"post","link":"https:\/\/21panorama.com\/index.php\/2025\/04\/23\/erendira-fierro-propone-conglomerados-de-centros-de-investigacion-para-fortalecer-redes-academicas-y-detonar-innovacion-en-la-uaemex\/","title":{"rendered":"ER\u00c9NDIRA FIERRO PROPONE CONGLOMERADOS DE CENTROS DE INVESTIGACI\u00d3N PARA FORTALECER REDES ACAD\u00c9MICAS Y DETONAR INNOVACI\u00d3N EN LA UAEM\u00c9X"},"content":{"rendered":"\n<p>\u2022 Recorri\u00f3 las Facultades de Ciencias Agr\u00edcolas, Medicina Veterinaria y Zootecnia y Qu\u00edmica, ubicadas en el Campus El Cerrillo.<br>\u2022 Fortalecer\u00e1 la infraestructura de laboratorios, sistemas de c\u00f3mputo y servicios de investigaci\u00f3n para consolidar una universidad autosustentable.<br>\u2022 Propone una universidad con ra\u00edces fuertes, visi\u00f3n sostenible y compromiso con la innovaci\u00f3n aplicada.<\/p>\n\n\n\n<p>Con una propuesta orientada al fortalecimiento de la ciencia universitaria y la vinculaci\u00f3n estrat\u00e9gica, la Dra. Er\u00e9ndira Fierro Moreno, aspirante a la Rector\u00eda de la Universidad Aut\u00f3noma del Estado de M\u00e9xico (UAEM\u00e9x), recorri\u00f3 este mi\u00e9rcoles el Campus El Cerrillo. En su visita a las Facultades de Ciencias Agr\u00edcolas, Medicina Veterinaria y Zootecnia, y Qu\u00edmica, plante\u00f3 la consolidaci\u00f3n de conglomerados de centros de investigaci\u00f3n como ejes clave para articular redes acad\u00e9micas s\u00f3lidas, potenciar el trabajo multidisciplinario y detonar la innovaci\u00f3n con impacto real en el desarrollo de la UAEM\u00e9x.<\/p>\n\n\n\n<p>En la Facultad de Ciencias Agr\u00edcolas, Fierro Moreno reafirm\u00f3 su visi\u00f3n de una universidad conectada con la tierra y el conocimiento, destacando el papel esencial que juegan estos espacios en el desarrollo de soluciones sostenibles. \u201cAqu\u00ed germinan las ideas que nutren a nuestra comunidad\u201d, afirm\u00f3, al comprometerse a mejorar la infraestructura y vinculaci\u00f3n con los polos de desarrollo agropecuario.<\/p>\n\n\n\n<p>Durante su recorrido por la Facultad de Medicina Veterinaria y Zootecnia, subray\u00f3 que \u201cel cuidado animal no solo se aprende, se vive\u201d. Propuso reforzar el equipamiento, alimento y medicaci\u00f3n para las especies, garantizando condiciones \u00f3ptimas para la ense\u00f1anza, la investigaci\u00f3n y el bienestar animal, elementos fundamentales para una formaci\u00f3n profesional de excelencia.<\/p>\n\n\n\n<p>Como parte de su Plan de Trabajo, Er\u00e9ndira Fierro plante\u00f3 la necesidad de desarrollar programas de investigaci\u00f3n alineados con sectores estrat\u00e9gicos que respondan a las necesidades reales de las comunidades. \u201cLa generaci\u00f3n de conocimiento cient\u00edfico debe ir de la mano con la participaci\u00f3n activa de estudiantes y profesores, enfoc\u00e1ndose en resolver los problemas que vulneran a nuestra sociedad\u201d, subray\u00f3.<\/p>\n\n\n\n<p>Asimismo, propuso fortalecer la investigaci\u00f3n aplicada con un enfoque inter y multidisciplinario, y consolidar un cat\u00e1logo de servicios cient\u00edficos y tecnol\u00f3gicos capaces de generar recursos propios. Esta iniciativa busca que la UAEM\u00e9x no solo sea generadora de saberes, sino tambi\u00e9n un actor clave en el desarrollo regional.<\/p>\n\n\n\n<p>Finalmente, anunci\u00f3 que se impulsar\u00e1 la mejora de los sistemas de c\u00f3mputo y laboratorios en todas las \u00e1reas del conocimiento, como un paso esencial para mejorar tanto la docencia como la investigaci\u00f3n. Con una visi\u00f3n que articula ra\u00edces s\u00f3lidas y proyecci\u00f3n hacia el futuro, Er\u00e9ndira Fierro Moreno reafirma su compromiso con una universidad moderna, innovadora y comprometida con la transformaci\u00f3n social.<\/p>\n\n\n\n<p>Este jueves, la Dra. Er\u00e9ndira Fierro Moreno continuar\u00e1 sus Jornadas de Promoci\u00f3n en el Centro Universitario Valle de Chalco, donde refrendar\u00e1 su compromiso con una UAEM\u00e9x cercana, equitativa y con presencia en todo el territorio del Estado de M\u00e9xico.<\/p>\n","protected":false},"excerpt":{"rendered":"<p>Con una propuesta orientada al fortalecimiento de la ciencia universitaria y la vinculaci\u00f3n estrat\u00e9gica, la Dra. Er\u00e9ndira Fierro Moreno, aspirante a la Rector\u00eda de la Universidad Aut\u00f3noma del Estado de M\u00e9xico (UAEM\u00e9x), recorri\u00f3 este mi\u00e9rcoles el Campus El Cerrillo. En su visita a las Facultades de Ciencias Agr\u00edcolas, Medicina Veterinaria y Zootecnia, y Qu\u00edmica, plante\u00f3 la consolidaci\u00f3n de conglomerados de centros de investigaci\u00f3n como ejes clave para articular redes acad\u00e9micas s\u00f3lidas, potenciar el trabajo multidisciplinario y detonar la innovaci\u00f3n con impacto real en el desarrollo de la UAEM\u00e9x.<\/p>\n","protected":false},"author":1,"featured_media":5968,"comment_status":"open","ping_status":"open","sticky":false,"template":"","format":"standard","meta":{"footnotes":""},"categories":[374,12,1],"tags":[97,430,222,23],"class_list":["post-5967","post","type-post","status-publish","format-standard","has-post-thumbnail","hentry","category-educacion","category-politica","category-sociedad","tag-edomex","tag-erendira-fierro-moreno","tag-gem","tag-uaemex"],"yoast_head":"<!-- This site is optimized with the Yoast SEO plugin v24.9 - https:\/\/yoast.com\/wordpress\/plugins\/seo\/ -->\n<title>ER\u00c9NDIRA FIERRO PROPONE CONGLOMERADOS DE CENTROS DE INVESTIGACI\u00d3N PARA FORTALECER REDES ACAD\u00c9MICAS Y DETONAR INNOVACI\u00d3N EN LA UAEM\u00c9X - 21 Panorama<\/title>\n<meta name=\"robots\" content=\"index, follow, max-snippet:-1, max-image-preview:large, max-video-preview:-1\" \/>\n<link rel=\"canonical\" href=\"https:\/\/21panorama.com\/index.php\/2025\/04\/23\/erendira-fierro-propone-conglomerados-de-centros-de-investigacion-para-fortalecer-redes-academicas-y-detonar-innovacion-en-la-uaemex\/\" \/>\n<meta property=\"og:locale\" content=\"es_MX\" \/>\n<meta property=\"og:type\" content=\"article\" \/>\n<meta property=\"og:title\" content=\"ER\u00c9NDIRA FIERRO PROPONE CONGLOMERADOS DE CENTROS DE INVESTIGACI\u00d3N PARA FORTALECER REDES ACAD\u00c9MICAS Y DETONAR INNOVACI\u00d3N EN LA UAEM\u00c9X - 21 Panorama\" \/>\n<meta property=\"og:description\" content=\"Con una propuesta orientada al fortalecimiento de la ciencia universitaria y la vinculaci\u00f3n estrat\u00e9gica, la Dra. Er\u00e9ndira Fierro Moreno, aspirante a la Rector\u00eda de la Universidad Aut\u00f3noma del Estado de M\u00e9xico (UAEM\u00e9x), recorri\u00f3 este mi\u00e9rcoles el Campus El Cerrillo. En su visita a las Facultades de Ciencias Agr\u00edcolas, Medicina Veterinaria y Zootecnia, y Qu\u00edmica, plante\u00f3 la consolidaci\u00f3n de conglomerados de centros de investigaci\u00f3n como ejes clave para articular redes acad\u00e9micas s\u00f3lidas, potenciar el trabajo multidisciplinario y detonar la innovaci\u00f3n con impacto real en el desarrollo de la UAEM\u00e9x.\" \/>\n<meta property=\"og:url\" content=\"https:\/\/21panorama.com\/index.php\/2025\/04\/23\/erendira-fierro-propone-conglomerados-de-centros-de-investigacion-para-fortalecer-redes-academicas-y-detonar-innovacion-en-la-uaemex\/\" \/>\n<meta property=\"og:site_name\" content=\"21 Panorama\" \/>\n<meta property=\"article:published_time\" content=\"2025-04-24T04:36:05+00:00\" \/>\n<meta property=\"article:modified_time\" content=\"2025-04-24T04:36:06+00:00\" \/>\n<meta property=\"og:image\" content=\"https:\/\/21panorama.com\/wp-content\/uploads\/2025\/04\/WhatsApp-Image-2025-04-23-at-7.23.21-PM-scaled.jpeg\" \/>\n\t<meta property=\"og:image:width\" content=\"2560\" \/>\n\t<meta property=\"og:image:height\" content=\"1920\" \/>\n\t<meta property=\"og:image:type\" content=\"image\/jpeg\" \/>\n<meta name=\"author\" content=\"admin\" \/>\n<meta name=\"twitter:card\" content=\"summary_large_image\" \/>\n<meta name=\"twitter:label1\" content=\"Escrito por\" \/>\n\t<meta name=\"twitter:data1\" content=\"admin\" \/>\n\t<meta name=\"twitter:label2\" content=\"Tiempo de lectura\" \/>\n\t<meta name=\"twitter:data2\" content=\"3 minutos\" \/>\n<script type=\"application\/ld+json\" class=\"yoast-schema-graph\">{\"@context\":\"https:\/\/schema.org\",\"@graph\":[{\"@type\":\"Article\",\"@id\":\"https:\/\/21panorama.com\/index.php\/2025\/04\/23\/erendira-fierro-propone-conglomerados-de-centros-de-investigacion-para-fortalecer-redes-academicas-y-detonar-innovacion-en-la-uaemex\/#article\",\"isPartOf\":{\"@id\":\"https:\/\/21panorama.com\/index.php\/2025\/04\/23\/erendira-fierro-propone-conglomerados-de-centros-de-investigacion-para-fortalecer-redes-academicas-y-detonar-innovacion-en-la-uaemex\/\"},\"author\":{\"name\":\"admin\",\"@id\":\"https:\/\/21panorama.com\/#\/schema\/person\/1afc291b96d5792a158768324287319f\"},\"headline\":\"ER\u00c9NDIRA FIERRO PROPONE CONGLOMERADOS DE CENTROS DE INVESTIGACI\u00d3N PARA FORTALECER REDES ACAD\u00c9MICAS Y DETONAR INNOVACI\u00d3N EN LA UAEM\u00c9X\",\"datePublished\":\"2025-04-24T04:36:05+00:00\",\"dateModified\":\"2025-04-24T04:36:06+00:00\",\"mainEntityOfPage\":{\"@id\":\"https:\/\/21panorama.com\/index.php\/2025\/04\/23\/erendira-fierro-propone-conglomerados-de-centros-de-investigacion-para-fortalecer-redes-academicas-y-detonar-innovacion-en-la-uaemex\/\"},\"wordCount\":532,\"commentCount\":0,\"publisher\":{\"@id\":\"https:\/\/21panorama.com\/#organization\"},\"image\":{\"@id\":\"https:\/\/21panorama.com\/index.php\/2025\/04\/23\/erendira-fierro-propone-conglomerados-de-centros-de-investigacion-para-fortalecer-redes-academicas-y-detonar-innovacion-en-la-uaemex\/#primaryimage\"},\"thumbnailUrl\":\"https:\/\/21panorama.com\/wp-content\/uploads\/2025\/04\/WhatsApp-Image-2025-04-23-at-7.23.21-PM-scaled.jpeg\",\"keywords\":[\"EDOMEX\",\"Er\u00e9ndira Fierro Moreno\",\"GEM\",\"UAEMex\"],\"articleSection\":[\"Educaci\u00f3n\",\"Politica\",\"Sociedad\"],\"inLanguage\":\"es\",\"potentialAction\":[{\"@type\":\"CommentAction\",\"name\":\"Comment\",\"target\":[\"https:\/\/21panorama.com\/index.php\/2025\/04\/23\/erendira-fierro-propone-conglomerados-de-centros-de-investigacion-para-fortalecer-redes-academicas-y-detonar-innovacion-en-la-uaemex\/#respond\"]}]},{\"@type\":\"WebPage\",\"@id\":\"https:\/\/21panorama.com\/index.php\/2025\/04\/23\/erendira-fierro-propone-conglomerados-de-centros-de-investigacion-para-fortalecer-redes-academicas-y-detonar-innovacion-en-la-uaemex\/\",\"url\":\"https:\/\/21panorama.com\/index.php\/2025\/04\/23\/erendira-fierro-propone-conglomerados-de-centros-de-investigacion-para-fortalecer-redes-academicas-y-detonar-innovacion-en-la-uaemex\/\",\"name\":\"ER\u00c9NDIRA FIERRO PROPONE CONGLOMERADOS DE CENTROS DE INVESTIGACI\u00d3N PARA FORTALECER REDES ACAD\u00c9MICAS Y DETONAR INNOVACI\u00d3N EN LA UAEM\u00c9X - 21 Panorama\",\"isPartOf\":{\"@id\":\"https:\/\/21panorama.com\/#website\"},\"primaryImageOfPage\":{\"@id\":\"https:\/\/21panorama.com\/index.php\/2025\/04\/23\/erendira-fierro-propone-conglomerados-de-centros-de-investigacion-para-fortalecer-redes-academicas-y-detonar-innovacion-en-la-uaemex\/#primaryimage\"},\"image\":{\"@id\":\"https:\/\/21panorama.com\/index.php\/2025\/04\/23\/erendira-fierro-propone-conglomerados-de-centros-de-investigacion-para-fortalecer-redes-academicas-y-detonar-innovacion-en-la-uaemex\/#primaryimage\"},\"thumbnailUrl\":\"https:\/\/21panorama.com\/wp-content\/uploads\/2025\/04\/WhatsApp-Image-2025-04-23-at-7.23.21-PM-scaled.jpeg\",\"datePublished\":\"2025-04-24T04:36:05+00:00\",\"dateModified\":\"2025-04-24T04:36:06+00:00\",\"breadcrumb\":{\"@id\":\"https:\/\/21panorama.com\/index.php\/2025\/04\/23\/erendira-fierro-propone-conglomerados-de-centros-de-investigacion-para-fortalecer-redes-academicas-y-detonar-innovacion-en-la-uaemex\/#breadcrumb\"},\"inLanguage\":\"es\",\"potentialAction\":[{\"@type\":\"ReadAction\",\"target\":[\"https:\/\/21panorama.com\/index.php\/2025\/04\/23\/erendira-fierro-propone-conglomerados-de-centros-de-investigacion-para-fortalecer-redes-academicas-y-detonar-innovacion-en-la-uaemex\/\"]}]},{\"@type\":\"ImageObject\",\"inLanguage\":\"es\",\"@id\":\"https:\/\/21panorama.com\/index.php\/2025\/04\/23\/erendira-fierro-propone-conglomerados-de-centros-de-investigacion-para-fortalecer-redes-academicas-y-detonar-innovacion-en-la-uaemex\/#primaryimage\",\"url\":\"https:\/\/21panorama.com\/wp-content\/uploads\/2025\/04\/WhatsApp-Image-2025-04-23-at-7.23.21-PM-scaled.jpeg\",\"contentUrl\":\"https:\/\/21panorama.com\/wp-content\/uploads\/2025\/04\/WhatsApp-Image-2025-04-23-at-7.23.21-PM-scaled.jpeg\",\"width\":2560,\"height\":1920},{\"@type\":\"BreadcrumbList\",\"@id\":\"https:\/\/21panorama.com\/index.php\/2025\/04\/23\/erendira-fierro-propone-conglomerados-de-centros-de-investigacion-para-fortalecer-redes-academicas-y-detonar-innovacion-en-la-uaemex\/#breadcrumb\",\"itemListElement\":[{\"@type\":\"ListItem\",\"position\":1,\"name\":\"Inicio\",\"item\":\"https:\/\/21panorama.com\/\"},{\"@type\":\"ListItem\",\"position\":2,\"name\":\"ER\u00c9NDIRA FIERRO PROPONE CONGLOMERADOS DE CENTROS DE INVESTIGACI\u00d3N PARA FORTALECER REDES ACAD\u00c9MICAS Y DETONAR INNOVACI\u00d3N EN LA UAEM\u00c9X\"}]},{\"@type\":\"WebSite\",\"@id\":\"https:\/\/21panorama.com\/#website\",\"url\":\"https:\/\/21panorama.com\/\",\"name\":\"21 Panorama\",\"description\":\"La construcci\u00f3n de la opini\u00f3n p\u00fablica merece un mejor Panorama en este siglo 21 para alcanzar una sociedad con mayor transparencia y sin corrupci\u00f3n.\",\"publisher\":{\"@id\":\"https:\/\/21panorama.com\/#organization\"},\"potentialAction\":[{\"@type\":\"SearchAction\",\"target\":{\"@type\":\"EntryPoint\",\"urlTemplate\":\"https:\/\/21panorama.com\/?s={search_term_string}\"},\"query-input\":{\"@type\":\"PropertyValueSpecification\",\"valueRequired\":true,\"valueName\":\"search_term_string\"}}],\"inLanguage\":\"es\"},{\"@type\":\"Organization\",\"@id\":\"https:\/\/21panorama.com\/#organization\",\"name\":\"21 Panorama\",\"url\":\"https:\/\/21panorama.com\/\",\"logo\":{\"@type\":\"ImageObject\",\"inLanguage\":\"es\",\"@id\":\"https:\/\/21panorama.com\/#\/schema\/logo\/image\/\",\"url\":\"https:\/\/21panorama.com\/wp-content\/uploads\/2019\/07\/cropped-Logo-Panorama-01.jpeg\",\"contentUrl\":\"https:\/\/21panorama.com\/wp-content\/uploads\/2019\/07\/cropped-Logo-Panorama-01.jpeg\",\"width\":290,\"height\":70,\"caption\":\"21 Panorama\"},\"image\":{\"@id\":\"https:\/\/21panorama.com\/#\/schema\/logo\/image\/\"}},{\"@type\":\"Person\",\"@id\":\"https:\/\/21panorama.com\/#\/schema\/person\/1afc291b96d5792a158768324287319f\",\"name\":\"admin\",\"image\":{\"@type\":\"ImageObject\",\"inLanguage\":\"es\",\"@id\":\"https:\/\/21panorama.com\/#\/schema\/person\/image\/\",\"url\":\"https:\/\/secure.gravatar.com\/avatar\/ad365d9d9f46719215b0d042cc3df92a5a8683e09ef13d102233e5491985f0f0?s=96&d=mm&r=g\",\"contentUrl\":\"https:\/\/secure.gravatar.com\/avatar\/ad365d9d9f46719215b0d042cc3df92a5a8683e09ef13d102233e5491985f0f0?s=96&d=mm&r=g\",\"caption\":\"admin\"},\"url\":\"https:\/\/21panorama.com\/index.php\/author\/admin\/\"}]}<\/script>\n<!-- \/ Yoast SEO plugin. -->","yoast_head_json":{"title":"ER\u00c9NDIRA FIERRO PROPONE CONGLOMERADOS DE CENTROS DE INVESTIGACI\u00d3N PARA FORTALECER REDES ACAD\u00c9MICAS Y DETONAR INNOVACI\u00d3N EN LA UAEM\u00c9X - 21 Panorama","robots":{"index":"index","follow":"follow","max-snippet":"max-snippet:-1","max-image-preview":"max-image-preview:large","max-video-preview":"max-video-preview:-1"},"canonical":"https:\/\/21panorama.com\/index.php\/2025\/04\/23\/erendira-fierro-propone-conglomerados-de-centros-de-investigacion-para-fortalecer-redes-academicas-y-detonar-innovacion-en-la-uaemex\/","og_locale":"es_MX","og_type":"article","og_title":"ER\u00c9NDIRA FIERRO PROPONE CONGLOMERADOS DE CENTROS DE INVESTIGACI\u00d3N PARA FORTALECER REDES ACAD\u00c9MICAS Y DETONAR INNOVACI\u00d3N EN LA UAEM\u00c9X - 21 Panorama","og_description":"Con una propuesta orientada al fortalecimiento de la ciencia universitaria y la vinculaci\u00f3n estrat\u00e9gica, la Dra. Er\u00e9ndira Fierro Moreno, aspirante a la Rector\u00eda de la Universidad Aut\u00f3noma del Estado de M\u00e9xico (UAEM\u00e9x), recorri\u00f3 este mi\u00e9rcoles el Campus El Cerrillo. En su visita a las Facultades de Ciencias Agr\u00edcolas, Medicina Veterinaria y Zootecnia, y Qu\u00edmica, plante\u00f3 la consolidaci\u00f3n de conglomerados de centros de investigaci\u00f3n como ejes clave para articular redes acad\u00e9micas s\u00f3lidas, potenciar el trabajo multidisciplinario y detonar la innovaci\u00f3n con impacto real en el desarrollo de la UAEM\u00e9x.","og_url":"https:\/\/21panorama.com\/index.php\/2025\/04\/23\/erendira-fierro-propone-conglomerados-de-centros-de-investigacion-para-fortalecer-redes-academicas-y-detonar-innovacion-en-la-uaemex\/","og_site_name":"21 Panorama","article_published_time":"2025-04-24T04:36:05+00:00","article_modified_time":"2025-04-24T04:36:06+00:00","og_image":[{"width":2560,"height":1920,"url":"https:\/\/21panorama.com\/wp-content\/uploads\/2025\/04\/WhatsApp-Image-2025-04-23-at-7.23.21-PM-scaled.jpeg","type":"image\/jpeg"}],"author":"admin","twitter_card":"summary_large_image","twitter_misc":{"Escrito por":"admin","Tiempo de lectura":"3 minutos"},"schema":{"@context":"https:\/\/schema.org","@graph":[{"@type":"Article","@id":"https:\/\/21panorama.com\/index.php\/2025\/04\/23\/erendira-fierro-propone-conglomerados-de-centros-de-investigacion-para-fortalecer-redes-academicas-y-detonar-innovacion-en-la-uaemex\/#article","isPartOf":{"@id":"https:\/\/21panorama.com\/index.php\/2025\/04\/23\/erendira-fierro-propone-conglomerados-de-centros-de-investigacion-para-fortalecer-redes-academicas-y-detonar-innovacion-en-la-uaemex\/"},"author":{"name":"admin","@id":"https:\/\/21panorama.com\/#\/schema\/person\/1afc291b96d5792a158768324287319f"},"headline":"ER\u00c9NDIRA FIERRO PROPONE CONGLOMERADOS DE CENTROS DE INVESTIGACI\u00d3N PARA FORTALECER REDES ACAD\u00c9MICAS Y DETONAR INNOVACI\u00d3N EN LA UAEM\u00c9X","datePublished":"2025-04-24T04:36:05+00:00","dateModified":"2025-04-24T04:36:06+00:00","mainEntityOfPage":{"@id":"https:\/\/21panorama.com\/index.php\/2025\/04\/23\/erendira-fierro-propone-conglomerados-de-centros-de-investigacion-para-fortalecer-redes-academicas-y-detonar-innovacion-en-la-uaemex\/"},"wordCount":532,"commentCount":0,"publisher":{"@id":"https:\/\/21panorama.com\/#organization"},"image":{"@id":"https:\/\/21panorama.com\/index.php\/2025\/04\/23\/erendira-fierro-propone-conglomerados-de-centros-de-investigacion-para-fortalecer-redes-academicas-y-detonar-innovacion-en-la-uaemex\/#primaryimage"},"thumbnailUrl":"https:\/\/21panorama.com\/wp-content\/uploads\/2025\/04\/WhatsApp-Image-2025-04-23-at-7.23.21-PM-scaled.jpeg","keywords":["EDOMEX","Er\u00e9ndira Fierro Moreno","GEM","UAEMex"],"articleSection":["Educaci\u00f3n","Politica","Sociedad"],"inLanguage":"es","potentialAction":[{"@type":"CommentAction","name":"Comment","target":["https:\/\/21panorama.com\/index.php\/2025\/04\/23\/erendira-fierro-propone-conglomerados-de-centros-de-investigacion-para-fortalecer-redes-academicas-y-detonar-innovacion-en-la-uaemex\/#respond"]}]},{"@type":"WebPage","@id":"https:\/\/21panorama.com\/index.php\/2025\/04\/23\/erendira-fierro-propone-conglomerados-de-centros-de-investigacion-para-fortalecer-redes-academicas-y-detonar-innovacion-en-la-uaemex\/","url":"https:\/\/21panorama.com\/index.php\/2025\/04\/23\/erendira-fierro-propone-conglomerados-de-centros-de-investigacion-para-fortalecer-redes-academicas-y-detonar-innovacion-en-la-uaemex\/","name":"ER\u00c9NDIRA FIERRO PROPONE CONGLOMERADOS DE CENTROS DE INVESTIGACI\u00d3N PARA FORTALECER REDES ACAD\u00c9MICAS Y DETONAR INNOVACI\u00d3N EN LA UAEM\u00c9X - 21 Panorama","isPartOf":{"@id":"https:\/\/21panorama.com\/#website"},"primaryImageOfPage":{"@id":"https:\/\/21panorama.com\/index.php\/2025\/04\/23\/erendira-fierro-propone-conglomerados-de-centros-de-investigacion-para-fortalecer-redes-academicas-y-detonar-innovacion-en-la-uaemex\/#primaryimage"},"image":{"@id":"https:\/\/21panorama.com\/index.php\/2025\/04\/23\/erendira-fierro-propone-conglomerados-de-centros-de-investigacion-para-fortalecer-redes-academicas-y-detonar-innovacion-en-la-uaemex\/#primaryimage"},"thumbnailUrl":"https:\/\/21panorama.com\/wp-content\/uploads\/2025\/04\/WhatsApp-Image-2025-04-23-at-7.23.21-PM-scaled.jpeg","datePublished":"2025-04-24T04:36:05+00:00","dateModified":"2025-04-24T04:36:06+00:00","breadcrumb":{"@id":"https:\/\/21panorama.com\/index.php\/2025\/04\/23\/erendira-fierro-propone-conglomerados-de-centros-de-investigacion-para-fortalecer-redes-academicas-y-detonar-innovacion-en-la-uaemex\/#breadcrumb"},"inLanguage":"es","potentialAction":[{"@type":"ReadAction","target":["https:\/\/21panorama.com\/index.php\/2025\/04\/23\/erendira-fierro-propone-conglomerados-de-centros-de-investigacion-para-fortalecer-redes-academicas-y-detonar-innovacion-en-la-uaemex\/"]}]},{"@type":"ImageObject","inLanguage":"es","@id":"https:\/\/21panorama.com\/index.php\/2025\/04\/23\/erendira-fierro-propone-conglomerados-de-centros-de-investigacion-para-fortalecer-redes-academicas-y-detonar-innovacion-en-la-uaemex\/#primaryimage","url":"https:\/\/21panorama.com\/wp-content\/uploads\/2025\/04\/WhatsApp-Image-2025-04-23-at-7.23.21-PM-scaled.jpeg","contentUrl":"https:\/\/21panorama.com\/wp-content\/uploads\/2025\/04\/WhatsApp-Image-2025-04-23-at-7.23.21-PM-scaled.jpeg","width":2560,"height":1920},{"@type":"BreadcrumbList","@id":"https:\/\/21panorama.com\/index.php\/2025\/04\/23\/erendira-fierro-propone-conglomerados-de-centros-de-investigacion-para-fortalecer-redes-academicas-y-detonar-innovacion-en-la-uaemex\/#breadcrumb","itemListElement":[{"@type":"ListItem","position":1,"name":"Inicio","item":"https:\/\/21panorama.com\/"},{"@type":"ListItem","position":2,"name":"ER\u00c9NDIRA FIERRO PROPONE CONGLOMERADOS DE CENTROS DE INVESTIGACI\u00d3N PARA FORTALECER REDES ACAD\u00c9MICAS Y DETONAR INNOVACI\u00d3N EN LA UAEM\u00c9X"}]},{"@type":"WebSite","@id":"https:\/\/21panorama.com\/#website","url":"https:\/\/21panorama.com\/","name":"21 Panorama","description":"La construcci\u00f3n de la opini\u00f3n p\u00fablica merece un mejor Panorama en este siglo 21 para alcanzar una sociedad con mayor transparencia y sin corrupci\u00f3n.","publisher":{"@id":"https:\/\/21panorama.com\/#organization"},"potentialAction":[{"@type":"SearchAction","target":{"@type":"EntryPoint","urlTemplate":"https:\/\/21panorama.com\/?s={search_term_string}"},"query-input":{"@type":"PropertyValueSpecification","valueRequired":true,"valueName":"search_term_string"}}],"inLanguage":"es"},{"@type":"Organization","@id":"https:\/\/21panorama.com\/#organization","name":"21 Panorama","url":"https:\/\/21panorama.com\/","logo":{"@type":"ImageObject","inLanguage":"es","@id":"https:\/\/21panorama.com\/#\/schema\/logo\/image\/","url":"https:\/\/21panorama.com\/wp-content\/uploads\/2019\/07\/cropped-Logo-Panorama-01.jpeg","contentUrl":"https:\/\/21panorama.com\/wp-content\/uploads\/2019\/07\/cropped-Logo-Panorama-01.jpeg","width":290,"height":70,"caption":"21 Panorama"},"image":{"@id":"https:\/\/21panorama.com\/#\/schema\/logo\/image\/"}},{"@type":"Person","@id":"https:\/\/21panorama.com\/#\/schema\/person\/1afc291b96d5792a158768324287319f","name":"admin","image":{"@type":"ImageObject","inLanguage":"es","@id":"https:\/\/21panorama.com\/#\/schema\/person\/image\/","url":"https:\/\/secure.gravatar.com\/avatar\/ad365d9d9f46719215b0d042cc3df92a5a8683e09ef13d102233e5491985f0f0?s=96&d=mm&r=g","contentUrl":"https:\/\/secure.gravatar.com\/avatar\/ad365d9d9f46719215b0d042cc3df92a5a8683e09ef13d102233e5491985f0f0?s=96&d=mm&r=g","caption":"admin"},"url":"https:\/\/21panorama.com\/index.php\/author\/admin\/"}]}},"_links":{"self":[{"href":"https:\/\/21panorama.com\/index.php\/wp-json\/wp\/v2\/posts\/5967","targetHints":{"allow":["GET"]}}],"collection":[{"href":"https:\/\/21panorama.com\/index.php\/wp-json\/wp\/v2\/posts"}],"about":[{"href":"https:\/\/21panorama.com\/index.php\/wp-json\/wp\/v2\/types\/post"}],"author":[{"embeddable":true,"href":"https:\/\/21panorama.com\/index.php\/wp-json\/wp\/v2\/users\/1"}],"replies":[{"embeddable":true,"href":"https:\/\/21panorama.com\/index.php\/wp-json\/wp\/v2\/comments?post=5967"}],"version-history":[{"count":1,"href":"https:\/\/21panorama.com\/index.php\/wp-json\/wp\/v2\/posts\/5967\/revisions"}],"predecessor-version":[{"id":5969,"href":"https:\/\/21panorama.com\/index.php\/wp-json\/wp\/v2\/posts\/5967\/revisions\/5969"}],"wp:featuredmedia":[{"embeddable":true,"href":"https:\/\/21panorama.com\/index.php\/wp-json\/wp\/v2\/media\/5968"}],"wp:attachment":[{"href":"https:\/\/21panorama.com\/index.php\/wp-json\/wp\/v2\/media?parent=5967"}],"wp:term":[{"taxonomy":"category","embeddable":true,"href":"https:\/\/21panorama.com\/index.php\/wp-json\/wp\/v2\/categories?post=5967"},{"taxonomy":"post_tag","embeddable":true,"href":"https:\/\/21panorama.com\/index.php\/wp-json\/wp\/v2\/tags?post=5967"}],"curies":[{"name":"wp","href":"https:\/\/api.w.org\/{rel}","templated":true}]}}