{"id":5945,"date":"2025-04-14T15:01:08","date_gmt":"2025-04-14T21:01:08","guid":{"rendered":"https:\/\/21panorama.com\/?p=5945"},"modified":"2025-04-14T15:01:09","modified_gmt":"2025-04-14T21:01:09","slug":"no-venimos-a-prometer-sino-a-trabajar-omar-sanchez","status":"publish","type":"post","link":"https:\/\/21panorama.com\/index.php\/2025\/04\/14\/no-venimos-a-prometer-sino-a-trabajar-omar-sanchez\/","title":{"rendered":"NO VENIMOS A PROMETER, SINO A TRABAJAR: OMAR S\u00c1NCHEZ"},"content":{"rendered":"\n<p>Alcalde de Calimaya rinde cuentas de sus primeros 100 d\u00edas: No empezamos de 0, sino del abandono de la anterior administraci\u00f3n. A pesar de una campa\u00f1a negra y cobarde de desprestigio, nosotros trabajamos, con visi\u00f3n y resultados.<\/p>\n\n\n\n<p>En un acto donde predominaron los agradecimientos a su equipo y la emotividad, el presidente municipal de Calimaya present\u00f3 un balance de sus primeros 100 d\u00edas de gobierno, destacando avances en seguridad, salud, infraestructura y programas sociales, mientras rechaz\u00f3 las cr\u00edticas en su contra, tach\u00e1ndolas de &#8220;campa\u00f1as de desprestigio&#8221;.<\/p>\n\n\n\n<p>*<strong>*Seguridad, prioridad cumplida<\/strong>**<\/p>\n\n\n\n<p>El edil asegur\u00f3 que, al asumir el cargo, solo *<strong>*4 c\u00e1maras de vigilancia<\/strong>** funcionaban en el municipio, pero hoy hay *<strong>*50 en operaci\u00f3n<\/strong>**<strong>, integradas al sistema estatal C5. Adem\u00e1s, se adquirieron **8 patrullas Ford F-150<\/strong>**<strong>, se equip\u00f3 a la polic\u00eda con **20 rifles M4<\/strong>** y se cre\u00f3 una unidad especializada en violencia de g\u00e9nero. &#8220;Hoy Calimaya tiene calles m\u00e1s seguras&#8221;, afirm\u00f3.<\/p>\n\n\n\n<p>*<strong>*Salud y agua, deudas saldadas<\/strong>**<\/p>\n\n\n\n<p>Resalt\u00f3 la *<strong>*Caravana de Salud<\/strong>**<strong>, que atendi\u00f3 a m\u00e1s de **1,500 personas<\/strong>** con servicios m\u00e9dicos gratuitos, y la rehabilitaci\u00f3n de *<strong>*4 pozos de agua<\/strong>** en comunidades como San Mart\u00edn y Zaragoza de Guadalupe. &#8220;Antes sal\u00edan promesas vac\u00edas de las llaves; hoy, agua&#8221;, dijo, reconociendo quejas recientes por cortes, pero asegurando que fueron por mantenimiento necesario.<\/p>\n\n\n\n<p>*<strong>*Calles y programas sociales<\/strong>**<\/p>\n\n\n\n<p>Se repararon *<strong>*m\u00e1s de 15 calles y 800 baches<\/strong>**<strong>, y se lanzaron iniciativas como el **Bazar de Mujeres Emprendedoras<\/strong>** (70 beneficiadas) y terapias para personas con discapacidad. Tambi\u00e9n se firmaron convenios para becas educativas y se celebr\u00f3 la *<strong>*Feria del Mariachi<\/strong>**<strong>, con **120 mil asistentes<\/strong>**.<\/p>\n\n\n\n<p>*<strong>*Sin miedo a las cr\u00edticas<\/strong>**<\/p>\n\n\n\n<p>El alcalde descalific\u00f3 los ataques en redes: &#8220;Es una guerra sucia con mentiras, pero responderemos con hechos&#8221;. Agradeci\u00f3 a su esposa, regidores y colaboradores, y cerr\u00f3 con emoci\u00f3n: &#8220;Esto no es para la foto, es un legado. *<strong>*\u00a1S\u00ed se pudo!<\/strong>**&#8221;.<\/p>\n\n\n\n<p>*<strong>*\u00bfQu\u00e9 sigue?<\/strong>**<\/p>\n\n\n\n<p>Prometi\u00f3 una *<strong>*segunda fase de c\u00e1maras<\/strong>** para cobertura total y m\u00e1s obras, aunque admiti\u00f3: &#8220;A\u00fan falta mucho por hacer&#8221;.<\/p>\n","protected":false},"excerpt":{"rendered":"<p>Alcalde de Calimaya rinde cuentas de sus primeros 100 d\u00edas: No empezamos de 0, sino del abandono de la anterior administraci\u00f3n. A pesar de una campa\u00f1a negra y cobarde de desprestigio, nosotros trabajamos, con visi\u00f3n y resultados.<\/p>\n","protected":false},"author":1,"featured_media":5946,"comment_status":"open","ping_status":"open","sticky":false,"template":"","format":"standard","meta":{"footnotes":""},"categories":[12,1],"tags":[429,97,222,426],"class_list":["post-5945","post","type-post","status-publish","format-standard","has-post-thumbnail","hentry","category-politica","category-sociedad","tag-calimaya","tag-edomex","tag-gem","tag-omar-sanchez-velazquez"],"yoast_head":"<!-- This site is optimized with the Yoast SEO plugin v24.9 - https:\/\/yoast.com\/wordpress\/plugins\/seo\/ -->\n<title>NO VENIMOS A PROMETER, SINO A TRABAJAR: OMAR S\u00c1NCHEZ - 21 Panorama<\/title>\n<meta name=\"robots\" content=\"index, follow, max-snippet:-1, max-image-preview:large, max-video-preview:-1\" \/>\n<link rel=\"canonical\" href=\"https:\/\/21panorama.com\/index.php\/2025\/04\/14\/no-venimos-a-prometer-sino-a-trabajar-omar-sanchez\/\" \/>\n<meta property=\"og:locale\" content=\"es_MX\" \/>\n<meta property=\"og:type\" content=\"article\" \/>\n<meta property=\"og:title\" content=\"NO VENIMOS A PROMETER, SINO A TRABAJAR: OMAR S\u00c1NCHEZ - 21 Panorama\" \/>\n<meta property=\"og:description\" content=\"Alcalde de Calimaya rinde cuentas de sus primeros 100 d\u00edas: No empezamos de 0, sino del abandono de la anterior administraci\u00f3n. A pesar de una campa\u00f1a negra y cobarde de desprestigio, nosotros trabajamos, con visi\u00f3n y resultados.\" \/>\n<meta property=\"og:url\" content=\"https:\/\/21panorama.com\/index.php\/2025\/04\/14\/no-venimos-a-prometer-sino-a-trabajar-omar-sanchez\/\" \/>\n<meta property=\"og:site_name\" content=\"21 Panorama\" \/>\n<meta property=\"article:published_time\" content=\"2025-04-14T21:01:08+00:00\" \/>\n<meta property=\"article:modified_time\" content=\"2025-04-14T21:01:09+00:00\" \/>\n<meta property=\"og:image\" content=\"https:\/\/21panorama.com\/wp-content\/uploads\/2025\/04\/WhatsApp-Image-2025-04-14-at-1.14.13-PM-1.jpeg\" \/>\n\t<meta property=\"og:image:width\" content=\"1600\" \/>\n\t<meta property=\"og:image:height\" content=\"1200\" \/>\n\t<meta property=\"og:image:type\" content=\"image\/jpeg\" \/>\n<meta name=\"author\" content=\"admin\" \/>\n<meta name=\"twitter:card\" content=\"summary_large_image\" \/>\n<meta name=\"twitter:label1\" content=\"Escrito por\" \/>\n\t<meta name=\"twitter:data1\" content=\"admin\" \/>\n\t<meta name=\"twitter:label2\" content=\"Tiempo de lectura\" \/>\n\t<meta name=\"twitter:data2\" content=\"2 minutos\" \/>\n<script type=\"application\/ld+json\" class=\"yoast-schema-graph\">{\"@context\":\"https:\/\/schema.org\",\"@graph\":[{\"@type\":\"Article\",\"@id\":\"https:\/\/21panorama.com\/index.php\/2025\/04\/14\/no-venimos-a-prometer-sino-a-trabajar-omar-sanchez\/#article\",\"isPartOf\":{\"@id\":\"https:\/\/21panorama.com\/index.php\/2025\/04\/14\/no-venimos-a-prometer-sino-a-trabajar-omar-sanchez\/\"},\"author\":{\"name\":\"admin\",\"@id\":\"https:\/\/21panorama.com\/#\/schema\/person\/1afc291b96d5792a158768324287319f\"},\"headline\":\"NO VENIMOS A PROMETER, SINO A TRABAJAR: OMAR S\u00c1NCHEZ\",\"datePublished\":\"2025-04-14T21:01:08+00:00\",\"dateModified\":\"2025-04-14T21:01:09+00:00\",\"mainEntityOfPage\":{\"@id\":\"https:\/\/21panorama.com\/index.php\/2025\/04\/14\/no-venimos-a-prometer-sino-a-trabajar-omar-sanchez\/\"},\"wordCount\":349,\"commentCount\":0,\"publisher\":{\"@id\":\"https:\/\/21panorama.com\/#organization\"},\"image\":{\"@id\":\"https:\/\/21panorama.com\/index.php\/2025\/04\/14\/no-venimos-a-prometer-sino-a-trabajar-omar-sanchez\/#primaryimage\"},\"thumbnailUrl\":\"https:\/\/21panorama.com\/wp-content\/uploads\/2025\/04\/WhatsApp-Image-2025-04-14-at-1.14.13-PM-1.jpeg\",\"keywords\":[\"Calimaya\",\"EDOMEX\",\"GEM\",\"Omar S\u00e1nchez Vel\u00e1zquez\"],\"articleSection\":[\"Politica\",\"Sociedad\"],\"inLanguage\":\"es\",\"potentialAction\":[{\"@type\":\"CommentAction\",\"name\":\"Comment\",\"target\":[\"https:\/\/21panorama.com\/index.php\/2025\/04\/14\/no-venimos-a-prometer-sino-a-trabajar-omar-sanchez\/#respond\"]}]},{\"@type\":\"WebPage\",\"@id\":\"https:\/\/21panorama.com\/index.php\/2025\/04\/14\/no-venimos-a-prometer-sino-a-trabajar-omar-sanchez\/\",\"url\":\"https:\/\/21panorama.com\/index.php\/2025\/04\/14\/no-venimos-a-prometer-sino-a-trabajar-omar-sanchez\/\",\"name\":\"NO VENIMOS A PROMETER, SINO A TRABAJAR: OMAR S\u00c1NCHEZ - 21 Panorama\",\"isPartOf\":{\"@id\":\"https:\/\/21panorama.com\/#website\"},\"primaryImageOfPage\":{\"@id\":\"https:\/\/21panorama.com\/index.php\/2025\/04\/14\/no-venimos-a-prometer-sino-a-trabajar-omar-sanchez\/#primaryimage\"},\"image\":{\"@id\":\"https:\/\/21panorama.com\/index.php\/2025\/04\/14\/no-venimos-a-prometer-sino-a-trabajar-omar-sanchez\/#primaryimage\"},\"thumbnailUrl\":\"https:\/\/21panorama.com\/wp-content\/uploads\/2025\/04\/WhatsApp-Image-2025-04-14-at-1.14.13-PM-1.jpeg\",\"datePublished\":\"2025-04-14T21:01:08+00:00\",\"dateModified\":\"2025-04-14T21:01:09+00:00\",\"breadcrumb\":{\"@id\":\"https:\/\/21panorama.com\/index.php\/2025\/04\/14\/no-venimos-a-prometer-sino-a-trabajar-omar-sanchez\/#breadcrumb\"},\"inLanguage\":\"es\",\"potentialAction\":[{\"@type\":\"ReadAction\",\"target\":[\"https:\/\/21panorama.com\/index.php\/2025\/04\/14\/no-venimos-a-prometer-sino-a-trabajar-omar-sanchez\/\"]}]},{\"@type\":\"ImageObject\",\"inLanguage\":\"es\",\"@id\":\"https:\/\/21panorama.com\/index.php\/2025\/04\/14\/no-venimos-a-prometer-sino-a-trabajar-omar-sanchez\/#primaryimage\",\"url\":\"https:\/\/21panorama.com\/wp-content\/uploads\/2025\/04\/WhatsApp-Image-2025-04-14-at-1.14.13-PM-1.jpeg\",\"contentUrl\":\"https:\/\/21panorama.com\/wp-content\/uploads\/2025\/04\/WhatsApp-Image-2025-04-14-at-1.14.13-PM-1.jpeg\",\"width\":1600,\"height\":1200},{\"@type\":\"BreadcrumbList\",\"@id\":\"https:\/\/21panorama.com\/index.php\/2025\/04\/14\/no-venimos-a-prometer-sino-a-trabajar-omar-sanchez\/#breadcrumb\",\"itemListElement\":[{\"@type\":\"ListItem\",\"position\":1,\"name\":\"Inicio\",\"item\":\"https:\/\/21panorama.com\/\"},{\"@type\":\"ListItem\",\"position\":2,\"name\":\"NO VENIMOS A PROMETER, SINO A TRABAJAR: OMAR S\u00c1NCHEZ\"}]},{\"@type\":\"WebSite\",\"@id\":\"https:\/\/21panorama.com\/#website\",\"url\":\"https:\/\/21panorama.com\/\",\"name\":\"21 Panorama\",\"description\":\"La construcci\u00f3n de la opini\u00f3n p\u00fablica merece un mejor Panorama en este siglo 21 para alcanzar una sociedad con mayor transparencia y sin corrupci\u00f3n.\",\"publisher\":{\"@id\":\"https:\/\/21panorama.com\/#organization\"},\"potentialAction\":[{\"@type\":\"SearchAction\",\"target\":{\"@type\":\"EntryPoint\",\"urlTemplate\":\"https:\/\/21panorama.com\/?s={search_term_string}\"},\"query-input\":{\"@type\":\"PropertyValueSpecification\",\"valueRequired\":true,\"valueName\":\"search_term_string\"}}],\"inLanguage\":\"es\"},{\"@type\":\"Organization\",\"@id\":\"https:\/\/21panorama.com\/#organization\",\"name\":\"21 Panorama\",\"url\":\"https:\/\/21panorama.com\/\",\"logo\":{\"@type\":\"ImageObject\",\"inLanguage\":\"es\",\"@id\":\"https:\/\/21panorama.com\/#\/schema\/logo\/image\/\",\"url\":\"https:\/\/21panorama.com\/wp-content\/uploads\/2019\/07\/cropped-Logo-Panorama-01.jpeg\",\"contentUrl\":\"https:\/\/21panorama.com\/wp-content\/uploads\/2019\/07\/cropped-Logo-Panorama-01.jpeg\",\"width\":290,\"height\":70,\"caption\":\"21 Panorama\"},\"image\":{\"@id\":\"https:\/\/21panorama.com\/#\/schema\/logo\/image\/\"}},{\"@type\":\"Person\",\"@id\":\"https:\/\/21panorama.com\/#\/schema\/person\/1afc291b96d5792a158768324287319f\",\"name\":\"admin\",\"image\":{\"@type\":\"ImageObject\",\"inLanguage\":\"es\",\"@id\":\"https:\/\/21panorama.com\/#\/schema\/person\/image\/\",\"url\":\"https:\/\/secure.gravatar.com\/avatar\/ad365d9d9f46719215b0d042cc3df92a5a8683e09ef13d102233e5491985f0f0?s=96&d=mm&r=g\",\"contentUrl\":\"https:\/\/secure.gravatar.com\/avatar\/ad365d9d9f46719215b0d042cc3df92a5a8683e09ef13d102233e5491985f0f0?s=96&d=mm&r=g\",\"caption\":\"admin\"},\"url\":\"https:\/\/21panorama.com\/index.php\/author\/admin\/\"}]}<\/script>\n<!-- \/ Yoast SEO plugin. -->","yoast_head_json":{"title":"NO VENIMOS A PROMETER, SINO A TRABAJAR: OMAR S\u00c1NCHEZ - 21 Panorama","robots":{"index":"index","follow":"follow","max-snippet":"max-snippet:-1","max-image-preview":"max-image-preview:large","max-video-preview":"max-video-preview:-1"},"canonical":"https:\/\/21panorama.com\/index.php\/2025\/04\/14\/no-venimos-a-prometer-sino-a-trabajar-omar-sanchez\/","og_locale":"es_MX","og_type":"article","og_title":"NO VENIMOS A PROMETER, SINO A TRABAJAR: OMAR S\u00c1NCHEZ - 21 Panorama","og_description":"Alcalde de Calimaya rinde cuentas de sus primeros 100 d\u00edas: No empezamos de 0, sino del abandono de la anterior administraci\u00f3n. A pesar de una campa\u00f1a negra y cobarde de desprestigio, nosotros trabajamos, con visi\u00f3n y resultados.","og_url":"https:\/\/21panorama.com\/index.php\/2025\/04\/14\/no-venimos-a-prometer-sino-a-trabajar-omar-sanchez\/","og_site_name":"21 Panorama","article_published_time":"2025-04-14T21:01:08+00:00","article_modified_time":"2025-04-14T21:01:09+00:00","og_image":[{"width":1600,"height":1200,"url":"https:\/\/21panorama.com\/wp-content\/uploads\/2025\/04\/WhatsApp-Image-2025-04-14-at-1.14.13-PM-1.jpeg","type":"image\/jpeg"}],"author":"admin","twitter_card":"summary_large_image","twitter_misc":{"Escrito por":"admin","Tiempo de lectura":"2 minutos"},"schema":{"@context":"https:\/\/schema.org","@graph":[{"@type":"Article","@id":"https:\/\/21panorama.com\/index.php\/2025\/04\/14\/no-venimos-a-prometer-sino-a-trabajar-omar-sanchez\/#article","isPartOf":{"@id":"https:\/\/21panorama.com\/index.php\/2025\/04\/14\/no-venimos-a-prometer-sino-a-trabajar-omar-sanchez\/"},"author":{"name":"admin","@id":"https:\/\/21panorama.com\/#\/schema\/person\/1afc291b96d5792a158768324287319f"},"headline":"NO VENIMOS A PROMETER, SINO A TRABAJAR: OMAR S\u00c1NCHEZ","datePublished":"2025-04-14T21:01:08+00:00","dateModified":"2025-04-14T21:01:09+00:00","mainEntityOfPage":{"@id":"https:\/\/21panorama.com\/index.php\/2025\/04\/14\/no-venimos-a-prometer-sino-a-trabajar-omar-sanchez\/"},"wordCount":349,"commentCount":0,"publisher":{"@id":"https:\/\/21panorama.com\/#organization"},"image":{"@id":"https:\/\/21panorama.com\/index.php\/2025\/04\/14\/no-venimos-a-prometer-sino-a-trabajar-omar-sanchez\/#primaryimage"},"thumbnailUrl":"https:\/\/21panorama.com\/wp-content\/uploads\/2025\/04\/WhatsApp-Image-2025-04-14-at-1.14.13-PM-1.jpeg","keywords":["Calimaya","EDOMEX","GEM","Omar S\u00e1nchez Vel\u00e1zquez"],"articleSection":["Politica","Sociedad"],"inLanguage":"es","potentialAction":[{"@type":"CommentAction","name":"Comment","target":["https:\/\/21panorama.com\/index.php\/2025\/04\/14\/no-venimos-a-prometer-sino-a-trabajar-omar-sanchez\/#respond"]}]},{"@type":"WebPage","@id":"https:\/\/21panorama.com\/index.php\/2025\/04\/14\/no-venimos-a-prometer-sino-a-trabajar-omar-sanchez\/","url":"https:\/\/21panorama.com\/index.php\/2025\/04\/14\/no-venimos-a-prometer-sino-a-trabajar-omar-sanchez\/","name":"NO VENIMOS A PROMETER, SINO A TRABAJAR: OMAR S\u00c1NCHEZ - 21 Panorama","isPartOf":{"@id":"https:\/\/21panorama.com\/#website"},"primaryImageOfPage":{"@id":"https:\/\/21panorama.com\/index.php\/2025\/04\/14\/no-venimos-a-prometer-sino-a-trabajar-omar-sanchez\/#primaryimage"},"image":{"@id":"https:\/\/21panorama.com\/index.php\/2025\/04\/14\/no-venimos-a-prometer-sino-a-trabajar-omar-sanchez\/#primaryimage"},"thumbnailUrl":"https:\/\/21panorama.com\/wp-content\/uploads\/2025\/04\/WhatsApp-Image-2025-04-14-at-1.14.13-PM-1.jpeg","datePublished":"2025-04-14T21:01:08+00:00","dateModified":"2025-04-14T21:01:09+00:00","breadcrumb":{"@id":"https:\/\/21panorama.com\/index.php\/2025\/04\/14\/no-venimos-a-prometer-sino-a-trabajar-omar-sanchez\/#breadcrumb"},"inLanguage":"es","potentialAction":[{"@type":"ReadAction","target":["https:\/\/21panorama.com\/index.php\/2025\/04\/14\/no-venimos-a-prometer-sino-a-trabajar-omar-sanchez\/"]}]},{"@type":"ImageObject","inLanguage":"es","@id":"https:\/\/21panorama.com\/index.php\/2025\/04\/14\/no-venimos-a-prometer-sino-a-trabajar-omar-sanchez\/#primaryimage","url":"https:\/\/21panorama.com\/wp-content\/uploads\/2025\/04\/WhatsApp-Image-2025-04-14-at-1.14.13-PM-1.jpeg","contentUrl":"https:\/\/21panorama.com\/wp-content\/uploads\/2025\/04\/WhatsApp-Image-2025-04-14-at-1.14.13-PM-1.jpeg","width":1600,"height":1200},{"@type":"BreadcrumbList","@id":"https:\/\/21panorama.com\/index.php\/2025\/04\/14\/no-venimos-a-prometer-sino-a-trabajar-omar-sanchez\/#breadcrumb","itemListElement":[{"@type":"ListItem","position":1,"name":"Inicio","item":"https:\/\/21panorama.com\/"},{"@type":"ListItem","position":2,"name":"NO VENIMOS A PROMETER, SINO A TRABAJAR: OMAR S\u00c1NCHEZ"}]},{"@type":"WebSite","@id":"https:\/\/21panorama.com\/#website","url":"https:\/\/21panorama.com\/","name":"21 Panorama","description":"La construcci\u00f3n de la opini\u00f3n p\u00fablica merece un mejor Panorama en este siglo 21 para alcanzar una sociedad con mayor transparencia y sin corrupci\u00f3n.","publisher":{"@id":"https:\/\/21panorama.com\/#organization"},"potentialAction":[{"@type":"SearchAction","target":{"@type":"EntryPoint","urlTemplate":"https:\/\/21panorama.com\/?s={search_term_string}"},"query-input":{"@type":"PropertyValueSpecification","valueRequired":true,"valueName":"search_term_string"}}],"inLanguage":"es"},{"@type":"Organization","@id":"https:\/\/21panorama.com\/#organization","name":"21 Panorama","url":"https:\/\/21panorama.com\/","logo":{"@type":"ImageObject","inLanguage":"es","@id":"https:\/\/21panorama.com\/#\/schema\/logo\/image\/","url":"https:\/\/21panorama.com\/wp-content\/uploads\/2019\/07\/cropped-Logo-Panorama-01.jpeg","contentUrl":"https:\/\/21panorama.com\/wp-content\/uploads\/2019\/07\/cropped-Logo-Panorama-01.jpeg","width":290,"height":70,"caption":"21 Panorama"},"image":{"@id":"https:\/\/21panorama.com\/#\/schema\/logo\/image\/"}},{"@type":"Person","@id":"https:\/\/21panorama.com\/#\/schema\/person\/1afc291b96d5792a158768324287319f","name":"admin","image":{"@type":"ImageObject","inLanguage":"es","@id":"https:\/\/21panorama.com\/#\/schema\/person\/image\/","url":"https:\/\/secure.gravatar.com\/avatar\/ad365d9d9f46719215b0d042cc3df92a5a8683e09ef13d102233e5491985f0f0?s=96&d=mm&r=g","contentUrl":"https:\/\/secure.gravatar.com\/avatar\/ad365d9d9f46719215b0d042cc3df92a5a8683e09ef13d102233e5491985f0f0?s=96&d=mm&r=g","caption":"admin"},"url":"https:\/\/21panorama.com\/index.php\/author\/admin\/"}]}},"_links":{"self":[{"href":"https:\/\/21panorama.com\/index.php\/wp-json\/wp\/v2\/posts\/5945","targetHints":{"allow":["GET"]}}],"collection":[{"href":"https:\/\/21panorama.com\/index.php\/wp-json\/wp\/v2\/posts"}],"about":[{"href":"https:\/\/21panorama.com\/index.php\/wp-json\/wp\/v2\/types\/post"}],"author":[{"embeddable":true,"href":"https:\/\/21panorama.com\/index.php\/wp-json\/wp\/v2\/users\/1"}],"replies":[{"embeddable":true,"href":"https:\/\/21panorama.com\/index.php\/wp-json\/wp\/v2\/comments?post=5945"}],"version-history":[{"count":1,"href":"https:\/\/21panorama.com\/index.php\/wp-json\/wp\/v2\/posts\/5945\/revisions"}],"predecessor-version":[{"id":5947,"href":"https:\/\/21panorama.com\/index.php\/wp-json\/wp\/v2\/posts\/5945\/revisions\/5947"}],"wp:featuredmedia":[{"embeddable":true,"href":"https:\/\/21panorama.com\/index.php\/wp-json\/wp\/v2\/media\/5946"}],"wp:attachment":[{"href":"https:\/\/21panorama.com\/index.php\/wp-json\/wp\/v2\/media?parent=5945"}],"wp:term":[{"taxonomy":"category","embeddable":true,"href":"https:\/\/21panorama.com\/index.php\/wp-json\/wp\/v2\/categories?post=5945"},{"taxonomy":"post_tag","embeddable":true,"href":"https:\/\/21panorama.com\/index.php\/wp-json\/wp\/v2\/tags?post=5945"}],"curies":[{"name":"wp","href":"https:\/\/api.w.org\/{rel}","templated":true}]}}