{"id":5939,"date":"2025-04-09T21:38:16","date_gmt":"2025-04-10T03:38:16","guid":{"rendered":"https:\/\/21panorama.com\/?p=5939"},"modified":"2025-04-10T21:44:29","modified_gmt":"2025-04-11T03:44:29","slug":"urge-darle-forma-a-la-comision-de-busqueda-de-personas-en-edomex","status":"publish","type":"post","link":"https:\/\/21panorama.com\/index.php\/2025\/04\/09\/urge-darle-forma-a-la-comision-de-busqueda-de-personas-en-edomex\/","title":{"rendered":"URGE DARLE FORMA A LA COMISI\u00d3N DE B\u00daSQUEDA DE PERSONAS EN EDOMEX"},"content":{"rendered":"\n<p>El diputado Alejandro Castro Hern\u00e1ndez present\u00f3 a nombre del Grupo Parlamentario del PRI un exhorto a la Consejer\u00eda Jur\u00eddica del Gobierno del Estado de M\u00e9xico para que proponga el nombramiento de la persona titular de la Comisi\u00f3n de B\u00fasqueda de Personas del Estado de M\u00e9xico.<\/p>\n\n\n\n<p>En sesi\u00f3n plenaria, el legislador sostuvo que esta instancia p\u00fablica debe actuar en ejercicio de sus facultades y previa consulta p\u00fablica con colectivos de v\u00edctimas, personas expertas y organizaciones de la sociedad civil especializadas.<\/p>\n\n\n\n<p>Adem\u00e1s, en el Punto de Acuerdo se exhorta a la Comisi\u00f3n de B\u00fasqueda de Personas del Estado de  M\u00e9xico para que, en coordinaci\u00f3n con las autoridades que integran el Mecanismo Estatal de Prevenci\u00f3n, Investigaci\u00f3n y B\u00fasqueda de Personas se dise\u00f1e y ejecute un programa estatal integral para la  prevenci\u00f3n, atenci\u00f3n y erradicaci\u00f3n de la desaparici\u00f3n de mujeres, con enfoque multisectorial, perspectiva de g\u00e9nero, asignaci\u00f3n presupuestal espec\u00edfica y mecanismos de evaluaci\u00f3n peri\u00f3dica.<\/p>\n\n\n\n<p>Esto en consonancia con las recomendaciones del Comit\u00e9 contra la Desaparici\u00f3n Forzada de la ONU y la Comisi\u00f3n Interamericana de Derechos Humanos, puntualiz\u00f3 el legislador.<\/p>\n\n\n\n<p>Se emplaz\u00f3 a que se destinen recursos humanos, materiales y presupuestales suficientes para garantizar que al menos el 80% de su personal operativo reciba capacitaci\u00f3n especializada en b\u00fasqueda con perspectiva de g\u00e9nero; adquirir tecnolog\u00eda de punta para la localizaci\u00f3n e identificaci\u00f3n, incluyendo sistemas de geolocalizaci\u00f3n, drones y software especializado; as\u00ed como establecer protocolos de actuaci\u00f3n inmediata.<\/p>\n\n\n\n<p>Tambi\u00e9n se consider\u00f3 necesario establecer una red estatal de unidades municipales de b\u00fasqueda inmediata en los 125 municipios del estado, con personal certificado en perspectiva de g\u00e9nero y derechos humanos, que operen las 24 horas del d\u00eda y cuenten con equipos multidisciplinarios de reacci\u00f3n inmediata, protocolos homologados de b\u00fasqueda con enfoque diferencial, y sistemas de comunicaci\u00f3n interinstitucional en tiempo real.<\/p>\n\n\n\n<p>De igual forma, implementar un sistema integral de transporte seguro para mujeres en las rutas y horarios identificados con mayor incidencia de desapariciones, mediante unidades de transporte con<br>sistema de video vigilancia conectado al C5; personal de seguridad capacitado en perspectiva de g\u00e9nero; botones de p\u00e1nico y aplicaciones m\u00f3viles de geolocalizaci\u00f3n; as\u00ed como protocolos espec\u00edficos de actuaci\u00f3n.<\/p>\n\n\n\n<p>Se trata de integrar un fondo estatal de apoyo a familias de mujeres desaparecidas que garantice acompa\u00f1amiento psicol\u00f3gico especializado, asesor\u00eda jur\u00eddica integral, apoyo econ\u00f3mico para gastos de b\u00fasqueda y manutenci\u00f3n, atenci\u00f3n m\u00e9dica para integrantes de la familia, as\u00ed como programas de educaci\u00f3n y capacitaci\u00f3n laboral.<\/p>\n\n\n\n<p>Establecer, adem\u00e1s, un sistema de alerta temprana y b\u00fasqueda inmediata para mujeres desaparecidas que incluya una plataforma digital interoperable entre todas las instituciones de seguridad estatales y municipales; la difusi\u00f3n inmediata de casos a trav\u00e9s de medios de comunicaci\u00f3n y redes sociales; la participaci\u00f3n coordinada de autoridades de los tres \u00f3rdenes de gobierno; y los mecanismos de participaci\u00f3n ciudadana en la. b\u00fasqueda, dijo.<\/p>\n","protected":false},"excerpt":{"rendered":"<p>El diputado Alejandro Castro Hern\u00e1ndez present\u00f3 a nombre del Grupo Parlamentario del PRI un exhorto a la Consejer\u00eda Jur\u00eddica del Gobierno del Estado de M\u00e9xico para que proponga el nombramiento de la persona titular de la Comisi\u00f3n de B\u00fasqueda de Personas del Estado de M\u00e9xico.<\/p>\n","protected":false},"author":1,"featured_media":5940,"comment_status":"open","ping_status":"open","sticky":false,"template":"","format":"standard","meta":{"footnotes":""},"categories":[12,1],"tags":[418,97,33],"class_list":["post-5939","post","type-post","status-publish","format-standard","has-post-thumbnail","hentry","category-politica","category-sociedad","tag-alejandro-castro","tag-edomex","tag-pri"],"yoast_head":"<!-- This site is optimized with the Yoast SEO plugin v24.9 - https:\/\/yoast.com\/wordpress\/plugins\/seo\/ -->\n<title>URGE DARLE FORMA A LA COMISI\u00d3N DE B\u00daSQUEDA DE PERSONAS EN EDOMEX - 21 Panorama<\/title>\n<meta name=\"robots\" content=\"index, follow, max-snippet:-1, max-image-preview:large, max-video-preview:-1\" \/>\n<link rel=\"canonical\" href=\"https:\/\/21panorama.com\/index.php\/2025\/04\/09\/urge-darle-forma-a-la-comision-de-busqueda-de-personas-en-edomex\/\" \/>\n<meta property=\"og:locale\" content=\"es_MX\" \/>\n<meta property=\"og:type\" content=\"article\" \/>\n<meta property=\"og:title\" content=\"URGE DARLE FORMA A LA COMISI\u00d3N DE B\u00daSQUEDA DE PERSONAS EN EDOMEX - 21 Panorama\" \/>\n<meta property=\"og:description\" content=\"El diputado Alejandro Castro Hern\u00e1ndez present\u00f3 a nombre del Grupo Parlamentario del PRI un exhorto a la Consejer\u00eda Jur\u00eddica del Gobierno del Estado de M\u00e9xico para que proponga el nombramiento de la persona titular de la Comisi\u00f3n de B\u00fasqueda de Personas del Estado de M\u00e9xico.\" \/>\n<meta property=\"og:url\" content=\"https:\/\/21panorama.com\/index.php\/2025\/04\/09\/urge-darle-forma-a-la-comision-de-busqueda-de-personas-en-edomex\/\" \/>\n<meta property=\"og:site_name\" content=\"21 Panorama\" \/>\n<meta property=\"article:published_time\" content=\"2025-04-10T03:38:16+00:00\" \/>\n<meta property=\"article:modified_time\" content=\"2025-04-11T03:44:29+00:00\" \/>\n<meta property=\"og:image\" content=\"https:\/\/21panorama.com\/wp-content\/uploads\/2025\/04\/WhatsApp-Image-2025-04-09-at-6.09.44-PM.jpeg\" \/>\n\t<meta property=\"og:image:width\" content=\"738\" \/>\n\t<meta property=\"og:image:height\" content=\"492\" \/>\n\t<meta property=\"og:image:type\" content=\"image\/jpeg\" \/>\n<meta name=\"author\" content=\"admin\" \/>\n<meta name=\"twitter:card\" content=\"summary_large_image\" \/>\n<meta name=\"twitter:label1\" content=\"Escrito por\" \/>\n\t<meta name=\"twitter:data1\" content=\"admin\" \/>\n\t<meta name=\"twitter:label2\" content=\"Tiempo de lectura\" \/>\n\t<meta name=\"twitter:data2\" content=\"3 minutos\" \/>\n<script type=\"application\/ld+json\" class=\"yoast-schema-graph\">{\"@context\":\"https:\/\/schema.org\",\"@graph\":[{\"@type\":\"Article\",\"@id\":\"https:\/\/21panorama.com\/index.php\/2025\/04\/09\/urge-darle-forma-a-la-comision-de-busqueda-de-personas-en-edomex\/#article\",\"isPartOf\":{\"@id\":\"https:\/\/21panorama.com\/index.php\/2025\/04\/09\/urge-darle-forma-a-la-comision-de-busqueda-de-personas-en-edomex\/\"},\"author\":{\"name\":\"admin\",\"@id\":\"https:\/\/21panorama.com\/#\/schema\/person\/1afc291b96d5792a158768324287319f\"},\"headline\":\"URGE DARLE FORMA A LA COMISI\u00d3N DE B\u00daSQUEDA DE PERSONAS EN EDOMEX\",\"datePublished\":\"2025-04-10T03:38:16+00:00\",\"dateModified\":\"2025-04-11T03:44:29+00:00\",\"mainEntityOfPage\":{\"@id\":\"https:\/\/21panorama.com\/index.php\/2025\/04\/09\/urge-darle-forma-a-la-comision-de-busqueda-de-personas-en-edomex\/\"},\"wordCount\":537,\"commentCount\":0,\"publisher\":{\"@id\":\"https:\/\/21panorama.com\/#organization\"},\"image\":{\"@id\":\"https:\/\/21panorama.com\/index.php\/2025\/04\/09\/urge-darle-forma-a-la-comision-de-busqueda-de-personas-en-edomex\/#primaryimage\"},\"thumbnailUrl\":\"https:\/\/21panorama.com\/wp-content\/uploads\/2025\/04\/WhatsApp-Image-2025-04-09-at-6.09.44-PM.jpeg\",\"keywords\":[\"Alejandro Castro\",\"EDOMEX\",\"PRI\"],\"articleSection\":[\"Politica\",\"Sociedad\"],\"inLanguage\":\"es\",\"potentialAction\":[{\"@type\":\"CommentAction\",\"name\":\"Comment\",\"target\":[\"https:\/\/21panorama.com\/index.php\/2025\/04\/09\/urge-darle-forma-a-la-comision-de-busqueda-de-personas-en-edomex\/#respond\"]}]},{\"@type\":\"WebPage\",\"@id\":\"https:\/\/21panorama.com\/index.php\/2025\/04\/09\/urge-darle-forma-a-la-comision-de-busqueda-de-personas-en-edomex\/\",\"url\":\"https:\/\/21panorama.com\/index.php\/2025\/04\/09\/urge-darle-forma-a-la-comision-de-busqueda-de-personas-en-edomex\/\",\"name\":\"URGE DARLE FORMA A LA COMISI\u00d3N DE B\u00daSQUEDA DE PERSONAS EN EDOMEX - 21 Panorama\",\"isPartOf\":{\"@id\":\"https:\/\/21panorama.com\/#website\"},\"primaryImageOfPage\":{\"@id\":\"https:\/\/21panorama.com\/index.php\/2025\/04\/09\/urge-darle-forma-a-la-comision-de-busqueda-de-personas-en-edomex\/#primaryimage\"},\"image\":{\"@id\":\"https:\/\/21panorama.com\/index.php\/2025\/04\/09\/urge-darle-forma-a-la-comision-de-busqueda-de-personas-en-edomex\/#primaryimage\"},\"thumbnailUrl\":\"https:\/\/21panorama.com\/wp-content\/uploads\/2025\/04\/WhatsApp-Image-2025-04-09-at-6.09.44-PM.jpeg\",\"datePublished\":\"2025-04-10T03:38:16+00:00\",\"dateModified\":\"2025-04-11T03:44:29+00:00\",\"breadcrumb\":{\"@id\":\"https:\/\/21panorama.com\/index.php\/2025\/04\/09\/urge-darle-forma-a-la-comision-de-busqueda-de-personas-en-edomex\/#breadcrumb\"},\"inLanguage\":\"es\",\"potentialAction\":[{\"@type\":\"ReadAction\",\"target\":[\"https:\/\/21panorama.com\/index.php\/2025\/04\/09\/urge-darle-forma-a-la-comision-de-busqueda-de-personas-en-edomex\/\"]}]},{\"@type\":\"ImageObject\",\"inLanguage\":\"es\",\"@id\":\"https:\/\/21panorama.com\/index.php\/2025\/04\/09\/urge-darle-forma-a-la-comision-de-busqueda-de-personas-en-edomex\/#primaryimage\",\"url\":\"https:\/\/21panorama.com\/wp-content\/uploads\/2025\/04\/WhatsApp-Image-2025-04-09-at-6.09.44-PM.jpeg\",\"contentUrl\":\"https:\/\/21panorama.com\/wp-content\/uploads\/2025\/04\/WhatsApp-Image-2025-04-09-at-6.09.44-PM.jpeg\",\"width\":738,\"height\":492},{\"@type\":\"BreadcrumbList\",\"@id\":\"https:\/\/21panorama.com\/index.php\/2025\/04\/09\/urge-darle-forma-a-la-comision-de-busqueda-de-personas-en-edomex\/#breadcrumb\",\"itemListElement\":[{\"@type\":\"ListItem\",\"position\":1,\"name\":\"Inicio\",\"item\":\"https:\/\/21panorama.com\/\"},{\"@type\":\"ListItem\",\"position\":2,\"name\":\"URGE DARLE FORMA A LA COMISI\u00d3N DE B\u00daSQUEDA DE PERSONAS EN EDOMEX\"}]},{\"@type\":\"WebSite\",\"@id\":\"https:\/\/21panorama.com\/#website\",\"url\":\"https:\/\/21panorama.com\/\",\"name\":\"21 Panorama\",\"description\":\"La construcci\u00f3n de la opini\u00f3n p\u00fablica merece un mejor Panorama en este siglo 21 para alcanzar una sociedad con mayor transparencia y sin corrupci\u00f3n.\",\"publisher\":{\"@id\":\"https:\/\/21panorama.com\/#organization\"},\"potentialAction\":[{\"@type\":\"SearchAction\",\"target\":{\"@type\":\"EntryPoint\",\"urlTemplate\":\"https:\/\/21panorama.com\/?s={search_term_string}\"},\"query-input\":{\"@type\":\"PropertyValueSpecification\",\"valueRequired\":true,\"valueName\":\"search_term_string\"}}],\"inLanguage\":\"es\"},{\"@type\":\"Organization\",\"@id\":\"https:\/\/21panorama.com\/#organization\",\"name\":\"21 Panorama\",\"url\":\"https:\/\/21panorama.com\/\",\"logo\":{\"@type\":\"ImageObject\",\"inLanguage\":\"es\",\"@id\":\"https:\/\/21panorama.com\/#\/schema\/logo\/image\/\",\"url\":\"https:\/\/21panorama.com\/wp-content\/uploads\/2019\/07\/cropped-Logo-Panorama-01.jpeg\",\"contentUrl\":\"https:\/\/21panorama.com\/wp-content\/uploads\/2019\/07\/cropped-Logo-Panorama-01.jpeg\",\"width\":290,\"height\":70,\"caption\":\"21 Panorama\"},\"image\":{\"@id\":\"https:\/\/21panorama.com\/#\/schema\/logo\/image\/\"}},{\"@type\":\"Person\",\"@id\":\"https:\/\/21panorama.com\/#\/schema\/person\/1afc291b96d5792a158768324287319f\",\"name\":\"admin\",\"image\":{\"@type\":\"ImageObject\",\"inLanguage\":\"es\",\"@id\":\"https:\/\/21panorama.com\/#\/schema\/person\/image\/\",\"url\":\"https:\/\/secure.gravatar.com\/avatar\/ad365d9d9f46719215b0d042cc3df92a5a8683e09ef13d102233e5491985f0f0?s=96&d=mm&r=g\",\"contentUrl\":\"https:\/\/secure.gravatar.com\/avatar\/ad365d9d9f46719215b0d042cc3df92a5a8683e09ef13d102233e5491985f0f0?s=96&d=mm&r=g\",\"caption\":\"admin\"},\"url\":\"https:\/\/21panorama.com\/index.php\/author\/admin\/\"}]}<\/script>\n<!-- \/ Yoast SEO plugin. -->","yoast_head_json":{"title":"URGE DARLE FORMA A LA COMISI\u00d3N DE B\u00daSQUEDA DE PERSONAS EN EDOMEX - 21 Panorama","robots":{"index":"index","follow":"follow","max-snippet":"max-snippet:-1","max-image-preview":"max-image-preview:large","max-video-preview":"max-video-preview:-1"},"canonical":"https:\/\/21panorama.com\/index.php\/2025\/04\/09\/urge-darle-forma-a-la-comision-de-busqueda-de-personas-en-edomex\/","og_locale":"es_MX","og_type":"article","og_title":"URGE DARLE FORMA A LA COMISI\u00d3N DE B\u00daSQUEDA DE PERSONAS EN EDOMEX - 21 Panorama","og_description":"El diputado Alejandro Castro Hern\u00e1ndez present\u00f3 a nombre del Grupo Parlamentario del PRI un exhorto a la Consejer\u00eda Jur\u00eddica del Gobierno del Estado de M\u00e9xico para que proponga el nombramiento de la persona titular de la Comisi\u00f3n de B\u00fasqueda de Personas del Estado de M\u00e9xico.","og_url":"https:\/\/21panorama.com\/index.php\/2025\/04\/09\/urge-darle-forma-a-la-comision-de-busqueda-de-personas-en-edomex\/","og_site_name":"21 Panorama","article_published_time":"2025-04-10T03:38:16+00:00","article_modified_time":"2025-04-11T03:44:29+00:00","og_image":[{"width":738,"height":492,"url":"https:\/\/21panorama.com\/wp-content\/uploads\/2025\/04\/WhatsApp-Image-2025-04-09-at-6.09.44-PM.jpeg","type":"image\/jpeg"}],"author":"admin","twitter_card":"summary_large_image","twitter_misc":{"Escrito por":"admin","Tiempo de lectura":"3 minutos"},"schema":{"@context":"https:\/\/schema.org","@graph":[{"@type":"Article","@id":"https:\/\/21panorama.com\/index.php\/2025\/04\/09\/urge-darle-forma-a-la-comision-de-busqueda-de-personas-en-edomex\/#article","isPartOf":{"@id":"https:\/\/21panorama.com\/index.php\/2025\/04\/09\/urge-darle-forma-a-la-comision-de-busqueda-de-personas-en-edomex\/"},"author":{"name":"admin","@id":"https:\/\/21panorama.com\/#\/schema\/person\/1afc291b96d5792a158768324287319f"},"headline":"URGE DARLE FORMA A LA COMISI\u00d3N DE B\u00daSQUEDA DE PERSONAS EN EDOMEX","datePublished":"2025-04-10T03:38:16+00:00","dateModified":"2025-04-11T03:44:29+00:00","mainEntityOfPage":{"@id":"https:\/\/21panorama.com\/index.php\/2025\/04\/09\/urge-darle-forma-a-la-comision-de-busqueda-de-personas-en-edomex\/"},"wordCount":537,"commentCount":0,"publisher":{"@id":"https:\/\/21panorama.com\/#organization"},"image":{"@id":"https:\/\/21panorama.com\/index.php\/2025\/04\/09\/urge-darle-forma-a-la-comision-de-busqueda-de-personas-en-edomex\/#primaryimage"},"thumbnailUrl":"https:\/\/21panorama.com\/wp-content\/uploads\/2025\/04\/WhatsApp-Image-2025-04-09-at-6.09.44-PM.jpeg","keywords":["Alejandro Castro","EDOMEX","PRI"],"articleSection":["Politica","Sociedad"],"inLanguage":"es","potentialAction":[{"@type":"CommentAction","name":"Comment","target":["https:\/\/21panorama.com\/index.php\/2025\/04\/09\/urge-darle-forma-a-la-comision-de-busqueda-de-personas-en-edomex\/#respond"]}]},{"@type":"WebPage","@id":"https:\/\/21panorama.com\/index.php\/2025\/04\/09\/urge-darle-forma-a-la-comision-de-busqueda-de-personas-en-edomex\/","url":"https:\/\/21panorama.com\/index.php\/2025\/04\/09\/urge-darle-forma-a-la-comision-de-busqueda-de-personas-en-edomex\/","name":"URGE DARLE FORMA A LA COMISI\u00d3N DE B\u00daSQUEDA DE PERSONAS EN EDOMEX - 21 Panorama","isPartOf":{"@id":"https:\/\/21panorama.com\/#website"},"primaryImageOfPage":{"@id":"https:\/\/21panorama.com\/index.php\/2025\/04\/09\/urge-darle-forma-a-la-comision-de-busqueda-de-personas-en-edomex\/#primaryimage"},"image":{"@id":"https:\/\/21panorama.com\/index.php\/2025\/04\/09\/urge-darle-forma-a-la-comision-de-busqueda-de-personas-en-edomex\/#primaryimage"},"thumbnailUrl":"https:\/\/21panorama.com\/wp-content\/uploads\/2025\/04\/WhatsApp-Image-2025-04-09-at-6.09.44-PM.jpeg","datePublished":"2025-04-10T03:38:16+00:00","dateModified":"2025-04-11T03:44:29+00:00","breadcrumb":{"@id":"https:\/\/21panorama.com\/index.php\/2025\/04\/09\/urge-darle-forma-a-la-comision-de-busqueda-de-personas-en-edomex\/#breadcrumb"},"inLanguage":"es","potentialAction":[{"@type":"ReadAction","target":["https:\/\/21panorama.com\/index.php\/2025\/04\/09\/urge-darle-forma-a-la-comision-de-busqueda-de-personas-en-edomex\/"]}]},{"@type":"ImageObject","inLanguage":"es","@id":"https:\/\/21panorama.com\/index.php\/2025\/04\/09\/urge-darle-forma-a-la-comision-de-busqueda-de-personas-en-edomex\/#primaryimage","url":"https:\/\/21panorama.com\/wp-content\/uploads\/2025\/04\/WhatsApp-Image-2025-04-09-at-6.09.44-PM.jpeg","contentUrl":"https:\/\/21panorama.com\/wp-content\/uploads\/2025\/04\/WhatsApp-Image-2025-04-09-at-6.09.44-PM.jpeg","width":738,"height":492},{"@type":"BreadcrumbList","@id":"https:\/\/21panorama.com\/index.php\/2025\/04\/09\/urge-darle-forma-a-la-comision-de-busqueda-de-personas-en-edomex\/#breadcrumb","itemListElement":[{"@type":"ListItem","position":1,"name":"Inicio","item":"https:\/\/21panorama.com\/"},{"@type":"ListItem","position":2,"name":"URGE DARLE FORMA A LA COMISI\u00d3N DE B\u00daSQUEDA DE PERSONAS EN EDOMEX"}]},{"@type":"WebSite","@id":"https:\/\/21panorama.com\/#website","url":"https:\/\/21panorama.com\/","name":"21 Panorama","description":"La construcci\u00f3n de la opini\u00f3n p\u00fablica merece un mejor Panorama en este siglo 21 para alcanzar una sociedad con mayor transparencia y sin corrupci\u00f3n.","publisher":{"@id":"https:\/\/21panorama.com\/#organization"},"potentialAction":[{"@type":"SearchAction","target":{"@type":"EntryPoint","urlTemplate":"https:\/\/21panorama.com\/?s={search_term_string}"},"query-input":{"@type":"PropertyValueSpecification","valueRequired":true,"valueName":"search_term_string"}}],"inLanguage":"es"},{"@type":"Organization","@id":"https:\/\/21panorama.com\/#organization","name":"21 Panorama","url":"https:\/\/21panorama.com\/","logo":{"@type":"ImageObject","inLanguage":"es","@id":"https:\/\/21panorama.com\/#\/schema\/logo\/image\/","url":"https:\/\/21panorama.com\/wp-content\/uploads\/2019\/07\/cropped-Logo-Panorama-01.jpeg","contentUrl":"https:\/\/21panorama.com\/wp-content\/uploads\/2019\/07\/cropped-Logo-Panorama-01.jpeg","width":290,"height":70,"caption":"21 Panorama"},"image":{"@id":"https:\/\/21panorama.com\/#\/schema\/logo\/image\/"}},{"@type":"Person","@id":"https:\/\/21panorama.com\/#\/schema\/person\/1afc291b96d5792a158768324287319f","name":"admin","image":{"@type":"ImageObject","inLanguage":"es","@id":"https:\/\/21panorama.com\/#\/schema\/person\/image\/","url":"https:\/\/secure.gravatar.com\/avatar\/ad365d9d9f46719215b0d042cc3df92a5a8683e09ef13d102233e5491985f0f0?s=96&d=mm&r=g","contentUrl":"https:\/\/secure.gravatar.com\/avatar\/ad365d9d9f46719215b0d042cc3df92a5a8683e09ef13d102233e5491985f0f0?s=96&d=mm&r=g","caption":"admin"},"url":"https:\/\/21panorama.com\/index.php\/author\/admin\/"}]}},"_links":{"self":[{"href":"https:\/\/21panorama.com\/index.php\/wp-json\/wp\/v2\/posts\/5939","targetHints":{"allow":["GET"]}}],"collection":[{"href":"https:\/\/21panorama.com\/index.php\/wp-json\/wp\/v2\/posts"}],"about":[{"href":"https:\/\/21panorama.com\/index.php\/wp-json\/wp\/v2\/types\/post"}],"author":[{"embeddable":true,"href":"https:\/\/21panorama.com\/index.php\/wp-json\/wp\/v2\/users\/1"}],"replies":[{"embeddable":true,"href":"https:\/\/21panorama.com\/index.php\/wp-json\/wp\/v2\/comments?post=5939"}],"version-history":[{"count":1,"href":"https:\/\/21panorama.com\/index.php\/wp-json\/wp\/v2\/posts\/5939\/revisions"}],"predecessor-version":[{"id":5941,"href":"https:\/\/21panorama.com\/index.php\/wp-json\/wp\/v2\/posts\/5939\/revisions\/5941"}],"wp:featuredmedia":[{"embeddable":true,"href":"https:\/\/21panorama.com\/index.php\/wp-json\/wp\/v2\/media\/5940"}],"wp:attachment":[{"href":"https:\/\/21panorama.com\/index.php\/wp-json\/wp\/v2\/media?parent=5939"}],"wp:term":[{"taxonomy":"category","embeddable":true,"href":"https:\/\/21panorama.com\/index.php\/wp-json\/wp\/v2\/categories?post=5939"},{"taxonomy":"post_tag","embeddable":true,"href":"https:\/\/21panorama.com\/index.php\/wp-json\/wp\/v2\/tags?post=5939"}],"curies":[{"name":"wp","href":"https:\/\/api.w.org\/{rel}","templated":true}]}}