{"id":5932,"date":"2025-04-07T21:56:34","date_gmt":"2025-04-08T03:56:34","guid":{"rendered":"https:\/\/21panorama.com\/?p=5932"},"modified":"2025-04-07T21:56:34","modified_gmt":"2025-04-08T03:56:34","slug":"exhibe-pri-la-grave-crisis-del-sector-salud-y-plantea-soluciones-reales","status":"publish","type":"post","link":"https:\/\/21panorama.com\/index.php\/2025\/04\/07\/exhibe-pri-la-grave-crisis-del-sector-salud-y-plantea-soluciones-reales\/","title":{"rendered":"EXHIBE PRI LA GRAVE CRISIS DEL SECTOR SALUD Y PLANTEA SOLUCIONES REALES"},"content":{"rendered":"\n<p>* Necesario asegurar abasto de medicamentos, equipamiento y mejores condiciones para el personal del sector, dijo la dirigente estatal del PRI.<\/p>\n\n\n\n<p>Al evidenciar la grave crisis que padece el sector salud del pa\u00eds, desde aquel fat\u00eddico a\u00f1o 2019 en que se sepult\u00f3 al seguro popular, la Senadora Cristina Ru\u00edz Sandoval emplaz\u00f3 a los responsables a presentar a la legislatura un Plan de Abasto Seguro de Medicamentos para garantizar su disponibilidad en todas las cl\u00ednicas y hospitales del ISEM, mediante una estrategia de distribuci\u00f3n eficiente y transparente.<\/p>\n\n\n\n<p>En conferencia de prensa, la Presidenta del Comit\u00e9 Directivo Estatal (CDE) argument\u00f3 que el segundo gran fracaso del r\u00e9gimen pol\u00edtico en turno fue la megafarmacia, pues \u201cen uno de sus experimentos, el gobierno cambi\u00f3 los procesos de compra y distribuci\u00f3n de medicamentos, lo que gener\u00f3 un grave desabasto en el tratamiento para el c\u00e1ncer o los de cuadro b\u00e1sico, y es la fecha en que solo surten 2.7 recetas diarias\u201d.<\/p>\n\n\n\n<p>Acompa\u00f1ada por el coordinador de las diputadas y diputados, El\u00edas Rescala Jim\u00e9nez, regidoras, as\u00ed como de integrantes del CDE, ejemplific\u00f3 que en el Hospital General de Atizap\u00e1n que pertenece al ISEM se reporta un desabasto de medicinas del 50%, donde los familiares de los pacientes tienen que comprar sus medicamentos e insumos a trav\u00e9s del sector privado.<\/p>\n\n\n\n<p>El desembolso que hacen las familias para pagar atenci\u00f3n m\u00e9dica y medicamentos aument\u00f3 30%, entre 2018 y 2022, hoy los pacientes gastan hasta 5,580 pesos, apunt\u00f3 la l\u00edder priista al se\u00f1alar que esta misma situaci\u00f3n se vive en Ecatepec, Toluca, Naucalpan, Tlalnepantla, Nezahualc\u00f3yotl, donde hay una escasez notable de medicamentos como ocurre con un simple paracetamol.<br><br>\u201cYa no tienen argumentos para echarle la culpa al pasado, porque ellos son los del sexenio pasado, hay manifestaciones del sector salud como nunca antes, sino es en el hospital Nicol\u00e1s San Juan, es el Adolfo L\u00f3pez Mateos o el M\u00f3nica Pretelini en Toluca; todos exigiendo insumos, equipamiento y mejores condiciones laborales\u201d, agreg\u00f3.<\/p>\n\n\n\n<p>Por todo ello, dejo en claro que el PRI se une a las demandas de pacientes, familias y de todas y todos los trabajadores, de tal manera que exigimos modernizar el ISEM; aplicar auditor\u00edas y mejorar su administraci\u00f3n para optimizar la operatividad, mejorar su infraestructura y la calidad en la atenci\u00f3n.<\/p>\n\n\n\n<p>No dejaremos de alzar la voz hasta que &nbsp;se puedan fortalecer los Servicios de Emergencia con m\u00e1s ambulancias equipadas, en lugar de prestarlas para campa\u00f1as en otros estados, y mejorar la infraestructura de respuesta a contingencias en el Estado de M\u00e9xico, destac\u00f3.<br><br>De igual formar, plante\u00f3 regularizar pagos y crear un Fondo Estatal de Apoyo al Personal de Salud; crear un mecanismo de supervisi\u00f3n para garantizar el pago puntual de salarios y establecer un fondo de emergencia para atender casos de crisis en el pago de sueldos y mejorar las prestaciones laborales del sector en el Estado de M\u00e9xico; adem\u00e1s de generar Condiciones Laborales Dignas para el Personal de Salud; Implementar una reforma que garantice estabilidad laboral y disminuya la sobrecarga de trabajo.<\/p>\n\n\n\n<p>En su momento, Carla Morell Islas abord\u00f3 la problem\u00e1tica regional hospitalaria que padecen en la zona de Texcoco. Mientras tanto, la diputada Lili Urbina expuso la iniciativa que present\u00f3 para que las mujeres que gozan de Pensi\u00f3n por Viudez la conserven, a\u00fan si contraen segundas nupcias.<\/p>\n\n\n\n<p>La Secretaria General, Brenda Alvarado, resalt\u00f3 la iniciativa presentada por nuestros diputados federales para proponer la Titulaci\u00f3n Gratuita, porque en el PRI \u201ctenemos profunda conciencia del valor de la educaci\u00f3n para el desarrollo de las personas y del pa\u00eds\u201d.<\/p>\n","protected":false},"excerpt":{"rendered":"<p>Al evidenciar la grave crisis que padece el sector salud del pa\u00eds, desde aquel fat\u00eddico a\u00f1o 2019 en que se sepult\u00f3 al seguro popular, la Senadora Cristina Ru\u00edz Sandoval emplaz\u00f3 a los responsables a presentar a la legislatura un Plan de Abasto Seguro de Medicamentos para garantizar su disponibilidad en todas las cl\u00ednicas y hospitales del ISEM, mediante una estrategia de distribuci\u00f3n eficiente y transparente.<\/p>\n","protected":false},"author":1,"featured_media":5933,"comment_status":"open","ping_status":"open","sticky":false,"template":"","format":"standard","meta":{"footnotes":""},"categories":[12,1],"tags":[413,97,33],"class_list":["post-5932","post","type-post","status-publish","format-standard","has-post-thumbnail","hentry","category-politica","category-sociedad","tag-cristina-ruiz-sandoval","tag-edomex","tag-pri"],"yoast_head":"<!-- This site is optimized with the Yoast SEO plugin v24.9 - https:\/\/yoast.com\/wordpress\/plugins\/seo\/ -->\n<title>EXHIBE PRI LA GRAVE CRISIS DEL SECTOR SALUD Y PLANTEA SOLUCIONES REALES - 21 Panorama<\/title>\n<meta name=\"robots\" content=\"index, follow, max-snippet:-1, max-image-preview:large, max-video-preview:-1\" \/>\n<link rel=\"canonical\" href=\"https:\/\/21panorama.com\/index.php\/2025\/04\/07\/exhibe-pri-la-grave-crisis-del-sector-salud-y-plantea-soluciones-reales\/\" \/>\n<meta property=\"og:locale\" content=\"es_MX\" \/>\n<meta property=\"og:type\" content=\"article\" \/>\n<meta property=\"og:title\" content=\"EXHIBE PRI LA GRAVE CRISIS DEL SECTOR SALUD Y PLANTEA SOLUCIONES REALES - 21 Panorama\" \/>\n<meta property=\"og:description\" content=\"Al evidenciar la grave crisis que padece el sector salud del pa\u00eds, desde aquel fat\u00eddico a\u00f1o 2019 en que se sepult\u00f3 al seguro popular, la Senadora Cristina Ru\u00edz Sandoval emplaz\u00f3 a los responsables a presentar a la legislatura un Plan de Abasto Seguro de Medicamentos para garantizar su disponibilidad en todas las cl\u00ednicas y hospitales del ISEM, mediante una estrategia de distribuci\u00f3n eficiente y transparente.\" \/>\n<meta property=\"og:url\" content=\"https:\/\/21panorama.com\/index.php\/2025\/04\/07\/exhibe-pri-la-grave-crisis-del-sector-salud-y-plantea-soluciones-reales\/\" \/>\n<meta property=\"og:site_name\" content=\"21 Panorama\" \/>\n<meta property=\"article:published_time\" content=\"2025-04-08T03:56:34+00:00\" \/>\n<meta property=\"og:image\" content=\"https:\/\/21panorama.com\/wp-content\/uploads\/2025\/04\/WhatsApp-Image-2025-04-07-at-5.57.58-PM-2-scaled.jpeg\" \/>\n\t<meta property=\"og:image:width\" content=\"2560\" \/>\n\t<meta property=\"og:image:height\" content=\"1652\" \/>\n\t<meta property=\"og:image:type\" content=\"image\/jpeg\" \/>\n<meta name=\"author\" content=\"admin\" \/>\n<meta name=\"twitter:card\" content=\"summary_large_image\" \/>\n<meta name=\"twitter:label1\" content=\"Escrito por\" \/>\n\t<meta name=\"twitter:data1\" content=\"admin\" \/>\n\t<meta name=\"twitter:label2\" content=\"Tiempo de lectura\" \/>\n\t<meta name=\"twitter:data2\" content=\"3 minutos\" \/>\n<script type=\"application\/ld+json\" class=\"yoast-schema-graph\">{\"@context\":\"https:\/\/schema.org\",\"@graph\":[{\"@type\":\"Article\",\"@id\":\"https:\/\/21panorama.com\/index.php\/2025\/04\/07\/exhibe-pri-la-grave-crisis-del-sector-salud-y-plantea-soluciones-reales\/#article\",\"isPartOf\":{\"@id\":\"https:\/\/21panorama.com\/index.php\/2025\/04\/07\/exhibe-pri-la-grave-crisis-del-sector-salud-y-plantea-soluciones-reales\/\"},\"author\":{\"name\":\"admin\",\"@id\":\"https:\/\/21panorama.com\/#\/schema\/person\/1afc291b96d5792a158768324287319f\"},\"headline\":\"EXHIBE PRI LA GRAVE CRISIS DEL SECTOR SALUD Y PLANTEA SOLUCIONES REALES\",\"datePublished\":\"2025-04-08T03:56:34+00:00\",\"mainEntityOfPage\":{\"@id\":\"https:\/\/21panorama.com\/index.php\/2025\/04\/07\/exhibe-pri-la-grave-crisis-del-sector-salud-y-plantea-soluciones-reales\/\"},\"wordCount\":626,\"commentCount\":0,\"publisher\":{\"@id\":\"https:\/\/21panorama.com\/#organization\"},\"image\":{\"@id\":\"https:\/\/21panorama.com\/index.php\/2025\/04\/07\/exhibe-pri-la-grave-crisis-del-sector-salud-y-plantea-soluciones-reales\/#primaryimage\"},\"thumbnailUrl\":\"https:\/\/21panorama.com\/wp-content\/uploads\/2025\/04\/WhatsApp-Image-2025-04-07-at-5.57.58-PM-2-scaled.jpeg\",\"keywords\":[\"Cristina Ru\u00edz Sandoval\",\"EDOMEX\",\"PRI\"],\"articleSection\":[\"Politica\",\"Sociedad\"],\"inLanguage\":\"es\",\"potentialAction\":[{\"@type\":\"CommentAction\",\"name\":\"Comment\",\"target\":[\"https:\/\/21panorama.com\/index.php\/2025\/04\/07\/exhibe-pri-la-grave-crisis-del-sector-salud-y-plantea-soluciones-reales\/#respond\"]}]},{\"@type\":\"WebPage\",\"@id\":\"https:\/\/21panorama.com\/index.php\/2025\/04\/07\/exhibe-pri-la-grave-crisis-del-sector-salud-y-plantea-soluciones-reales\/\",\"url\":\"https:\/\/21panorama.com\/index.php\/2025\/04\/07\/exhibe-pri-la-grave-crisis-del-sector-salud-y-plantea-soluciones-reales\/\",\"name\":\"EXHIBE PRI LA GRAVE CRISIS DEL SECTOR SALUD Y PLANTEA SOLUCIONES REALES - 21 Panorama\",\"isPartOf\":{\"@id\":\"https:\/\/21panorama.com\/#website\"},\"primaryImageOfPage\":{\"@id\":\"https:\/\/21panorama.com\/index.php\/2025\/04\/07\/exhibe-pri-la-grave-crisis-del-sector-salud-y-plantea-soluciones-reales\/#primaryimage\"},\"image\":{\"@id\":\"https:\/\/21panorama.com\/index.php\/2025\/04\/07\/exhibe-pri-la-grave-crisis-del-sector-salud-y-plantea-soluciones-reales\/#primaryimage\"},\"thumbnailUrl\":\"https:\/\/21panorama.com\/wp-content\/uploads\/2025\/04\/WhatsApp-Image-2025-04-07-at-5.57.58-PM-2-scaled.jpeg\",\"datePublished\":\"2025-04-08T03:56:34+00:00\",\"breadcrumb\":{\"@id\":\"https:\/\/21panorama.com\/index.php\/2025\/04\/07\/exhibe-pri-la-grave-crisis-del-sector-salud-y-plantea-soluciones-reales\/#breadcrumb\"},\"inLanguage\":\"es\",\"potentialAction\":[{\"@type\":\"ReadAction\",\"target\":[\"https:\/\/21panorama.com\/index.php\/2025\/04\/07\/exhibe-pri-la-grave-crisis-del-sector-salud-y-plantea-soluciones-reales\/\"]}]},{\"@type\":\"ImageObject\",\"inLanguage\":\"es\",\"@id\":\"https:\/\/21panorama.com\/index.php\/2025\/04\/07\/exhibe-pri-la-grave-crisis-del-sector-salud-y-plantea-soluciones-reales\/#primaryimage\",\"url\":\"https:\/\/21panorama.com\/wp-content\/uploads\/2025\/04\/WhatsApp-Image-2025-04-07-at-5.57.58-PM-2-scaled.jpeg\",\"contentUrl\":\"https:\/\/21panorama.com\/wp-content\/uploads\/2025\/04\/WhatsApp-Image-2025-04-07-at-5.57.58-PM-2-scaled.jpeg\",\"width\":2560,\"height\":1652},{\"@type\":\"BreadcrumbList\",\"@id\":\"https:\/\/21panorama.com\/index.php\/2025\/04\/07\/exhibe-pri-la-grave-crisis-del-sector-salud-y-plantea-soluciones-reales\/#breadcrumb\",\"itemListElement\":[{\"@type\":\"ListItem\",\"position\":1,\"name\":\"Inicio\",\"item\":\"https:\/\/21panorama.com\/\"},{\"@type\":\"ListItem\",\"position\":2,\"name\":\"EXHIBE PRI LA GRAVE CRISIS DEL SECTOR SALUD Y PLANTEA SOLUCIONES REALES\"}]},{\"@type\":\"WebSite\",\"@id\":\"https:\/\/21panorama.com\/#website\",\"url\":\"https:\/\/21panorama.com\/\",\"name\":\"21 Panorama\",\"description\":\"La construcci\u00f3n de la opini\u00f3n p\u00fablica merece un mejor Panorama en este siglo 21 para alcanzar una sociedad con mayor transparencia y sin corrupci\u00f3n.\",\"publisher\":{\"@id\":\"https:\/\/21panorama.com\/#organization\"},\"potentialAction\":[{\"@type\":\"SearchAction\",\"target\":{\"@type\":\"EntryPoint\",\"urlTemplate\":\"https:\/\/21panorama.com\/?s={search_term_string}\"},\"query-input\":{\"@type\":\"PropertyValueSpecification\",\"valueRequired\":true,\"valueName\":\"search_term_string\"}}],\"inLanguage\":\"es\"},{\"@type\":\"Organization\",\"@id\":\"https:\/\/21panorama.com\/#organization\",\"name\":\"21 Panorama\",\"url\":\"https:\/\/21panorama.com\/\",\"logo\":{\"@type\":\"ImageObject\",\"inLanguage\":\"es\",\"@id\":\"https:\/\/21panorama.com\/#\/schema\/logo\/image\/\",\"url\":\"https:\/\/21panorama.com\/wp-content\/uploads\/2019\/07\/cropped-Logo-Panorama-01.jpeg\",\"contentUrl\":\"https:\/\/21panorama.com\/wp-content\/uploads\/2019\/07\/cropped-Logo-Panorama-01.jpeg\",\"width\":290,\"height\":70,\"caption\":\"21 Panorama\"},\"image\":{\"@id\":\"https:\/\/21panorama.com\/#\/schema\/logo\/image\/\"}},{\"@type\":\"Person\",\"@id\":\"https:\/\/21panorama.com\/#\/schema\/person\/1afc291b96d5792a158768324287319f\",\"name\":\"admin\",\"image\":{\"@type\":\"ImageObject\",\"inLanguage\":\"es\",\"@id\":\"https:\/\/21panorama.com\/#\/schema\/person\/image\/\",\"url\":\"https:\/\/secure.gravatar.com\/avatar\/ad365d9d9f46719215b0d042cc3df92a5a8683e09ef13d102233e5491985f0f0?s=96&d=mm&r=g\",\"contentUrl\":\"https:\/\/secure.gravatar.com\/avatar\/ad365d9d9f46719215b0d042cc3df92a5a8683e09ef13d102233e5491985f0f0?s=96&d=mm&r=g\",\"caption\":\"admin\"},\"url\":\"https:\/\/21panorama.com\/index.php\/author\/admin\/\"}]}<\/script>\n<!-- \/ Yoast SEO plugin. -->","yoast_head_json":{"title":"EXHIBE PRI LA GRAVE CRISIS DEL SECTOR SALUD Y PLANTEA SOLUCIONES REALES - 21 Panorama","robots":{"index":"index","follow":"follow","max-snippet":"max-snippet:-1","max-image-preview":"max-image-preview:large","max-video-preview":"max-video-preview:-1"},"canonical":"https:\/\/21panorama.com\/index.php\/2025\/04\/07\/exhibe-pri-la-grave-crisis-del-sector-salud-y-plantea-soluciones-reales\/","og_locale":"es_MX","og_type":"article","og_title":"EXHIBE PRI LA GRAVE CRISIS DEL SECTOR SALUD Y PLANTEA SOLUCIONES REALES - 21 Panorama","og_description":"Al evidenciar la grave crisis que padece el sector salud del pa\u00eds, desde aquel fat\u00eddico a\u00f1o 2019 en que se sepult\u00f3 al seguro popular, la Senadora Cristina Ru\u00edz Sandoval emplaz\u00f3 a los responsables a presentar a la legislatura un Plan de Abasto Seguro de Medicamentos para garantizar su disponibilidad en todas las cl\u00ednicas y hospitales del ISEM, mediante una estrategia de distribuci\u00f3n eficiente y transparente.","og_url":"https:\/\/21panorama.com\/index.php\/2025\/04\/07\/exhibe-pri-la-grave-crisis-del-sector-salud-y-plantea-soluciones-reales\/","og_site_name":"21 Panorama","article_published_time":"2025-04-08T03:56:34+00:00","og_image":[{"width":2560,"height":1652,"url":"https:\/\/21panorama.com\/wp-content\/uploads\/2025\/04\/WhatsApp-Image-2025-04-07-at-5.57.58-PM-2-scaled.jpeg","type":"image\/jpeg"}],"author":"admin","twitter_card":"summary_large_image","twitter_misc":{"Escrito por":"admin","Tiempo de lectura":"3 minutos"},"schema":{"@context":"https:\/\/schema.org","@graph":[{"@type":"Article","@id":"https:\/\/21panorama.com\/index.php\/2025\/04\/07\/exhibe-pri-la-grave-crisis-del-sector-salud-y-plantea-soluciones-reales\/#article","isPartOf":{"@id":"https:\/\/21panorama.com\/index.php\/2025\/04\/07\/exhibe-pri-la-grave-crisis-del-sector-salud-y-plantea-soluciones-reales\/"},"author":{"name":"admin","@id":"https:\/\/21panorama.com\/#\/schema\/person\/1afc291b96d5792a158768324287319f"},"headline":"EXHIBE PRI LA GRAVE CRISIS DEL SECTOR SALUD Y PLANTEA SOLUCIONES REALES","datePublished":"2025-04-08T03:56:34+00:00","mainEntityOfPage":{"@id":"https:\/\/21panorama.com\/index.php\/2025\/04\/07\/exhibe-pri-la-grave-crisis-del-sector-salud-y-plantea-soluciones-reales\/"},"wordCount":626,"commentCount":0,"publisher":{"@id":"https:\/\/21panorama.com\/#organization"},"image":{"@id":"https:\/\/21panorama.com\/index.php\/2025\/04\/07\/exhibe-pri-la-grave-crisis-del-sector-salud-y-plantea-soluciones-reales\/#primaryimage"},"thumbnailUrl":"https:\/\/21panorama.com\/wp-content\/uploads\/2025\/04\/WhatsApp-Image-2025-04-07-at-5.57.58-PM-2-scaled.jpeg","keywords":["Cristina Ru\u00edz Sandoval","EDOMEX","PRI"],"articleSection":["Politica","Sociedad"],"inLanguage":"es","potentialAction":[{"@type":"CommentAction","name":"Comment","target":["https:\/\/21panorama.com\/index.php\/2025\/04\/07\/exhibe-pri-la-grave-crisis-del-sector-salud-y-plantea-soluciones-reales\/#respond"]}]},{"@type":"WebPage","@id":"https:\/\/21panorama.com\/index.php\/2025\/04\/07\/exhibe-pri-la-grave-crisis-del-sector-salud-y-plantea-soluciones-reales\/","url":"https:\/\/21panorama.com\/index.php\/2025\/04\/07\/exhibe-pri-la-grave-crisis-del-sector-salud-y-plantea-soluciones-reales\/","name":"EXHIBE PRI LA GRAVE CRISIS DEL SECTOR SALUD Y PLANTEA SOLUCIONES REALES - 21 Panorama","isPartOf":{"@id":"https:\/\/21panorama.com\/#website"},"primaryImageOfPage":{"@id":"https:\/\/21panorama.com\/index.php\/2025\/04\/07\/exhibe-pri-la-grave-crisis-del-sector-salud-y-plantea-soluciones-reales\/#primaryimage"},"image":{"@id":"https:\/\/21panorama.com\/index.php\/2025\/04\/07\/exhibe-pri-la-grave-crisis-del-sector-salud-y-plantea-soluciones-reales\/#primaryimage"},"thumbnailUrl":"https:\/\/21panorama.com\/wp-content\/uploads\/2025\/04\/WhatsApp-Image-2025-04-07-at-5.57.58-PM-2-scaled.jpeg","datePublished":"2025-04-08T03:56:34+00:00","breadcrumb":{"@id":"https:\/\/21panorama.com\/index.php\/2025\/04\/07\/exhibe-pri-la-grave-crisis-del-sector-salud-y-plantea-soluciones-reales\/#breadcrumb"},"inLanguage":"es","potentialAction":[{"@type":"ReadAction","target":["https:\/\/21panorama.com\/index.php\/2025\/04\/07\/exhibe-pri-la-grave-crisis-del-sector-salud-y-plantea-soluciones-reales\/"]}]},{"@type":"ImageObject","inLanguage":"es","@id":"https:\/\/21panorama.com\/index.php\/2025\/04\/07\/exhibe-pri-la-grave-crisis-del-sector-salud-y-plantea-soluciones-reales\/#primaryimage","url":"https:\/\/21panorama.com\/wp-content\/uploads\/2025\/04\/WhatsApp-Image-2025-04-07-at-5.57.58-PM-2-scaled.jpeg","contentUrl":"https:\/\/21panorama.com\/wp-content\/uploads\/2025\/04\/WhatsApp-Image-2025-04-07-at-5.57.58-PM-2-scaled.jpeg","width":2560,"height":1652},{"@type":"BreadcrumbList","@id":"https:\/\/21panorama.com\/index.php\/2025\/04\/07\/exhibe-pri-la-grave-crisis-del-sector-salud-y-plantea-soluciones-reales\/#breadcrumb","itemListElement":[{"@type":"ListItem","position":1,"name":"Inicio","item":"https:\/\/21panorama.com\/"},{"@type":"ListItem","position":2,"name":"EXHIBE PRI LA GRAVE CRISIS DEL SECTOR SALUD Y PLANTEA SOLUCIONES REALES"}]},{"@type":"WebSite","@id":"https:\/\/21panorama.com\/#website","url":"https:\/\/21panorama.com\/","name":"21 Panorama","description":"La construcci\u00f3n de la opini\u00f3n p\u00fablica merece un mejor Panorama en este siglo 21 para alcanzar una sociedad con mayor transparencia y sin corrupci\u00f3n.","publisher":{"@id":"https:\/\/21panorama.com\/#organization"},"potentialAction":[{"@type":"SearchAction","target":{"@type":"EntryPoint","urlTemplate":"https:\/\/21panorama.com\/?s={search_term_string}"},"query-input":{"@type":"PropertyValueSpecification","valueRequired":true,"valueName":"search_term_string"}}],"inLanguage":"es"},{"@type":"Organization","@id":"https:\/\/21panorama.com\/#organization","name":"21 Panorama","url":"https:\/\/21panorama.com\/","logo":{"@type":"ImageObject","inLanguage":"es","@id":"https:\/\/21panorama.com\/#\/schema\/logo\/image\/","url":"https:\/\/21panorama.com\/wp-content\/uploads\/2019\/07\/cropped-Logo-Panorama-01.jpeg","contentUrl":"https:\/\/21panorama.com\/wp-content\/uploads\/2019\/07\/cropped-Logo-Panorama-01.jpeg","width":290,"height":70,"caption":"21 Panorama"},"image":{"@id":"https:\/\/21panorama.com\/#\/schema\/logo\/image\/"}},{"@type":"Person","@id":"https:\/\/21panorama.com\/#\/schema\/person\/1afc291b96d5792a158768324287319f","name":"admin","image":{"@type":"ImageObject","inLanguage":"es","@id":"https:\/\/21panorama.com\/#\/schema\/person\/image\/","url":"https:\/\/secure.gravatar.com\/avatar\/ad365d9d9f46719215b0d042cc3df92a5a8683e09ef13d102233e5491985f0f0?s=96&d=mm&r=g","contentUrl":"https:\/\/secure.gravatar.com\/avatar\/ad365d9d9f46719215b0d042cc3df92a5a8683e09ef13d102233e5491985f0f0?s=96&d=mm&r=g","caption":"admin"},"url":"https:\/\/21panorama.com\/index.php\/author\/admin\/"}]}},"_links":{"self":[{"href":"https:\/\/21panorama.com\/index.php\/wp-json\/wp\/v2\/posts\/5932","targetHints":{"allow":["GET"]}}],"collection":[{"href":"https:\/\/21panorama.com\/index.php\/wp-json\/wp\/v2\/posts"}],"about":[{"href":"https:\/\/21panorama.com\/index.php\/wp-json\/wp\/v2\/types\/post"}],"author":[{"embeddable":true,"href":"https:\/\/21panorama.com\/index.php\/wp-json\/wp\/v2\/users\/1"}],"replies":[{"embeddable":true,"href":"https:\/\/21panorama.com\/index.php\/wp-json\/wp\/v2\/comments?post=5932"}],"version-history":[{"count":1,"href":"https:\/\/21panorama.com\/index.php\/wp-json\/wp\/v2\/posts\/5932\/revisions"}],"predecessor-version":[{"id":5934,"href":"https:\/\/21panorama.com\/index.php\/wp-json\/wp\/v2\/posts\/5932\/revisions\/5934"}],"wp:featuredmedia":[{"embeddable":true,"href":"https:\/\/21panorama.com\/index.php\/wp-json\/wp\/v2\/media\/5933"}],"wp:attachment":[{"href":"https:\/\/21panorama.com\/index.php\/wp-json\/wp\/v2\/media?parent=5932"}],"wp:term":[{"taxonomy":"category","embeddable":true,"href":"https:\/\/21panorama.com\/index.php\/wp-json\/wp\/v2\/categories?post=5932"},{"taxonomy":"post_tag","embeddable":true,"href":"https:\/\/21panorama.com\/index.php\/wp-json\/wp\/v2\/tags?post=5932"}],"curies":[{"name":"wp","href":"https:\/\/api.w.org\/{rel}","templated":true}]}}