{"id":5919,"date":"2025-03-30T19:59:40","date_gmt":"2025-03-31T01:59:40","guid":{"rendered":"https:\/\/21panorama.com\/?p=5919"},"modified":"2025-04-01T20:18:30","modified_gmt":"2025-04-02T02:18:30","slug":"mas-becas-a-los-estudiantes-de-villa-victoria","status":"publish","type":"post","link":"https:\/\/21panorama.com\/index.php\/2025\/03\/30\/mas-becas-a-los-estudiantes-de-villa-victoria\/","title":{"rendered":"M\u00c1S BECAS A LOS ESTUDIANTES DE VILLA VICTORIA"},"content":{"rendered":"\n<p>Con el fin de avanzar en mejorar las condiciones de vida de la gente, se realiz\u00f3 en Villa Victoria la entrega de Tarjetas de la Beca Universal de Educaci\u00f3n B\u00e1sica &#8220;Rita Cetina&#8221; a estudiantes de secundaria.<br>El evento fue encabezado por el Presidente Municipal Mario Santana Carbajal y el Jefe de Departamento de Zona de Atenci\u00f3n de la Coordinaci\u00f3n Nacional de Becas para el Bienestar, Daniel Espinosa Vel\u00e1zquez.<br>Por otra parte, el alcalde encabez\u00f3 la Mesa de Coordinaci\u00f3n para la Construcci\u00f3n de la Paz, con el Secretario T\u00e9cnico de la Regi\u00f3n San Felipe del Progreso, Eric Geovany Gonz\u00e1lez Carbajal, con el fin de fortalecer la seguridad de la regi\u00f3n.<\/p>\n","protected":false},"excerpt":{"rendered":"<p>Con el fin de avanzar en mejorar las condiciones de vida de la gente, se realiz\u00f3 en Villa Victoria la entrega de Tarjetas de la Beca Universal de Educaci\u00f3n B\u00e1sica &#8220;Rita Cetina&#8221; a estudiantes de secundaria.<\/p>\n","protected":false},"author":1,"featured_media":5920,"comment_status":"open","ping_status":"open","sticky":false,"template":"","format":"standard","meta":{"footnotes":""},"categories":[12,1],"tags":[97,222,401,402],"class_list":["post-5919","post","type-post","status-publish","format-standard","has-post-thumbnail","hentry","category-politica","category-sociedad","tag-edomex","tag-gem","tag-mario-santana","tag-villa-victoria"],"yoast_head":"<!-- This site is optimized with the Yoast SEO plugin v24.9 - https:\/\/yoast.com\/wordpress\/plugins\/seo\/ -->\n<title>M\u00c1S BECAS A LOS ESTUDIANTES DE VILLA VICTORIA - 21 Panorama<\/title>\n<meta name=\"robots\" content=\"index, follow, max-snippet:-1, max-image-preview:large, max-video-preview:-1\" \/>\n<link rel=\"canonical\" href=\"https:\/\/21panorama.com\/index.php\/2025\/03\/30\/mas-becas-a-los-estudiantes-de-villa-victoria\/\" \/>\n<meta property=\"og:locale\" content=\"es_MX\" \/>\n<meta property=\"og:type\" content=\"article\" \/>\n<meta property=\"og:title\" content=\"M\u00c1S BECAS A LOS ESTUDIANTES DE VILLA VICTORIA - 21 Panorama\" \/>\n<meta property=\"og:description\" content=\"Con el fin de avanzar en mejorar las condiciones de vida de la gente, se realiz\u00f3 en Villa Victoria la entrega de Tarjetas de la Beca Universal de Educaci\u00f3n B\u00e1sica &quot;Rita Cetina&quot; a estudiantes de secundaria.\" \/>\n<meta property=\"og:url\" content=\"https:\/\/21panorama.com\/index.php\/2025\/03\/30\/mas-becas-a-los-estudiantes-de-villa-victoria\/\" \/>\n<meta property=\"og:site_name\" content=\"21 Panorama\" \/>\n<meta property=\"article:published_time\" content=\"2025-03-31T01:59:40+00:00\" \/>\n<meta property=\"article:modified_time\" content=\"2025-04-02T02:18:30+00:00\" \/>\n<meta property=\"og:image\" content=\"https:\/\/21panorama.com\/wp-content\/uploads\/2025\/04\/WhatsApp-Image-2025-04-01-at-5.56.32-PM.jpeg\" \/>\n\t<meta property=\"og:image:width\" content=\"643\" \/>\n\t<meta property=\"og:image:height\" content=\"720\" \/>\n\t<meta property=\"og:image:type\" content=\"image\/jpeg\" \/>\n<meta name=\"author\" content=\"admin\" \/>\n<meta name=\"twitter:card\" content=\"summary_large_image\" \/>\n<meta name=\"twitter:label1\" content=\"Escrito por\" \/>\n\t<meta name=\"twitter:data1\" content=\"admin\" \/>\n\t<meta name=\"twitter:label2\" content=\"Tiempo de lectura\" \/>\n\t<meta name=\"twitter:data2\" content=\"1 minuto\" \/>\n<script type=\"application\/ld+json\" class=\"yoast-schema-graph\">{\"@context\":\"https:\/\/schema.org\",\"@graph\":[{\"@type\":\"Article\",\"@id\":\"https:\/\/21panorama.com\/index.php\/2025\/03\/30\/mas-becas-a-los-estudiantes-de-villa-victoria\/#article\",\"isPartOf\":{\"@id\":\"https:\/\/21panorama.com\/index.php\/2025\/03\/30\/mas-becas-a-los-estudiantes-de-villa-victoria\/\"},\"author\":{\"name\":\"admin\",\"@id\":\"https:\/\/21panorama.com\/#\/schema\/person\/1afc291b96d5792a158768324287319f\"},\"headline\":\"M\u00c1S BECAS A LOS ESTUDIANTES DE VILLA VICTORIA\",\"datePublished\":\"2025-03-31T01:59:40+00:00\",\"dateModified\":\"2025-04-02T02:18:30+00:00\",\"mainEntityOfPage\":{\"@id\":\"https:\/\/21panorama.com\/index.php\/2025\/03\/30\/mas-becas-a-los-estudiantes-de-villa-victoria\/\"},\"wordCount\":129,\"commentCount\":0,\"publisher\":{\"@id\":\"https:\/\/21panorama.com\/#organization\"},\"image\":{\"@id\":\"https:\/\/21panorama.com\/index.php\/2025\/03\/30\/mas-becas-a-los-estudiantes-de-villa-victoria\/#primaryimage\"},\"thumbnailUrl\":\"https:\/\/21panorama.com\/wp-content\/uploads\/2025\/04\/WhatsApp-Image-2025-04-01-at-5.56.32-PM.jpeg\",\"keywords\":[\"EDOMEX\",\"GEM\",\"Mario Santana\",\"Villa Victoria\"],\"articleSection\":[\"Politica\",\"Sociedad\"],\"inLanguage\":\"es\",\"potentialAction\":[{\"@type\":\"CommentAction\",\"name\":\"Comment\",\"target\":[\"https:\/\/21panorama.com\/index.php\/2025\/03\/30\/mas-becas-a-los-estudiantes-de-villa-victoria\/#respond\"]}]},{\"@type\":\"WebPage\",\"@id\":\"https:\/\/21panorama.com\/index.php\/2025\/03\/30\/mas-becas-a-los-estudiantes-de-villa-victoria\/\",\"url\":\"https:\/\/21panorama.com\/index.php\/2025\/03\/30\/mas-becas-a-los-estudiantes-de-villa-victoria\/\",\"name\":\"M\u00c1S BECAS A LOS ESTUDIANTES DE VILLA VICTORIA - 21 Panorama\",\"isPartOf\":{\"@id\":\"https:\/\/21panorama.com\/#website\"},\"primaryImageOfPage\":{\"@id\":\"https:\/\/21panorama.com\/index.php\/2025\/03\/30\/mas-becas-a-los-estudiantes-de-villa-victoria\/#primaryimage\"},\"image\":{\"@id\":\"https:\/\/21panorama.com\/index.php\/2025\/03\/30\/mas-becas-a-los-estudiantes-de-villa-victoria\/#primaryimage\"},\"thumbnailUrl\":\"https:\/\/21panorama.com\/wp-content\/uploads\/2025\/04\/WhatsApp-Image-2025-04-01-at-5.56.32-PM.jpeg\",\"datePublished\":\"2025-03-31T01:59:40+00:00\",\"dateModified\":\"2025-04-02T02:18:30+00:00\",\"breadcrumb\":{\"@id\":\"https:\/\/21panorama.com\/index.php\/2025\/03\/30\/mas-becas-a-los-estudiantes-de-villa-victoria\/#breadcrumb\"},\"inLanguage\":\"es\",\"potentialAction\":[{\"@type\":\"ReadAction\",\"target\":[\"https:\/\/21panorama.com\/index.php\/2025\/03\/30\/mas-becas-a-los-estudiantes-de-villa-victoria\/\"]}]},{\"@type\":\"ImageObject\",\"inLanguage\":\"es\",\"@id\":\"https:\/\/21panorama.com\/index.php\/2025\/03\/30\/mas-becas-a-los-estudiantes-de-villa-victoria\/#primaryimage\",\"url\":\"https:\/\/21panorama.com\/wp-content\/uploads\/2025\/04\/WhatsApp-Image-2025-04-01-at-5.56.32-PM.jpeg\",\"contentUrl\":\"https:\/\/21panorama.com\/wp-content\/uploads\/2025\/04\/WhatsApp-Image-2025-04-01-at-5.56.32-PM.jpeg\",\"width\":643,\"height\":720},{\"@type\":\"BreadcrumbList\",\"@id\":\"https:\/\/21panorama.com\/index.php\/2025\/03\/30\/mas-becas-a-los-estudiantes-de-villa-victoria\/#breadcrumb\",\"itemListElement\":[{\"@type\":\"ListItem\",\"position\":1,\"name\":\"Inicio\",\"item\":\"https:\/\/21panorama.com\/\"},{\"@type\":\"ListItem\",\"position\":2,\"name\":\"M\u00c1S BECAS A LOS ESTUDIANTES DE VILLA VICTORIA\"}]},{\"@type\":\"WebSite\",\"@id\":\"https:\/\/21panorama.com\/#website\",\"url\":\"https:\/\/21panorama.com\/\",\"name\":\"21 Panorama\",\"description\":\"La construcci\u00f3n de la opini\u00f3n p\u00fablica merece un mejor Panorama en este siglo 21 para alcanzar una sociedad con mayor transparencia y sin corrupci\u00f3n.\",\"publisher\":{\"@id\":\"https:\/\/21panorama.com\/#organization\"},\"potentialAction\":[{\"@type\":\"SearchAction\",\"target\":{\"@type\":\"EntryPoint\",\"urlTemplate\":\"https:\/\/21panorama.com\/?s={search_term_string}\"},\"query-input\":{\"@type\":\"PropertyValueSpecification\",\"valueRequired\":true,\"valueName\":\"search_term_string\"}}],\"inLanguage\":\"es\"},{\"@type\":\"Organization\",\"@id\":\"https:\/\/21panorama.com\/#organization\",\"name\":\"21 Panorama\",\"url\":\"https:\/\/21panorama.com\/\",\"logo\":{\"@type\":\"ImageObject\",\"inLanguage\":\"es\",\"@id\":\"https:\/\/21panorama.com\/#\/schema\/logo\/image\/\",\"url\":\"https:\/\/21panorama.com\/wp-content\/uploads\/2019\/07\/cropped-Logo-Panorama-01.jpeg\",\"contentUrl\":\"https:\/\/21panorama.com\/wp-content\/uploads\/2019\/07\/cropped-Logo-Panorama-01.jpeg\",\"width\":290,\"height\":70,\"caption\":\"21 Panorama\"},\"image\":{\"@id\":\"https:\/\/21panorama.com\/#\/schema\/logo\/image\/\"}},{\"@type\":\"Person\",\"@id\":\"https:\/\/21panorama.com\/#\/schema\/person\/1afc291b96d5792a158768324287319f\",\"name\":\"admin\",\"image\":{\"@type\":\"ImageObject\",\"inLanguage\":\"es\",\"@id\":\"https:\/\/21panorama.com\/#\/schema\/person\/image\/\",\"url\":\"https:\/\/secure.gravatar.com\/avatar\/ad365d9d9f46719215b0d042cc3df92a5a8683e09ef13d102233e5491985f0f0?s=96&d=mm&r=g\",\"contentUrl\":\"https:\/\/secure.gravatar.com\/avatar\/ad365d9d9f46719215b0d042cc3df92a5a8683e09ef13d102233e5491985f0f0?s=96&d=mm&r=g\",\"caption\":\"admin\"},\"url\":\"https:\/\/21panorama.com\/index.php\/author\/admin\/\"}]}<\/script>\n<!-- \/ Yoast SEO plugin. -->","yoast_head_json":{"title":"M\u00c1S BECAS A LOS ESTUDIANTES DE VILLA VICTORIA - 21 Panorama","robots":{"index":"index","follow":"follow","max-snippet":"max-snippet:-1","max-image-preview":"max-image-preview:large","max-video-preview":"max-video-preview:-1"},"canonical":"https:\/\/21panorama.com\/index.php\/2025\/03\/30\/mas-becas-a-los-estudiantes-de-villa-victoria\/","og_locale":"es_MX","og_type":"article","og_title":"M\u00c1S BECAS A LOS ESTUDIANTES DE VILLA VICTORIA - 21 Panorama","og_description":"Con el fin de avanzar en mejorar las condiciones de vida de la gente, se realiz\u00f3 en Villa Victoria la entrega de Tarjetas de la Beca Universal de Educaci\u00f3n B\u00e1sica \"Rita Cetina\" a estudiantes de secundaria.","og_url":"https:\/\/21panorama.com\/index.php\/2025\/03\/30\/mas-becas-a-los-estudiantes-de-villa-victoria\/","og_site_name":"21 Panorama","article_published_time":"2025-03-31T01:59:40+00:00","article_modified_time":"2025-04-02T02:18:30+00:00","og_image":[{"width":643,"height":720,"url":"https:\/\/21panorama.com\/wp-content\/uploads\/2025\/04\/WhatsApp-Image-2025-04-01-at-5.56.32-PM.jpeg","type":"image\/jpeg"}],"author":"admin","twitter_card":"summary_large_image","twitter_misc":{"Escrito por":"admin","Tiempo de lectura":"1 minuto"},"schema":{"@context":"https:\/\/schema.org","@graph":[{"@type":"Article","@id":"https:\/\/21panorama.com\/index.php\/2025\/03\/30\/mas-becas-a-los-estudiantes-de-villa-victoria\/#article","isPartOf":{"@id":"https:\/\/21panorama.com\/index.php\/2025\/03\/30\/mas-becas-a-los-estudiantes-de-villa-victoria\/"},"author":{"name":"admin","@id":"https:\/\/21panorama.com\/#\/schema\/person\/1afc291b96d5792a158768324287319f"},"headline":"M\u00c1S BECAS A LOS ESTUDIANTES DE VILLA VICTORIA","datePublished":"2025-03-31T01:59:40+00:00","dateModified":"2025-04-02T02:18:30+00:00","mainEntityOfPage":{"@id":"https:\/\/21panorama.com\/index.php\/2025\/03\/30\/mas-becas-a-los-estudiantes-de-villa-victoria\/"},"wordCount":129,"commentCount":0,"publisher":{"@id":"https:\/\/21panorama.com\/#organization"},"image":{"@id":"https:\/\/21panorama.com\/index.php\/2025\/03\/30\/mas-becas-a-los-estudiantes-de-villa-victoria\/#primaryimage"},"thumbnailUrl":"https:\/\/21panorama.com\/wp-content\/uploads\/2025\/04\/WhatsApp-Image-2025-04-01-at-5.56.32-PM.jpeg","keywords":["EDOMEX","GEM","Mario Santana","Villa Victoria"],"articleSection":["Politica","Sociedad"],"inLanguage":"es","potentialAction":[{"@type":"CommentAction","name":"Comment","target":["https:\/\/21panorama.com\/index.php\/2025\/03\/30\/mas-becas-a-los-estudiantes-de-villa-victoria\/#respond"]}]},{"@type":"WebPage","@id":"https:\/\/21panorama.com\/index.php\/2025\/03\/30\/mas-becas-a-los-estudiantes-de-villa-victoria\/","url":"https:\/\/21panorama.com\/index.php\/2025\/03\/30\/mas-becas-a-los-estudiantes-de-villa-victoria\/","name":"M\u00c1S BECAS A LOS ESTUDIANTES DE VILLA VICTORIA - 21 Panorama","isPartOf":{"@id":"https:\/\/21panorama.com\/#website"},"primaryImageOfPage":{"@id":"https:\/\/21panorama.com\/index.php\/2025\/03\/30\/mas-becas-a-los-estudiantes-de-villa-victoria\/#primaryimage"},"image":{"@id":"https:\/\/21panorama.com\/index.php\/2025\/03\/30\/mas-becas-a-los-estudiantes-de-villa-victoria\/#primaryimage"},"thumbnailUrl":"https:\/\/21panorama.com\/wp-content\/uploads\/2025\/04\/WhatsApp-Image-2025-04-01-at-5.56.32-PM.jpeg","datePublished":"2025-03-31T01:59:40+00:00","dateModified":"2025-04-02T02:18:30+00:00","breadcrumb":{"@id":"https:\/\/21panorama.com\/index.php\/2025\/03\/30\/mas-becas-a-los-estudiantes-de-villa-victoria\/#breadcrumb"},"inLanguage":"es","potentialAction":[{"@type":"ReadAction","target":["https:\/\/21panorama.com\/index.php\/2025\/03\/30\/mas-becas-a-los-estudiantes-de-villa-victoria\/"]}]},{"@type":"ImageObject","inLanguage":"es","@id":"https:\/\/21panorama.com\/index.php\/2025\/03\/30\/mas-becas-a-los-estudiantes-de-villa-victoria\/#primaryimage","url":"https:\/\/21panorama.com\/wp-content\/uploads\/2025\/04\/WhatsApp-Image-2025-04-01-at-5.56.32-PM.jpeg","contentUrl":"https:\/\/21panorama.com\/wp-content\/uploads\/2025\/04\/WhatsApp-Image-2025-04-01-at-5.56.32-PM.jpeg","width":643,"height":720},{"@type":"BreadcrumbList","@id":"https:\/\/21panorama.com\/index.php\/2025\/03\/30\/mas-becas-a-los-estudiantes-de-villa-victoria\/#breadcrumb","itemListElement":[{"@type":"ListItem","position":1,"name":"Inicio","item":"https:\/\/21panorama.com\/"},{"@type":"ListItem","position":2,"name":"M\u00c1S BECAS A LOS ESTUDIANTES DE VILLA VICTORIA"}]},{"@type":"WebSite","@id":"https:\/\/21panorama.com\/#website","url":"https:\/\/21panorama.com\/","name":"21 Panorama","description":"La construcci\u00f3n de la opini\u00f3n p\u00fablica merece un mejor Panorama en este siglo 21 para alcanzar una sociedad con mayor transparencia y sin corrupci\u00f3n.","publisher":{"@id":"https:\/\/21panorama.com\/#organization"},"potentialAction":[{"@type":"SearchAction","target":{"@type":"EntryPoint","urlTemplate":"https:\/\/21panorama.com\/?s={search_term_string}"},"query-input":{"@type":"PropertyValueSpecification","valueRequired":true,"valueName":"search_term_string"}}],"inLanguage":"es"},{"@type":"Organization","@id":"https:\/\/21panorama.com\/#organization","name":"21 Panorama","url":"https:\/\/21panorama.com\/","logo":{"@type":"ImageObject","inLanguage":"es","@id":"https:\/\/21panorama.com\/#\/schema\/logo\/image\/","url":"https:\/\/21panorama.com\/wp-content\/uploads\/2019\/07\/cropped-Logo-Panorama-01.jpeg","contentUrl":"https:\/\/21panorama.com\/wp-content\/uploads\/2019\/07\/cropped-Logo-Panorama-01.jpeg","width":290,"height":70,"caption":"21 Panorama"},"image":{"@id":"https:\/\/21panorama.com\/#\/schema\/logo\/image\/"}},{"@type":"Person","@id":"https:\/\/21panorama.com\/#\/schema\/person\/1afc291b96d5792a158768324287319f","name":"admin","image":{"@type":"ImageObject","inLanguage":"es","@id":"https:\/\/21panorama.com\/#\/schema\/person\/image\/","url":"https:\/\/secure.gravatar.com\/avatar\/ad365d9d9f46719215b0d042cc3df92a5a8683e09ef13d102233e5491985f0f0?s=96&d=mm&r=g","contentUrl":"https:\/\/secure.gravatar.com\/avatar\/ad365d9d9f46719215b0d042cc3df92a5a8683e09ef13d102233e5491985f0f0?s=96&d=mm&r=g","caption":"admin"},"url":"https:\/\/21panorama.com\/index.php\/author\/admin\/"}]}},"_links":{"self":[{"href":"https:\/\/21panorama.com\/index.php\/wp-json\/wp\/v2\/posts\/5919","targetHints":{"allow":["GET"]}}],"collection":[{"href":"https:\/\/21panorama.com\/index.php\/wp-json\/wp\/v2\/posts"}],"about":[{"href":"https:\/\/21panorama.com\/index.php\/wp-json\/wp\/v2\/types\/post"}],"author":[{"embeddable":true,"href":"https:\/\/21panorama.com\/index.php\/wp-json\/wp\/v2\/users\/1"}],"replies":[{"embeddable":true,"href":"https:\/\/21panorama.com\/index.php\/wp-json\/wp\/v2\/comments?post=5919"}],"version-history":[{"count":1,"href":"https:\/\/21panorama.com\/index.php\/wp-json\/wp\/v2\/posts\/5919\/revisions"}],"predecessor-version":[{"id":5921,"href":"https:\/\/21panorama.com\/index.php\/wp-json\/wp\/v2\/posts\/5919\/revisions\/5921"}],"wp:featuredmedia":[{"embeddable":true,"href":"https:\/\/21panorama.com\/index.php\/wp-json\/wp\/v2\/media\/5920"}],"wp:attachment":[{"href":"https:\/\/21panorama.com\/index.php\/wp-json\/wp\/v2\/media?parent=5919"}],"wp:term":[{"taxonomy":"category","embeddable":true,"href":"https:\/\/21panorama.com\/index.php\/wp-json\/wp\/v2\/categories?post=5919"},{"taxonomy":"post_tag","embeddable":true,"href":"https:\/\/21panorama.com\/index.php\/wp-json\/wp\/v2\/tags?post=5919"}],"curies":[{"name":"wp","href":"https:\/\/api.w.org\/{rel}","templated":true}]}}