{"id":5906,"date":"2025-03-27T17:18:56","date_gmt":"2025-03-27T23:18:56","guid":{"rendered":"https:\/\/21panorama.com\/?p=5906"},"modified":"2025-03-30T17:37:29","modified_gmt":"2025-03-30T23:37:29","slug":"erendira-fierro-promotora-de-la-ciencia-la-cultura-y-la-propiedad-intelectual-como-pilares-del-desarrollo-universitario","status":"publish","type":"post","link":"https:\/\/21panorama.com\/index.php\/2025\/03\/27\/erendira-fierro-promotora-de-la-ciencia-la-cultura-y-la-propiedad-intelectual-como-pilares-del-desarrollo-universitario\/","title":{"rendered":"ER\u00c9NDIRA FIERRO PROMOTORA DE LA CIENCIA, LA CULTURA Y LA PROPIEDAD INTELECTUAL COMO PILARES DEL DESARROLLO UNIVERSITARIO"},"content":{"rendered":"\n<p>\u2022 Plantea las directrices para una Universidad moderna y orientada a la excelencia.<br>\u2022 Promover\u00e1 la creaci\u00f3n de cat\u00e1logos de servicios cient\u00edficos y tecnol\u00f3gicos que generen recursos para la UAEM\u00e9x.<\/p>\n\n\n\n<p>La doctora Er\u00e9ndira Fierro Moreno, aspirante a la Rector\u00eda de la Universidad Aut\u00f3noma del Estado de M\u00e9xico (UAEM\u00e9x), resalt\u00f3 la importancia de la formaci\u00f3n transversal y la retribuci\u00f3n social del conocimiento que se genera en la m\u00e1xima casa de estudios, para ello dijo, es fundamental cultivar el pensamiento cr\u00edtico en el aula y apoyar a los estudiantes en situaci\u00f3n de vulnerabilidad.<\/p>\n\n\n\n<p>En su comparecencia en el Centro Universitario de Ecatepec, se\u00f1al\u00f3 que la ciencia, la cultura y la propiedad intelectual son pilares estrat\u00e9gicos del desarrollo universitario, que le aportan prestigio y reconocimiento a la UAEM\u00e9x.<\/p>\n\n\n\n<p>Er\u00e9ndira Fierro comparti\u00f3 con la entusiasmada comunidad, su visi\u00f3n de una universidad moderna y orientada a la excelencia, comprometida con su entorno y capaz de convertir el conocimiento generado por su comunidad acad\u00e9mica en un impacto social tangible y transformador.<\/p>\n\n\n\n<p>Entre sus propuestas, subray\u00f3 la creaci\u00f3n de cat\u00e1logos de servicios cient\u00edficos y tecnol\u00f3gicos que generen recursos propios para la UAEM\u00e9x. Tambi\u00e9n abog\u00f3 por fortalecer la protecci\u00f3n de la propiedad intelectual, promover las patentes y establecer programas culturales itinerantes que lleven la cultura a todos los espacios universitarios, fomentando as\u00ed la identidad y el sentido de pertenencia.<\/p>\n\n\n\n<p>Por otra parte, en su visita al Plantel Tec\u00e1mac, la aspirante recorri\u00f3 las nuevas instalaciones y se comprometi\u00f3 a apoyar el desarrollo de este espacio en expansi\u00f3n, al tiempo de reconocer su valor estrat\u00e9gico en la formaci\u00f3n de j\u00f3venes en el Estado de M\u00e9xico. \u201cEste plantel representa el compromiso de nuestra universidad con la ampliaci\u00f3n del acceso a una educaci\u00f3n de calidad, cerca de donde viven nuestras juventudes\u201d, afirm\u00f3.<\/p>\n\n\n\n<p>Con cada jornada, Er\u00e9ndira Fierro Moreno refuerza su propuesta universitaria basada en la igualdad, la honestidad y la cercan\u00eda con la comunidad. Este viernes, continuar\u00e1 su recorrido en Toluca, visitando las Facultades de Ciencias Pol\u00edticas y Sociales, Geograf\u00eda y Artes, para concluir as\u00ed su tercera semana de comparecencias rumbo a la Rector\u00eda.<\/p>\n","protected":false},"excerpt":{"rendered":"<p>La doctora Er\u00e9ndira Fierro Moreno, aspirante a la Rector\u00eda de la Universidad Aut\u00f3noma del Estado de M\u00e9xico (UAEM\u00e9x), resalt\u00f3 la importancia de la formaci\u00f3n transversal y la retribuci\u00f3n social del conocimiento que se genera en la m\u00e1xima casa de estudios, para ello dijo, es fundamental cultivar el pensamiento cr\u00edtico en el aula y apoyar a los estudiantes en situaci\u00f3n de vulnerabilidad.<\/p>\n","protected":false},"author":1,"featured_media":5907,"comment_status":"open","ping_status":"open","sticky":false,"template":"","format":"standard","meta":{"footnotes":""},"categories":[12,1],"tags":[97,222,23],"class_list":["post-5906","post","type-post","status-publish","format-standard","has-post-thumbnail","hentry","category-politica","category-sociedad","tag-edomex","tag-gem","tag-uaemex"],"yoast_head":"<!-- This site is optimized with the Yoast SEO plugin v24.9 - https:\/\/yoast.com\/wordpress\/plugins\/seo\/ -->\n<title>ER\u00c9NDIRA FIERRO PROMOTORA DE LA CIENCIA, LA CULTURA Y LA PROPIEDAD INTELECTUAL COMO PILARES DEL DESARROLLO UNIVERSITARIO - 21 Panorama<\/title>\n<meta name=\"robots\" content=\"index, follow, max-snippet:-1, max-image-preview:large, max-video-preview:-1\" \/>\n<link rel=\"canonical\" href=\"https:\/\/21panorama.com\/index.php\/2025\/03\/27\/erendira-fierro-promotora-de-la-ciencia-la-cultura-y-la-propiedad-intelectual-como-pilares-del-desarrollo-universitario\/\" \/>\n<meta property=\"og:locale\" content=\"es_MX\" \/>\n<meta property=\"og:type\" content=\"article\" \/>\n<meta property=\"og:title\" content=\"ER\u00c9NDIRA FIERRO PROMOTORA DE LA CIENCIA, LA CULTURA Y LA PROPIEDAD INTELECTUAL COMO PILARES DEL DESARROLLO UNIVERSITARIO - 21 Panorama\" \/>\n<meta property=\"og:description\" content=\"La doctora Er\u00e9ndira Fierro Moreno, aspirante a la Rector\u00eda de la Universidad Aut\u00f3noma del Estado de M\u00e9xico (UAEM\u00e9x), resalt\u00f3 la importancia de la formaci\u00f3n transversal y la retribuci\u00f3n social del conocimiento que se genera en la m\u00e1xima casa de estudios, para ello dijo, es fundamental cultivar el pensamiento cr\u00edtico en el aula y apoyar a los estudiantes en situaci\u00f3n de vulnerabilidad.\" \/>\n<meta property=\"og:url\" content=\"https:\/\/21panorama.com\/index.php\/2025\/03\/27\/erendira-fierro-promotora-de-la-ciencia-la-cultura-y-la-propiedad-intelectual-como-pilares-del-desarrollo-universitario\/\" \/>\n<meta property=\"og:site_name\" content=\"21 Panorama\" \/>\n<meta property=\"article:published_time\" content=\"2025-03-27T23:18:56+00:00\" \/>\n<meta property=\"article:modified_time\" content=\"2025-03-30T23:37:29+00:00\" \/>\n<meta property=\"og:image\" content=\"https:\/\/21panorama.com\/wp-content\/uploads\/2025\/03\/WhatsApp-Image-2025-03-27-at-10.58.23-PM-1.jpeg\" \/>\n\t<meta property=\"og:image:width\" content=\"1600\" \/>\n\t<meta property=\"og:image:height\" content=\"1213\" \/>\n\t<meta property=\"og:image:type\" content=\"image\/jpeg\" \/>\n<meta name=\"author\" content=\"admin\" \/>\n<meta name=\"twitter:card\" content=\"summary_large_image\" \/>\n<meta name=\"twitter:label1\" content=\"Escrito por\" \/>\n\t<meta name=\"twitter:data1\" content=\"admin\" \/>\n\t<meta name=\"twitter:label2\" content=\"Tiempo de lectura\" \/>\n\t<meta name=\"twitter:data2\" content=\"2 minutos\" \/>\n<script type=\"application\/ld+json\" class=\"yoast-schema-graph\">{\"@context\":\"https:\/\/schema.org\",\"@graph\":[{\"@type\":\"Article\",\"@id\":\"https:\/\/21panorama.com\/index.php\/2025\/03\/27\/erendira-fierro-promotora-de-la-ciencia-la-cultura-y-la-propiedad-intelectual-como-pilares-del-desarrollo-universitario\/#article\",\"isPartOf\":{\"@id\":\"https:\/\/21panorama.com\/index.php\/2025\/03\/27\/erendira-fierro-promotora-de-la-ciencia-la-cultura-y-la-propiedad-intelectual-como-pilares-del-desarrollo-universitario\/\"},\"author\":{\"name\":\"admin\",\"@id\":\"https:\/\/21panorama.com\/#\/schema\/person\/1afc291b96d5792a158768324287319f\"},\"headline\":\"ER\u00c9NDIRA FIERRO PROMOTORA DE LA CIENCIA, LA CULTURA Y LA PROPIEDAD INTELECTUAL COMO PILARES DEL DESARROLLO UNIVERSITARIO\",\"datePublished\":\"2025-03-27T23:18:56+00:00\",\"dateModified\":\"2025-03-30T23:37:29+00:00\",\"mainEntityOfPage\":{\"@id\":\"https:\/\/21panorama.com\/index.php\/2025\/03\/27\/erendira-fierro-promotora-de-la-ciencia-la-cultura-y-la-propiedad-intelectual-como-pilares-del-desarrollo-universitario\/\"},\"wordCount\":399,\"commentCount\":0,\"publisher\":{\"@id\":\"https:\/\/21panorama.com\/#organization\"},\"image\":{\"@id\":\"https:\/\/21panorama.com\/index.php\/2025\/03\/27\/erendira-fierro-promotora-de-la-ciencia-la-cultura-y-la-propiedad-intelectual-como-pilares-del-desarrollo-universitario\/#primaryimage\"},\"thumbnailUrl\":\"https:\/\/21panorama.com\/wp-content\/uploads\/2025\/03\/WhatsApp-Image-2025-03-27-at-10.58.23-PM-1.jpeg\",\"keywords\":[\"EDOMEX\",\"GEM\",\"UAEMex\"],\"articleSection\":[\"Politica\",\"Sociedad\"],\"inLanguage\":\"es\",\"potentialAction\":[{\"@type\":\"CommentAction\",\"name\":\"Comment\",\"target\":[\"https:\/\/21panorama.com\/index.php\/2025\/03\/27\/erendira-fierro-promotora-de-la-ciencia-la-cultura-y-la-propiedad-intelectual-como-pilares-del-desarrollo-universitario\/#respond\"]}]},{\"@type\":\"WebPage\",\"@id\":\"https:\/\/21panorama.com\/index.php\/2025\/03\/27\/erendira-fierro-promotora-de-la-ciencia-la-cultura-y-la-propiedad-intelectual-como-pilares-del-desarrollo-universitario\/\",\"url\":\"https:\/\/21panorama.com\/index.php\/2025\/03\/27\/erendira-fierro-promotora-de-la-ciencia-la-cultura-y-la-propiedad-intelectual-como-pilares-del-desarrollo-universitario\/\",\"name\":\"ER\u00c9NDIRA FIERRO PROMOTORA DE LA CIENCIA, LA CULTURA Y LA PROPIEDAD INTELECTUAL COMO PILARES DEL DESARROLLO UNIVERSITARIO - 21 Panorama\",\"isPartOf\":{\"@id\":\"https:\/\/21panorama.com\/#website\"},\"primaryImageOfPage\":{\"@id\":\"https:\/\/21panorama.com\/index.php\/2025\/03\/27\/erendira-fierro-promotora-de-la-ciencia-la-cultura-y-la-propiedad-intelectual-como-pilares-del-desarrollo-universitario\/#primaryimage\"},\"image\":{\"@id\":\"https:\/\/21panorama.com\/index.php\/2025\/03\/27\/erendira-fierro-promotora-de-la-ciencia-la-cultura-y-la-propiedad-intelectual-como-pilares-del-desarrollo-universitario\/#primaryimage\"},\"thumbnailUrl\":\"https:\/\/21panorama.com\/wp-content\/uploads\/2025\/03\/WhatsApp-Image-2025-03-27-at-10.58.23-PM-1.jpeg\",\"datePublished\":\"2025-03-27T23:18:56+00:00\",\"dateModified\":\"2025-03-30T23:37:29+00:00\",\"breadcrumb\":{\"@id\":\"https:\/\/21panorama.com\/index.php\/2025\/03\/27\/erendira-fierro-promotora-de-la-ciencia-la-cultura-y-la-propiedad-intelectual-como-pilares-del-desarrollo-universitario\/#breadcrumb\"},\"inLanguage\":\"es\",\"potentialAction\":[{\"@type\":\"ReadAction\",\"target\":[\"https:\/\/21panorama.com\/index.php\/2025\/03\/27\/erendira-fierro-promotora-de-la-ciencia-la-cultura-y-la-propiedad-intelectual-como-pilares-del-desarrollo-universitario\/\"]}]},{\"@type\":\"ImageObject\",\"inLanguage\":\"es\",\"@id\":\"https:\/\/21panorama.com\/index.php\/2025\/03\/27\/erendira-fierro-promotora-de-la-ciencia-la-cultura-y-la-propiedad-intelectual-como-pilares-del-desarrollo-universitario\/#primaryimage\",\"url\":\"https:\/\/21panorama.com\/wp-content\/uploads\/2025\/03\/WhatsApp-Image-2025-03-27-at-10.58.23-PM-1.jpeg\",\"contentUrl\":\"https:\/\/21panorama.com\/wp-content\/uploads\/2025\/03\/WhatsApp-Image-2025-03-27-at-10.58.23-PM-1.jpeg\",\"width\":1600,\"height\":1213},{\"@type\":\"BreadcrumbList\",\"@id\":\"https:\/\/21panorama.com\/index.php\/2025\/03\/27\/erendira-fierro-promotora-de-la-ciencia-la-cultura-y-la-propiedad-intelectual-como-pilares-del-desarrollo-universitario\/#breadcrumb\",\"itemListElement\":[{\"@type\":\"ListItem\",\"position\":1,\"name\":\"Inicio\",\"item\":\"https:\/\/21panorama.com\/\"},{\"@type\":\"ListItem\",\"position\":2,\"name\":\"ER\u00c9NDIRA FIERRO PROMOTORA DE LA CIENCIA, LA CULTURA Y LA PROPIEDAD INTELECTUAL COMO PILARES DEL DESARROLLO UNIVERSITARIO\"}]},{\"@type\":\"WebSite\",\"@id\":\"https:\/\/21panorama.com\/#website\",\"url\":\"https:\/\/21panorama.com\/\",\"name\":\"21 Panorama\",\"description\":\"La construcci\u00f3n de la opini\u00f3n p\u00fablica merece un mejor Panorama en este siglo 21 para alcanzar una sociedad con mayor transparencia y sin corrupci\u00f3n.\",\"publisher\":{\"@id\":\"https:\/\/21panorama.com\/#organization\"},\"potentialAction\":[{\"@type\":\"SearchAction\",\"target\":{\"@type\":\"EntryPoint\",\"urlTemplate\":\"https:\/\/21panorama.com\/?s={search_term_string}\"},\"query-input\":{\"@type\":\"PropertyValueSpecification\",\"valueRequired\":true,\"valueName\":\"search_term_string\"}}],\"inLanguage\":\"es\"},{\"@type\":\"Organization\",\"@id\":\"https:\/\/21panorama.com\/#organization\",\"name\":\"21 Panorama\",\"url\":\"https:\/\/21panorama.com\/\",\"logo\":{\"@type\":\"ImageObject\",\"inLanguage\":\"es\",\"@id\":\"https:\/\/21panorama.com\/#\/schema\/logo\/image\/\",\"url\":\"https:\/\/21panorama.com\/wp-content\/uploads\/2019\/07\/cropped-Logo-Panorama-01.jpeg\",\"contentUrl\":\"https:\/\/21panorama.com\/wp-content\/uploads\/2019\/07\/cropped-Logo-Panorama-01.jpeg\",\"width\":290,\"height\":70,\"caption\":\"21 Panorama\"},\"image\":{\"@id\":\"https:\/\/21panorama.com\/#\/schema\/logo\/image\/\"}},{\"@type\":\"Person\",\"@id\":\"https:\/\/21panorama.com\/#\/schema\/person\/1afc291b96d5792a158768324287319f\",\"name\":\"admin\",\"image\":{\"@type\":\"ImageObject\",\"inLanguage\":\"es\",\"@id\":\"https:\/\/21panorama.com\/#\/schema\/person\/image\/\",\"url\":\"https:\/\/secure.gravatar.com\/avatar\/ad365d9d9f46719215b0d042cc3df92a5a8683e09ef13d102233e5491985f0f0?s=96&d=mm&r=g\",\"contentUrl\":\"https:\/\/secure.gravatar.com\/avatar\/ad365d9d9f46719215b0d042cc3df92a5a8683e09ef13d102233e5491985f0f0?s=96&d=mm&r=g\",\"caption\":\"admin\"},\"url\":\"https:\/\/21panorama.com\/index.php\/author\/admin\/\"}]}<\/script>\n<!-- \/ Yoast SEO plugin. -->","yoast_head_json":{"title":"ER\u00c9NDIRA FIERRO PROMOTORA DE LA CIENCIA, LA CULTURA Y LA PROPIEDAD INTELECTUAL COMO PILARES DEL DESARROLLO UNIVERSITARIO - 21 Panorama","robots":{"index":"index","follow":"follow","max-snippet":"max-snippet:-1","max-image-preview":"max-image-preview:large","max-video-preview":"max-video-preview:-1"},"canonical":"https:\/\/21panorama.com\/index.php\/2025\/03\/27\/erendira-fierro-promotora-de-la-ciencia-la-cultura-y-la-propiedad-intelectual-como-pilares-del-desarrollo-universitario\/","og_locale":"es_MX","og_type":"article","og_title":"ER\u00c9NDIRA FIERRO PROMOTORA DE LA CIENCIA, LA CULTURA Y LA PROPIEDAD INTELECTUAL COMO PILARES DEL DESARROLLO UNIVERSITARIO - 21 Panorama","og_description":"La doctora Er\u00e9ndira Fierro Moreno, aspirante a la Rector\u00eda de la Universidad Aut\u00f3noma del Estado de M\u00e9xico (UAEM\u00e9x), resalt\u00f3 la importancia de la formaci\u00f3n transversal y la retribuci\u00f3n social del conocimiento que se genera en la m\u00e1xima casa de estudios, para ello dijo, es fundamental cultivar el pensamiento cr\u00edtico en el aula y apoyar a los estudiantes en situaci\u00f3n de vulnerabilidad.","og_url":"https:\/\/21panorama.com\/index.php\/2025\/03\/27\/erendira-fierro-promotora-de-la-ciencia-la-cultura-y-la-propiedad-intelectual-como-pilares-del-desarrollo-universitario\/","og_site_name":"21 Panorama","article_published_time":"2025-03-27T23:18:56+00:00","article_modified_time":"2025-03-30T23:37:29+00:00","og_image":[{"width":1600,"height":1213,"url":"https:\/\/21panorama.com\/wp-content\/uploads\/2025\/03\/WhatsApp-Image-2025-03-27-at-10.58.23-PM-1.jpeg","type":"image\/jpeg"}],"author":"admin","twitter_card":"summary_large_image","twitter_misc":{"Escrito por":"admin","Tiempo de lectura":"2 minutos"},"schema":{"@context":"https:\/\/schema.org","@graph":[{"@type":"Article","@id":"https:\/\/21panorama.com\/index.php\/2025\/03\/27\/erendira-fierro-promotora-de-la-ciencia-la-cultura-y-la-propiedad-intelectual-como-pilares-del-desarrollo-universitario\/#article","isPartOf":{"@id":"https:\/\/21panorama.com\/index.php\/2025\/03\/27\/erendira-fierro-promotora-de-la-ciencia-la-cultura-y-la-propiedad-intelectual-como-pilares-del-desarrollo-universitario\/"},"author":{"name":"admin","@id":"https:\/\/21panorama.com\/#\/schema\/person\/1afc291b96d5792a158768324287319f"},"headline":"ER\u00c9NDIRA FIERRO PROMOTORA DE LA CIENCIA, LA CULTURA Y LA PROPIEDAD INTELECTUAL COMO PILARES DEL DESARROLLO UNIVERSITARIO","datePublished":"2025-03-27T23:18:56+00:00","dateModified":"2025-03-30T23:37:29+00:00","mainEntityOfPage":{"@id":"https:\/\/21panorama.com\/index.php\/2025\/03\/27\/erendira-fierro-promotora-de-la-ciencia-la-cultura-y-la-propiedad-intelectual-como-pilares-del-desarrollo-universitario\/"},"wordCount":399,"commentCount":0,"publisher":{"@id":"https:\/\/21panorama.com\/#organization"},"image":{"@id":"https:\/\/21panorama.com\/index.php\/2025\/03\/27\/erendira-fierro-promotora-de-la-ciencia-la-cultura-y-la-propiedad-intelectual-como-pilares-del-desarrollo-universitario\/#primaryimage"},"thumbnailUrl":"https:\/\/21panorama.com\/wp-content\/uploads\/2025\/03\/WhatsApp-Image-2025-03-27-at-10.58.23-PM-1.jpeg","keywords":["EDOMEX","GEM","UAEMex"],"articleSection":["Politica","Sociedad"],"inLanguage":"es","potentialAction":[{"@type":"CommentAction","name":"Comment","target":["https:\/\/21panorama.com\/index.php\/2025\/03\/27\/erendira-fierro-promotora-de-la-ciencia-la-cultura-y-la-propiedad-intelectual-como-pilares-del-desarrollo-universitario\/#respond"]}]},{"@type":"WebPage","@id":"https:\/\/21panorama.com\/index.php\/2025\/03\/27\/erendira-fierro-promotora-de-la-ciencia-la-cultura-y-la-propiedad-intelectual-como-pilares-del-desarrollo-universitario\/","url":"https:\/\/21panorama.com\/index.php\/2025\/03\/27\/erendira-fierro-promotora-de-la-ciencia-la-cultura-y-la-propiedad-intelectual-como-pilares-del-desarrollo-universitario\/","name":"ER\u00c9NDIRA FIERRO PROMOTORA DE LA CIENCIA, LA CULTURA Y LA PROPIEDAD INTELECTUAL COMO PILARES DEL DESARROLLO UNIVERSITARIO - 21 Panorama","isPartOf":{"@id":"https:\/\/21panorama.com\/#website"},"primaryImageOfPage":{"@id":"https:\/\/21panorama.com\/index.php\/2025\/03\/27\/erendira-fierro-promotora-de-la-ciencia-la-cultura-y-la-propiedad-intelectual-como-pilares-del-desarrollo-universitario\/#primaryimage"},"image":{"@id":"https:\/\/21panorama.com\/index.php\/2025\/03\/27\/erendira-fierro-promotora-de-la-ciencia-la-cultura-y-la-propiedad-intelectual-como-pilares-del-desarrollo-universitario\/#primaryimage"},"thumbnailUrl":"https:\/\/21panorama.com\/wp-content\/uploads\/2025\/03\/WhatsApp-Image-2025-03-27-at-10.58.23-PM-1.jpeg","datePublished":"2025-03-27T23:18:56+00:00","dateModified":"2025-03-30T23:37:29+00:00","breadcrumb":{"@id":"https:\/\/21panorama.com\/index.php\/2025\/03\/27\/erendira-fierro-promotora-de-la-ciencia-la-cultura-y-la-propiedad-intelectual-como-pilares-del-desarrollo-universitario\/#breadcrumb"},"inLanguage":"es","potentialAction":[{"@type":"ReadAction","target":["https:\/\/21panorama.com\/index.php\/2025\/03\/27\/erendira-fierro-promotora-de-la-ciencia-la-cultura-y-la-propiedad-intelectual-como-pilares-del-desarrollo-universitario\/"]}]},{"@type":"ImageObject","inLanguage":"es","@id":"https:\/\/21panorama.com\/index.php\/2025\/03\/27\/erendira-fierro-promotora-de-la-ciencia-la-cultura-y-la-propiedad-intelectual-como-pilares-del-desarrollo-universitario\/#primaryimage","url":"https:\/\/21panorama.com\/wp-content\/uploads\/2025\/03\/WhatsApp-Image-2025-03-27-at-10.58.23-PM-1.jpeg","contentUrl":"https:\/\/21panorama.com\/wp-content\/uploads\/2025\/03\/WhatsApp-Image-2025-03-27-at-10.58.23-PM-1.jpeg","width":1600,"height":1213},{"@type":"BreadcrumbList","@id":"https:\/\/21panorama.com\/index.php\/2025\/03\/27\/erendira-fierro-promotora-de-la-ciencia-la-cultura-y-la-propiedad-intelectual-como-pilares-del-desarrollo-universitario\/#breadcrumb","itemListElement":[{"@type":"ListItem","position":1,"name":"Inicio","item":"https:\/\/21panorama.com\/"},{"@type":"ListItem","position":2,"name":"ER\u00c9NDIRA FIERRO PROMOTORA DE LA CIENCIA, LA CULTURA Y LA PROPIEDAD INTELECTUAL COMO PILARES DEL DESARROLLO UNIVERSITARIO"}]},{"@type":"WebSite","@id":"https:\/\/21panorama.com\/#website","url":"https:\/\/21panorama.com\/","name":"21 Panorama","description":"La construcci\u00f3n de la opini\u00f3n p\u00fablica merece un mejor Panorama en este siglo 21 para alcanzar una sociedad con mayor transparencia y sin corrupci\u00f3n.","publisher":{"@id":"https:\/\/21panorama.com\/#organization"},"potentialAction":[{"@type":"SearchAction","target":{"@type":"EntryPoint","urlTemplate":"https:\/\/21panorama.com\/?s={search_term_string}"},"query-input":{"@type":"PropertyValueSpecification","valueRequired":true,"valueName":"search_term_string"}}],"inLanguage":"es"},{"@type":"Organization","@id":"https:\/\/21panorama.com\/#organization","name":"21 Panorama","url":"https:\/\/21panorama.com\/","logo":{"@type":"ImageObject","inLanguage":"es","@id":"https:\/\/21panorama.com\/#\/schema\/logo\/image\/","url":"https:\/\/21panorama.com\/wp-content\/uploads\/2019\/07\/cropped-Logo-Panorama-01.jpeg","contentUrl":"https:\/\/21panorama.com\/wp-content\/uploads\/2019\/07\/cropped-Logo-Panorama-01.jpeg","width":290,"height":70,"caption":"21 Panorama"},"image":{"@id":"https:\/\/21panorama.com\/#\/schema\/logo\/image\/"}},{"@type":"Person","@id":"https:\/\/21panorama.com\/#\/schema\/person\/1afc291b96d5792a158768324287319f","name":"admin","image":{"@type":"ImageObject","inLanguage":"es","@id":"https:\/\/21panorama.com\/#\/schema\/person\/image\/","url":"https:\/\/secure.gravatar.com\/avatar\/ad365d9d9f46719215b0d042cc3df92a5a8683e09ef13d102233e5491985f0f0?s=96&d=mm&r=g","contentUrl":"https:\/\/secure.gravatar.com\/avatar\/ad365d9d9f46719215b0d042cc3df92a5a8683e09ef13d102233e5491985f0f0?s=96&d=mm&r=g","caption":"admin"},"url":"https:\/\/21panorama.com\/index.php\/author\/admin\/"}]}},"_links":{"self":[{"href":"https:\/\/21panorama.com\/index.php\/wp-json\/wp\/v2\/posts\/5906","targetHints":{"allow":["GET"]}}],"collection":[{"href":"https:\/\/21panorama.com\/index.php\/wp-json\/wp\/v2\/posts"}],"about":[{"href":"https:\/\/21panorama.com\/index.php\/wp-json\/wp\/v2\/types\/post"}],"author":[{"embeddable":true,"href":"https:\/\/21panorama.com\/index.php\/wp-json\/wp\/v2\/users\/1"}],"replies":[{"embeddable":true,"href":"https:\/\/21panorama.com\/index.php\/wp-json\/wp\/v2\/comments?post=5906"}],"version-history":[{"count":1,"href":"https:\/\/21panorama.com\/index.php\/wp-json\/wp\/v2\/posts\/5906\/revisions"}],"predecessor-version":[{"id":5908,"href":"https:\/\/21panorama.com\/index.php\/wp-json\/wp\/v2\/posts\/5906\/revisions\/5908"}],"wp:featuredmedia":[{"embeddable":true,"href":"https:\/\/21panorama.com\/index.php\/wp-json\/wp\/v2\/media\/5907"}],"wp:attachment":[{"href":"https:\/\/21panorama.com\/index.php\/wp-json\/wp\/v2\/media?parent=5906"}],"wp:term":[{"taxonomy":"category","embeddable":true,"href":"https:\/\/21panorama.com\/index.php\/wp-json\/wp\/v2\/categories?post=5906"},{"taxonomy":"post_tag","embeddable":true,"href":"https:\/\/21panorama.com\/index.php\/wp-json\/wp\/v2\/tags?post=5906"}],"curies":[{"name":"wp","href":"https:\/\/api.w.org\/{rel}","templated":true}]}}