{"id":5884,"date":"2025-03-13T15:30:14","date_gmt":"2025-03-13T21:30:14","guid":{"rendered":"https:\/\/21panorama.com\/?p=5884"},"modified":"2025-03-13T15:30:14","modified_gmt":"2025-03-13T21:30:14","slug":"hoy-no-circula-en-toluca-seria-a-costas-del-pueblo","status":"publish","type":"post","link":"https:\/\/21panorama.com\/index.php\/2025\/03\/13\/hoy-no-circula-en-toluca-seria-a-costas-del-pueblo\/","title":{"rendered":"\u201cHOY NO CIRCULA\u201d EN TOLUCA SER\u00cdA A COSTAS DEL PUEBLO"},"content":{"rendered":"\n<p>* Toluca merece pol\u00edticas p\u00fablicas responsables, no medidas recaudatorias disfrazadas de ambientalismo.<\/p>\n\n\n\n<p>Bajo el argumento de una supuesta preocupaci\u00f3n ambiental, el Ayuntamiento de Toluca busca imponer sanciones a los propietarios de veh\u00edculos que no cuenten con verificaci\u00f3n obligatoria, medida que es arbitraria y que no tiene sustento t\u00e9cnico, afirm\u00f3 el presidente del Comit\u00e9 Directivo Municipal del PRI, An\u00edbal Gonz\u00e1lez Pedraza.<br>Ante la creciente queja de los automovilistas y contribuyentes, el dirigente priista en la capital mexiquense sostuvo que esa medida representar\u00eda un mecanismo de recaudaci\u00f3n disfrazado de pol\u00edtica p\u00fablica, lo que afecta directamente a la ciudadan\u00eda con multas excesivas, retenci\u00f3n de veh\u00edculos y posibles actos de corrupci\u00f3n en retenes de tr\u00e1nsito.<br>Toluca no enfrenta las mismas condiciones de contaminaci\u00f3n que el Valle de M\u00e9xico, por lo que aplicar restricciones como el \u201cHoy No Circula\u201d o sanciones indiscriminadas no resolver\u00e1 el problema ambiental. A pesar de esto, el Ayuntamiento no realiz\u00f3 un estudio serio para determinar las causas reales de la contaminaci\u00f3n y dise\u00f1ar estrategias efectivas, puntualiz\u00f3.<br>En cambio, agreg\u00f3, opta por imponer castigos econ\u00f3micos sin ofrecer soluciones viables para mejorar la calidad del aire y la movilidad en la ciudad. Esta medida tambi\u00e9n puede abrir la puerta a la corrupci\u00f3n y la extorsi\u00f3n en los operativos de tr\u00e1nsito, donde agentes podr\u00edan utilizar su autoridad para exigir sobornos a los ciudadanos a cambio de evitar sanciones.<br>Adem\u00e1s, el verdadero prop\u00f3sito de esta acci\u00f3n no es mejorar la calidad del aire, sino generar ingresos a costa de los conductores. \u201cNo se ha presentado ning\u00fan estudio que respalde su efectividad, ni se ha informado sobre el destino de los recursos recaudados\u201d, resalt\u00f3 el dirigente partidista.<br>Desde el Partido Revolucionario Institucional (PRI) de Toluca, exigimos un an\u00e1lisis t\u00e9cnico serio sobre la contaminaci\u00f3n en Toluca antes de imponer sanciones; un programa de incentivos para que los ciudadanos cumplan con la verificaci\u00f3n sin necesidad de castigos; transparencia en el uso de los recursos recaudados por multas de tr\u00e1nsito y la eliminaci\u00f3n de los operativos arbitrarios que fomentan la corrupci\u00f3n y la extorsi\u00f3n.<br>No permitiremos que un gobierno que deber\u00eda trabajar para la ciudadan\u00eda termine afectando su econom\u00eda con medidas injustas y arbitrarias. \u201cHacemos un llamado a la poblaci\u00f3n para que no se deje enga\u00f1ar por discursos vac\u00edos y exija un gobierno que realmente busque el bienestar de Toluca, en lugar de implementar medidas que solo sirven para exprimir a los ciudadanos\u201d, dijo.<\/p>\n","protected":false},"excerpt":{"rendered":"<p>Bajo el argumento de una supuesta preocupaci\u00f3n ambiental, el Ayuntamiento de Toluca busca imponer sanciones a los propietarios de veh\u00edculos que no cuenten con verificaci\u00f3n obligatoria, medida que es arbitraria y que no tiene sustento t\u00e9cnico, afirm\u00f3 el presidente del Comit\u00e9 Directivo Municipal del PRI, An\u00edbal Gonz\u00e1lez Pedraza.<\/p>\n","protected":false},"author":1,"featured_media":5885,"comment_status":"open","ping_status":"open","sticky":false,"template":"","format":"standard","meta":{"footnotes":""},"categories":[12,1],"tags":[391,97,33],"class_list":["post-5884","post","type-post","status-publish","format-standard","has-post-thumbnail","hentry","category-politica","category-sociedad","tag-anibal-gonzalez-pedraza","tag-edomex","tag-pri"],"yoast_head":"<!-- This site is optimized with the Yoast SEO plugin v24.9 - https:\/\/yoast.com\/wordpress\/plugins\/seo\/ -->\n<title>\u201cHOY NO CIRCULA\u201d EN TOLUCA SER\u00cdA A COSTAS DEL PUEBLO - 21 Panorama<\/title>\n<meta name=\"robots\" content=\"index, follow, max-snippet:-1, max-image-preview:large, max-video-preview:-1\" \/>\n<link rel=\"canonical\" href=\"https:\/\/21panorama.com\/index.php\/2025\/03\/13\/hoy-no-circula-en-toluca-seria-a-costas-del-pueblo\/\" \/>\n<meta property=\"og:locale\" content=\"es_MX\" \/>\n<meta property=\"og:type\" content=\"article\" \/>\n<meta property=\"og:title\" content=\"\u201cHOY NO CIRCULA\u201d EN TOLUCA SER\u00cdA A COSTAS DEL PUEBLO - 21 Panorama\" \/>\n<meta property=\"og:description\" content=\"Bajo el argumento de una supuesta preocupaci\u00f3n ambiental, el Ayuntamiento de Toluca busca imponer sanciones a los propietarios de veh\u00edculos que no cuenten con verificaci\u00f3n obligatoria, medida que es arbitraria y que no tiene sustento t\u00e9cnico, afirm\u00f3 el presidente del Comit\u00e9 Directivo Municipal del PRI, An\u00edbal Gonz\u00e1lez Pedraza.\" \/>\n<meta property=\"og:url\" content=\"https:\/\/21panorama.com\/index.php\/2025\/03\/13\/hoy-no-circula-en-toluca-seria-a-costas-del-pueblo\/\" \/>\n<meta property=\"og:site_name\" content=\"21 Panorama\" \/>\n<meta property=\"article:published_time\" content=\"2025-03-13T21:30:14+00:00\" \/>\n<meta property=\"og:image\" content=\"https:\/\/21panorama.com\/wp-content\/uploads\/2025\/03\/WhatsApp-Image-2025-03-13-at-12.39.47-PM-1.jpeg\" \/>\n\t<meta property=\"og:image:width\" content=\"1284\" \/>\n\t<meta property=\"og:image:height\" content=\"722\" \/>\n\t<meta property=\"og:image:type\" content=\"image\/jpeg\" \/>\n<meta name=\"author\" content=\"admin\" \/>\n<meta name=\"twitter:card\" content=\"summary_large_image\" \/>\n<meta name=\"twitter:label1\" content=\"Escrito por\" \/>\n\t<meta name=\"twitter:data1\" content=\"admin\" \/>\n\t<meta name=\"twitter:label2\" content=\"Tiempo de lectura\" \/>\n\t<meta name=\"twitter:data2\" content=\"3 minutos\" \/>\n<script type=\"application\/ld+json\" class=\"yoast-schema-graph\">{\"@context\":\"https:\/\/schema.org\",\"@graph\":[{\"@type\":\"Article\",\"@id\":\"https:\/\/21panorama.com\/index.php\/2025\/03\/13\/hoy-no-circula-en-toluca-seria-a-costas-del-pueblo\/#article\",\"isPartOf\":{\"@id\":\"https:\/\/21panorama.com\/index.php\/2025\/03\/13\/hoy-no-circula-en-toluca-seria-a-costas-del-pueblo\/\"},\"author\":{\"name\":\"admin\",\"@id\":\"https:\/\/21panorama.com\/#\/schema\/person\/1afc291b96d5792a158768324287319f\"},\"headline\":\"\u201cHOY NO CIRCULA\u201d EN TOLUCA SER\u00cdA A COSTAS DEL PUEBLO\",\"datePublished\":\"2025-03-13T21:30:14+00:00\",\"mainEntityOfPage\":{\"@id\":\"https:\/\/21panorama.com\/index.php\/2025\/03\/13\/hoy-no-circula-en-toluca-seria-a-costas-del-pueblo\/\"},\"wordCount\":451,\"commentCount\":0,\"publisher\":{\"@id\":\"https:\/\/21panorama.com\/#organization\"},\"image\":{\"@id\":\"https:\/\/21panorama.com\/index.php\/2025\/03\/13\/hoy-no-circula-en-toluca-seria-a-costas-del-pueblo\/#primaryimage\"},\"thumbnailUrl\":\"https:\/\/21panorama.com\/wp-content\/uploads\/2025\/03\/WhatsApp-Image-2025-03-13-at-12.39.47-PM-1.jpeg\",\"keywords\":[\"An\u00edbal Gonz\u00e1lez Pedraza\",\"EDOMEX\",\"PRI\"],\"articleSection\":[\"Politica\",\"Sociedad\"],\"inLanguage\":\"es\",\"potentialAction\":[{\"@type\":\"CommentAction\",\"name\":\"Comment\",\"target\":[\"https:\/\/21panorama.com\/index.php\/2025\/03\/13\/hoy-no-circula-en-toluca-seria-a-costas-del-pueblo\/#respond\"]}]},{\"@type\":\"WebPage\",\"@id\":\"https:\/\/21panorama.com\/index.php\/2025\/03\/13\/hoy-no-circula-en-toluca-seria-a-costas-del-pueblo\/\",\"url\":\"https:\/\/21panorama.com\/index.php\/2025\/03\/13\/hoy-no-circula-en-toluca-seria-a-costas-del-pueblo\/\",\"name\":\"\u201cHOY NO CIRCULA\u201d EN TOLUCA SER\u00cdA A COSTAS DEL PUEBLO - 21 Panorama\",\"isPartOf\":{\"@id\":\"https:\/\/21panorama.com\/#website\"},\"primaryImageOfPage\":{\"@id\":\"https:\/\/21panorama.com\/index.php\/2025\/03\/13\/hoy-no-circula-en-toluca-seria-a-costas-del-pueblo\/#primaryimage\"},\"image\":{\"@id\":\"https:\/\/21panorama.com\/index.php\/2025\/03\/13\/hoy-no-circula-en-toluca-seria-a-costas-del-pueblo\/#primaryimage\"},\"thumbnailUrl\":\"https:\/\/21panorama.com\/wp-content\/uploads\/2025\/03\/WhatsApp-Image-2025-03-13-at-12.39.47-PM-1.jpeg\",\"datePublished\":\"2025-03-13T21:30:14+00:00\",\"breadcrumb\":{\"@id\":\"https:\/\/21panorama.com\/index.php\/2025\/03\/13\/hoy-no-circula-en-toluca-seria-a-costas-del-pueblo\/#breadcrumb\"},\"inLanguage\":\"es\",\"potentialAction\":[{\"@type\":\"ReadAction\",\"target\":[\"https:\/\/21panorama.com\/index.php\/2025\/03\/13\/hoy-no-circula-en-toluca-seria-a-costas-del-pueblo\/\"]}]},{\"@type\":\"ImageObject\",\"inLanguage\":\"es\",\"@id\":\"https:\/\/21panorama.com\/index.php\/2025\/03\/13\/hoy-no-circula-en-toluca-seria-a-costas-del-pueblo\/#primaryimage\",\"url\":\"https:\/\/21panorama.com\/wp-content\/uploads\/2025\/03\/WhatsApp-Image-2025-03-13-at-12.39.47-PM-1.jpeg\",\"contentUrl\":\"https:\/\/21panorama.com\/wp-content\/uploads\/2025\/03\/WhatsApp-Image-2025-03-13-at-12.39.47-PM-1.jpeg\",\"width\":1284,\"height\":722},{\"@type\":\"BreadcrumbList\",\"@id\":\"https:\/\/21panorama.com\/index.php\/2025\/03\/13\/hoy-no-circula-en-toluca-seria-a-costas-del-pueblo\/#breadcrumb\",\"itemListElement\":[{\"@type\":\"ListItem\",\"position\":1,\"name\":\"Inicio\",\"item\":\"https:\/\/21panorama.com\/\"},{\"@type\":\"ListItem\",\"position\":2,\"name\":\"\u201cHOY NO CIRCULA\u201d EN TOLUCA SER\u00cdA A COSTAS DEL PUEBLO\"}]},{\"@type\":\"WebSite\",\"@id\":\"https:\/\/21panorama.com\/#website\",\"url\":\"https:\/\/21panorama.com\/\",\"name\":\"21 Panorama\",\"description\":\"La construcci\u00f3n de la opini\u00f3n p\u00fablica merece un mejor Panorama en este siglo 21 para alcanzar una sociedad con mayor transparencia y sin corrupci\u00f3n.\",\"publisher\":{\"@id\":\"https:\/\/21panorama.com\/#organization\"},\"potentialAction\":[{\"@type\":\"SearchAction\",\"target\":{\"@type\":\"EntryPoint\",\"urlTemplate\":\"https:\/\/21panorama.com\/?s={search_term_string}\"},\"query-input\":{\"@type\":\"PropertyValueSpecification\",\"valueRequired\":true,\"valueName\":\"search_term_string\"}}],\"inLanguage\":\"es\"},{\"@type\":\"Organization\",\"@id\":\"https:\/\/21panorama.com\/#organization\",\"name\":\"21 Panorama\",\"url\":\"https:\/\/21panorama.com\/\",\"logo\":{\"@type\":\"ImageObject\",\"inLanguage\":\"es\",\"@id\":\"https:\/\/21panorama.com\/#\/schema\/logo\/image\/\",\"url\":\"https:\/\/21panorama.com\/wp-content\/uploads\/2019\/07\/cropped-Logo-Panorama-01.jpeg\",\"contentUrl\":\"https:\/\/21panorama.com\/wp-content\/uploads\/2019\/07\/cropped-Logo-Panorama-01.jpeg\",\"width\":290,\"height\":70,\"caption\":\"21 Panorama\"},\"image\":{\"@id\":\"https:\/\/21panorama.com\/#\/schema\/logo\/image\/\"}},{\"@type\":\"Person\",\"@id\":\"https:\/\/21panorama.com\/#\/schema\/person\/1afc291b96d5792a158768324287319f\",\"name\":\"admin\",\"image\":{\"@type\":\"ImageObject\",\"inLanguage\":\"es\",\"@id\":\"https:\/\/21panorama.com\/#\/schema\/person\/image\/\",\"url\":\"https:\/\/secure.gravatar.com\/avatar\/ad365d9d9f46719215b0d042cc3df92a5a8683e09ef13d102233e5491985f0f0?s=96&d=mm&r=g\",\"contentUrl\":\"https:\/\/secure.gravatar.com\/avatar\/ad365d9d9f46719215b0d042cc3df92a5a8683e09ef13d102233e5491985f0f0?s=96&d=mm&r=g\",\"caption\":\"admin\"},\"url\":\"https:\/\/21panorama.com\/index.php\/author\/admin\/\"}]}<\/script>\n<!-- \/ Yoast SEO plugin. -->","yoast_head_json":{"title":"\u201cHOY NO CIRCULA\u201d EN TOLUCA SER\u00cdA A COSTAS DEL PUEBLO - 21 Panorama","robots":{"index":"index","follow":"follow","max-snippet":"max-snippet:-1","max-image-preview":"max-image-preview:large","max-video-preview":"max-video-preview:-1"},"canonical":"https:\/\/21panorama.com\/index.php\/2025\/03\/13\/hoy-no-circula-en-toluca-seria-a-costas-del-pueblo\/","og_locale":"es_MX","og_type":"article","og_title":"\u201cHOY NO CIRCULA\u201d EN TOLUCA SER\u00cdA A COSTAS DEL PUEBLO - 21 Panorama","og_description":"Bajo el argumento de una supuesta preocupaci\u00f3n ambiental, el Ayuntamiento de Toluca busca imponer sanciones a los propietarios de veh\u00edculos que no cuenten con verificaci\u00f3n obligatoria, medida que es arbitraria y que no tiene sustento t\u00e9cnico, afirm\u00f3 el presidente del Comit\u00e9 Directivo Municipal del PRI, An\u00edbal Gonz\u00e1lez Pedraza.","og_url":"https:\/\/21panorama.com\/index.php\/2025\/03\/13\/hoy-no-circula-en-toluca-seria-a-costas-del-pueblo\/","og_site_name":"21 Panorama","article_published_time":"2025-03-13T21:30:14+00:00","og_image":[{"width":1284,"height":722,"url":"https:\/\/21panorama.com\/wp-content\/uploads\/2025\/03\/WhatsApp-Image-2025-03-13-at-12.39.47-PM-1.jpeg","type":"image\/jpeg"}],"author":"admin","twitter_card":"summary_large_image","twitter_misc":{"Escrito por":"admin","Tiempo de lectura":"3 minutos"},"schema":{"@context":"https:\/\/schema.org","@graph":[{"@type":"Article","@id":"https:\/\/21panorama.com\/index.php\/2025\/03\/13\/hoy-no-circula-en-toluca-seria-a-costas-del-pueblo\/#article","isPartOf":{"@id":"https:\/\/21panorama.com\/index.php\/2025\/03\/13\/hoy-no-circula-en-toluca-seria-a-costas-del-pueblo\/"},"author":{"name":"admin","@id":"https:\/\/21panorama.com\/#\/schema\/person\/1afc291b96d5792a158768324287319f"},"headline":"\u201cHOY NO CIRCULA\u201d EN TOLUCA SER\u00cdA A COSTAS DEL PUEBLO","datePublished":"2025-03-13T21:30:14+00:00","mainEntityOfPage":{"@id":"https:\/\/21panorama.com\/index.php\/2025\/03\/13\/hoy-no-circula-en-toluca-seria-a-costas-del-pueblo\/"},"wordCount":451,"commentCount":0,"publisher":{"@id":"https:\/\/21panorama.com\/#organization"},"image":{"@id":"https:\/\/21panorama.com\/index.php\/2025\/03\/13\/hoy-no-circula-en-toluca-seria-a-costas-del-pueblo\/#primaryimage"},"thumbnailUrl":"https:\/\/21panorama.com\/wp-content\/uploads\/2025\/03\/WhatsApp-Image-2025-03-13-at-12.39.47-PM-1.jpeg","keywords":["An\u00edbal Gonz\u00e1lez Pedraza","EDOMEX","PRI"],"articleSection":["Politica","Sociedad"],"inLanguage":"es","potentialAction":[{"@type":"CommentAction","name":"Comment","target":["https:\/\/21panorama.com\/index.php\/2025\/03\/13\/hoy-no-circula-en-toluca-seria-a-costas-del-pueblo\/#respond"]}]},{"@type":"WebPage","@id":"https:\/\/21panorama.com\/index.php\/2025\/03\/13\/hoy-no-circula-en-toluca-seria-a-costas-del-pueblo\/","url":"https:\/\/21panorama.com\/index.php\/2025\/03\/13\/hoy-no-circula-en-toluca-seria-a-costas-del-pueblo\/","name":"\u201cHOY NO CIRCULA\u201d EN TOLUCA SER\u00cdA A COSTAS DEL PUEBLO - 21 Panorama","isPartOf":{"@id":"https:\/\/21panorama.com\/#website"},"primaryImageOfPage":{"@id":"https:\/\/21panorama.com\/index.php\/2025\/03\/13\/hoy-no-circula-en-toluca-seria-a-costas-del-pueblo\/#primaryimage"},"image":{"@id":"https:\/\/21panorama.com\/index.php\/2025\/03\/13\/hoy-no-circula-en-toluca-seria-a-costas-del-pueblo\/#primaryimage"},"thumbnailUrl":"https:\/\/21panorama.com\/wp-content\/uploads\/2025\/03\/WhatsApp-Image-2025-03-13-at-12.39.47-PM-1.jpeg","datePublished":"2025-03-13T21:30:14+00:00","breadcrumb":{"@id":"https:\/\/21panorama.com\/index.php\/2025\/03\/13\/hoy-no-circula-en-toluca-seria-a-costas-del-pueblo\/#breadcrumb"},"inLanguage":"es","potentialAction":[{"@type":"ReadAction","target":["https:\/\/21panorama.com\/index.php\/2025\/03\/13\/hoy-no-circula-en-toluca-seria-a-costas-del-pueblo\/"]}]},{"@type":"ImageObject","inLanguage":"es","@id":"https:\/\/21panorama.com\/index.php\/2025\/03\/13\/hoy-no-circula-en-toluca-seria-a-costas-del-pueblo\/#primaryimage","url":"https:\/\/21panorama.com\/wp-content\/uploads\/2025\/03\/WhatsApp-Image-2025-03-13-at-12.39.47-PM-1.jpeg","contentUrl":"https:\/\/21panorama.com\/wp-content\/uploads\/2025\/03\/WhatsApp-Image-2025-03-13-at-12.39.47-PM-1.jpeg","width":1284,"height":722},{"@type":"BreadcrumbList","@id":"https:\/\/21panorama.com\/index.php\/2025\/03\/13\/hoy-no-circula-en-toluca-seria-a-costas-del-pueblo\/#breadcrumb","itemListElement":[{"@type":"ListItem","position":1,"name":"Inicio","item":"https:\/\/21panorama.com\/"},{"@type":"ListItem","position":2,"name":"\u201cHOY NO CIRCULA\u201d EN TOLUCA SER\u00cdA A COSTAS DEL PUEBLO"}]},{"@type":"WebSite","@id":"https:\/\/21panorama.com\/#website","url":"https:\/\/21panorama.com\/","name":"21 Panorama","description":"La construcci\u00f3n de la opini\u00f3n p\u00fablica merece un mejor Panorama en este siglo 21 para alcanzar una sociedad con mayor transparencia y sin corrupci\u00f3n.","publisher":{"@id":"https:\/\/21panorama.com\/#organization"},"potentialAction":[{"@type":"SearchAction","target":{"@type":"EntryPoint","urlTemplate":"https:\/\/21panorama.com\/?s={search_term_string}"},"query-input":{"@type":"PropertyValueSpecification","valueRequired":true,"valueName":"search_term_string"}}],"inLanguage":"es"},{"@type":"Organization","@id":"https:\/\/21panorama.com\/#organization","name":"21 Panorama","url":"https:\/\/21panorama.com\/","logo":{"@type":"ImageObject","inLanguage":"es","@id":"https:\/\/21panorama.com\/#\/schema\/logo\/image\/","url":"https:\/\/21panorama.com\/wp-content\/uploads\/2019\/07\/cropped-Logo-Panorama-01.jpeg","contentUrl":"https:\/\/21panorama.com\/wp-content\/uploads\/2019\/07\/cropped-Logo-Panorama-01.jpeg","width":290,"height":70,"caption":"21 Panorama"},"image":{"@id":"https:\/\/21panorama.com\/#\/schema\/logo\/image\/"}},{"@type":"Person","@id":"https:\/\/21panorama.com\/#\/schema\/person\/1afc291b96d5792a158768324287319f","name":"admin","image":{"@type":"ImageObject","inLanguage":"es","@id":"https:\/\/21panorama.com\/#\/schema\/person\/image\/","url":"https:\/\/secure.gravatar.com\/avatar\/ad365d9d9f46719215b0d042cc3df92a5a8683e09ef13d102233e5491985f0f0?s=96&d=mm&r=g","contentUrl":"https:\/\/secure.gravatar.com\/avatar\/ad365d9d9f46719215b0d042cc3df92a5a8683e09ef13d102233e5491985f0f0?s=96&d=mm&r=g","caption":"admin"},"url":"https:\/\/21panorama.com\/index.php\/author\/admin\/"}]}},"_links":{"self":[{"href":"https:\/\/21panorama.com\/index.php\/wp-json\/wp\/v2\/posts\/5884","targetHints":{"allow":["GET"]}}],"collection":[{"href":"https:\/\/21panorama.com\/index.php\/wp-json\/wp\/v2\/posts"}],"about":[{"href":"https:\/\/21panorama.com\/index.php\/wp-json\/wp\/v2\/types\/post"}],"author":[{"embeddable":true,"href":"https:\/\/21panorama.com\/index.php\/wp-json\/wp\/v2\/users\/1"}],"replies":[{"embeddable":true,"href":"https:\/\/21panorama.com\/index.php\/wp-json\/wp\/v2\/comments?post=5884"}],"version-history":[{"count":1,"href":"https:\/\/21panorama.com\/index.php\/wp-json\/wp\/v2\/posts\/5884\/revisions"}],"predecessor-version":[{"id":5886,"href":"https:\/\/21panorama.com\/index.php\/wp-json\/wp\/v2\/posts\/5884\/revisions\/5886"}],"wp:featuredmedia":[{"embeddable":true,"href":"https:\/\/21panorama.com\/index.php\/wp-json\/wp\/v2\/media\/5885"}],"wp:attachment":[{"href":"https:\/\/21panorama.com\/index.php\/wp-json\/wp\/v2\/media?parent=5884"}],"wp:term":[{"taxonomy":"category","embeddable":true,"href":"https:\/\/21panorama.com\/index.php\/wp-json\/wp\/v2\/categories?post=5884"},{"taxonomy":"post_tag","embeddable":true,"href":"https:\/\/21panorama.com\/index.php\/wp-json\/wp\/v2\/tags?post=5884"}],"curies":[{"name":"wp","href":"https:\/\/api.w.org\/{rel}","templated":true}]}}