{"id":5880,"date":"2025-03-10T18:13:20","date_gmt":"2025-03-11T00:13:20","guid":{"rendered":"https:\/\/21panorama.com\/?p=5880"},"modified":"2025-03-10T18:13:21","modified_gmt":"2025-03-11T00:13:21","slug":"plantea-pri-edomex-plan-de-proteccion-economica-a-los-mexiquenses","status":"publish","type":"post","link":"https:\/\/21panorama.com\/index.php\/2025\/03\/10\/plantea-pri-edomex-plan-de-proteccion-economica-a-los-mexiquenses\/","title":{"rendered":"PLANTEA PRI EDOM\u00c9X PLAN DE PROTECCI\u00d3N ECON\u00d3MICA A LOS MEXIQUENSES"},"content":{"rendered":"\n<p>* El gobierno opta por hacer costosos m\u00edtines, en lugar de atender las necesidades de la gente: Lizeth Sandoval.<\/p>\n\n\n\n<p>* Impulsar acuerdos con otras regiones del mundo e incentivar a las PyMES, entre las propuestas.<\/p>\n\n\n\n<p>Ante la incertidumbre arancelaria y un gobierno que miente sobre la compleja realidad del pa\u00eds, el PRI del Estado de M\u00e9xico plante\u00f3 una estrategia que permita proteger la econom\u00eda, inform\u00f3 la Vocera del Comit\u00e9 Directivo Estatal (CDE), Lizeth Sandoval Colindres, quien record\u00f3 que nuestra entidad se ubica en el octavo lugar en el pa\u00eds con m\u00e1s ventas de productos a Estados Unidos.<\/p>\n\n\n\n<p>En conferencia de prensa, presidida por la Secretaria General, Brenda Alvarado S\u00e1nchez, y con el respaldo de diputados y diputadas, se refrend\u00f3 el compromiso del PRI para fortalecer a la entidad que hoy es v\u00edctima colateral de las malas decisiones de Morena y de la desinformaci\u00f3n como pol\u00edtica de su gobierno.<\/p>\n\n\n\n<p>La estrategia que el PRI propone est\u00e1 integrada por 5 puntos:<\/p>\n\n\n\n<p>&nbsp;1. Diversificaci\u00f3n de Mercados: es decir; impulsar acuerdos comerciales con Asia, Europa y Am\u00e9rica del Sur para reducir la dependencia de Estados Unidos.<\/p>\n\n\n\n<p>&nbsp;2. Fortalecimiento de Infraestructura: Invertir en carreteras, puertos secos y centros log\u00edsticos que mejoren la competitividad del Estado.<\/p>\n\n\n\n<p>&nbsp;3. Incentivos a la Inversi\u00f3n: Implementar est\u00edmulos fiscales y facilitar el acceso a financiamiento para PYMEs y empresas exportadoras.<\/p>\n\n\n\n<p>&nbsp;4. Capacitaci\u00f3n Empresarial y Laboral: Formar empresarios y trabajadores en innovaci\u00f3n, adaptaci\u00f3n a nuevos mercados y uso de tecnolog\u00edas avanzadas.<\/p>\n\n\n\n<p>&nbsp;5. Pol\u00edtica Industrial Estrat\u00e9gica: Promover sectores clave como la manufactura avanzada, la tecnolog\u00eda y las energ\u00edas limpias para atraer nuevas inversiones.<\/p>\n\n\n\n<p>Lizeth Sandoval, record\u00f3 que han sido las malas decisiones las que tienen a nuestro pa\u00eds al borde del colapso y con un futuro peligroso e incierto.<\/p>\n\n\n\n<p>Prueba de ello es que, mientras el gobierno en turno invierte millones de pesos en movilizaciones \u2013como el acarreo de 140,000 personas con un costo de al menos 35 millones de pesos\u2013, la verdadera problem\u00e1tica del Estado de M\u00e9xico queda desatendida.<\/p>\n\n\n\n<p>La soberan\u00eda y la seguridad econ\u00f3mica no se protegen con actos pol\u00edticos ni con discursos vac\u00edos. Por ello, es que, como instituto pol\u00edtico, se rechazan las pr\u00e1cticas de despilfarro y la desinformaci\u00f3n que han debilitado la econom\u00eda y dejado a los mexiquenses con menos oportunidades laborales. El PRI Estado de M\u00e9xico hizo un llamado tanto al gobierno federal como al estatal para que asuman la responsabilidad de actuar con transparencia y compromiso, destinando los recursos p\u00fablicos a proyectos que realmente impulsen el desarrollo del Estado y garanticen un futuro estable y pr\u00f3spero para todos.<\/p>\n","protected":false},"excerpt":{"rendered":"<p>Ante la incertidumbre arancelaria y un gobierno que miente sobre la compleja realidad del pa\u00eds, el PRI del Estado de M\u00e9xico plante\u00f3 una estrategia que permita proteger la econom\u00eda, inform\u00f3 la Vocera del Comit\u00e9 Directivo Estatal (CDE), Lizeth Sandoval Colindres, quien record\u00f3 que nuestra entidad se ubica en el octavo lugar en el pa\u00eds con m\u00e1s ventas de productos a Estados Unidos.<\/p>\n","protected":false},"author":1,"featured_media":5881,"comment_status":"open","ping_status":"open","sticky":false,"template":"","format":"standard","meta":{"footnotes":""},"categories":[12,1],"tags":[97,425,33],"class_list":["post-5880","post","type-post","status-publish","format-standard","has-post-thumbnail","hentry","category-politica","category-sociedad","tag-edomex","tag-lizeth-sandoval","tag-pri"],"yoast_head":"<!-- This site is optimized with the Yoast SEO plugin v24.9 - https:\/\/yoast.com\/wordpress\/plugins\/seo\/ -->\n<title>PLANTEA PRI EDOM\u00c9X PLAN DE PROTECCI\u00d3N ECON\u00d3MICA A LOS MEXIQUENSES - 21 Panorama<\/title>\n<meta name=\"robots\" content=\"index, follow, max-snippet:-1, max-image-preview:large, max-video-preview:-1\" \/>\n<link rel=\"canonical\" href=\"https:\/\/21panorama.com\/index.php\/2025\/03\/10\/plantea-pri-edomex-plan-de-proteccion-economica-a-los-mexiquenses\/\" \/>\n<meta property=\"og:locale\" content=\"es_MX\" \/>\n<meta property=\"og:type\" content=\"article\" \/>\n<meta property=\"og:title\" content=\"PLANTEA PRI EDOM\u00c9X PLAN DE PROTECCI\u00d3N ECON\u00d3MICA A LOS MEXIQUENSES - 21 Panorama\" \/>\n<meta property=\"og:description\" content=\"Ante la incertidumbre arancelaria y un gobierno que miente sobre la compleja realidad del pa\u00eds, el PRI del Estado de M\u00e9xico plante\u00f3 una estrategia que permita proteger la econom\u00eda, inform\u00f3 la Vocera del Comit\u00e9 Directivo Estatal (CDE), Lizeth Sandoval Colindres, quien record\u00f3 que nuestra entidad se ubica en el octavo lugar en el pa\u00eds con m\u00e1s ventas de productos a Estados Unidos.\" \/>\n<meta property=\"og:url\" content=\"https:\/\/21panorama.com\/index.php\/2025\/03\/10\/plantea-pri-edomex-plan-de-proteccion-economica-a-los-mexiquenses\/\" \/>\n<meta property=\"og:site_name\" content=\"21 Panorama\" \/>\n<meta property=\"article:published_time\" content=\"2025-03-11T00:13:20+00:00\" \/>\n<meta property=\"article:modified_time\" content=\"2025-03-11T00:13:21+00:00\" \/>\n<meta property=\"og:image\" content=\"https:\/\/21panorama.com\/wp-content\/uploads\/2025\/03\/WhatsApp-Image-2025-03-10-at-5.42.48-PM-1-scaled.jpeg\" \/>\n\t<meta property=\"og:image:width\" content=\"2560\" \/>\n\t<meta property=\"og:image:height\" content=\"1706\" \/>\n\t<meta property=\"og:image:type\" content=\"image\/jpeg\" \/>\n<meta name=\"author\" content=\"admin\" \/>\n<meta name=\"twitter:card\" content=\"summary_large_image\" \/>\n<meta name=\"twitter:label1\" content=\"Escrito por\" \/>\n\t<meta name=\"twitter:data1\" content=\"admin\" \/>\n\t<meta name=\"twitter:label2\" content=\"Tiempo de lectura\" \/>\n\t<meta name=\"twitter:data2\" content=\"3 minutos\" \/>\n<script type=\"application\/ld+json\" class=\"yoast-schema-graph\">{\"@context\":\"https:\/\/schema.org\",\"@graph\":[{\"@type\":\"Article\",\"@id\":\"https:\/\/21panorama.com\/index.php\/2025\/03\/10\/plantea-pri-edomex-plan-de-proteccion-economica-a-los-mexiquenses\/#article\",\"isPartOf\":{\"@id\":\"https:\/\/21panorama.com\/index.php\/2025\/03\/10\/plantea-pri-edomex-plan-de-proteccion-economica-a-los-mexiquenses\/\"},\"author\":{\"name\":\"admin\",\"@id\":\"https:\/\/21panorama.com\/#\/schema\/person\/1afc291b96d5792a158768324287319f\"},\"headline\":\"PLANTEA PRI EDOM\u00c9X PLAN DE PROTECCI\u00d3N ECON\u00d3MICA A LOS MEXIQUENSES\",\"datePublished\":\"2025-03-11T00:13:20+00:00\",\"dateModified\":\"2025-03-11T00:13:21+00:00\",\"mainEntityOfPage\":{\"@id\":\"https:\/\/21panorama.com\/index.php\/2025\/03\/10\/plantea-pri-edomex-plan-de-proteccion-economica-a-los-mexiquenses\/\"},\"wordCount\":466,\"commentCount\":0,\"publisher\":{\"@id\":\"https:\/\/21panorama.com\/#organization\"},\"image\":{\"@id\":\"https:\/\/21panorama.com\/index.php\/2025\/03\/10\/plantea-pri-edomex-plan-de-proteccion-economica-a-los-mexiquenses\/#primaryimage\"},\"thumbnailUrl\":\"https:\/\/21panorama.com\/wp-content\/uploads\/2025\/03\/WhatsApp-Image-2025-03-10-at-5.42.48-PM-1-scaled.jpeg\",\"keywords\":[\"EDOMEX\",\"Lizeth Sandoval\",\"PRI\"],\"articleSection\":[\"Politica\",\"Sociedad\"],\"inLanguage\":\"es\",\"potentialAction\":[{\"@type\":\"CommentAction\",\"name\":\"Comment\",\"target\":[\"https:\/\/21panorama.com\/index.php\/2025\/03\/10\/plantea-pri-edomex-plan-de-proteccion-economica-a-los-mexiquenses\/#respond\"]}]},{\"@type\":\"WebPage\",\"@id\":\"https:\/\/21panorama.com\/index.php\/2025\/03\/10\/plantea-pri-edomex-plan-de-proteccion-economica-a-los-mexiquenses\/\",\"url\":\"https:\/\/21panorama.com\/index.php\/2025\/03\/10\/plantea-pri-edomex-plan-de-proteccion-economica-a-los-mexiquenses\/\",\"name\":\"PLANTEA PRI EDOM\u00c9X PLAN DE PROTECCI\u00d3N ECON\u00d3MICA A LOS MEXIQUENSES - 21 Panorama\",\"isPartOf\":{\"@id\":\"https:\/\/21panorama.com\/#website\"},\"primaryImageOfPage\":{\"@id\":\"https:\/\/21panorama.com\/index.php\/2025\/03\/10\/plantea-pri-edomex-plan-de-proteccion-economica-a-los-mexiquenses\/#primaryimage\"},\"image\":{\"@id\":\"https:\/\/21panorama.com\/index.php\/2025\/03\/10\/plantea-pri-edomex-plan-de-proteccion-economica-a-los-mexiquenses\/#primaryimage\"},\"thumbnailUrl\":\"https:\/\/21panorama.com\/wp-content\/uploads\/2025\/03\/WhatsApp-Image-2025-03-10-at-5.42.48-PM-1-scaled.jpeg\",\"datePublished\":\"2025-03-11T00:13:20+00:00\",\"dateModified\":\"2025-03-11T00:13:21+00:00\",\"breadcrumb\":{\"@id\":\"https:\/\/21panorama.com\/index.php\/2025\/03\/10\/plantea-pri-edomex-plan-de-proteccion-economica-a-los-mexiquenses\/#breadcrumb\"},\"inLanguage\":\"es\",\"potentialAction\":[{\"@type\":\"ReadAction\",\"target\":[\"https:\/\/21panorama.com\/index.php\/2025\/03\/10\/plantea-pri-edomex-plan-de-proteccion-economica-a-los-mexiquenses\/\"]}]},{\"@type\":\"ImageObject\",\"inLanguage\":\"es\",\"@id\":\"https:\/\/21panorama.com\/index.php\/2025\/03\/10\/plantea-pri-edomex-plan-de-proteccion-economica-a-los-mexiquenses\/#primaryimage\",\"url\":\"https:\/\/21panorama.com\/wp-content\/uploads\/2025\/03\/WhatsApp-Image-2025-03-10-at-5.42.48-PM-1-scaled.jpeg\",\"contentUrl\":\"https:\/\/21panorama.com\/wp-content\/uploads\/2025\/03\/WhatsApp-Image-2025-03-10-at-5.42.48-PM-1-scaled.jpeg\",\"width\":2560,\"height\":1706},{\"@type\":\"BreadcrumbList\",\"@id\":\"https:\/\/21panorama.com\/index.php\/2025\/03\/10\/plantea-pri-edomex-plan-de-proteccion-economica-a-los-mexiquenses\/#breadcrumb\",\"itemListElement\":[{\"@type\":\"ListItem\",\"position\":1,\"name\":\"Inicio\",\"item\":\"https:\/\/21panorama.com\/\"},{\"@type\":\"ListItem\",\"position\":2,\"name\":\"PLANTEA PRI EDOM\u00c9X PLAN DE PROTECCI\u00d3N ECON\u00d3MICA A LOS MEXIQUENSES\"}]},{\"@type\":\"WebSite\",\"@id\":\"https:\/\/21panorama.com\/#website\",\"url\":\"https:\/\/21panorama.com\/\",\"name\":\"21 Panorama\",\"description\":\"La construcci\u00f3n de la opini\u00f3n p\u00fablica merece un mejor Panorama en este siglo 21 para alcanzar una sociedad con mayor transparencia y sin corrupci\u00f3n.\",\"publisher\":{\"@id\":\"https:\/\/21panorama.com\/#organization\"},\"potentialAction\":[{\"@type\":\"SearchAction\",\"target\":{\"@type\":\"EntryPoint\",\"urlTemplate\":\"https:\/\/21panorama.com\/?s={search_term_string}\"},\"query-input\":{\"@type\":\"PropertyValueSpecification\",\"valueRequired\":true,\"valueName\":\"search_term_string\"}}],\"inLanguage\":\"es\"},{\"@type\":\"Organization\",\"@id\":\"https:\/\/21panorama.com\/#organization\",\"name\":\"21 Panorama\",\"url\":\"https:\/\/21panorama.com\/\",\"logo\":{\"@type\":\"ImageObject\",\"inLanguage\":\"es\",\"@id\":\"https:\/\/21panorama.com\/#\/schema\/logo\/image\/\",\"url\":\"https:\/\/21panorama.com\/wp-content\/uploads\/2019\/07\/cropped-Logo-Panorama-01.jpeg\",\"contentUrl\":\"https:\/\/21panorama.com\/wp-content\/uploads\/2019\/07\/cropped-Logo-Panorama-01.jpeg\",\"width\":290,\"height\":70,\"caption\":\"21 Panorama\"},\"image\":{\"@id\":\"https:\/\/21panorama.com\/#\/schema\/logo\/image\/\"}},{\"@type\":\"Person\",\"@id\":\"https:\/\/21panorama.com\/#\/schema\/person\/1afc291b96d5792a158768324287319f\",\"name\":\"admin\",\"image\":{\"@type\":\"ImageObject\",\"inLanguage\":\"es\",\"@id\":\"https:\/\/21panorama.com\/#\/schema\/person\/image\/\",\"url\":\"https:\/\/secure.gravatar.com\/avatar\/ad365d9d9f46719215b0d042cc3df92a5a8683e09ef13d102233e5491985f0f0?s=96&d=mm&r=g\",\"contentUrl\":\"https:\/\/secure.gravatar.com\/avatar\/ad365d9d9f46719215b0d042cc3df92a5a8683e09ef13d102233e5491985f0f0?s=96&d=mm&r=g\",\"caption\":\"admin\"},\"url\":\"https:\/\/21panorama.com\/index.php\/author\/admin\/\"}]}<\/script>\n<!-- \/ Yoast SEO plugin. -->","yoast_head_json":{"title":"PLANTEA PRI EDOM\u00c9X PLAN DE PROTECCI\u00d3N ECON\u00d3MICA A LOS MEXIQUENSES - 21 Panorama","robots":{"index":"index","follow":"follow","max-snippet":"max-snippet:-1","max-image-preview":"max-image-preview:large","max-video-preview":"max-video-preview:-1"},"canonical":"https:\/\/21panorama.com\/index.php\/2025\/03\/10\/plantea-pri-edomex-plan-de-proteccion-economica-a-los-mexiquenses\/","og_locale":"es_MX","og_type":"article","og_title":"PLANTEA PRI EDOM\u00c9X PLAN DE PROTECCI\u00d3N ECON\u00d3MICA A LOS MEXIQUENSES - 21 Panorama","og_description":"Ante la incertidumbre arancelaria y un gobierno que miente sobre la compleja realidad del pa\u00eds, el PRI del Estado de M\u00e9xico plante\u00f3 una estrategia que permita proteger la econom\u00eda, inform\u00f3 la Vocera del Comit\u00e9 Directivo Estatal (CDE), Lizeth Sandoval Colindres, quien record\u00f3 que nuestra entidad se ubica en el octavo lugar en el pa\u00eds con m\u00e1s ventas de productos a Estados Unidos.","og_url":"https:\/\/21panorama.com\/index.php\/2025\/03\/10\/plantea-pri-edomex-plan-de-proteccion-economica-a-los-mexiquenses\/","og_site_name":"21 Panorama","article_published_time":"2025-03-11T00:13:20+00:00","article_modified_time":"2025-03-11T00:13:21+00:00","og_image":[{"width":2560,"height":1706,"url":"https:\/\/21panorama.com\/wp-content\/uploads\/2025\/03\/WhatsApp-Image-2025-03-10-at-5.42.48-PM-1-scaled.jpeg","type":"image\/jpeg"}],"author":"admin","twitter_card":"summary_large_image","twitter_misc":{"Escrito por":"admin","Tiempo de lectura":"3 minutos"},"schema":{"@context":"https:\/\/schema.org","@graph":[{"@type":"Article","@id":"https:\/\/21panorama.com\/index.php\/2025\/03\/10\/plantea-pri-edomex-plan-de-proteccion-economica-a-los-mexiquenses\/#article","isPartOf":{"@id":"https:\/\/21panorama.com\/index.php\/2025\/03\/10\/plantea-pri-edomex-plan-de-proteccion-economica-a-los-mexiquenses\/"},"author":{"name":"admin","@id":"https:\/\/21panorama.com\/#\/schema\/person\/1afc291b96d5792a158768324287319f"},"headline":"PLANTEA PRI EDOM\u00c9X PLAN DE PROTECCI\u00d3N ECON\u00d3MICA A LOS MEXIQUENSES","datePublished":"2025-03-11T00:13:20+00:00","dateModified":"2025-03-11T00:13:21+00:00","mainEntityOfPage":{"@id":"https:\/\/21panorama.com\/index.php\/2025\/03\/10\/plantea-pri-edomex-plan-de-proteccion-economica-a-los-mexiquenses\/"},"wordCount":466,"commentCount":0,"publisher":{"@id":"https:\/\/21panorama.com\/#organization"},"image":{"@id":"https:\/\/21panorama.com\/index.php\/2025\/03\/10\/plantea-pri-edomex-plan-de-proteccion-economica-a-los-mexiquenses\/#primaryimage"},"thumbnailUrl":"https:\/\/21panorama.com\/wp-content\/uploads\/2025\/03\/WhatsApp-Image-2025-03-10-at-5.42.48-PM-1-scaled.jpeg","keywords":["EDOMEX","Lizeth Sandoval","PRI"],"articleSection":["Politica","Sociedad"],"inLanguage":"es","potentialAction":[{"@type":"CommentAction","name":"Comment","target":["https:\/\/21panorama.com\/index.php\/2025\/03\/10\/plantea-pri-edomex-plan-de-proteccion-economica-a-los-mexiquenses\/#respond"]}]},{"@type":"WebPage","@id":"https:\/\/21panorama.com\/index.php\/2025\/03\/10\/plantea-pri-edomex-plan-de-proteccion-economica-a-los-mexiquenses\/","url":"https:\/\/21panorama.com\/index.php\/2025\/03\/10\/plantea-pri-edomex-plan-de-proteccion-economica-a-los-mexiquenses\/","name":"PLANTEA PRI EDOM\u00c9X PLAN DE PROTECCI\u00d3N ECON\u00d3MICA A LOS MEXIQUENSES - 21 Panorama","isPartOf":{"@id":"https:\/\/21panorama.com\/#website"},"primaryImageOfPage":{"@id":"https:\/\/21panorama.com\/index.php\/2025\/03\/10\/plantea-pri-edomex-plan-de-proteccion-economica-a-los-mexiquenses\/#primaryimage"},"image":{"@id":"https:\/\/21panorama.com\/index.php\/2025\/03\/10\/plantea-pri-edomex-plan-de-proteccion-economica-a-los-mexiquenses\/#primaryimage"},"thumbnailUrl":"https:\/\/21panorama.com\/wp-content\/uploads\/2025\/03\/WhatsApp-Image-2025-03-10-at-5.42.48-PM-1-scaled.jpeg","datePublished":"2025-03-11T00:13:20+00:00","dateModified":"2025-03-11T00:13:21+00:00","breadcrumb":{"@id":"https:\/\/21panorama.com\/index.php\/2025\/03\/10\/plantea-pri-edomex-plan-de-proteccion-economica-a-los-mexiquenses\/#breadcrumb"},"inLanguage":"es","potentialAction":[{"@type":"ReadAction","target":["https:\/\/21panorama.com\/index.php\/2025\/03\/10\/plantea-pri-edomex-plan-de-proteccion-economica-a-los-mexiquenses\/"]}]},{"@type":"ImageObject","inLanguage":"es","@id":"https:\/\/21panorama.com\/index.php\/2025\/03\/10\/plantea-pri-edomex-plan-de-proteccion-economica-a-los-mexiquenses\/#primaryimage","url":"https:\/\/21panorama.com\/wp-content\/uploads\/2025\/03\/WhatsApp-Image-2025-03-10-at-5.42.48-PM-1-scaled.jpeg","contentUrl":"https:\/\/21panorama.com\/wp-content\/uploads\/2025\/03\/WhatsApp-Image-2025-03-10-at-5.42.48-PM-1-scaled.jpeg","width":2560,"height":1706},{"@type":"BreadcrumbList","@id":"https:\/\/21panorama.com\/index.php\/2025\/03\/10\/plantea-pri-edomex-plan-de-proteccion-economica-a-los-mexiquenses\/#breadcrumb","itemListElement":[{"@type":"ListItem","position":1,"name":"Inicio","item":"https:\/\/21panorama.com\/"},{"@type":"ListItem","position":2,"name":"PLANTEA PRI EDOM\u00c9X PLAN DE PROTECCI\u00d3N ECON\u00d3MICA A LOS MEXIQUENSES"}]},{"@type":"WebSite","@id":"https:\/\/21panorama.com\/#website","url":"https:\/\/21panorama.com\/","name":"21 Panorama","description":"La construcci\u00f3n de la opini\u00f3n p\u00fablica merece un mejor Panorama en este siglo 21 para alcanzar una sociedad con mayor transparencia y sin corrupci\u00f3n.","publisher":{"@id":"https:\/\/21panorama.com\/#organization"},"potentialAction":[{"@type":"SearchAction","target":{"@type":"EntryPoint","urlTemplate":"https:\/\/21panorama.com\/?s={search_term_string}"},"query-input":{"@type":"PropertyValueSpecification","valueRequired":true,"valueName":"search_term_string"}}],"inLanguage":"es"},{"@type":"Organization","@id":"https:\/\/21panorama.com\/#organization","name":"21 Panorama","url":"https:\/\/21panorama.com\/","logo":{"@type":"ImageObject","inLanguage":"es","@id":"https:\/\/21panorama.com\/#\/schema\/logo\/image\/","url":"https:\/\/21panorama.com\/wp-content\/uploads\/2019\/07\/cropped-Logo-Panorama-01.jpeg","contentUrl":"https:\/\/21panorama.com\/wp-content\/uploads\/2019\/07\/cropped-Logo-Panorama-01.jpeg","width":290,"height":70,"caption":"21 Panorama"},"image":{"@id":"https:\/\/21panorama.com\/#\/schema\/logo\/image\/"}},{"@type":"Person","@id":"https:\/\/21panorama.com\/#\/schema\/person\/1afc291b96d5792a158768324287319f","name":"admin","image":{"@type":"ImageObject","inLanguage":"es","@id":"https:\/\/21panorama.com\/#\/schema\/person\/image\/","url":"https:\/\/secure.gravatar.com\/avatar\/ad365d9d9f46719215b0d042cc3df92a5a8683e09ef13d102233e5491985f0f0?s=96&d=mm&r=g","contentUrl":"https:\/\/secure.gravatar.com\/avatar\/ad365d9d9f46719215b0d042cc3df92a5a8683e09ef13d102233e5491985f0f0?s=96&d=mm&r=g","caption":"admin"},"url":"https:\/\/21panorama.com\/index.php\/author\/admin\/"}]}},"_links":{"self":[{"href":"https:\/\/21panorama.com\/index.php\/wp-json\/wp\/v2\/posts\/5880","targetHints":{"allow":["GET"]}}],"collection":[{"href":"https:\/\/21panorama.com\/index.php\/wp-json\/wp\/v2\/posts"}],"about":[{"href":"https:\/\/21panorama.com\/index.php\/wp-json\/wp\/v2\/types\/post"}],"author":[{"embeddable":true,"href":"https:\/\/21panorama.com\/index.php\/wp-json\/wp\/v2\/users\/1"}],"replies":[{"embeddable":true,"href":"https:\/\/21panorama.com\/index.php\/wp-json\/wp\/v2\/comments?post=5880"}],"version-history":[{"count":1,"href":"https:\/\/21panorama.com\/index.php\/wp-json\/wp\/v2\/posts\/5880\/revisions"}],"predecessor-version":[{"id":5882,"href":"https:\/\/21panorama.com\/index.php\/wp-json\/wp\/v2\/posts\/5880\/revisions\/5882"}],"wp:featuredmedia":[{"embeddable":true,"href":"https:\/\/21panorama.com\/index.php\/wp-json\/wp\/v2\/media\/5881"}],"wp:attachment":[{"href":"https:\/\/21panorama.com\/index.php\/wp-json\/wp\/v2\/media?parent=5880"}],"wp:term":[{"taxonomy":"category","embeddable":true,"href":"https:\/\/21panorama.com\/index.php\/wp-json\/wp\/v2\/categories?post=5880"},{"taxonomy":"post_tag","embeddable":true,"href":"https:\/\/21panorama.com\/index.php\/wp-json\/wp\/v2\/tags?post=5880"}],"curies":[{"name":"wp","href":"https:\/\/api.w.org\/{rel}","templated":true}]}}