{"id":5877,"date":"2025-03-09T19:35:55","date_gmt":"2025-03-10T01:35:55","guid":{"rendered":"https:\/\/21panorama.com\/?p=5877"},"modified":"2025-03-09T19:35:55","modified_gmt":"2025-03-10T01:35:55","slug":"que-regrese-el-pri","status":"publish","type":"post","link":"https:\/\/21panorama.com\/index.php\/2025\/03\/09\/que-regrese-el-pri\/","title":{"rendered":"QUE REGRESE EL PRI"},"content":{"rendered":"\n<ul class=\"wp-block-list\">\n<li>Estuvimos mejor con gobiernos de origen pri\u00edsta y hoy todo M\u00e9xico lo extra\u00f1a: Cristina Ruiz Sandoval.<\/li>\n<\/ul>\n\n\n\n<p>Vaya \u201cramalazo\u201d que le propin\u00f3 la senadora Cristina Ru\u00edz Sandoval a la bancada de Morena durante sus intervenciones en tribuna y comisiones legislativas porque las propuestas del r\u00e9gimen en el poder van sin fundamento y sin carga de beneficios para el pueblo de M\u00e9xico.<\/p>\n\n\n\n<p>Con singular narrativa les espet\u00f3 que Morena sigue saqueando PEMEX y poniendo en riesgo al pa\u00eds. Que sin lugar a dudas est\u00e1bamos mejor con el PRI. Es m\u00e1s, dijo que es hora de recuperar lo que les han robado a las y los mexicanos.<br>&nbsp;<br>Por M\u00e9xico y su democracia, por un pa\u00eds donde el poder regrese a la gente, la pri\u00edsta convoc\u00f3 a cerrar filas para que regrese el PRI, un partido que est\u00e1 preparado para gobernar y servir al pueblo.<br>&nbsp;<br>Han perdido 7 a\u00f1os y solo se han dedicado a saquear a Pemex para beneficiar a las familias del poder y en perjuicio de la naci\u00f3n. \u201cPrometieron mucho y no han cumplido nada, est\u00e1n siendo irresponsables con el pueblo\u201d, puntualiz\u00f3.<\/p>\n\n\n\n<p>En el PRI estamos para defender las finanzas del pa\u00eds y aunque quieran o no reconocerlo \u201cPemex generaba mucho m\u00e1s con gobiernos pri\u00edstas y no tenia las deudas que tiene ahora, las cosas no est\u00e1n bien y todo lo que estamos pasando son consecuencia de las fallas de Morena durante siete a\u00f1os\u201d, acot\u00f3.<\/p>\n\n\n\n<p>Es necesario que hagamos cosas buenas para M\u00e9xico, es necesario que regrese el PRI porque est\u00e1bamos mejor con el PRI, dijo tajante en su participaci\u00f3n legislativa.<\/p>\n","protected":false},"excerpt":{"rendered":"<p>Estuvimos mejor con gobiernos de origen pri\u00edsta y hoy todo M\u00e9xico lo extra\u00f1a: Cristina Ruiz Sandoval.<\/p>\n","protected":false},"author":1,"featured_media":5878,"comment_status":"open","ping_status":"open","sticky":false,"template":"","format":"standard","meta":{"footnotes":""},"categories":[12,1],"tags":[413,97,33],"class_list":["post-5877","post","type-post","status-publish","format-standard","has-post-thumbnail","hentry","category-politica","category-sociedad","tag-cristina-ruiz-sandoval","tag-edomex","tag-pri"],"yoast_head":"<!-- This site is optimized with the Yoast SEO plugin v24.9 - https:\/\/yoast.com\/wordpress\/plugins\/seo\/ -->\n<title>QUE REGRESE EL PRI - 21 Panorama<\/title>\n<meta name=\"robots\" content=\"index, follow, max-snippet:-1, max-image-preview:large, max-video-preview:-1\" \/>\n<link rel=\"canonical\" href=\"https:\/\/21panorama.com\/index.php\/2025\/03\/09\/que-regrese-el-pri\/\" \/>\n<meta property=\"og:locale\" content=\"es_MX\" \/>\n<meta property=\"og:type\" content=\"article\" \/>\n<meta property=\"og:title\" content=\"QUE REGRESE EL PRI - 21 Panorama\" \/>\n<meta property=\"og:description\" content=\"Estuvimos mejor con gobiernos de origen pri\u00edsta y hoy todo M\u00e9xico lo extra\u00f1a: Cristina Ruiz Sandoval.\" \/>\n<meta property=\"og:url\" content=\"https:\/\/21panorama.com\/index.php\/2025\/03\/09\/que-regrese-el-pri\/\" \/>\n<meta property=\"og:site_name\" content=\"21 Panorama\" \/>\n<meta property=\"article:published_time\" content=\"2025-03-10T01:35:55+00:00\" \/>\n<meta property=\"og:image\" content=\"https:\/\/21panorama.com\/wp-content\/uploads\/2025\/03\/WhatsApp-Image-2025-03-09-at-12.56.41-PM-1.jpeg\" \/>\n\t<meta property=\"og:image:width\" content=\"1600\" \/>\n\t<meta property=\"og:image:height\" content=\"1232\" \/>\n\t<meta property=\"og:image:type\" content=\"image\/jpeg\" \/>\n<meta name=\"author\" content=\"admin\" \/>\n<meta name=\"twitter:card\" content=\"summary_large_image\" \/>\n<meta name=\"twitter:label1\" content=\"Escrito por\" \/>\n\t<meta name=\"twitter:data1\" content=\"admin\" \/>\n\t<meta name=\"twitter:label2\" content=\"Tiempo de lectura\" \/>\n\t<meta name=\"twitter:data2\" content=\"2 minutos\" \/>\n<script type=\"application\/ld+json\" class=\"yoast-schema-graph\">{\"@context\":\"https:\/\/schema.org\",\"@graph\":[{\"@type\":\"Article\",\"@id\":\"https:\/\/21panorama.com\/index.php\/2025\/03\/09\/que-regrese-el-pri\/#article\",\"isPartOf\":{\"@id\":\"https:\/\/21panorama.com\/index.php\/2025\/03\/09\/que-regrese-el-pri\/\"},\"author\":{\"name\":\"admin\",\"@id\":\"https:\/\/21panorama.com\/#\/schema\/person\/1afc291b96d5792a158768324287319f\"},\"headline\":\"QUE REGRESE EL PRI\",\"datePublished\":\"2025-03-10T01:35:55+00:00\",\"mainEntityOfPage\":{\"@id\":\"https:\/\/21panorama.com\/index.php\/2025\/03\/09\/que-regrese-el-pri\/\"},\"wordCount\":288,\"commentCount\":0,\"publisher\":{\"@id\":\"https:\/\/21panorama.com\/#organization\"},\"image\":{\"@id\":\"https:\/\/21panorama.com\/index.php\/2025\/03\/09\/que-regrese-el-pri\/#primaryimage\"},\"thumbnailUrl\":\"https:\/\/21panorama.com\/wp-content\/uploads\/2025\/03\/WhatsApp-Image-2025-03-09-at-12.56.41-PM-1.jpeg\",\"keywords\":[\"Cristina Ru\u00edz Sandoval\",\"EDOMEX\",\"PRI\"],\"articleSection\":[\"Politica\",\"Sociedad\"],\"inLanguage\":\"es\",\"potentialAction\":[{\"@type\":\"CommentAction\",\"name\":\"Comment\",\"target\":[\"https:\/\/21panorama.com\/index.php\/2025\/03\/09\/que-regrese-el-pri\/#respond\"]}]},{\"@type\":\"WebPage\",\"@id\":\"https:\/\/21panorama.com\/index.php\/2025\/03\/09\/que-regrese-el-pri\/\",\"url\":\"https:\/\/21panorama.com\/index.php\/2025\/03\/09\/que-regrese-el-pri\/\",\"name\":\"QUE REGRESE EL PRI - 21 Panorama\",\"isPartOf\":{\"@id\":\"https:\/\/21panorama.com\/#website\"},\"primaryImageOfPage\":{\"@id\":\"https:\/\/21panorama.com\/index.php\/2025\/03\/09\/que-regrese-el-pri\/#primaryimage\"},\"image\":{\"@id\":\"https:\/\/21panorama.com\/index.php\/2025\/03\/09\/que-regrese-el-pri\/#primaryimage\"},\"thumbnailUrl\":\"https:\/\/21panorama.com\/wp-content\/uploads\/2025\/03\/WhatsApp-Image-2025-03-09-at-12.56.41-PM-1.jpeg\",\"datePublished\":\"2025-03-10T01:35:55+00:00\",\"breadcrumb\":{\"@id\":\"https:\/\/21panorama.com\/index.php\/2025\/03\/09\/que-regrese-el-pri\/#breadcrumb\"},\"inLanguage\":\"es\",\"potentialAction\":[{\"@type\":\"ReadAction\",\"target\":[\"https:\/\/21panorama.com\/index.php\/2025\/03\/09\/que-regrese-el-pri\/\"]}]},{\"@type\":\"ImageObject\",\"inLanguage\":\"es\",\"@id\":\"https:\/\/21panorama.com\/index.php\/2025\/03\/09\/que-regrese-el-pri\/#primaryimage\",\"url\":\"https:\/\/21panorama.com\/wp-content\/uploads\/2025\/03\/WhatsApp-Image-2025-03-09-at-12.56.41-PM-1.jpeg\",\"contentUrl\":\"https:\/\/21panorama.com\/wp-content\/uploads\/2025\/03\/WhatsApp-Image-2025-03-09-at-12.56.41-PM-1.jpeg\",\"width\":1600,\"height\":1232},{\"@type\":\"BreadcrumbList\",\"@id\":\"https:\/\/21panorama.com\/index.php\/2025\/03\/09\/que-regrese-el-pri\/#breadcrumb\",\"itemListElement\":[{\"@type\":\"ListItem\",\"position\":1,\"name\":\"Inicio\",\"item\":\"https:\/\/21panorama.com\/\"},{\"@type\":\"ListItem\",\"position\":2,\"name\":\"QUE REGRESE EL PRI\"}]},{\"@type\":\"WebSite\",\"@id\":\"https:\/\/21panorama.com\/#website\",\"url\":\"https:\/\/21panorama.com\/\",\"name\":\"21 Panorama\",\"description\":\"La construcci\u00f3n de la opini\u00f3n p\u00fablica merece un mejor Panorama en este siglo 21 para alcanzar una sociedad con mayor transparencia y sin corrupci\u00f3n.\",\"publisher\":{\"@id\":\"https:\/\/21panorama.com\/#organization\"},\"potentialAction\":[{\"@type\":\"SearchAction\",\"target\":{\"@type\":\"EntryPoint\",\"urlTemplate\":\"https:\/\/21panorama.com\/?s={search_term_string}\"},\"query-input\":{\"@type\":\"PropertyValueSpecification\",\"valueRequired\":true,\"valueName\":\"search_term_string\"}}],\"inLanguage\":\"es\"},{\"@type\":\"Organization\",\"@id\":\"https:\/\/21panorama.com\/#organization\",\"name\":\"21 Panorama\",\"url\":\"https:\/\/21panorama.com\/\",\"logo\":{\"@type\":\"ImageObject\",\"inLanguage\":\"es\",\"@id\":\"https:\/\/21panorama.com\/#\/schema\/logo\/image\/\",\"url\":\"https:\/\/21panorama.com\/wp-content\/uploads\/2019\/07\/cropped-Logo-Panorama-01.jpeg\",\"contentUrl\":\"https:\/\/21panorama.com\/wp-content\/uploads\/2019\/07\/cropped-Logo-Panorama-01.jpeg\",\"width\":290,\"height\":70,\"caption\":\"21 Panorama\"},\"image\":{\"@id\":\"https:\/\/21panorama.com\/#\/schema\/logo\/image\/\"}},{\"@type\":\"Person\",\"@id\":\"https:\/\/21panorama.com\/#\/schema\/person\/1afc291b96d5792a158768324287319f\",\"name\":\"admin\",\"image\":{\"@type\":\"ImageObject\",\"inLanguage\":\"es\",\"@id\":\"https:\/\/21panorama.com\/#\/schema\/person\/image\/\",\"url\":\"https:\/\/secure.gravatar.com\/avatar\/ad365d9d9f46719215b0d042cc3df92a5a8683e09ef13d102233e5491985f0f0?s=96&d=mm&r=g\",\"contentUrl\":\"https:\/\/secure.gravatar.com\/avatar\/ad365d9d9f46719215b0d042cc3df92a5a8683e09ef13d102233e5491985f0f0?s=96&d=mm&r=g\",\"caption\":\"admin\"},\"url\":\"https:\/\/21panorama.com\/index.php\/author\/admin\/\"}]}<\/script>\n<!-- \/ Yoast SEO plugin. -->","yoast_head_json":{"title":"QUE REGRESE EL PRI - 21 Panorama","robots":{"index":"index","follow":"follow","max-snippet":"max-snippet:-1","max-image-preview":"max-image-preview:large","max-video-preview":"max-video-preview:-1"},"canonical":"https:\/\/21panorama.com\/index.php\/2025\/03\/09\/que-regrese-el-pri\/","og_locale":"es_MX","og_type":"article","og_title":"QUE REGRESE EL PRI - 21 Panorama","og_description":"Estuvimos mejor con gobiernos de origen pri\u00edsta y hoy todo M\u00e9xico lo extra\u00f1a: Cristina Ruiz Sandoval.","og_url":"https:\/\/21panorama.com\/index.php\/2025\/03\/09\/que-regrese-el-pri\/","og_site_name":"21 Panorama","article_published_time":"2025-03-10T01:35:55+00:00","og_image":[{"width":1600,"height":1232,"url":"https:\/\/21panorama.com\/wp-content\/uploads\/2025\/03\/WhatsApp-Image-2025-03-09-at-12.56.41-PM-1.jpeg","type":"image\/jpeg"}],"author":"admin","twitter_card":"summary_large_image","twitter_misc":{"Escrito por":"admin","Tiempo de lectura":"2 minutos"},"schema":{"@context":"https:\/\/schema.org","@graph":[{"@type":"Article","@id":"https:\/\/21panorama.com\/index.php\/2025\/03\/09\/que-regrese-el-pri\/#article","isPartOf":{"@id":"https:\/\/21panorama.com\/index.php\/2025\/03\/09\/que-regrese-el-pri\/"},"author":{"name":"admin","@id":"https:\/\/21panorama.com\/#\/schema\/person\/1afc291b96d5792a158768324287319f"},"headline":"QUE REGRESE EL PRI","datePublished":"2025-03-10T01:35:55+00:00","mainEntityOfPage":{"@id":"https:\/\/21panorama.com\/index.php\/2025\/03\/09\/que-regrese-el-pri\/"},"wordCount":288,"commentCount":0,"publisher":{"@id":"https:\/\/21panorama.com\/#organization"},"image":{"@id":"https:\/\/21panorama.com\/index.php\/2025\/03\/09\/que-regrese-el-pri\/#primaryimage"},"thumbnailUrl":"https:\/\/21panorama.com\/wp-content\/uploads\/2025\/03\/WhatsApp-Image-2025-03-09-at-12.56.41-PM-1.jpeg","keywords":["Cristina Ru\u00edz Sandoval","EDOMEX","PRI"],"articleSection":["Politica","Sociedad"],"inLanguage":"es","potentialAction":[{"@type":"CommentAction","name":"Comment","target":["https:\/\/21panorama.com\/index.php\/2025\/03\/09\/que-regrese-el-pri\/#respond"]}]},{"@type":"WebPage","@id":"https:\/\/21panorama.com\/index.php\/2025\/03\/09\/que-regrese-el-pri\/","url":"https:\/\/21panorama.com\/index.php\/2025\/03\/09\/que-regrese-el-pri\/","name":"QUE REGRESE EL PRI - 21 Panorama","isPartOf":{"@id":"https:\/\/21panorama.com\/#website"},"primaryImageOfPage":{"@id":"https:\/\/21panorama.com\/index.php\/2025\/03\/09\/que-regrese-el-pri\/#primaryimage"},"image":{"@id":"https:\/\/21panorama.com\/index.php\/2025\/03\/09\/que-regrese-el-pri\/#primaryimage"},"thumbnailUrl":"https:\/\/21panorama.com\/wp-content\/uploads\/2025\/03\/WhatsApp-Image-2025-03-09-at-12.56.41-PM-1.jpeg","datePublished":"2025-03-10T01:35:55+00:00","breadcrumb":{"@id":"https:\/\/21panorama.com\/index.php\/2025\/03\/09\/que-regrese-el-pri\/#breadcrumb"},"inLanguage":"es","potentialAction":[{"@type":"ReadAction","target":["https:\/\/21panorama.com\/index.php\/2025\/03\/09\/que-regrese-el-pri\/"]}]},{"@type":"ImageObject","inLanguage":"es","@id":"https:\/\/21panorama.com\/index.php\/2025\/03\/09\/que-regrese-el-pri\/#primaryimage","url":"https:\/\/21panorama.com\/wp-content\/uploads\/2025\/03\/WhatsApp-Image-2025-03-09-at-12.56.41-PM-1.jpeg","contentUrl":"https:\/\/21panorama.com\/wp-content\/uploads\/2025\/03\/WhatsApp-Image-2025-03-09-at-12.56.41-PM-1.jpeg","width":1600,"height":1232},{"@type":"BreadcrumbList","@id":"https:\/\/21panorama.com\/index.php\/2025\/03\/09\/que-regrese-el-pri\/#breadcrumb","itemListElement":[{"@type":"ListItem","position":1,"name":"Inicio","item":"https:\/\/21panorama.com\/"},{"@type":"ListItem","position":2,"name":"QUE REGRESE EL PRI"}]},{"@type":"WebSite","@id":"https:\/\/21panorama.com\/#website","url":"https:\/\/21panorama.com\/","name":"21 Panorama","description":"La construcci\u00f3n de la opini\u00f3n p\u00fablica merece un mejor Panorama en este siglo 21 para alcanzar una sociedad con mayor transparencia y sin corrupci\u00f3n.","publisher":{"@id":"https:\/\/21panorama.com\/#organization"},"potentialAction":[{"@type":"SearchAction","target":{"@type":"EntryPoint","urlTemplate":"https:\/\/21panorama.com\/?s={search_term_string}"},"query-input":{"@type":"PropertyValueSpecification","valueRequired":true,"valueName":"search_term_string"}}],"inLanguage":"es"},{"@type":"Organization","@id":"https:\/\/21panorama.com\/#organization","name":"21 Panorama","url":"https:\/\/21panorama.com\/","logo":{"@type":"ImageObject","inLanguage":"es","@id":"https:\/\/21panorama.com\/#\/schema\/logo\/image\/","url":"https:\/\/21panorama.com\/wp-content\/uploads\/2019\/07\/cropped-Logo-Panorama-01.jpeg","contentUrl":"https:\/\/21panorama.com\/wp-content\/uploads\/2019\/07\/cropped-Logo-Panorama-01.jpeg","width":290,"height":70,"caption":"21 Panorama"},"image":{"@id":"https:\/\/21panorama.com\/#\/schema\/logo\/image\/"}},{"@type":"Person","@id":"https:\/\/21panorama.com\/#\/schema\/person\/1afc291b96d5792a158768324287319f","name":"admin","image":{"@type":"ImageObject","inLanguage":"es","@id":"https:\/\/21panorama.com\/#\/schema\/person\/image\/","url":"https:\/\/secure.gravatar.com\/avatar\/ad365d9d9f46719215b0d042cc3df92a5a8683e09ef13d102233e5491985f0f0?s=96&d=mm&r=g","contentUrl":"https:\/\/secure.gravatar.com\/avatar\/ad365d9d9f46719215b0d042cc3df92a5a8683e09ef13d102233e5491985f0f0?s=96&d=mm&r=g","caption":"admin"},"url":"https:\/\/21panorama.com\/index.php\/author\/admin\/"}]}},"_links":{"self":[{"href":"https:\/\/21panorama.com\/index.php\/wp-json\/wp\/v2\/posts\/5877","targetHints":{"allow":["GET"]}}],"collection":[{"href":"https:\/\/21panorama.com\/index.php\/wp-json\/wp\/v2\/posts"}],"about":[{"href":"https:\/\/21panorama.com\/index.php\/wp-json\/wp\/v2\/types\/post"}],"author":[{"embeddable":true,"href":"https:\/\/21panorama.com\/index.php\/wp-json\/wp\/v2\/users\/1"}],"replies":[{"embeddable":true,"href":"https:\/\/21panorama.com\/index.php\/wp-json\/wp\/v2\/comments?post=5877"}],"version-history":[{"count":1,"href":"https:\/\/21panorama.com\/index.php\/wp-json\/wp\/v2\/posts\/5877\/revisions"}],"predecessor-version":[{"id":5879,"href":"https:\/\/21panorama.com\/index.php\/wp-json\/wp\/v2\/posts\/5877\/revisions\/5879"}],"wp:featuredmedia":[{"embeddable":true,"href":"https:\/\/21panorama.com\/index.php\/wp-json\/wp\/v2\/media\/5878"}],"wp:attachment":[{"href":"https:\/\/21panorama.com\/index.php\/wp-json\/wp\/v2\/media?parent=5877"}],"wp:term":[{"taxonomy":"category","embeddable":true,"href":"https:\/\/21panorama.com\/index.php\/wp-json\/wp\/v2\/categories?post=5877"},{"taxonomy":"post_tag","embeddable":true,"href":"https:\/\/21panorama.com\/index.php\/wp-json\/wp\/v2\/tags?post=5877"}],"curies":[{"name":"wp","href":"https:\/\/api.w.org\/{rel}","templated":true}]}}