{"id":5859,"date":"2025-02-22T09:03:27","date_gmt":"2025-02-22T15:03:27","guid":{"rendered":"https:\/\/21panorama.com\/?p=5859"},"modified":"2025-02-23T09:18:20","modified_gmt":"2025-02-23T15:18:20","slug":"toma-protesta-alejandro-moreno-a-cristina-ruiz-como-nueva-presidenta-de-pri-estado-de-mexico","status":"publish","type":"post","link":"https:\/\/21panorama.com\/index.php\/2025\/02\/22\/toma-protesta-alejandro-moreno-a-cristina-ruiz-como-nueva-presidenta-de-pri-estado-de-mexico\/","title":{"rendered":"TOMA PROTESTA ALEJANDRO MORENO A CRISTINA RUIZ COMO NUEVA PRESIDENTA DE PRI ESTADO DE M\u00c9XICO"},"content":{"rendered":"\n<ul class=\"wp-block-list\">\n<li>El Presidente del CEN del tricolor destac\u00f3 que es una mujer mexiquense de palabra, comprometida, decidida y con car\u00e1cter.<\/li>\n\n\n\n<li>Estamos unidos y de pie, porque tenemos todo para ganar, asegur\u00f3 la Senadora despu\u00e9s de rendir protesta.<\/li>\n<\/ul>\n\n\n\n<p>El Presidente del Comit\u00e9 Ejecutivo Nacional del PRI, Alejandro Moreno, tom\u00f3 protesta a Cristina Ruiz Sandoval y a Brenda Alvarado como nueva Presidenta y Secretaria General del Comit\u00e9 Directivo Estatal del Estado de M\u00e9xico, en un acto en el que destac\u00f3 la fuerza e importancia de la militancia mexiquense priista.<\/p>\n\n\n\n<p>En el evento realizado en la sede del partido, en la capital mexiquense y en &nbsp;compa\u00f1\u00eda de la Secretar\u00eda General del PRI, Carolina Viggiano; los Coordinadores de los diputados federales y del Senado, Rub\u00e9n Moreira y Manuel A\u00f1orve, el senador y dirigente nacional afirm\u00f3 que el priismo del Estado de M\u00e9xico es ejemplo de fuerza, unidad y compromiso.<\/p>\n\n\n\n<p>Asegur\u00f3 que la nueva Presidenta del priismo mexiquense Cristina Ruiz es una mujer mexiquense de palabra, comprometida, decidida y con car\u00e1cter.<\/p>\n\n\n\n<p>El Presidente, Alejandro Moreno, destac\u00f3 que el priismo mexiquense es la esencia, el alma y la fortaleza de la plataforma del partido.<\/p>\n\n\n\n<p>Dijo que \u201cla unidad del partido es fundamental. La unidad se demuestra. La unidad se construye, y se trabaja todos y cada uno de los d\u00edas\u201d, y asegur\u00f3 que la unidad en el partido es la base para construir los tiempos electorales.<\/p>\n\n\n\n<p>Sostuvo que para el PRI es primero la gente, la libertad y la democracia.<\/p>\n","protected":false},"excerpt":{"rendered":"<p>El Presidente del Comit\u00e9 Ejecutivo Nacional del PRI, Alejandro Moreno, tom\u00f3 protesta a Cristina Ruiz Sandoval y a Brenda Alvarado como nueva Presidenta y Secretaria General del Comit\u00e9 Directivo Estatal del Estado de M\u00e9xico, en un acto en el que destac\u00f3 la fuerza e importancia de la militancia mexiquense priista.<\/p>\n","protected":false},"author":1,"featured_media":5861,"comment_status":"open","ping_status":"open","sticky":false,"template":"","format":"standard","meta":{"footnotes":""},"categories":[12,1],"tags":[413,97,33],"class_list":["post-5859","post","type-post","status-publish","format-standard","has-post-thumbnail","hentry","category-politica","category-sociedad","tag-cristina-ruiz-sandoval","tag-edomex","tag-pri"],"yoast_head":"<!-- This site is optimized with the Yoast SEO plugin v24.9 - https:\/\/yoast.com\/wordpress\/plugins\/seo\/ -->\n<title>TOMA PROTESTA ALEJANDRO MORENO A CRISTINA RUIZ COMO NUEVA PRESIDENTA DE PRI ESTADO DE M\u00c9XICO - 21 Panorama<\/title>\n<meta name=\"robots\" content=\"index, follow, max-snippet:-1, max-image-preview:large, max-video-preview:-1\" \/>\n<link rel=\"canonical\" href=\"https:\/\/21panorama.com\/index.php\/2025\/02\/22\/toma-protesta-alejandro-moreno-a-cristina-ruiz-como-nueva-presidenta-de-pri-estado-de-mexico\/\" \/>\n<meta property=\"og:locale\" content=\"es_MX\" \/>\n<meta property=\"og:type\" content=\"article\" \/>\n<meta property=\"og:title\" content=\"TOMA PROTESTA ALEJANDRO MORENO A CRISTINA RUIZ COMO NUEVA PRESIDENTA DE PRI ESTADO DE M\u00c9XICO - 21 Panorama\" \/>\n<meta property=\"og:description\" content=\"El Presidente del Comit\u00e9 Ejecutivo Nacional del PRI, Alejandro Moreno, tom\u00f3 protesta a Cristina Ruiz Sandoval y a Brenda Alvarado como nueva Presidenta y Secretaria General del Comit\u00e9 Directivo Estatal del Estado de M\u00e9xico, en un acto en el que destac\u00f3 la fuerza e importancia de la militancia mexiquense priista.\" \/>\n<meta property=\"og:url\" content=\"https:\/\/21panorama.com\/index.php\/2025\/02\/22\/toma-protesta-alejandro-moreno-a-cristina-ruiz-como-nueva-presidenta-de-pri-estado-de-mexico\/\" \/>\n<meta property=\"og:site_name\" content=\"21 Panorama\" \/>\n<meta property=\"article:published_time\" content=\"2025-02-22T15:03:27+00:00\" \/>\n<meta property=\"article:modified_time\" content=\"2025-02-23T15:18:20+00:00\" \/>\n<meta property=\"og:image\" content=\"https:\/\/21panorama.com\/wp-content\/uploads\/2025\/02\/WhatsApp-Image-2025-02-22-at-8.26.25-PM-2.jpeg\" \/>\n\t<meta property=\"og:image:width\" content=\"1600\" \/>\n\t<meta property=\"og:image:height\" content=\"1066\" \/>\n\t<meta property=\"og:image:type\" content=\"image\/jpeg\" \/>\n<meta name=\"author\" content=\"admin\" \/>\n<meta name=\"twitter:card\" content=\"summary_large_image\" \/>\n<meta name=\"twitter:label1\" content=\"Escrito por\" \/>\n\t<meta name=\"twitter:data1\" content=\"admin\" \/>\n\t<meta name=\"twitter:label2\" content=\"Tiempo de lectura\" \/>\n\t<meta name=\"twitter:data2\" content=\"2 minutos\" \/>\n<script type=\"application\/ld+json\" class=\"yoast-schema-graph\">{\"@context\":\"https:\/\/schema.org\",\"@graph\":[{\"@type\":\"Article\",\"@id\":\"https:\/\/21panorama.com\/index.php\/2025\/02\/22\/toma-protesta-alejandro-moreno-a-cristina-ruiz-como-nueva-presidenta-de-pri-estado-de-mexico\/#article\",\"isPartOf\":{\"@id\":\"https:\/\/21panorama.com\/index.php\/2025\/02\/22\/toma-protesta-alejandro-moreno-a-cristina-ruiz-como-nueva-presidenta-de-pri-estado-de-mexico\/\"},\"author\":{\"name\":\"admin\",\"@id\":\"https:\/\/21panorama.com\/#\/schema\/person\/1afc291b96d5792a158768324287319f\"},\"headline\":\"TOMA PROTESTA ALEJANDRO MORENO A CRISTINA RUIZ COMO NUEVA PRESIDENTA DE PRI ESTADO DE M\u00c9XICO\",\"datePublished\":\"2025-02-22T15:03:27+00:00\",\"dateModified\":\"2025-02-23T15:18:20+00:00\",\"mainEntityOfPage\":{\"@id\":\"https:\/\/21panorama.com\/index.php\/2025\/02\/22\/toma-protesta-alejandro-moreno-a-cristina-ruiz-como-nueva-presidenta-de-pri-estado-de-mexico\/\"},\"wordCount\":270,\"commentCount\":0,\"publisher\":{\"@id\":\"https:\/\/21panorama.com\/#organization\"},\"image\":{\"@id\":\"https:\/\/21panorama.com\/index.php\/2025\/02\/22\/toma-protesta-alejandro-moreno-a-cristina-ruiz-como-nueva-presidenta-de-pri-estado-de-mexico\/#primaryimage\"},\"thumbnailUrl\":\"https:\/\/21panorama.com\/wp-content\/uploads\/2025\/02\/WhatsApp-Image-2025-02-22-at-8.26.25-PM-2.jpeg\",\"keywords\":[\"Cristina Ru\u00edz Sandoval\",\"EDOMEX\",\"PRI\"],\"articleSection\":[\"Politica\",\"Sociedad\"],\"inLanguage\":\"es\",\"potentialAction\":[{\"@type\":\"CommentAction\",\"name\":\"Comment\",\"target\":[\"https:\/\/21panorama.com\/index.php\/2025\/02\/22\/toma-protesta-alejandro-moreno-a-cristina-ruiz-como-nueva-presidenta-de-pri-estado-de-mexico\/#respond\"]}]},{\"@type\":\"WebPage\",\"@id\":\"https:\/\/21panorama.com\/index.php\/2025\/02\/22\/toma-protesta-alejandro-moreno-a-cristina-ruiz-como-nueva-presidenta-de-pri-estado-de-mexico\/\",\"url\":\"https:\/\/21panorama.com\/index.php\/2025\/02\/22\/toma-protesta-alejandro-moreno-a-cristina-ruiz-como-nueva-presidenta-de-pri-estado-de-mexico\/\",\"name\":\"TOMA PROTESTA ALEJANDRO MORENO A CRISTINA RUIZ COMO NUEVA PRESIDENTA DE PRI ESTADO DE M\u00c9XICO - 21 Panorama\",\"isPartOf\":{\"@id\":\"https:\/\/21panorama.com\/#website\"},\"primaryImageOfPage\":{\"@id\":\"https:\/\/21panorama.com\/index.php\/2025\/02\/22\/toma-protesta-alejandro-moreno-a-cristina-ruiz-como-nueva-presidenta-de-pri-estado-de-mexico\/#primaryimage\"},\"image\":{\"@id\":\"https:\/\/21panorama.com\/index.php\/2025\/02\/22\/toma-protesta-alejandro-moreno-a-cristina-ruiz-como-nueva-presidenta-de-pri-estado-de-mexico\/#primaryimage\"},\"thumbnailUrl\":\"https:\/\/21panorama.com\/wp-content\/uploads\/2025\/02\/WhatsApp-Image-2025-02-22-at-8.26.25-PM-2.jpeg\",\"datePublished\":\"2025-02-22T15:03:27+00:00\",\"dateModified\":\"2025-02-23T15:18:20+00:00\",\"breadcrumb\":{\"@id\":\"https:\/\/21panorama.com\/index.php\/2025\/02\/22\/toma-protesta-alejandro-moreno-a-cristina-ruiz-como-nueva-presidenta-de-pri-estado-de-mexico\/#breadcrumb\"},\"inLanguage\":\"es\",\"potentialAction\":[{\"@type\":\"ReadAction\",\"target\":[\"https:\/\/21panorama.com\/index.php\/2025\/02\/22\/toma-protesta-alejandro-moreno-a-cristina-ruiz-como-nueva-presidenta-de-pri-estado-de-mexico\/\"]}]},{\"@type\":\"ImageObject\",\"inLanguage\":\"es\",\"@id\":\"https:\/\/21panorama.com\/index.php\/2025\/02\/22\/toma-protesta-alejandro-moreno-a-cristina-ruiz-como-nueva-presidenta-de-pri-estado-de-mexico\/#primaryimage\",\"url\":\"https:\/\/21panorama.com\/wp-content\/uploads\/2025\/02\/WhatsApp-Image-2025-02-22-at-8.26.25-PM-2.jpeg\",\"contentUrl\":\"https:\/\/21panorama.com\/wp-content\/uploads\/2025\/02\/WhatsApp-Image-2025-02-22-at-8.26.25-PM-2.jpeg\",\"width\":1600,\"height\":1066},{\"@type\":\"BreadcrumbList\",\"@id\":\"https:\/\/21panorama.com\/index.php\/2025\/02\/22\/toma-protesta-alejandro-moreno-a-cristina-ruiz-como-nueva-presidenta-de-pri-estado-de-mexico\/#breadcrumb\",\"itemListElement\":[{\"@type\":\"ListItem\",\"position\":1,\"name\":\"Inicio\",\"item\":\"https:\/\/21panorama.com\/\"},{\"@type\":\"ListItem\",\"position\":2,\"name\":\"TOMA PROTESTA ALEJANDRO MORENO A CRISTINA RUIZ COMO NUEVA PRESIDENTA DE PRI ESTADO DE M\u00c9XICO\"}]},{\"@type\":\"WebSite\",\"@id\":\"https:\/\/21panorama.com\/#website\",\"url\":\"https:\/\/21panorama.com\/\",\"name\":\"21 Panorama\",\"description\":\"La construcci\u00f3n de la opini\u00f3n p\u00fablica merece un mejor Panorama en este siglo 21 para alcanzar una sociedad con mayor transparencia y sin corrupci\u00f3n.\",\"publisher\":{\"@id\":\"https:\/\/21panorama.com\/#organization\"},\"potentialAction\":[{\"@type\":\"SearchAction\",\"target\":{\"@type\":\"EntryPoint\",\"urlTemplate\":\"https:\/\/21panorama.com\/?s={search_term_string}\"},\"query-input\":{\"@type\":\"PropertyValueSpecification\",\"valueRequired\":true,\"valueName\":\"search_term_string\"}}],\"inLanguage\":\"es\"},{\"@type\":\"Organization\",\"@id\":\"https:\/\/21panorama.com\/#organization\",\"name\":\"21 Panorama\",\"url\":\"https:\/\/21panorama.com\/\",\"logo\":{\"@type\":\"ImageObject\",\"inLanguage\":\"es\",\"@id\":\"https:\/\/21panorama.com\/#\/schema\/logo\/image\/\",\"url\":\"https:\/\/21panorama.com\/wp-content\/uploads\/2019\/07\/cropped-Logo-Panorama-01.jpeg\",\"contentUrl\":\"https:\/\/21panorama.com\/wp-content\/uploads\/2019\/07\/cropped-Logo-Panorama-01.jpeg\",\"width\":290,\"height\":70,\"caption\":\"21 Panorama\"},\"image\":{\"@id\":\"https:\/\/21panorama.com\/#\/schema\/logo\/image\/\"}},{\"@type\":\"Person\",\"@id\":\"https:\/\/21panorama.com\/#\/schema\/person\/1afc291b96d5792a158768324287319f\",\"name\":\"admin\",\"image\":{\"@type\":\"ImageObject\",\"inLanguage\":\"es\",\"@id\":\"https:\/\/21panorama.com\/#\/schema\/person\/image\/\",\"url\":\"https:\/\/secure.gravatar.com\/avatar\/ad365d9d9f46719215b0d042cc3df92a5a8683e09ef13d102233e5491985f0f0?s=96&d=mm&r=g\",\"contentUrl\":\"https:\/\/secure.gravatar.com\/avatar\/ad365d9d9f46719215b0d042cc3df92a5a8683e09ef13d102233e5491985f0f0?s=96&d=mm&r=g\",\"caption\":\"admin\"},\"url\":\"https:\/\/21panorama.com\/index.php\/author\/admin\/\"}]}<\/script>\n<!-- \/ Yoast SEO plugin. -->","yoast_head_json":{"title":"TOMA PROTESTA ALEJANDRO MORENO A CRISTINA RUIZ COMO NUEVA PRESIDENTA DE PRI ESTADO DE M\u00c9XICO - 21 Panorama","robots":{"index":"index","follow":"follow","max-snippet":"max-snippet:-1","max-image-preview":"max-image-preview:large","max-video-preview":"max-video-preview:-1"},"canonical":"https:\/\/21panorama.com\/index.php\/2025\/02\/22\/toma-protesta-alejandro-moreno-a-cristina-ruiz-como-nueva-presidenta-de-pri-estado-de-mexico\/","og_locale":"es_MX","og_type":"article","og_title":"TOMA PROTESTA ALEJANDRO MORENO A CRISTINA RUIZ COMO NUEVA PRESIDENTA DE PRI ESTADO DE M\u00c9XICO - 21 Panorama","og_description":"El Presidente del Comit\u00e9 Ejecutivo Nacional del PRI, Alejandro Moreno, tom\u00f3 protesta a Cristina Ruiz Sandoval y a Brenda Alvarado como nueva Presidenta y Secretaria General del Comit\u00e9 Directivo Estatal del Estado de M\u00e9xico, en un acto en el que destac\u00f3 la fuerza e importancia de la militancia mexiquense priista.","og_url":"https:\/\/21panorama.com\/index.php\/2025\/02\/22\/toma-protesta-alejandro-moreno-a-cristina-ruiz-como-nueva-presidenta-de-pri-estado-de-mexico\/","og_site_name":"21 Panorama","article_published_time":"2025-02-22T15:03:27+00:00","article_modified_time":"2025-02-23T15:18:20+00:00","og_image":[{"width":1600,"height":1066,"url":"https:\/\/21panorama.com\/wp-content\/uploads\/2025\/02\/WhatsApp-Image-2025-02-22-at-8.26.25-PM-2.jpeg","type":"image\/jpeg"}],"author":"admin","twitter_card":"summary_large_image","twitter_misc":{"Escrito por":"admin","Tiempo de lectura":"2 minutos"},"schema":{"@context":"https:\/\/schema.org","@graph":[{"@type":"Article","@id":"https:\/\/21panorama.com\/index.php\/2025\/02\/22\/toma-protesta-alejandro-moreno-a-cristina-ruiz-como-nueva-presidenta-de-pri-estado-de-mexico\/#article","isPartOf":{"@id":"https:\/\/21panorama.com\/index.php\/2025\/02\/22\/toma-protesta-alejandro-moreno-a-cristina-ruiz-como-nueva-presidenta-de-pri-estado-de-mexico\/"},"author":{"name":"admin","@id":"https:\/\/21panorama.com\/#\/schema\/person\/1afc291b96d5792a158768324287319f"},"headline":"TOMA PROTESTA ALEJANDRO MORENO A CRISTINA RUIZ COMO NUEVA PRESIDENTA DE PRI ESTADO DE M\u00c9XICO","datePublished":"2025-02-22T15:03:27+00:00","dateModified":"2025-02-23T15:18:20+00:00","mainEntityOfPage":{"@id":"https:\/\/21panorama.com\/index.php\/2025\/02\/22\/toma-protesta-alejandro-moreno-a-cristina-ruiz-como-nueva-presidenta-de-pri-estado-de-mexico\/"},"wordCount":270,"commentCount":0,"publisher":{"@id":"https:\/\/21panorama.com\/#organization"},"image":{"@id":"https:\/\/21panorama.com\/index.php\/2025\/02\/22\/toma-protesta-alejandro-moreno-a-cristina-ruiz-como-nueva-presidenta-de-pri-estado-de-mexico\/#primaryimage"},"thumbnailUrl":"https:\/\/21panorama.com\/wp-content\/uploads\/2025\/02\/WhatsApp-Image-2025-02-22-at-8.26.25-PM-2.jpeg","keywords":["Cristina Ru\u00edz Sandoval","EDOMEX","PRI"],"articleSection":["Politica","Sociedad"],"inLanguage":"es","potentialAction":[{"@type":"CommentAction","name":"Comment","target":["https:\/\/21panorama.com\/index.php\/2025\/02\/22\/toma-protesta-alejandro-moreno-a-cristina-ruiz-como-nueva-presidenta-de-pri-estado-de-mexico\/#respond"]}]},{"@type":"WebPage","@id":"https:\/\/21panorama.com\/index.php\/2025\/02\/22\/toma-protesta-alejandro-moreno-a-cristina-ruiz-como-nueva-presidenta-de-pri-estado-de-mexico\/","url":"https:\/\/21panorama.com\/index.php\/2025\/02\/22\/toma-protesta-alejandro-moreno-a-cristina-ruiz-como-nueva-presidenta-de-pri-estado-de-mexico\/","name":"TOMA PROTESTA ALEJANDRO MORENO A CRISTINA RUIZ COMO NUEVA PRESIDENTA DE PRI ESTADO DE M\u00c9XICO - 21 Panorama","isPartOf":{"@id":"https:\/\/21panorama.com\/#website"},"primaryImageOfPage":{"@id":"https:\/\/21panorama.com\/index.php\/2025\/02\/22\/toma-protesta-alejandro-moreno-a-cristina-ruiz-como-nueva-presidenta-de-pri-estado-de-mexico\/#primaryimage"},"image":{"@id":"https:\/\/21panorama.com\/index.php\/2025\/02\/22\/toma-protesta-alejandro-moreno-a-cristina-ruiz-como-nueva-presidenta-de-pri-estado-de-mexico\/#primaryimage"},"thumbnailUrl":"https:\/\/21panorama.com\/wp-content\/uploads\/2025\/02\/WhatsApp-Image-2025-02-22-at-8.26.25-PM-2.jpeg","datePublished":"2025-02-22T15:03:27+00:00","dateModified":"2025-02-23T15:18:20+00:00","breadcrumb":{"@id":"https:\/\/21panorama.com\/index.php\/2025\/02\/22\/toma-protesta-alejandro-moreno-a-cristina-ruiz-como-nueva-presidenta-de-pri-estado-de-mexico\/#breadcrumb"},"inLanguage":"es","potentialAction":[{"@type":"ReadAction","target":["https:\/\/21panorama.com\/index.php\/2025\/02\/22\/toma-protesta-alejandro-moreno-a-cristina-ruiz-como-nueva-presidenta-de-pri-estado-de-mexico\/"]}]},{"@type":"ImageObject","inLanguage":"es","@id":"https:\/\/21panorama.com\/index.php\/2025\/02\/22\/toma-protesta-alejandro-moreno-a-cristina-ruiz-como-nueva-presidenta-de-pri-estado-de-mexico\/#primaryimage","url":"https:\/\/21panorama.com\/wp-content\/uploads\/2025\/02\/WhatsApp-Image-2025-02-22-at-8.26.25-PM-2.jpeg","contentUrl":"https:\/\/21panorama.com\/wp-content\/uploads\/2025\/02\/WhatsApp-Image-2025-02-22-at-8.26.25-PM-2.jpeg","width":1600,"height":1066},{"@type":"BreadcrumbList","@id":"https:\/\/21panorama.com\/index.php\/2025\/02\/22\/toma-protesta-alejandro-moreno-a-cristina-ruiz-como-nueva-presidenta-de-pri-estado-de-mexico\/#breadcrumb","itemListElement":[{"@type":"ListItem","position":1,"name":"Inicio","item":"https:\/\/21panorama.com\/"},{"@type":"ListItem","position":2,"name":"TOMA PROTESTA ALEJANDRO MORENO A CRISTINA RUIZ COMO NUEVA PRESIDENTA DE PRI ESTADO DE M\u00c9XICO"}]},{"@type":"WebSite","@id":"https:\/\/21panorama.com\/#website","url":"https:\/\/21panorama.com\/","name":"21 Panorama","description":"La construcci\u00f3n de la opini\u00f3n p\u00fablica merece un mejor Panorama en este siglo 21 para alcanzar una sociedad con mayor transparencia y sin corrupci\u00f3n.","publisher":{"@id":"https:\/\/21panorama.com\/#organization"},"potentialAction":[{"@type":"SearchAction","target":{"@type":"EntryPoint","urlTemplate":"https:\/\/21panorama.com\/?s={search_term_string}"},"query-input":{"@type":"PropertyValueSpecification","valueRequired":true,"valueName":"search_term_string"}}],"inLanguage":"es"},{"@type":"Organization","@id":"https:\/\/21panorama.com\/#organization","name":"21 Panorama","url":"https:\/\/21panorama.com\/","logo":{"@type":"ImageObject","inLanguage":"es","@id":"https:\/\/21panorama.com\/#\/schema\/logo\/image\/","url":"https:\/\/21panorama.com\/wp-content\/uploads\/2019\/07\/cropped-Logo-Panorama-01.jpeg","contentUrl":"https:\/\/21panorama.com\/wp-content\/uploads\/2019\/07\/cropped-Logo-Panorama-01.jpeg","width":290,"height":70,"caption":"21 Panorama"},"image":{"@id":"https:\/\/21panorama.com\/#\/schema\/logo\/image\/"}},{"@type":"Person","@id":"https:\/\/21panorama.com\/#\/schema\/person\/1afc291b96d5792a158768324287319f","name":"admin","image":{"@type":"ImageObject","inLanguage":"es","@id":"https:\/\/21panorama.com\/#\/schema\/person\/image\/","url":"https:\/\/secure.gravatar.com\/avatar\/ad365d9d9f46719215b0d042cc3df92a5a8683e09ef13d102233e5491985f0f0?s=96&d=mm&r=g","contentUrl":"https:\/\/secure.gravatar.com\/avatar\/ad365d9d9f46719215b0d042cc3df92a5a8683e09ef13d102233e5491985f0f0?s=96&d=mm&r=g","caption":"admin"},"url":"https:\/\/21panorama.com\/index.php\/author\/admin\/"}]}},"_links":{"self":[{"href":"https:\/\/21panorama.com\/index.php\/wp-json\/wp\/v2\/posts\/5859","targetHints":{"allow":["GET"]}}],"collection":[{"href":"https:\/\/21panorama.com\/index.php\/wp-json\/wp\/v2\/posts"}],"about":[{"href":"https:\/\/21panorama.com\/index.php\/wp-json\/wp\/v2\/types\/post"}],"author":[{"embeddable":true,"href":"https:\/\/21panorama.com\/index.php\/wp-json\/wp\/v2\/users\/1"}],"replies":[{"embeddable":true,"href":"https:\/\/21panorama.com\/index.php\/wp-json\/wp\/v2\/comments?post=5859"}],"version-history":[{"count":1,"href":"https:\/\/21panorama.com\/index.php\/wp-json\/wp\/v2\/posts\/5859\/revisions"}],"predecessor-version":[{"id":5862,"href":"https:\/\/21panorama.com\/index.php\/wp-json\/wp\/v2\/posts\/5859\/revisions\/5862"}],"wp:featuredmedia":[{"embeddable":true,"href":"https:\/\/21panorama.com\/index.php\/wp-json\/wp\/v2\/media\/5861"}],"wp:attachment":[{"href":"https:\/\/21panorama.com\/index.php\/wp-json\/wp\/v2\/media?parent=5859"}],"wp:term":[{"taxonomy":"category","embeddable":true,"href":"https:\/\/21panorama.com\/index.php\/wp-json\/wp\/v2\/categories?post=5859"},{"taxonomy":"post_tag","embeddable":true,"href":"https:\/\/21panorama.com\/index.php\/wp-json\/wp\/v2\/tags?post=5859"}],"curies":[{"name":"wp","href":"https:\/\/api.w.org\/{rel}","templated":true}]}}