{"id":5851,"date":"2025-02-19T09:42:16","date_gmt":"2025-02-19T15:42:16","guid":{"rendered":"https:\/\/21panorama.com\/?p=5851"},"modified":"2025-02-20T09:57:32","modified_gmt":"2025-02-20T15:57:32","slug":"sin-precedentes-la-crisis-en-el-sector-salud","status":"publish","type":"post","link":"https:\/\/21panorama.com\/index.php\/2025\/02\/19\/sin-precedentes-la-crisis-en-el-sector-salud\/","title":{"rendered":"SIN PRECEDENTES LA CRISIS EN EL SECTOR SALUD"},"content":{"rendered":"\n<ul class=\"wp-block-list\">\n<li>De su bolsa tienen que poner las familias para comprar sus medicinas: Diputado Alejandro Castro.<\/li>\n<\/ul>\n\n\n\n<p>Los graves problemas del sector salud como el desabasto de medicinas o la falta de personal hospitalario impacta en la econom\u00eda familiar y pone en riesgo a las personas que no acceden a los tratamientos m\u00e9dicos, esa es la realidad que hoy vemos por la indolencia y la falta de estrategia gubernamental, expuso el diputado Alejandro Castro Hern\u00e1ndez.<\/p>\n\n\n\n<p>Argument\u00f3, en conferencia de prensa, que la Asociaci\u00f3n Mexicana de Industria de Investigaci\u00f3n Farmac\u00e9utica arroj\u00f3 un estudio que se\u00f1ala que, actualmente, el 48% del gasto de medicamentos lo hacen los mexicanos de su propio recurso econ\u00f3mico ante el desabasto que prevalece en las instituciones p\u00fablicas.<\/p>\n\n\n\n<p>Como diputado del PRI llam\u00f3 a dejar de lado las improvisaciones con la salud de la gente y que las autoridades asuman su responsabilidad con seriedad y compromiso, pues la salud no puede esperar y la ciudadan\u00eda merece un sistema que funcione de manera eficiente y justa. Desde el PRI estamos listos para encabezar la lucha y defender lo que por derecho corresponde, agreg\u00f3.<\/p>\n\n\n\n<p>Tenemos absoluta solidaridad con el personal de salud que sufre las enormes carencias y obst\u00e1culos. La realidad del sistema de salud en el Estado de M\u00e9xico es preocupante, las manifestaciones y protestas recientes reflejan problemas estructurales que no pueden seguir siendo ignorados, destac\u00f3.<\/p>\n\n\n\n<p>Hay desabasto de insumos y medicamentos, su falta de entrega oportuna de impide una atenci\u00f3n de calidad y pone en riesgo la vida de los pacientes; adem\u00e1s, las condiciones laborales son precarias con jornadas extenuantes de hasta 14 o 24 horas continuas, descuentos indebidos y retrasos en el pago de salarios que afectan gravemente a los trabajadores del sector, resumi\u00f3.<\/p>\n\n\n\n<p>Asimismo, se pueden observar instalaciones deterioradas, equipos biom\u00e9dicos obsoletos y falta de mantenimiento que ponen en peligro tanto a los pacientes como al personal m\u00e9dico. El IMSS-Bienestar, lejos de fortalecer el sistema de salud, ha generado incertidumbre, despidos injustificados y una mayor precarizaci\u00f3n de los servicios, apunt\u00f3.<\/p>\n","protected":false},"excerpt":{"rendered":"<p>Los graves problemas del sector salud como el desabasto de medicinas o la falta de personal hospitalario impacta en la econom\u00eda familiar y pone en riesgo a las personas que no acceden a los tratamientos m\u00e9dicos, esa es la realidad que hoy vemos por la indolencia y la falta de estrategia gubernamental, expuso el diputado Alejandro Castro Hern\u00e1ndez.<\/p>\n","protected":false},"author":1,"featured_media":5852,"comment_status":"open","ping_status":"open","sticky":false,"template":"","format":"standard","meta":{"footnotes":""},"categories":[12,1],"tags":[418,97,33],"class_list":["post-5851","post","type-post","status-publish","format-standard","has-post-thumbnail","hentry","category-politica","category-sociedad","tag-alejandro-castro","tag-edomex","tag-pri"],"yoast_head":"<!-- This site is optimized with the Yoast SEO plugin v24.9 - https:\/\/yoast.com\/wordpress\/plugins\/seo\/ -->\n<title>SIN PRECEDENTES LA CRISIS EN EL SECTOR SALUD - 21 Panorama<\/title>\n<meta name=\"robots\" content=\"index, follow, max-snippet:-1, max-image-preview:large, max-video-preview:-1\" \/>\n<link rel=\"canonical\" href=\"https:\/\/21panorama.com\/index.php\/2025\/02\/19\/sin-precedentes-la-crisis-en-el-sector-salud\/\" \/>\n<meta property=\"og:locale\" content=\"es_MX\" \/>\n<meta property=\"og:type\" content=\"article\" \/>\n<meta property=\"og:title\" content=\"SIN PRECEDENTES LA CRISIS EN EL SECTOR SALUD - 21 Panorama\" \/>\n<meta property=\"og:description\" content=\"Los graves problemas del sector salud como el desabasto de medicinas o la falta de personal hospitalario impacta en la econom\u00eda familiar y pone en riesgo a las personas que no acceden a los tratamientos m\u00e9dicos, esa es la realidad que hoy vemos por la indolencia y la falta de estrategia gubernamental, expuso el diputado Alejandro Castro Hern\u00e1ndez.\" \/>\n<meta property=\"og:url\" content=\"https:\/\/21panorama.com\/index.php\/2025\/02\/19\/sin-precedentes-la-crisis-en-el-sector-salud\/\" \/>\n<meta property=\"og:site_name\" content=\"21 Panorama\" \/>\n<meta property=\"article:published_time\" content=\"2025-02-19T15:42:16+00:00\" \/>\n<meta property=\"article:modified_time\" content=\"2025-02-20T15:57:32+00:00\" \/>\n<meta property=\"og:image\" content=\"https:\/\/21panorama.com\/wp-content\/uploads\/2025\/02\/WhatsApp-Image-2025-02-19-at-8.47.48-PM-2.jpeg\" \/>\n\t<meta property=\"og:image:width\" content=\"1280\" \/>\n\t<meta property=\"og:image:height\" content=\"964\" \/>\n\t<meta property=\"og:image:type\" content=\"image\/jpeg\" \/>\n<meta name=\"author\" content=\"admin\" \/>\n<meta name=\"twitter:card\" content=\"summary_large_image\" \/>\n<meta name=\"twitter:label1\" content=\"Escrito por\" \/>\n\t<meta name=\"twitter:data1\" content=\"admin\" \/>\n\t<meta name=\"twitter:label2\" content=\"Tiempo de lectura\" \/>\n\t<meta name=\"twitter:data2\" content=\"2 minutos\" \/>\n<script type=\"application\/ld+json\" class=\"yoast-schema-graph\">{\"@context\":\"https:\/\/schema.org\",\"@graph\":[{\"@type\":\"Article\",\"@id\":\"https:\/\/21panorama.com\/index.php\/2025\/02\/19\/sin-precedentes-la-crisis-en-el-sector-salud\/#article\",\"isPartOf\":{\"@id\":\"https:\/\/21panorama.com\/index.php\/2025\/02\/19\/sin-precedentes-la-crisis-en-el-sector-salud\/\"},\"author\":{\"name\":\"admin\",\"@id\":\"https:\/\/21panorama.com\/#\/schema\/person\/1afc291b96d5792a158768324287319f\"},\"headline\":\"SIN PRECEDENTES LA CRISIS EN EL SECTOR SALUD\",\"datePublished\":\"2025-02-19T15:42:16+00:00\",\"dateModified\":\"2025-02-20T15:57:32+00:00\",\"mainEntityOfPage\":{\"@id\":\"https:\/\/21panorama.com\/index.php\/2025\/02\/19\/sin-precedentes-la-crisis-en-el-sector-salud\/\"},\"wordCount\":354,\"commentCount\":0,\"publisher\":{\"@id\":\"https:\/\/21panorama.com\/#organization\"},\"image\":{\"@id\":\"https:\/\/21panorama.com\/index.php\/2025\/02\/19\/sin-precedentes-la-crisis-en-el-sector-salud\/#primaryimage\"},\"thumbnailUrl\":\"https:\/\/21panorama.com\/wp-content\/uploads\/2025\/02\/WhatsApp-Image-2025-02-19-at-8.47.48-PM-2.jpeg\",\"keywords\":[\"Alejandro Castro\",\"EDOMEX\",\"PRI\"],\"articleSection\":[\"Politica\",\"Sociedad\"],\"inLanguage\":\"es\",\"potentialAction\":[{\"@type\":\"CommentAction\",\"name\":\"Comment\",\"target\":[\"https:\/\/21panorama.com\/index.php\/2025\/02\/19\/sin-precedentes-la-crisis-en-el-sector-salud\/#respond\"]}]},{\"@type\":\"WebPage\",\"@id\":\"https:\/\/21panorama.com\/index.php\/2025\/02\/19\/sin-precedentes-la-crisis-en-el-sector-salud\/\",\"url\":\"https:\/\/21panorama.com\/index.php\/2025\/02\/19\/sin-precedentes-la-crisis-en-el-sector-salud\/\",\"name\":\"SIN PRECEDENTES LA CRISIS EN EL SECTOR SALUD - 21 Panorama\",\"isPartOf\":{\"@id\":\"https:\/\/21panorama.com\/#website\"},\"primaryImageOfPage\":{\"@id\":\"https:\/\/21panorama.com\/index.php\/2025\/02\/19\/sin-precedentes-la-crisis-en-el-sector-salud\/#primaryimage\"},\"image\":{\"@id\":\"https:\/\/21panorama.com\/index.php\/2025\/02\/19\/sin-precedentes-la-crisis-en-el-sector-salud\/#primaryimage\"},\"thumbnailUrl\":\"https:\/\/21panorama.com\/wp-content\/uploads\/2025\/02\/WhatsApp-Image-2025-02-19-at-8.47.48-PM-2.jpeg\",\"datePublished\":\"2025-02-19T15:42:16+00:00\",\"dateModified\":\"2025-02-20T15:57:32+00:00\",\"breadcrumb\":{\"@id\":\"https:\/\/21panorama.com\/index.php\/2025\/02\/19\/sin-precedentes-la-crisis-en-el-sector-salud\/#breadcrumb\"},\"inLanguage\":\"es\",\"potentialAction\":[{\"@type\":\"ReadAction\",\"target\":[\"https:\/\/21panorama.com\/index.php\/2025\/02\/19\/sin-precedentes-la-crisis-en-el-sector-salud\/\"]}]},{\"@type\":\"ImageObject\",\"inLanguage\":\"es\",\"@id\":\"https:\/\/21panorama.com\/index.php\/2025\/02\/19\/sin-precedentes-la-crisis-en-el-sector-salud\/#primaryimage\",\"url\":\"https:\/\/21panorama.com\/wp-content\/uploads\/2025\/02\/WhatsApp-Image-2025-02-19-at-8.47.48-PM-2.jpeg\",\"contentUrl\":\"https:\/\/21panorama.com\/wp-content\/uploads\/2025\/02\/WhatsApp-Image-2025-02-19-at-8.47.48-PM-2.jpeg\",\"width\":1280,\"height\":964},{\"@type\":\"BreadcrumbList\",\"@id\":\"https:\/\/21panorama.com\/index.php\/2025\/02\/19\/sin-precedentes-la-crisis-en-el-sector-salud\/#breadcrumb\",\"itemListElement\":[{\"@type\":\"ListItem\",\"position\":1,\"name\":\"Inicio\",\"item\":\"https:\/\/21panorama.com\/\"},{\"@type\":\"ListItem\",\"position\":2,\"name\":\"SIN PRECEDENTES LA CRISIS EN EL SECTOR SALUD\"}]},{\"@type\":\"WebSite\",\"@id\":\"https:\/\/21panorama.com\/#website\",\"url\":\"https:\/\/21panorama.com\/\",\"name\":\"21 Panorama\",\"description\":\"La construcci\u00f3n de la opini\u00f3n p\u00fablica merece un mejor Panorama en este siglo 21 para alcanzar una sociedad con mayor transparencia y sin corrupci\u00f3n.\",\"publisher\":{\"@id\":\"https:\/\/21panorama.com\/#organization\"},\"potentialAction\":[{\"@type\":\"SearchAction\",\"target\":{\"@type\":\"EntryPoint\",\"urlTemplate\":\"https:\/\/21panorama.com\/?s={search_term_string}\"},\"query-input\":{\"@type\":\"PropertyValueSpecification\",\"valueRequired\":true,\"valueName\":\"search_term_string\"}}],\"inLanguage\":\"es\"},{\"@type\":\"Organization\",\"@id\":\"https:\/\/21panorama.com\/#organization\",\"name\":\"21 Panorama\",\"url\":\"https:\/\/21panorama.com\/\",\"logo\":{\"@type\":\"ImageObject\",\"inLanguage\":\"es\",\"@id\":\"https:\/\/21panorama.com\/#\/schema\/logo\/image\/\",\"url\":\"https:\/\/21panorama.com\/wp-content\/uploads\/2019\/07\/cropped-Logo-Panorama-01.jpeg\",\"contentUrl\":\"https:\/\/21panorama.com\/wp-content\/uploads\/2019\/07\/cropped-Logo-Panorama-01.jpeg\",\"width\":290,\"height\":70,\"caption\":\"21 Panorama\"},\"image\":{\"@id\":\"https:\/\/21panorama.com\/#\/schema\/logo\/image\/\"}},{\"@type\":\"Person\",\"@id\":\"https:\/\/21panorama.com\/#\/schema\/person\/1afc291b96d5792a158768324287319f\",\"name\":\"admin\",\"image\":{\"@type\":\"ImageObject\",\"inLanguage\":\"es\",\"@id\":\"https:\/\/21panorama.com\/#\/schema\/person\/image\/\",\"url\":\"https:\/\/secure.gravatar.com\/avatar\/ad365d9d9f46719215b0d042cc3df92a5a8683e09ef13d102233e5491985f0f0?s=96&d=mm&r=g\",\"contentUrl\":\"https:\/\/secure.gravatar.com\/avatar\/ad365d9d9f46719215b0d042cc3df92a5a8683e09ef13d102233e5491985f0f0?s=96&d=mm&r=g\",\"caption\":\"admin\"},\"url\":\"https:\/\/21panorama.com\/index.php\/author\/admin\/\"}]}<\/script>\n<!-- \/ Yoast SEO plugin. -->","yoast_head_json":{"title":"SIN PRECEDENTES LA CRISIS EN EL SECTOR SALUD - 21 Panorama","robots":{"index":"index","follow":"follow","max-snippet":"max-snippet:-1","max-image-preview":"max-image-preview:large","max-video-preview":"max-video-preview:-1"},"canonical":"https:\/\/21panorama.com\/index.php\/2025\/02\/19\/sin-precedentes-la-crisis-en-el-sector-salud\/","og_locale":"es_MX","og_type":"article","og_title":"SIN PRECEDENTES LA CRISIS EN EL SECTOR SALUD - 21 Panorama","og_description":"Los graves problemas del sector salud como el desabasto de medicinas o la falta de personal hospitalario impacta en la econom\u00eda familiar y pone en riesgo a las personas que no acceden a los tratamientos m\u00e9dicos, esa es la realidad que hoy vemos por la indolencia y la falta de estrategia gubernamental, expuso el diputado Alejandro Castro Hern\u00e1ndez.","og_url":"https:\/\/21panorama.com\/index.php\/2025\/02\/19\/sin-precedentes-la-crisis-en-el-sector-salud\/","og_site_name":"21 Panorama","article_published_time":"2025-02-19T15:42:16+00:00","article_modified_time":"2025-02-20T15:57:32+00:00","og_image":[{"width":1280,"height":964,"url":"https:\/\/21panorama.com\/wp-content\/uploads\/2025\/02\/WhatsApp-Image-2025-02-19-at-8.47.48-PM-2.jpeg","type":"image\/jpeg"}],"author":"admin","twitter_card":"summary_large_image","twitter_misc":{"Escrito por":"admin","Tiempo de lectura":"2 minutos"},"schema":{"@context":"https:\/\/schema.org","@graph":[{"@type":"Article","@id":"https:\/\/21panorama.com\/index.php\/2025\/02\/19\/sin-precedentes-la-crisis-en-el-sector-salud\/#article","isPartOf":{"@id":"https:\/\/21panorama.com\/index.php\/2025\/02\/19\/sin-precedentes-la-crisis-en-el-sector-salud\/"},"author":{"name":"admin","@id":"https:\/\/21panorama.com\/#\/schema\/person\/1afc291b96d5792a158768324287319f"},"headline":"SIN PRECEDENTES LA CRISIS EN EL SECTOR SALUD","datePublished":"2025-02-19T15:42:16+00:00","dateModified":"2025-02-20T15:57:32+00:00","mainEntityOfPage":{"@id":"https:\/\/21panorama.com\/index.php\/2025\/02\/19\/sin-precedentes-la-crisis-en-el-sector-salud\/"},"wordCount":354,"commentCount":0,"publisher":{"@id":"https:\/\/21panorama.com\/#organization"},"image":{"@id":"https:\/\/21panorama.com\/index.php\/2025\/02\/19\/sin-precedentes-la-crisis-en-el-sector-salud\/#primaryimage"},"thumbnailUrl":"https:\/\/21panorama.com\/wp-content\/uploads\/2025\/02\/WhatsApp-Image-2025-02-19-at-8.47.48-PM-2.jpeg","keywords":["Alejandro Castro","EDOMEX","PRI"],"articleSection":["Politica","Sociedad"],"inLanguage":"es","potentialAction":[{"@type":"CommentAction","name":"Comment","target":["https:\/\/21panorama.com\/index.php\/2025\/02\/19\/sin-precedentes-la-crisis-en-el-sector-salud\/#respond"]}]},{"@type":"WebPage","@id":"https:\/\/21panorama.com\/index.php\/2025\/02\/19\/sin-precedentes-la-crisis-en-el-sector-salud\/","url":"https:\/\/21panorama.com\/index.php\/2025\/02\/19\/sin-precedentes-la-crisis-en-el-sector-salud\/","name":"SIN PRECEDENTES LA CRISIS EN EL SECTOR SALUD - 21 Panorama","isPartOf":{"@id":"https:\/\/21panorama.com\/#website"},"primaryImageOfPage":{"@id":"https:\/\/21panorama.com\/index.php\/2025\/02\/19\/sin-precedentes-la-crisis-en-el-sector-salud\/#primaryimage"},"image":{"@id":"https:\/\/21panorama.com\/index.php\/2025\/02\/19\/sin-precedentes-la-crisis-en-el-sector-salud\/#primaryimage"},"thumbnailUrl":"https:\/\/21panorama.com\/wp-content\/uploads\/2025\/02\/WhatsApp-Image-2025-02-19-at-8.47.48-PM-2.jpeg","datePublished":"2025-02-19T15:42:16+00:00","dateModified":"2025-02-20T15:57:32+00:00","breadcrumb":{"@id":"https:\/\/21panorama.com\/index.php\/2025\/02\/19\/sin-precedentes-la-crisis-en-el-sector-salud\/#breadcrumb"},"inLanguage":"es","potentialAction":[{"@type":"ReadAction","target":["https:\/\/21panorama.com\/index.php\/2025\/02\/19\/sin-precedentes-la-crisis-en-el-sector-salud\/"]}]},{"@type":"ImageObject","inLanguage":"es","@id":"https:\/\/21panorama.com\/index.php\/2025\/02\/19\/sin-precedentes-la-crisis-en-el-sector-salud\/#primaryimage","url":"https:\/\/21panorama.com\/wp-content\/uploads\/2025\/02\/WhatsApp-Image-2025-02-19-at-8.47.48-PM-2.jpeg","contentUrl":"https:\/\/21panorama.com\/wp-content\/uploads\/2025\/02\/WhatsApp-Image-2025-02-19-at-8.47.48-PM-2.jpeg","width":1280,"height":964},{"@type":"BreadcrumbList","@id":"https:\/\/21panorama.com\/index.php\/2025\/02\/19\/sin-precedentes-la-crisis-en-el-sector-salud\/#breadcrumb","itemListElement":[{"@type":"ListItem","position":1,"name":"Inicio","item":"https:\/\/21panorama.com\/"},{"@type":"ListItem","position":2,"name":"SIN PRECEDENTES LA CRISIS EN EL SECTOR SALUD"}]},{"@type":"WebSite","@id":"https:\/\/21panorama.com\/#website","url":"https:\/\/21panorama.com\/","name":"21 Panorama","description":"La construcci\u00f3n de la opini\u00f3n p\u00fablica merece un mejor Panorama en este siglo 21 para alcanzar una sociedad con mayor transparencia y sin corrupci\u00f3n.","publisher":{"@id":"https:\/\/21panorama.com\/#organization"},"potentialAction":[{"@type":"SearchAction","target":{"@type":"EntryPoint","urlTemplate":"https:\/\/21panorama.com\/?s={search_term_string}"},"query-input":{"@type":"PropertyValueSpecification","valueRequired":true,"valueName":"search_term_string"}}],"inLanguage":"es"},{"@type":"Organization","@id":"https:\/\/21panorama.com\/#organization","name":"21 Panorama","url":"https:\/\/21panorama.com\/","logo":{"@type":"ImageObject","inLanguage":"es","@id":"https:\/\/21panorama.com\/#\/schema\/logo\/image\/","url":"https:\/\/21panorama.com\/wp-content\/uploads\/2019\/07\/cropped-Logo-Panorama-01.jpeg","contentUrl":"https:\/\/21panorama.com\/wp-content\/uploads\/2019\/07\/cropped-Logo-Panorama-01.jpeg","width":290,"height":70,"caption":"21 Panorama"},"image":{"@id":"https:\/\/21panorama.com\/#\/schema\/logo\/image\/"}},{"@type":"Person","@id":"https:\/\/21panorama.com\/#\/schema\/person\/1afc291b96d5792a158768324287319f","name":"admin","image":{"@type":"ImageObject","inLanguage":"es","@id":"https:\/\/21panorama.com\/#\/schema\/person\/image\/","url":"https:\/\/secure.gravatar.com\/avatar\/ad365d9d9f46719215b0d042cc3df92a5a8683e09ef13d102233e5491985f0f0?s=96&d=mm&r=g","contentUrl":"https:\/\/secure.gravatar.com\/avatar\/ad365d9d9f46719215b0d042cc3df92a5a8683e09ef13d102233e5491985f0f0?s=96&d=mm&r=g","caption":"admin"},"url":"https:\/\/21panorama.com\/index.php\/author\/admin\/"}]}},"_links":{"self":[{"href":"https:\/\/21panorama.com\/index.php\/wp-json\/wp\/v2\/posts\/5851","targetHints":{"allow":["GET"]}}],"collection":[{"href":"https:\/\/21panorama.com\/index.php\/wp-json\/wp\/v2\/posts"}],"about":[{"href":"https:\/\/21panorama.com\/index.php\/wp-json\/wp\/v2\/types\/post"}],"author":[{"embeddable":true,"href":"https:\/\/21panorama.com\/index.php\/wp-json\/wp\/v2\/users\/1"}],"replies":[{"embeddable":true,"href":"https:\/\/21panorama.com\/index.php\/wp-json\/wp\/v2\/comments?post=5851"}],"version-history":[{"count":1,"href":"https:\/\/21panorama.com\/index.php\/wp-json\/wp\/v2\/posts\/5851\/revisions"}],"predecessor-version":[{"id":5853,"href":"https:\/\/21panorama.com\/index.php\/wp-json\/wp\/v2\/posts\/5851\/revisions\/5853"}],"wp:featuredmedia":[{"embeddable":true,"href":"https:\/\/21panorama.com\/index.php\/wp-json\/wp\/v2\/media\/5852"}],"wp:attachment":[{"href":"https:\/\/21panorama.com\/index.php\/wp-json\/wp\/v2\/media?parent=5851"}],"wp:term":[{"taxonomy":"category","embeddable":true,"href":"https:\/\/21panorama.com\/index.php\/wp-json\/wp\/v2\/categories?post=5851"},{"taxonomy":"post_tag","embeddable":true,"href":"https:\/\/21panorama.com\/index.php\/wp-json\/wp\/v2\/tags?post=5851"}],"curies":[{"name":"wp","href":"https:\/\/api.w.org\/{rel}","templated":true}]}}