{"id":5840,"date":"2025-02-15T13:08:00","date_gmt":"2025-02-15T19:08:00","guid":{"rendered":"https:\/\/21panorama.com\/?p=5840"},"modified":"2025-02-16T13:24:06","modified_gmt":"2025-02-16T19:24:06","slug":"cristina-es-territorio-no-de-escritorio","status":"publish","type":"post","link":"https:\/\/21panorama.com\/index.php\/2025\/02\/15\/cristina-es-territorio-no-de-escritorio\/","title":{"rendered":"CRISTINA ES TERRITORIO, NO DE ESCRITORIO"},"content":{"rendered":"\n<ul class=\"wp-block-list\">\n<li>Se puso los tenis y arranc\u00f3 campa\u00f1a para recorrer las seccionales y comit\u00e9s municipales del PRI en el Estado de M\u00e9xico.<\/li>\n\n\n\n<li>La l\u00edder estatal del PRI va al encuentro de los mexiquenses para cerrar filas en torno a buscar mejores condiciones de vida y superar la problem\u00e1tica que ha generado el r\u00e9gimen oficialista.<\/li>\n<\/ul>\n\n\n\n<p>La Senadora Cristina Ruiz Sandoval sostuvo un encuentro con productores de calzado de San Mateo Atenco. De primera mano conoci\u00f3 el proceso de fabricaci\u00f3n de esta prenda de vestir y escuch\u00f3 con atenci\u00f3n las necesidades que enfrenta este sector ante la adversidad econ\u00f3mica del pa\u00eds.<\/p>\n\n\n\n<p>La presidenta del Comit\u00e9 Directivo Estatal del PRI manifest\u00f3 que los militantes del partido y los mexiquenses en general pueden estar seguros que se trabajar\u00e1 para superar la problem\u00e1tica que en materia econ\u00f3mica, inseguridad y desempleo ha generado el r\u00e9gimen oficialista.<\/p>\n\n\n\n<p>Acompa\u00f1ada de Ana Mu\u00f1iz Neyra, la primer priista de San Mateo, se comprometi\u00f3 a impulsar las expo de calzado en las C\u00e1maras del Senado y de Diputados. Dijo estar convencida que el PRI escucha y estar\u00e1 siempre del lado de la gente.<\/p>\n\n\n\n<p>Record\u00f3 que desde hace muchos a\u00f1os es consumidora de este calzado de calidad de San Mateo Atenco, donde las empresas familiares le ponen dedicaci\u00f3n y esfuerzo a su actividad econ\u00f3mica.<\/p>\n\n\n\n<p>En el recorrido, el diputado Elias Rescala expuso que hay un reto muy grande para promocionar el calzado de nuestra localidad. As\u00ed dej\u00f3 en claro que se apoyar\u00e1 a este gremio.<\/p>\n","protected":false},"excerpt":{"rendered":"<p>La Senadora Cristina Ruiz Sandoval sostuvo un encuentro con productores de calzado de San Mateo Atenco. De primera mano conoci\u00f3 el proceso de fabricaci\u00f3n de esta prenda de vestir y escuch\u00f3 con atenci\u00f3n las necesidades que enfrenta este sector ante la adversidad econ\u00f3mica del pa\u00eds.<\/p>\n","protected":false},"author":1,"featured_media":5842,"comment_status":"open","ping_status":"open","sticky":false,"template":"","format":"standard","meta":{"footnotes":""},"categories":[12,1],"tags":[413,97,33],"class_list":["post-5840","post","type-post","status-publish","format-standard","has-post-thumbnail","hentry","category-politica","category-sociedad","tag-cristina-ruiz-sandoval","tag-edomex","tag-pri"],"yoast_head":"<!-- This site is optimized with the Yoast SEO plugin v24.9 - https:\/\/yoast.com\/wordpress\/plugins\/seo\/ -->\n<title>CRISTINA ES TERRITORIO, NO DE ESCRITORIO - 21 Panorama<\/title>\n<meta name=\"robots\" content=\"index, follow, max-snippet:-1, max-image-preview:large, max-video-preview:-1\" \/>\n<link rel=\"canonical\" href=\"https:\/\/21panorama.com\/index.php\/2025\/02\/15\/cristina-es-territorio-no-de-escritorio\/\" \/>\n<meta property=\"og:locale\" content=\"es_MX\" \/>\n<meta property=\"og:type\" content=\"article\" \/>\n<meta property=\"og:title\" content=\"CRISTINA ES TERRITORIO, NO DE ESCRITORIO - 21 Panorama\" \/>\n<meta property=\"og:description\" content=\"La Senadora Cristina Ruiz Sandoval sostuvo un encuentro con productores de calzado de San Mateo Atenco. De primera mano conoci\u00f3 el proceso de fabricaci\u00f3n de esta prenda de vestir y escuch\u00f3 con atenci\u00f3n las necesidades que enfrenta este sector ante la adversidad econ\u00f3mica del pa\u00eds.\" \/>\n<meta property=\"og:url\" content=\"https:\/\/21panorama.com\/index.php\/2025\/02\/15\/cristina-es-territorio-no-de-escritorio\/\" \/>\n<meta property=\"og:site_name\" content=\"21 Panorama\" \/>\n<meta property=\"article:published_time\" content=\"2025-02-15T19:08:00+00:00\" \/>\n<meta property=\"article:modified_time\" content=\"2025-02-16T19:24:06+00:00\" \/>\n<meta property=\"og:image\" content=\"https:\/\/21panorama.com\/wp-content\/uploads\/2025\/02\/WhatsApp-Image-2025-02-15-at-8.16.30-PM-2-scaled.jpeg\" \/>\n\t<meta property=\"og:image:width\" content=\"1852\" \/>\n\t<meta property=\"og:image:height\" content=\"2560\" \/>\n\t<meta property=\"og:image:type\" content=\"image\/jpeg\" \/>\n<meta name=\"author\" content=\"admin\" \/>\n<meta name=\"twitter:card\" content=\"summary_large_image\" \/>\n<meta name=\"twitter:label1\" content=\"Escrito por\" \/>\n\t<meta name=\"twitter:data1\" content=\"admin\" \/>\n\t<meta name=\"twitter:label2\" content=\"Tiempo de lectura\" \/>\n\t<meta name=\"twitter:data2\" content=\"2 minutos\" \/>\n<script type=\"application\/ld+json\" class=\"yoast-schema-graph\">{\"@context\":\"https:\/\/schema.org\",\"@graph\":[{\"@type\":\"Article\",\"@id\":\"https:\/\/21panorama.com\/index.php\/2025\/02\/15\/cristina-es-territorio-no-de-escritorio\/#article\",\"isPartOf\":{\"@id\":\"https:\/\/21panorama.com\/index.php\/2025\/02\/15\/cristina-es-territorio-no-de-escritorio\/\"},\"author\":{\"name\":\"admin\",\"@id\":\"https:\/\/21panorama.com\/#\/schema\/person\/1afc291b96d5792a158768324287319f\"},\"headline\":\"CRISTINA ES TERRITORIO, NO DE ESCRITORIO\",\"datePublished\":\"2025-02-15T19:08:00+00:00\",\"dateModified\":\"2025-02-16T19:24:06+00:00\",\"mainEntityOfPage\":{\"@id\":\"https:\/\/21panorama.com\/index.php\/2025\/02\/15\/cristina-es-territorio-no-de-escritorio\/\"},\"wordCount\":267,\"commentCount\":0,\"publisher\":{\"@id\":\"https:\/\/21panorama.com\/#organization\"},\"image\":{\"@id\":\"https:\/\/21panorama.com\/index.php\/2025\/02\/15\/cristina-es-territorio-no-de-escritorio\/#primaryimage\"},\"thumbnailUrl\":\"https:\/\/21panorama.com\/wp-content\/uploads\/2025\/02\/WhatsApp-Image-2025-02-15-at-8.16.30-PM-2-scaled.jpeg\",\"keywords\":[\"Cristina Ru\u00edz Sandoval\",\"EDOMEX\",\"PRI\"],\"articleSection\":[\"Politica\",\"Sociedad\"],\"inLanguage\":\"es\",\"potentialAction\":[{\"@type\":\"CommentAction\",\"name\":\"Comment\",\"target\":[\"https:\/\/21panorama.com\/index.php\/2025\/02\/15\/cristina-es-territorio-no-de-escritorio\/#respond\"]}]},{\"@type\":\"WebPage\",\"@id\":\"https:\/\/21panorama.com\/index.php\/2025\/02\/15\/cristina-es-territorio-no-de-escritorio\/\",\"url\":\"https:\/\/21panorama.com\/index.php\/2025\/02\/15\/cristina-es-territorio-no-de-escritorio\/\",\"name\":\"CRISTINA ES TERRITORIO, NO DE ESCRITORIO - 21 Panorama\",\"isPartOf\":{\"@id\":\"https:\/\/21panorama.com\/#website\"},\"primaryImageOfPage\":{\"@id\":\"https:\/\/21panorama.com\/index.php\/2025\/02\/15\/cristina-es-territorio-no-de-escritorio\/#primaryimage\"},\"image\":{\"@id\":\"https:\/\/21panorama.com\/index.php\/2025\/02\/15\/cristina-es-territorio-no-de-escritorio\/#primaryimage\"},\"thumbnailUrl\":\"https:\/\/21panorama.com\/wp-content\/uploads\/2025\/02\/WhatsApp-Image-2025-02-15-at-8.16.30-PM-2-scaled.jpeg\",\"datePublished\":\"2025-02-15T19:08:00+00:00\",\"dateModified\":\"2025-02-16T19:24:06+00:00\",\"breadcrumb\":{\"@id\":\"https:\/\/21panorama.com\/index.php\/2025\/02\/15\/cristina-es-territorio-no-de-escritorio\/#breadcrumb\"},\"inLanguage\":\"es\",\"potentialAction\":[{\"@type\":\"ReadAction\",\"target\":[\"https:\/\/21panorama.com\/index.php\/2025\/02\/15\/cristina-es-territorio-no-de-escritorio\/\"]}]},{\"@type\":\"ImageObject\",\"inLanguage\":\"es\",\"@id\":\"https:\/\/21panorama.com\/index.php\/2025\/02\/15\/cristina-es-territorio-no-de-escritorio\/#primaryimage\",\"url\":\"https:\/\/21panorama.com\/wp-content\/uploads\/2025\/02\/WhatsApp-Image-2025-02-15-at-8.16.30-PM-2-scaled.jpeg\",\"contentUrl\":\"https:\/\/21panorama.com\/wp-content\/uploads\/2025\/02\/WhatsApp-Image-2025-02-15-at-8.16.30-PM-2-scaled.jpeg\",\"width\":1852,\"height\":2560},{\"@type\":\"BreadcrumbList\",\"@id\":\"https:\/\/21panorama.com\/index.php\/2025\/02\/15\/cristina-es-territorio-no-de-escritorio\/#breadcrumb\",\"itemListElement\":[{\"@type\":\"ListItem\",\"position\":1,\"name\":\"Inicio\",\"item\":\"https:\/\/21panorama.com\/\"},{\"@type\":\"ListItem\",\"position\":2,\"name\":\"CRISTINA ES TERRITORIO, NO DE ESCRITORIO\"}]},{\"@type\":\"WebSite\",\"@id\":\"https:\/\/21panorama.com\/#website\",\"url\":\"https:\/\/21panorama.com\/\",\"name\":\"21 Panorama\",\"description\":\"La construcci\u00f3n de la opini\u00f3n p\u00fablica merece un mejor Panorama en este siglo 21 para alcanzar una sociedad con mayor transparencia y sin corrupci\u00f3n.\",\"publisher\":{\"@id\":\"https:\/\/21panorama.com\/#organization\"},\"potentialAction\":[{\"@type\":\"SearchAction\",\"target\":{\"@type\":\"EntryPoint\",\"urlTemplate\":\"https:\/\/21panorama.com\/?s={search_term_string}\"},\"query-input\":{\"@type\":\"PropertyValueSpecification\",\"valueRequired\":true,\"valueName\":\"search_term_string\"}}],\"inLanguage\":\"es\"},{\"@type\":\"Organization\",\"@id\":\"https:\/\/21panorama.com\/#organization\",\"name\":\"21 Panorama\",\"url\":\"https:\/\/21panorama.com\/\",\"logo\":{\"@type\":\"ImageObject\",\"inLanguage\":\"es\",\"@id\":\"https:\/\/21panorama.com\/#\/schema\/logo\/image\/\",\"url\":\"https:\/\/21panorama.com\/wp-content\/uploads\/2019\/07\/cropped-Logo-Panorama-01.jpeg\",\"contentUrl\":\"https:\/\/21panorama.com\/wp-content\/uploads\/2019\/07\/cropped-Logo-Panorama-01.jpeg\",\"width\":290,\"height\":70,\"caption\":\"21 Panorama\"},\"image\":{\"@id\":\"https:\/\/21panorama.com\/#\/schema\/logo\/image\/\"}},{\"@type\":\"Person\",\"@id\":\"https:\/\/21panorama.com\/#\/schema\/person\/1afc291b96d5792a158768324287319f\",\"name\":\"admin\",\"image\":{\"@type\":\"ImageObject\",\"inLanguage\":\"es\",\"@id\":\"https:\/\/21panorama.com\/#\/schema\/person\/image\/\",\"url\":\"https:\/\/secure.gravatar.com\/avatar\/ad365d9d9f46719215b0d042cc3df92a5a8683e09ef13d102233e5491985f0f0?s=96&d=mm&r=g\",\"contentUrl\":\"https:\/\/secure.gravatar.com\/avatar\/ad365d9d9f46719215b0d042cc3df92a5a8683e09ef13d102233e5491985f0f0?s=96&d=mm&r=g\",\"caption\":\"admin\"},\"url\":\"https:\/\/21panorama.com\/index.php\/author\/admin\/\"}]}<\/script>\n<!-- \/ Yoast SEO plugin. -->","yoast_head_json":{"title":"CRISTINA ES TERRITORIO, NO DE ESCRITORIO - 21 Panorama","robots":{"index":"index","follow":"follow","max-snippet":"max-snippet:-1","max-image-preview":"max-image-preview:large","max-video-preview":"max-video-preview:-1"},"canonical":"https:\/\/21panorama.com\/index.php\/2025\/02\/15\/cristina-es-territorio-no-de-escritorio\/","og_locale":"es_MX","og_type":"article","og_title":"CRISTINA ES TERRITORIO, NO DE ESCRITORIO - 21 Panorama","og_description":"La Senadora Cristina Ruiz Sandoval sostuvo un encuentro con productores de calzado de San Mateo Atenco. De primera mano conoci\u00f3 el proceso de fabricaci\u00f3n de esta prenda de vestir y escuch\u00f3 con atenci\u00f3n las necesidades que enfrenta este sector ante la adversidad econ\u00f3mica del pa\u00eds.","og_url":"https:\/\/21panorama.com\/index.php\/2025\/02\/15\/cristina-es-territorio-no-de-escritorio\/","og_site_name":"21 Panorama","article_published_time":"2025-02-15T19:08:00+00:00","article_modified_time":"2025-02-16T19:24:06+00:00","og_image":[{"width":1852,"height":2560,"url":"https:\/\/21panorama.com\/wp-content\/uploads\/2025\/02\/WhatsApp-Image-2025-02-15-at-8.16.30-PM-2-scaled.jpeg","type":"image\/jpeg"}],"author":"admin","twitter_card":"summary_large_image","twitter_misc":{"Escrito por":"admin","Tiempo de lectura":"2 minutos"},"schema":{"@context":"https:\/\/schema.org","@graph":[{"@type":"Article","@id":"https:\/\/21panorama.com\/index.php\/2025\/02\/15\/cristina-es-territorio-no-de-escritorio\/#article","isPartOf":{"@id":"https:\/\/21panorama.com\/index.php\/2025\/02\/15\/cristina-es-territorio-no-de-escritorio\/"},"author":{"name":"admin","@id":"https:\/\/21panorama.com\/#\/schema\/person\/1afc291b96d5792a158768324287319f"},"headline":"CRISTINA ES TERRITORIO, NO DE ESCRITORIO","datePublished":"2025-02-15T19:08:00+00:00","dateModified":"2025-02-16T19:24:06+00:00","mainEntityOfPage":{"@id":"https:\/\/21panorama.com\/index.php\/2025\/02\/15\/cristina-es-territorio-no-de-escritorio\/"},"wordCount":267,"commentCount":0,"publisher":{"@id":"https:\/\/21panorama.com\/#organization"},"image":{"@id":"https:\/\/21panorama.com\/index.php\/2025\/02\/15\/cristina-es-territorio-no-de-escritorio\/#primaryimage"},"thumbnailUrl":"https:\/\/21panorama.com\/wp-content\/uploads\/2025\/02\/WhatsApp-Image-2025-02-15-at-8.16.30-PM-2-scaled.jpeg","keywords":["Cristina Ru\u00edz Sandoval","EDOMEX","PRI"],"articleSection":["Politica","Sociedad"],"inLanguage":"es","potentialAction":[{"@type":"CommentAction","name":"Comment","target":["https:\/\/21panorama.com\/index.php\/2025\/02\/15\/cristina-es-territorio-no-de-escritorio\/#respond"]}]},{"@type":"WebPage","@id":"https:\/\/21panorama.com\/index.php\/2025\/02\/15\/cristina-es-territorio-no-de-escritorio\/","url":"https:\/\/21panorama.com\/index.php\/2025\/02\/15\/cristina-es-territorio-no-de-escritorio\/","name":"CRISTINA ES TERRITORIO, NO DE ESCRITORIO - 21 Panorama","isPartOf":{"@id":"https:\/\/21panorama.com\/#website"},"primaryImageOfPage":{"@id":"https:\/\/21panorama.com\/index.php\/2025\/02\/15\/cristina-es-territorio-no-de-escritorio\/#primaryimage"},"image":{"@id":"https:\/\/21panorama.com\/index.php\/2025\/02\/15\/cristina-es-territorio-no-de-escritorio\/#primaryimage"},"thumbnailUrl":"https:\/\/21panorama.com\/wp-content\/uploads\/2025\/02\/WhatsApp-Image-2025-02-15-at-8.16.30-PM-2-scaled.jpeg","datePublished":"2025-02-15T19:08:00+00:00","dateModified":"2025-02-16T19:24:06+00:00","breadcrumb":{"@id":"https:\/\/21panorama.com\/index.php\/2025\/02\/15\/cristina-es-territorio-no-de-escritorio\/#breadcrumb"},"inLanguage":"es","potentialAction":[{"@type":"ReadAction","target":["https:\/\/21panorama.com\/index.php\/2025\/02\/15\/cristina-es-territorio-no-de-escritorio\/"]}]},{"@type":"ImageObject","inLanguage":"es","@id":"https:\/\/21panorama.com\/index.php\/2025\/02\/15\/cristina-es-territorio-no-de-escritorio\/#primaryimage","url":"https:\/\/21panorama.com\/wp-content\/uploads\/2025\/02\/WhatsApp-Image-2025-02-15-at-8.16.30-PM-2-scaled.jpeg","contentUrl":"https:\/\/21panorama.com\/wp-content\/uploads\/2025\/02\/WhatsApp-Image-2025-02-15-at-8.16.30-PM-2-scaled.jpeg","width":1852,"height":2560},{"@type":"BreadcrumbList","@id":"https:\/\/21panorama.com\/index.php\/2025\/02\/15\/cristina-es-territorio-no-de-escritorio\/#breadcrumb","itemListElement":[{"@type":"ListItem","position":1,"name":"Inicio","item":"https:\/\/21panorama.com\/"},{"@type":"ListItem","position":2,"name":"CRISTINA ES TERRITORIO, NO DE ESCRITORIO"}]},{"@type":"WebSite","@id":"https:\/\/21panorama.com\/#website","url":"https:\/\/21panorama.com\/","name":"21 Panorama","description":"La construcci\u00f3n de la opini\u00f3n p\u00fablica merece un mejor Panorama en este siglo 21 para alcanzar una sociedad con mayor transparencia y sin corrupci\u00f3n.","publisher":{"@id":"https:\/\/21panorama.com\/#organization"},"potentialAction":[{"@type":"SearchAction","target":{"@type":"EntryPoint","urlTemplate":"https:\/\/21panorama.com\/?s={search_term_string}"},"query-input":{"@type":"PropertyValueSpecification","valueRequired":true,"valueName":"search_term_string"}}],"inLanguage":"es"},{"@type":"Organization","@id":"https:\/\/21panorama.com\/#organization","name":"21 Panorama","url":"https:\/\/21panorama.com\/","logo":{"@type":"ImageObject","inLanguage":"es","@id":"https:\/\/21panorama.com\/#\/schema\/logo\/image\/","url":"https:\/\/21panorama.com\/wp-content\/uploads\/2019\/07\/cropped-Logo-Panorama-01.jpeg","contentUrl":"https:\/\/21panorama.com\/wp-content\/uploads\/2019\/07\/cropped-Logo-Panorama-01.jpeg","width":290,"height":70,"caption":"21 Panorama"},"image":{"@id":"https:\/\/21panorama.com\/#\/schema\/logo\/image\/"}},{"@type":"Person","@id":"https:\/\/21panorama.com\/#\/schema\/person\/1afc291b96d5792a158768324287319f","name":"admin","image":{"@type":"ImageObject","inLanguage":"es","@id":"https:\/\/21panorama.com\/#\/schema\/person\/image\/","url":"https:\/\/secure.gravatar.com\/avatar\/ad365d9d9f46719215b0d042cc3df92a5a8683e09ef13d102233e5491985f0f0?s=96&d=mm&r=g","contentUrl":"https:\/\/secure.gravatar.com\/avatar\/ad365d9d9f46719215b0d042cc3df92a5a8683e09ef13d102233e5491985f0f0?s=96&d=mm&r=g","caption":"admin"},"url":"https:\/\/21panorama.com\/index.php\/author\/admin\/"}]}},"_links":{"self":[{"href":"https:\/\/21panorama.com\/index.php\/wp-json\/wp\/v2\/posts\/5840","targetHints":{"allow":["GET"]}}],"collection":[{"href":"https:\/\/21panorama.com\/index.php\/wp-json\/wp\/v2\/posts"}],"about":[{"href":"https:\/\/21panorama.com\/index.php\/wp-json\/wp\/v2\/types\/post"}],"author":[{"embeddable":true,"href":"https:\/\/21panorama.com\/index.php\/wp-json\/wp\/v2\/users\/1"}],"replies":[{"embeddable":true,"href":"https:\/\/21panorama.com\/index.php\/wp-json\/wp\/v2\/comments?post=5840"}],"version-history":[{"count":1,"href":"https:\/\/21panorama.com\/index.php\/wp-json\/wp\/v2\/posts\/5840\/revisions"}],"predecessor-version":[{"id":5843,"href":"https:\/\/21panorama.com\/index.php\/wp-json\/wp\/v2\/posts\/5840\/revisions\/5843"}],"wp:featuredmedia":[{"embeddable":true,"href":"https:\/\/21panorama.com\/index.php\/wp-json\/wp\/v2\/media\/5842"}],"wp:attachment":[{"href":"https:\/\/21panorama.com\/index.php\/wp-json\/wp\/v2\/media?parent=5840"}],"wp:term":[{"taxonomy":"category","embeddable":true,"href":"https:\/\/21panorama.com\/index.php\/wp-json\/wp\/v2\/categories?post=5840"},{"taxonomy":"post_tag","embeddable":true,"href":"https:\/\/21panorama.com\/index.php\/wp-json\/wp\/v2\/tags?post=5840"}],"curies":[{"name":"wp","href":"https:\/\/api.w.org\/{rel}","templated":true}]}}