{"id":5833,"date":"2025-02-07T18:14:09","date_gmt":"2025-02-08T00:14:09","guid":{"rendered":"https:\/\/21panorama.com\/?p=5833"},"modified":"2025-02-07T18:14:10","modified_gmt":"2025-02-08T00:14:10","slug":"viven-las-familias-una-grave-realidad-con-morena-cristina-ruiz","status":"publish","type":"post","link":"https:\/\/21panorama.com\/index.php\/2025\/02\/07\/viven-las-familias-una-grave-realidad-con-morena-cristina-ruiz\/","title":{"rendered":"VIVEN LAS FAMILIAS UNA GRAVE REALIDAD CON MORENA: CRISTINA RU\u00cdZ"},"content":{"rendered":"\n<ul class=\"wp-block-list\">\n<li><strong>Aument\u00f3 el costo de la canasta b\u00e1sica y siguen sin bajar el precio de la gasolina.<\/strong><\/li>\n\n\n\n<li><strong>El PRI se mantiene unido y no dejar\u00e1 de abanderar las causas sociales.<\/strong><\/li>\n<\/ul>\n\n\n\n<p>Al dejar en claro que el PRI del Estado de M\u00e9xico ser\u00e1 firme en su lucha por las causas sociales, la Senadora Cristina Ru\u00edz Sandoval, presidenta del Comit\u00e9 Directivo Estatal (CDE), alert\u00f3 sobre la grave situaci\u00f3n que enfrentan las familias por el alza de precios a la canasta b\u00e1sica y exigi\u00f3 la reducci\u00f3n en el costo de la gasolina como lo prometi\u00f3 el partido oficialista desde el sexenio pasado.<\/p>\n\n\n\n<p>En conferencia de prensa y acompa\u00f1ada por la secretaria general, Brenda Alvarado S\u00e1nchez, la Vocera del CDE, Lizeth Sandoval, los diputados El\u00edas Rescala, Lilia Urbina, Mercedes Col\u00edn, Lety Mej\u00eda, Alejandro Castro, Mariano Camacho y Eduardo Zarzosa, as\u00ed como de las diputadas federales Leticia Barrera e Ivonne Ru\u00edz, dijo que el PRI exhibir\u00e1, puntualmente, la falta de resultados y la forma absurda de gobernar de Morena.<\/p>\n\n\n\n<p>\u201cMorena lleg\u00f3 prometiendo bienestar y hoy las familias del Estado de M\u00e9xico enfrentan una realidad muy distinta, los precios de los alimentos est\u00e1n por las nubes mientras los salarios siguen siendo insuficientes, y por eso cuestionamos lo que vemos ante los incrementos en la canasta b\u00e1sica y lo \u00fanico que no crece es el poder adquisitivo de la gente\u201d, manifest\u00f3.<\/p>\n\n\n\n<p>El partido oficialista vendi\u00f3 la idea de una transformaci\u00f3n y lo \u00fanico que cambiaron fue la tranquilidad de la gente en preocupaci\u00f3n constante para llegar a su fin de mes con lo poco que tienen. La inflaci\u00f3n golpea a todo el pa\u00eds y en el Estado de M\u00e9xico se siente a\u00fan m\u00e1s porque el gobierno de Morena no hace nada para proteger la econom\u00eda familiar, agreg\u00f3.<\/p>\n\n\n\n<p>En tal sentido, el PRI nacional y del Estado de M\u00e9xico fij\u00f3 posici\u00f3n respecto a las \u201c10 Exigencias por M\u00e9xico\u201d: bajar inmediatamente el precio de la gasolina a diez pesos el litro, pues as\u00ed como estamos impacta en el transporte p\u00fablico y de carga, lo que produce un efecto inflacionario en los productos de la canasta b\u00e1sica.<\/p>\n\n\n\n<p>Adem\u00e1s, tienen la mayor\u00eda para disminuir el cobro excesivo de comisiones bancarias que afectan a los micro y peque\u00f1os empresarios; exigimos la creaci\u00f3n del ombudsman migratorio porque el Estado de M\u00e9xico es una de las entidades expulsoras hacia Estados Unidos y Canad\u00e1, \u201cqueremos la defensa de los mexiquenses en el exterior y el apoyo institucional a sus familias\u201d.<\/p>\n\n\n\n<p>Exigimos revocar el alza a las tarifas de las casetas de cobro como es el caso de las autopistas M\u00e9xico-Toluca y M\u00e9xico-Quer\u00e9taro, pues son rutas claves para el comercio y turismo en la entidad; destinar una partida especial para fortalecer la red consular en los Estados Unidos donde los mexiquenses tienen una comunidad muy importante, a\u00f1adi\u00f3.<\/p>\n\n\n\n<p>De igual forma, rechazamos la aprobaci\u00f3n a las reformas legales del INFONAVIT y \u201cnos preocupa porque m\u00e1s del 40% de los cr\u00e9ditos en el Estado de M\u00e9xico han sido utilizados para viviendas en Ecatepec, Tec\u00e1mac y Zumpango, cualquier reforma que afecte los derechos de los trabajadores podr\u00eda poner en riesgo el acceso a la vivienda digna para miles de familias mexiquenses\u201d.<\/p>\n\n\n\n<p>La dirigente estatal urgi\u00f3 a la creaci\u00f3n de una comisi\u00f3n especial para esclarecer el desv\u00edo de recursos en Segalmex que impact\u00f3 en la distribuci\u00f3n de alimentos en zonas vulnerables y el INSABI que oper\u00f3 en hospitales del Estado de M\u00e9xico hasta su desaparici\u00f3n en el 2023. Asimismo, demand\u00f3 detener la elecci\u00f3n judicial porque este proceso se ha convertido en un circo con el reclutamiento de amigos y compadres de la 4T.<\/p>\n\n\n\n<p>Destac\u00f3 la propuesta del PRI para crear una coordinaci\u00f3n nacional para el combate al fentanilo y drogas sint\u00e9ticas y la designaci\u00f3n de un funcionario que se coordine con todas las autoridades en la materia, \u201cun zar antidrogas que dirija acciones interinstitucionales para investigar y desmantelar redes delictivas vinculadas con la producci\u00f3n y tr\u00e1fico del fentanilo, metanfetaminas y precursores qu\u00edmicos\u201d.<\/p>\n\n\n\n<p>Por su parte, el diputado El\u00edas Rescala Jim\u00e9nez se\u00f1al\u00f3 que el PRI est\u00e1 listo para el debate y que no dejar\u00e1 de abanderar las causas sociales en territorio y con los j\u00f3venes. \u201cSomos la segunda fuerza pol\u00edtica del Estado con estrategia y con cuadros pol\u00edticos que convocar\u00e1n a los mexiquenses para construir una realidad distinta\u201d.<\/p>\n\n\n\n<p>La diputada federal Leticia Barrera lament\u00f3 las pol\u00edticas agropecuarias del gobierno federal debido a que el presupuesto aprobado no atiende las necesidades del campo mexicano, \u201cno hay producci\u00f3n de ma\u00edz suficiente y ya dependemos de las importaciones porque se dej\u00f3 de incentivar a los trabajadores de la tierra\u201d.<\/p>\n","protected":false},"excerpt":{"rendered":"<p>Al dejar en claro que el PRI del Estado de M\u00e9xico ser\u00e1 firme en su lucha por las causas sociales, la Senadora Cristina Ru\u00edz Sandoval, presidenta del Comit\u00e9 Directivo Estatal (CDE), alert\u00f3 sobre la grave situaci\u00f3n que enfrentan las familias por el alza de precios a la canasta b\u00e1sica y exigi\u00f3 la reducci\u00f3n en el costo de la gasolina como lo prometi\u00f3 el partido oficialista desde el sexenio pasado.<\/p>\n","protected":false},"author":1,"featured_media":5834,"comment_status":"open","ping_status":"open","sticky":false,"template":"","format":"standard","meta":{"footnotes":""},"categories":[12,1],"tags":[413,97,33],"class_list":["post-5833","post","type-post","status-publish","format-standard","has-post-thumbnail","hentry","category-politica","category-sociedad","tag-cristina-ruiz-sandoval","tag-edomex","tag-pri"],"yoast_head":"<!-- This site is optimized with the Yoast SEO plugin v24.9 - https:\/\/yoast.com\/wordpress\/plugins\/seo\/ -->\n<title>VIVEN LAS FAMILIAS UNA GRAVE REALIDAD CON MORENA: CRISTINA RU\u00cdZ - 21 Panorama<\/title>\n<meta name=\"robots\" content=\"index, follow, max-snippet:-1, max-image-preview:large, max-video-preview:-1\" \/>\n<link rel=\"canonical\" href=\"https:\/\/21panorama.com\/index.php\/2025\/02\/07\/viven-las-familias-una-grave-realidad-con-morena-cristina-ruiz\/\" \/>\n<meta property=\"og:locale\" content=\"es_MX\" \/>\n<meta property=\"og:type\" content=\"article\" \/>\n<meta property=\"og:title\" content=\"VIVEN LAS FAMILIAS UNA GRAVE REALIDAD CON MORENA: CRISTINA RU\u00cdZ - 21 Panorama\" \/>\n<meta property=\"og:description\" content=\"Al dejar en claro que el PRI del Estado de M\u00e9xico ser\u00e1 firme en su lucha por las causas sociales, la Senadora Cristina Ru\u00edz Sandoval, presidenta del Comit\u00e9 Directivo Estatal (CDE), alert\u00f3 sobre la grave situaci\u00f3n que enfrentan las familias por el alza de precios a la canasta b\u00e1sica y exigi\u00f3 la reducci\u00f3n en el costo de la gasolina como lo prometi\u00f3 el partido oficialista desde el sexenio pasado.\" \/>\n<meta property=\"og:url\" content=\"https:\/\/21panorama.com\/index.php\/2025\/02\/07\/viven-las-familias-una-grave-realidad-con-morena-cristina-ruiz\/\" \/>\n<meta property=\"og:site_name\" content=\"21 Panorama\" \/>\n<meta property=\"article:published_time\" content=\"2025-02-08T00:14:09+00:00\" \/>\n<meta property=\"article:modified_time\" content=\"2025-02-08T00:14:10+00:00\" \/>\n<meta property=\"og:image\" content=\"https:\/\/21panorama.com\/wp-content\/uploads\/2025\/02\/WhatsApp-Image-2025-02-07-at-5.12.22-PM-1-1-scaled.jpeg\" \/>\n\t<meta property=\"og:image:width\" content=\"2560\" \/>\n\t<meta property=\"og:image:height\" content=\"1177\" \/>\n\t<meta property=\"og:image:type\" content=\"image\/jpeg\" \/>\n<meta name=\"author\" content=\"admin\" \/>\n<meta name=\"twitter:card\" content=\"summary_large_image\" \/>\n<meta name=\"twitter:label1\" content=\"Escrito por\" \/>\n\t<meta name=\"twitter:data1\" content=\"admin\" \/>\n\t<meta name=\"twitter:label2\" content=\"Tiempo de lectura\" \/>\n\t<meta name=\"twitter:data2\" content=\"4 minutos\" \/>\n<script type=\"application\/ld+json\" class=\"yoast-schema-graph\">{\"@context\":\"https:\/\/schema.org\",\"@graph\":[{\"@type\":\"Article\",\"@id\":\"https:\/\/21panorama.com\/index.php\/2025\/02\/07\/viven-las-familias-una-grave-realidad-con-morena-cristina-ruiz\/#article\",\"isPartOf\":{\"@id\":\"https:\/\/21panorama.com\/index.php\/2025\/02\/07\/viven-las-familias-una-grave-realidad-con-morena-cristina-ruiz\/\"},\"author\":{\"name\":\"admin\",\"@id\":\"https:\/\/21panorama.com\/#\/schema\/person\/1afc291b96d5792a158768324287319f\"},\"headline\":\"VIVEN LAS FAMILIAS UNA GRAVE REALIDAD CON MORENA: CRISTINA RU\u00cdZ\",\"datePublished\":\"2025-02-08T00:14:09+00:00\",\"dateModified\":\"2025-02-08T00:14:10+00:00\",\"mainEntityOfPage\":{\"@id\":\"https:\/\/21panorama.com\/index.php\/2025\/02\/07\/viven-las-familias-una-grave-realidad-con-morena-cristina-ruiz\/\"},\"wordCount\":828,\"commentCount\":0,\"publisher\":{\"@id\":\"https:\/\/21panorama.com\/#organization\"},\"image\":{\"@id\":\"https:\/\/21panorama.com\/index.php\/2025\/02\/07\/viven-las-familias-una-grave-realidad-con-morena-cristina-ruiz\/#primaryimage\"},\"thumbnailUrl\":\"https:\/\/21panorama.com\/wp-content\/uploads\/2025\/02\/WhatsApp-Image-2025-02-07-at-5.12.22-PM-1-1-scaled.jpeg\",\"keywords\":[\"Cristina Ru\u00edz Sandoval\",\"EDOMEX\",\"PRI\"],\"articleSection\":[\"Politica\",\"Sociedad\"],\"inLanguage\":\"es\",\"potentialAction\":[{\"@type\":\"CommentAction\",\"name\":\"Comment\",\"target\":[\"https:\/\/21panorama.com\/index.php\/2025\/02\/07\/viven-las-familias-una-grave-realidad-con-morena-cristina-ruiz\/#respond\"]}]},{\"@type\":\"WebPage\",\"@id\":\"https:\/\/21panorama.com\/index.php\/2025\/02\/07\/viven-las-familias-una-grave-realidad-con-morena-cristina-ruiz\/\",\"url\":\"https:\/\/21panorama.com\/index.php\/2025\/02\/07\/viven-las-familias-una-grave-realidad-con-morena-cristina-ruiz\/\",\"name\":\"VIVEN LAS FAMILIAS UNA GRAVE REALIDAD CON MORENA: CRISTINA RU\u00cdZ - 21 Panorama\",\"isPartOf\":{\"@id\":\"https:\/\/21panorama.com\/#website\"},\"primaryImageOfPage\":{\"@id\":\"https:\/\/21panorama.com\/index.php\/2025\/02\/07\/viven-las-familias-una-grave-realidad-con-morena-cristina-ruiz\/#primaryimage\"},\"image\":{\"@id\":\"https:\/\/21panorama.com\/index.php\/2025\/02\/07\/viven-las-familias-una-grave-realidad-con-morena-cristina-ruiz\/#primaryimage\"},\"thumbnailUrl\":\"https:\/\/21panorama.com\/wp-content\/uploads\/2025\/02\/WhatsApp-Image-2025-02-07-at-5.12.22-PM-1-1-scaled.jpeg\",\"datePublished\":\"2025-02-08T00:14:09+00:00\",\"dateModified\":\"2025-02-08T00:14:10+00:00\",\"breadcrumb\":{\"@id\":\"https:\/\/21panorama.com\/index.php\/2025\/02\/07\/viven-las-familias-una-grave-realidad-con-morena-cristina-ruiz\/#breadcrumb\"},\"inLanguage\":\"es\",\"potentialAction\":[{\"@type\":\"ReadAction\",\"target\":[\"https:\/\/21panorama.com\/index.php\/2025\/02\/07\/viven-las-familias-una-grave-realidad-con-morena-cristina-ruiz\/\"]}]},{\"@type\":\"ImageObject\",\"inLanguage\":\"es\",\"@id\":\"https:\/\/21panorama.com\/index.php\/2025\/02\/07\/viven-las-familias-una-grave-realidad-con-morena-cristina-ruiz\/#primaryimage\",\"url\":\"https:\/\/21panorama.com\/wp-content\/uploads\/2025\/02\/WhatsApp-Image-2025-02-07-at-5.12.22-PM-1-1-scaled.jpeg\",\"contentUrl\":\"https:\/\/21panorama.com\/wp-content\/uploads\/2025\/02\/WhatsApp-Image-2025-02-07-at-5.12.22-PM-1-1-scaled.jpeg\",\"width\":2560,\"height\":1177},{\"@type\":\"BreadcrumbList\",\"@id\":\"https:\/\/21panorama.com\/index.php\/2025\/02\/07\/viven-las-familias-una-grave-realidad-con-morena-cristina-ruiz\/#breadcrumb\",\"itemListElement\":[{\"@type\":\"ListItem\",\"position\":1,\"name\":\"Inicio\",\"item\":\"https:\/\/21panorama.com\/\"},{\"@type\":\"ListItem\",\"position\":2,\"name\":\"VIVEN LAS FAMILIAS UNA GRAVE REALIDAD CON MORENA: CRISTINA RU\u00cdZ\"}]},{\"@type\":\"WebSite\",\"@id\":\"https:\/\/21panorama.com\/#website\",\"url\":\"https:\/\/21panorama.com\/\",\"name\":\"21 Panorama\",\"description\":\"La construcci\u00f3n de la opini\u00f3n p\u00fablica merece un mejor Panorama en este siglo 21 para alcanzar una sociedad con mayor transparencia y sin corrupci\u00f3n.\",\"publisher\":{\"@id\":\"https:\/\/21panorama.com\/#organization\"},\"potentialAction\":[{\"@type\":\"SearchAction\",\"target\":{\"@type\":\"EntryPoint\",\"urlTemplate\":\"https:\/\/21panorama.com\/?s={search_term_string}\"},\"query-input\":{\"@type\":\"PropertyValueSpecification\",\"valueRequired\":true,\"valueName\":\"search_term_string\"}}],\"inLanguage\":\"es\"},{\"@type\":\"Organization\",\"@id\":\"https:\/\/21panorama.com\/#organization\",\"name\":\"21 Panorama\",\"url\":\"https:\/\/21panorama.com\/\",\"logo\":{\"@type\":\"ImageObject\",\"inLanguage\":\"es\",\"@id\":\"https:\/\/21panorama.com\/#\/schema\/logo\/image\/\",\"url\":\"https:\/\/21panorama.com\/wp-content\/uploads\/2019\/07\/cropped-Logo-Panorama-01.jpeg\",\"contentUrl\":\"https:\/\/21panorama.com\/wp-content\/uploads\/2019\/07\/cropped-Logo-Panorama-01.jpeg\",\"width\":290,\"height\":70,\"caption\":\"21 Panorama\"},\"image\":{\"@id\":\"https:\/\/21panorama.com\/#\/schema\/logo\/image\/\"}},{\"@type\":\"Person\",\"@id\":\"https:\/\/21panorama.com\/#\/schema\/person\/1afc291b96d5792a158768324287319f\",\"name\":\"admin\",\"image\":{\"@type\":\"ImageObject\",\"inLanguage\":\"es\",\"@id\":\"https:\/\/21panorama.com\/#\/schema\/person\/image\/\",\"url\":\"https:\/\/secure.gravatar.com\/avatar\/ad365d9d9f46719215b0d042cc3df92a5a8683e09ef13d102233e5491985f0f0?s=96&d=mm&r=g\",\"contentUrl\":\"https:\/\/secure.gravatar.com\/avatar\/ad365d9d9f46719215b0d042cc3df92a5a8683e09ef13d102233e5491985f0f0?s=96&d=mm&r=g\",\"caption\":\"admin\"},\"url\":\"https:\/\/21panorama.com\/index.php\/author\/admin\/\"}]}<\/script>\n<!-- \/ Yoast SEO plugin. -->","yoast_head_json":{"title":"VIVEN LAS FAMILIAS UNA GRAVE REALIDAD CON MORENA: CRISTINA RU\u00cdZ - 21 Panorama","robots":{"index":"index","follow":"follow","max-snippet":"max-snippet:-1","max-image-preview":"max-image-preview:large","max-video-preview":"max-video-preview:-1"},"canonical":"https:\/\/21panorama.com\/index.php\/2025\/02\/07\/viven-las-familias-una-grave-realidad-con-morena-cristina-ruiz\/","og_locale":"es_MX","og_type":"article","og_title":"VIVEN LAS FAMILIAS UNA GRAVE REALIDAD CON MORENA: CRISTINA RU\u00cdZ - 21 Panorama","og_description":"Al dejar en claro que el PRI del Estado de M\u00e9xico ser\u00e1 firme en su lucha por las causas sociales, la Senadora Cristina Ru\u00edz Sandoval, presidenta del Comit\u00e9 Directivo Estatal (CDE), alert\u00f3 sobre la grave situaci\u00f3n que enfrentan las familias por el alza de precios a la canasta b\u00e1sica y exigi\u00f3 la reducci\u00f3n en el costo de la gasolina como lo prometi\u00f3 el partido oficialista desde el sexenio pasado.","og_url":"https:\/\/21panorama.com\/index.php\/2025\/02\/07\/viven-las-familias-una-grave-realidad-con-morena-cristina-ruiz\/","og_site_name":"21 Panorama","article_published_time":"2025-02-08T00:14:09+00:00","article_modified_time":"2025-02-08T00:14:10+00:00","og_image":[{"width":2560,"height":1177,"url":"https:\/\/21panorama.com\/wp-content\/uploads\/2025\/02\/WhatsApp-Image-2025-02-07-at-5.12.22-PM-1-1-scaled.jpeg","type":"image\/jpeg"}],"author":"admin","twitter_card":"summary_large_image","twitter_misc":{"Escrito por":"admin","Tiempo de lectura":"4 minutos"},"schema":{"@context":"https:\/\/schema.org","@graph":[{"@type":"Article","@id":"https:\/\/21panorama.com\/index.php\/2025\/02\/07\/viven-las-familias-una-grave-realidad-con-morena-cristina-ruiz\/#article","isPartOf":{"@id":"https:\/\/21panorama.com\/index.php\/2025\/02\/07\/viven-las-familias-una-grave-realidad-con-morena-cristina-ruiz\/"},"author":{"name":"admin","@id":"https:\/\/21panorama.com\/#\/schema\/person\/1afc291b96d5792a158768324287319f"},"headline":"VIVEN LAS FAMILIAS UNA GRAVE REALIDAD CON MORENA: CRISTINA RU\u00cdZ","datePublished":"2025-02-08T00:14:09+00:00","dateModified":"2025-02-08T00:14:10+00:00","mainEntityOfPage":{"@id":"https:\/\/21panorama.com\/index.php\/2025\/02\/07\/viven-las-familias-una-grave-realidad-con-morena-cristina-ruiz\/"},"wordCount":828,"commentCount":0,"publisher":{"@id":"https:\/\/21panorama.com\/#organization"},"image":{"@id":"https:\/\/21panorama.com\/index.php\/2025\/02\/07\/viven-las-familias-una-grave-realidad-con-morena-cristina-ruiz\/#primaryimage"},"thumbnailUrl":"https:\/\/21panorama.com\/wp-content\/uploads\/2025\/02\/WhatsApp-Image-2025-02-07-at-5.12.22-PM-1-1-scaled.jpeg","keywords":["Cristina Ru\u00edz Sandoval","EDOMEX","PRI"],"articleSection":["Politica","Sociedad"],"inLanguage":"es","potentialAction":[{"@type":"CommentAction","name":"Comment","target":["https:\/\/21panorama.com\/index.php\/2025\/02\/07\/viven-las-familias-una-grave-realidad-con-morena-cristina-ruiz\/#respond"]}]},{"@type":"WebPage","@id":"https:\/\/21panorama.com\/index.php\/2025\/02\/07\/viven-las-familias-una-grave-realidad-con-morena-cristina-ruiz\/","url":"https:\/\/21panorama.com\/index.php\/2025\/02\/07\/viven-las-familias-una-grave-realidad-con-morena-cristina-ruiz\/","name":"VIVEN LAS FAMILIAS UNA GRAVE REALIDAD CON MORENA: CRISTINA RU\u00cdZ - 21 Panorama","isPartOf":{"@id":"https:\/\/21panorama.com\/#website"},"primaryImageOfPage":{"@id":"https:\/\/21panorama.com\/index.php\/2025\/02\/07\/viven-las-familias-una-grave-realidad-con-morena-cristina-ruiz\/#primaryimage"},"image":{"@id":"https:\/\/21panorama.com\/index.php\/2025\/02\/07\/viven-las-familias-una-grave-realidad-con-morena-cristina-ruiz\/#primaryimage"},"thumbnailUrl":"https:\/\/21panorama.com\/wp-content\/uploads\/2025\/02\/WhatsApp-Image-2025-02-07-at-5.12.22-PM-1-1-scaled.jpeg","datePublished":"2025-02-08T00:14:09+00:00","dateModified":"2025-02-08T00:14:10+00:00","breadcrumb":{"@id":"https:\/\/21panorama.com\/index.php\/2025\/02\/07\/viven-las-familias-una-grave-realidad-con-morena-cristina-ruiz\/#breadcrumb"},"inLanguage":"es","potentialAction":[{"@type":"ReadAction","target":["https:\/\/21panorama.com\/index.php\/2025\/02\/07\/viven-las-familias-una-grave-realidad-con-morena-cristina-ruiz\/"]}]},{"@type":"ImageObject","inLanguage":"es","@id":"https:\/\/21panorama.com\/index.php\/2025\/02\/07\/viven-las-familias-una-grave-realidad-con-morena-cristina-ruiz\/#primaryimage","url":"https:\/\/21panorama.com\/wp-content\/uploads\/2025\/02\/WhatsApp-Image-2025-02-07-at-5.12.22-PM-1-1-scaled.jpeg","contentUrl":"https:\/\/21panorama.com\/wp-content\/uploads\/2025\/02\/WhatsApp-Image-2025-02-07-at-5.12.22-PM-1-1-scaled.jpeg","width":2560,"height":1177},{"@type":"BreadcrumbList","@id":"https:\/\/21panorama.com\/index.php\/2025\/02\/07\/viven-las-familias-una-grave-realidad-con-morena-cristina-ruiz\/#breadcrumb","itemListElement":[{"@type":"ListItem","position":1,"name":"Inicio","item":"https:\/\/21panorama.com\/"},{"@type":"ListItem","position":2,"name":"VIVEN LAS FAMILIAS UNA GRAVE REALIDAD CON MORENA: CRISTINA RU\u00cdZ"}]},{"@type":"WebSite","@id":"https:\/\/21panorama.com\/#website","url":"https:\/\/21panorama.com\/","name":"21 Panorama","description":"La construcci\u00f3n de la opini\u00f3n p\u00fablica merece un mejor Panorama en este siglo 21 para alcanzar una sociedad con mayor transparencia y sin corrupci\u00f3n.","publisher":{"@id":"https:\/\/21panorama.com\/#organization"},"potentialAction":[{"@type":"SearchAction","target":{"@type":"EntryPoint","urlTemplate":"https:\/\/21panorama.com\/?s={search_term_string}"},"query-input":{"@type":"PropertyValueSpecification","valueRequired":true,"valueName":"search_term_string"}}],"inLanguage":"es"},{"@type":"Organization","@id":"https:\/\/21panorama.com\/#organization","name":"21 Panorama","url":"https:\/\/21panorama.com\/","logo":{"@type":"ImageObject","inLanguage":"es","@id":"https:\/\/21panorama.com\/#\/schema\/logo\/image\/","url":"https:\/\/21panorama.com\/wp-content\/uploads\/2019\/07\/cropped-Logo-Panorama-01.jpeg","contentUrl":"https:\/\/21panorama.com\/wp-content\/uploads\/2019\/07\/cropped-Logo-Panorama-01.jpeg","width":290,"height":70,"caption":"21 Panorama"},"image":{"@id":"https:\/\/21panorama.com\/#\/schema\/logo\/image\/"}},{"@type":"Person","@id":"https:\/\/21panorama.com\/#\/schema\/person\/1afc291b96d5792a158768324287319f","name":"admin","image":{"@type":"ImageObject","inLanguage":"es","@id":"https:\/\/21panorama.com\/#\/schema\/person\/image\/","url":"https:\/\/secure.gravatar.com\/avatar\/ad365d9d9f46719215b0d042cc3df92a5a8683e09ef13d102233e5491985f0f0?s=96&d=mm&r=g","contentUrl":"https:\/\/secure.gravatar.com\/avatar\/ad365d9d9f46719215b0d042cc3df92a5a8683e09ef13d102233e5491985f0f0?s=96&d=mm&r=g","caption":"admin"},"url":"https:\/\/21panorama.com\/index.php\/author\/admin\/"}]}},"_links":{"self":[{"href":"https:\/\/21panorama.com\/index.php\/wp-json\/wp\/v2\/posts\/5833","targetHints":{"allow":["GET"]}}],"collection":[{"href":"https:\/\/21panorama.com\/index.php\/wp-json\/wp\/v2\/posts"}],"about":[{"href":"https:\/\/21panorama.com\/index.php\/wp-json\/wp\/v2\/types\/post"}],"author":[{"embeddable":true,"href":"https:\/\/21panorama.com\/index.php\/wp-json\/wp\/v2\/users\/1"}],"replies":[{"embeddable":true,"href":"https:\/\/21panorama.com\/index.php\/wp-json\/wp\/v2\/comments?post=5833"}],"version-history":[{"count":1,"href":"https:\/\/21panorama.com\/index.php\/wp-json\/wp\/v2\/posts\/5833\/revisions"}],"predecessor-version":[{"id":5835,"href":"https:\/\/21panorama.com\/index.php\/wp-json\/wp\/v2\/posts\/5833\/revisions\/5835"}],"wp:featuredmedia":[{"embeddable":true,"href":"https:\/\/21panorama.com\/index.php\/wp-json\/wp\/v2\/media\/5834"}],"wp:attachment":[{"href":"https:\/\/21panorama.com\/index.php\/wp-json\/wp\/v2\/media?parent=5833"}],"wp:term":[{"taxonomy":"category","embeddable":true,"href":"https:\/\/21panorama.com\/index.php\/wp-json\/wp\/v2\/categories?post=5833"},{"taxonomy":"post_tag","embeddable":true,"href":"https:\/\/21panorama.com\/index.php\/wp-json\/wp\/v2\/tags?post=5833"}],"curies":[{"name":"wp","href":"https:\/\/api.w.org\/{rel}","templated":true}]}}