{"id":5823,"date":"2025-02-05T22:20:53","date_gmt":"2025-02-06T04:20:53","guid":{"rendered":"https:\/\/21panorama.com\/?p=5823"},"modified":"2025-02-05T22:20:54","modified_gmt":"2025-02-06T04:20:54","slug":"publican-bando-municipal-actualizado-en-villa-victoria","status":"publish","type":"post","link":"https:\/\/21panorama.com\/index.php\/2025\/02\/05\/publican-bando-municipal-actualizado-en-villa-victoria\/","title":{"rendered":"PUBLICAN BANDO MUNICIPAL ACTUALIZADO EN VILLA VICTORIA"},"content":{"rendered":"\n<p>Al conmemorar el 108 Aniversario de la Constituci\u00f3n Pol\u00edtica de los Estados Unidos Mexicanos, el Presidente Municipal, Mario Santana Carbajal, y los integrantes del cabildo publicaron el Bando Municipal de Villa Victoria 2025.<\/p>\n\n\n\n<p>El ordenamiento jur\u00eddico municipal fue colocado en diversos puntos de la Cabecera y entregado a las autoridades auxiliares, para su difusi\u00f3n en las comunidades, ya que contiene las normas y reglamentos que deben cumplir quienes habitan o circulan por el territorio.<\/p>\n\n\n\n<p>El desplegado jur\u00eddico tiene como objetivo favorecer la sana convivencia; as\u00ed como los derechos de los ciudadanos de esta demarcaci\u00f3n.<\/p>\n\n\n\n<p>En este acto conmemorativo, la rese\u00f1a hist\u00f3rica fue realizada por el profesor Filiberto M\u00e9ndez Bernal, en representaci\u00f3n de la Escuela Secundaria Oficial &#8220;Lic Benito Ju\u00e1rez&#8221;, quien destac\u00f3 que la Carta Magna sigue vigente y es garant\u00eda de respeto de los derechos individuales de las y los mexicanos.<\/p>\n\n\n\n<p>Despu\u00e9s de la ceremonia del 108 Aniversario de la Promulgaci\u00f3n de la Constituci\u00f3n de 1917, se inici\u00f3 la construcci\u00f3n del puente que conectar\u00e1 la Presidencia con la Comisar\u00eda de Seguridad P\u00fablica y el nuevo auditorio, ya que el actual tambi\u00e9n ser\u00e1 remodelado.<\/p>\n\n\n\n<p>En la ceremonia, la directora del plantel 0067 \u201cBenito Ju\u00e1rez Garc\u00eda\u201d, Gladis Guadalupe Mendieta Reyes, record\u00f3 que la Constituci\u00f3n de 1917 fue una respuesta a los ideales de justicia, libertad y democracia del pa\u00eds; por lo que llam\u00f3 a reconocer el esfuerzo y visi\u00f3n de quienes lucharon por un M\u00e9xico m\u00e1s justo y equitativo, as\u00ed como a refrendar el compromiso con un M\u00e9xico mejor.<\/p>\n","protected":false},"excerpt":{"rendered":"<p>Al conmemorar el 108 Aniversario de la Constituci\u00f3n Pol\u00edtica de los Estados Unidos Mexicanos, el Presidente Municipal, Mario Santana Carbajal, y los integrantes del cabildo publicaron el Bando Municipal de Villa Victoria 2025.<\/p>\n","protected":false},"author":1,"featured_media":5824,"comment_status":"open","ping_status":"open","sticky":false,"template":"","format":"standard","meta":{"footnotes":""},"categories":[12,1],"tags":[97,222,401,402],"class_list":["post-5823","post","type-post","status-publish","format-standard","has-post-thumbnail","hentry","category-politica","category-sociedad","tag-edomex","tag-gem","tag-mario-santana","tag-villa-victoria"],"yoast_head":"<!-- This site is optimized with the Yoast SEO plugin v24.9 - https:\/\/yoast.com\/wordpress\/plugins\/seo\/ -->\n<title>PUBLICAN BANDO MUNICIPAL ACTUALIZADO EN VILLA VICTORIA - 21 Panorama<\/title>\n<meta name=\"robots\" content=\"index, follow, max-snippet:-1, max-image-preview:large, max-video-preview:-1\" \/>\n<link rel=\"canonical\" href=\"https:\/\/21panorama.com\/index.php\/2025\/02\/05\/publican-bando-municipal-actualizado-en-villa-victoria\/\" \/>\n<meta property=\"og:locale\" content=\"es_MX\" \/>\n<meta property=\"og:type\" content=\"article\" \/>\n<meta property=\"og:title\" content=\"PUBLICAN BANDO MUNICIPAL ACTUALIZADO EN VILLA VICTORIA - 21 Panorama\" \/>\n<meta property=\"og:description\" content=\"Al conmemorar el 108 Aniversario de la Constituci\u00f3n Pol\u00edtica de los Estados Unidos Mexicanos, el Presidente Municipal, Mario Santana Carbajal, y los integrantes del cabildo publicaron el Bando Municipal de Villa Victoria 2025.\" \/>\n<meta property=\"og:url\" content=\"https:\/\/21panorama.com\/index.php\/2025\/02\/05\/publican-bando-municipal-actualizado-en-villa-victoria\/\" \/>\n<meta property=\"og:site_name\" content=\"21 Panorama\" \/>\n<meta property=\"article:published_time\" content=\"2025-02-06T04:20:53+00:00\" \/>\n<meta property=\"article:modified_time\" content=\"2025-02-06T04:20:54+00:00\" \/>\n<meta property=\"og:image\" content=\"https:\/\/21panorama.com\/wp-content\/uploads\/2025\/02\/WhatsApp-Image-2025-02-05-at-9.17.16-PM.jpeg\" \/>\n\t<meta property=\"og:image:width\" content=\"1600\" \/>\n\t<meta property=\"og:image:height\" content=\"1066\" \/>\n\t<meta property=\"og:image:type\" content=\"image\/jpeg\" \/>\n<meta name=\"author\" content=\"admin\" \/>\n<meta name=\"twitter:card\" content=\"summary_large_image\" \/>\n<meta name=\"twitter:label1\" content=\"Escrito por\" \/>\n\t<meta name=\"twitter:data1\" content=\"admin\" \/>\n\t<meta name=\"twitter:label2\" content=\"Tiempo de lectura\" \/>\n\t<meta name=\"twitter:data2\" content=\"2 minutos\" \/>\n<script type=\"application\/ld+json\" class=\"yoast-schema-graph\">{\"@context\":\"https:\/\/schema.org\",\"@graph\":[{\"@type\":\"Article\",\"@id\":\"https:\/\/21panorama.com\/index.php\/2025\/02\/05\/publican-bando-municipal-actualizado-en-villa-victoria\/#article\",\"isPartOf\":{\"@id\":\"https:\/\/21panorama.com\/index.php\/2025\/02\/05\/publican-bando-municipal-actualizado-en-villa-victoria\/\"},\"author\":{\"name\":\"admin\",\"@id\":\"https:\/\/21panorama.com\/#\/schema\/person\/1afc291b96d5792a158768324287319f\"},\"headline\":\"PUBLICAN BANDO MUNICIPAL ACTUALIZADO EN VILLA VICTORIA\",\"datePublished\":\"2025-02-06T04:20:53+00:00\",\"dateModified\":\"2025-02-06T04:20:54+00:00\",\"mainEntityOfPage\":{\"@id\":\"https:\/\/21panorama.com\/index.php\/2025\/02\/05\/publican-bando-municipal-actualizado-en-villa-victoria\/\"},\"wordCount\":275,\"commentCount\":0,\"publisher\":{\"@id\":\"https:\/\/21panorama.com\/#organization\"},\"image\":{\"@id\":\"https:\/\/21panorama.com\/index.php\/2025\/02\/05\/publican-bando-municipal-actualizado-en-villa-victoria\/#primaryimage\"},\"thumbnailUrl\":\"https:\/\/21panorama.com\/wp-content\/uploads\/2025\/02\/WhatsApp-Image-2025-02-05-at-9.17.16-PM.jpeg\",\"keywords\":[\"EDOMEX\",\"GEM\",\"Mario Santana\",\"Villa Victoria\"],\"articleSection\":[\"Politica\",\"Sociedad\"],\"inLanguage\":\"es\",\"potentialAction\":[{\"@type\":\"CommentAction\",\"name\":\"Comment\",\"target\":[\"https:\/\/21panorama.com\/index.php\/2025\/02\/05\/publican-bando-municipal-actualizado-en-villa-victoria\/#respond\"]}]},{\"@type\":\"WebPage\",\"@id\":\"https:\/\/21panorama.com\/index.php\/2025\/02\/05\/publican-bando-municipal-actualizado-en-villa-victoria\/\",\"url\":\"https:\/\/21panorama.com\/index.php\/2025\/02\/05\/publican-bando-municipal-actualizado-en-villa-victoria\/\",\"name\":\"PUBLICAN BANDO MUNICIPAL ACTUALIZADO EN VILLA VICTORIA - 21 Panorama\",\"isPartOf\":{\"@id\":\"https:\/\/21panorama.com\/#website\"},\"primaryImageOfPage\":{\"@id\":\"https:\/\/21panorama.com\/index.php\/2025\/02\/05\/publican-bando-municipal-actualizado-en-villa-victoria\/#primaryimage\"},\"image\":{\"@id\":\"https:\/\/21panorama.com\/index.php\/2025\/02\/05\/publican-bando-municipal-actualizado-en-villa-victoria\/#primaryimage\"},\"thumbnailUrl\":\"https:\/\/21panorama.com\/wp-content\/uploads\/2025\/02\/WhatsApp-Image-2025-02-05-at-9.17.16-PM.jpeg\",\"datePublished\":\"2025-02-06T04:20:53+00:00\",\"dateModified\":\"2025-02-06T04:20:54+00:00\",\"breadcrumb\":{\"@id\":\"https:\/\/21panorama.com\/index.php\/2025\/02\/05\/publican-bando-municipal-actualizado-en-villa-victoria\/#breadcrumb\"},\"inLanguage\":\"es\",\"potentialAction\":[{\"@type\":\"ReadAction\",\"target\":[\"https:\/\/21panorama.com\/index.php\/2025\/02\/05\/publican-bando-municipal-actualizado-en-villa-victoria\/\"]}]},{\"@type\":\"ImageObject\",\"inLanguage\":\"es\",\"@id\":\"https:\/\/21panorama.com\/index.php\/2025\/02\/05\/publican-bando-municipal-actualizado-en-villa-victoria\/#primaryimage\",\"url\":\"https:\/\/21panorama.com\/wp-content\/uploads\/2025\/02\/WhatsApp-Image-2025-02-05-at-9.17.16-PM.jpeg\",\"contentUrl\":\"https:\/\/21panorama.com\/wp-content\/uploads\/2025\/02\/WhatsApp-Image-2025-02-05-at-9.17.16-PM.jpeg\",\"width\":1600,\"height\":1066},{\"@type\":\"BreadcrumbList\",\"@id\":\"https:\/\/21panorama.com\/index.php\/2025\/02\/05\/publican-bando-municipal-actualizado-en-villa-victoria\/#breadcrumb\",\"itemListElement\":[{\"@type\":\"ListItem\",\"position\":1,\"name\":\"Inicio\",\"item\":\"https:\/\/21panorama.com\/\"},{\"@type\":\"ListItem\",\"position\":2,\"name\":\"PUBLICAN BANDO MUNICIPAL ACTUALIZADO EN VILLA VICTORIA\"}]},{\"@type\":\"WebSite\",\"@id\":\"https:\/\/21panorama.com\/#website\",\"url\":\"https:\/\/21panorama.com\/\",\"name\":\"21 Panorama\",\"description\":\"La construcci\u00f3n de la opini\u00f3n p\u00fablica merece un mejor Panorama en este siglo 21 para alcanzar una sociedad con mayor transparencia y sin corrupci\u00f3n.\",\"publisher\":{\"@id\":\"https:\/\/21panorama.com\/#organization\"},\"potentialAction\":[{\"@type\":\"SearchAction\",\"target\":{\"@type\":\"EntryPoint\",\"urlTemplate\":\"https:\/\/21panorama.com\/?s={search_term_string}\"},\"query-input\":{\"@type\":\"PropertyValueSpecification\",\"valueRequired\":true,\"valueName\":\"search_term_string\"}}],\"inLanguage\":\"es\"},{\"@type\":\"Organization\",\"@id\":\"https:\/\/21panorama.com\/#organization\",\"name\":\"21 Panorama\",\"url\":\"https:\/\/21panorama.com\/\",\"logo\":{\"@type\":\"ImageObject\",\"inLanguage\":\"es\",\"@id\":\"https:\/\/21panorama.com\/#\/schema\/logo\/image\/\",\"url\":\"https:\/\/21panorama.com\/wp-content\/uploads\/2019\/07\/cropped-Logo-Panorama-01.jpeg\",\"contentUrl\":\"https:\/\/21panorama.com\/wp-content\/uploads\/2019\/07\/cropped-Logo-Panorama-01.jpeg\",\"width\":290,\"height\":70,\"caption\":\"21 Panorama\"},\"image\":{\"@id\":\"https:\/\/21panorama.com\/#\/schema\/logo\/image\/\"}},{\"@type\":\"Person\",\"@id\":\"https:\/\/21panorama.com\/#\/schema\/person\/1afc291b96d5792a158768324287319f\",\"name\":\"admin\",\"image\":{\"@type\":\"ImageObject\",\"inLanguage\":\"es\",\"@id\":\"https:\/\/21panorama.com\/#\/schema\/person\/image\/\",\"url\":\"https:\/\/secure.gravatar.com\/avatar\/ad365d9d9f46719215b0d042cc3df92a5a8683e09ef13d102233e5491985f0f0?s=96&d=mm&r=g\",\"contentUrl\":\"https:\/\/secure.gravatar.com\/avatar\/ad365d9d9f46719215b0d042cc3df92a5a8683e09ef13d102233e5491985f0f0?s=96&d=mm&r=g\",\"caption\":\"admin\"},\"url\":\"https:\/\/21panorama.com\/index.php\/author\/admin\/\"}]}<\/script>\n<!-- \/ Yoast SEO plugin. -->","yoast_head_json":{"title":"PUBLICAN BANDO MUNICIPAL ACTUALIZADO EN VILLA VICTORIA - 21 Panorama","robots":{"index":"index","follow":"follow","max-snippet":"max-snippet:-1","max-image-preview":"max-image-preview:large","max-video-preview":"max-video-preview:-1"},"canonical":"https:\/\/21panorama.com\/index.php\/2025\/02\/05\/publican-bando-municipal-actualizado-en-villa-victoria\/","og_locale":"es_MX","og_type":"article","og_title":"PUBLICAN BANDO MUNICIPAL ACTUALIZADO EN VILLA VICTORIA - 21 Panorama","og_description":"Al conmemorar el 108 Aniversario de la Constituci\u00f3n Pol\u00edtica de los Estados Unidos Mexicanos, el Presidente Municipal, Mario Santana Carbajal, y los integrantes del cabildo publicaron el Bando Municipal de Villa Victoria 2025.","og_url":"https:\/\/21panorama.com\/index.php\/2025\/02\/05\/publican-bando-municipal-actualizado-en-villa-victoria\/","og_site_name":"21 Panorama","article_published_time":"2025-02-06T04:20:53+00:00","article_modified_time":"2025-02-06T04:20:54+00:00","og_image":[{"width":1600,"height":1066,"url":"https:\/\/21panorama.com\/wp-content\/uploads\/2025\/02\/WhatsApp-Image-2025-02-05-at-9.17.16-PM.jpeg","type":"image\/jpeg"}],"author":"admin","twitter_card":"summary_large_image","twitter_misc":{"Escrito por":"admin","Tiempo de lectura":"2 minutos"},"schema":{"@context":"https:\/\/schema.org","@graph":[{"@type":"Article","@id":"https:\/\/21panorama.com\/index.php\/2025\/02\/05\/publican-bando-municipal-actualizado-en-villa-victoria\/#article","isPartOf":{"@id":"https:\/\/21panorama.com\/index.php\/2025\/02\/05\/publican-bando-municipal-actualizado-en-villa-victoria\/"},"author":{"name":"admin","@id":"https:\/\/21panorama.com\/#\/schema\/person\/1afc291b96d5792a158768324287319f"},"headline":"PUBLICAN BANDO MUNICIPAL ACTUALIZADO EN VILLA VICTORIA","datePublished":"2025-02-06T04:20:53+00:00","dateModified":"2025-02-06T04:20:54+00:00","mainEntityOfPage":{"@id":"https:\/\/21panorama.com\/index.php\/2025\/02\/05\/publican-bando-municipal-actualizado-en-villa-victoria\/"},"wordCount":275,"commentCount":0,"publisher":{"@id":"https:\/\/21panorama.com\/#organization"},"image":{"@id":"https:\/\/21panorama.com\/index.php\/2025\/02\/05\/publican-bando-municipal-actualizado-en-villa-victoria\/#primaryimage"},"thumbnailUrl":"https:\/\/21panorama.com\/wp-content\/uploads\/2025\/02\/WhatsApp-Image-2025-02-05-at-9.17.16-PM.jpeg","keywords":["EDOMEX","GEM","Mario Santana","Villa Victoria"],"articleSection":["Politica","Sociedad"],"inLanguage":"es","potentialAction":[{"@type":"CommentAction","name":"Comment","target":["https:\/\/21panorama.com\/index.php\/2025\/02\/05\/publican-bando-municipal-actualizado-en-villa-victoria\/#respond"]}]},{"@type":"WebPage","@id":"https:\/\/21panorama.com\/index.php\/2025\/02\/05\/publican-bando-municipal-actualizado-en-villa-victoria\/","url":"https:\/\/21panorama.com\/index.php\/2025\/02\/05\/publican-bando-municipal-actualizado-en-villa-victoria\/","name":"PUBLICAN BANDO MUNICIPAL ACTUALIZADO EN VILLA VICTORIA - 21 Panorama","isPartOf":{"@id":"https:\/\/21panorama.com\/#website"},"primaryImageOfPage":{"@id":"https:\/\/21panorama.com\/index.php\/2025\/02\/05\/publican-bando-municipal-actualizado-en-villa-victoria\/#primaryimage"},"image":{"@id":"https:\/\/21panorama.com\/index.php\/2025\/02\/05\/publican-bando-municipal-actualizado-en-villa-victoria\/#primaryimage"},"thumbnailUrl":"https:\/\/21panorama.com\/wp-content\/uploads\/2025\/02\/WhatsApp-Image-2025-02-05-at-9.17.16-PM.jpeg","datePublished":"2025-02-06T04:20:53+00:00","dateModified":"2025-02-06T04:20:54+00:00","breadcrumb":{"@id":"https:\/\/21panorama.com\/index.php\/2025\/02\/05\/publican-bando-municipal-actualizado-en-villa-victoria\/#breadcrumb"},"inLanguage":"es","potentialAction":[{"@type":"ReadAction","target":["https:\/\/21panorama.com\/index.php\/2025\/02\/05\/publican-bando-municipal-actualizado-en-villa-victoria\/"]}]},{"@type":"ImageObject","inLanguage":"es","@id":"https:\/\/21panorama.com\/index.php\/2025\/02\/05\/publican-bando-municipal-actualizado-en-villa-victoria\/#primaryimage","url":"https:\/\/21panorama.com\/wp-content\/uploads\/2025\/02\/WhatsApp-Image-2025-02-05-at-9.17.16-PM.jpeg","contentUrl":"https:\/\/21panorama.com\/wp-content\/uploads\/2025\/02\/WhatsApp-Image-2025-02-05-at-9.17.16-PM.jpeg","width":1600,"height":1066},{"@type":"BreadcrumbList","@id":"https:\/\/21panorama.com\/index.php\/2025\/02\/05\/publican-bando-municipal-actualizado-en-villa-victoria\/#breadcrumb","itemListElement":[{"@type":"ListItem","position":1,"name":"Inicio","item":"https:\/\/21panorama.com\/"},{"@type":"ListItem","position":2,"name":"PUBLICAN BANDO MUNICIPAL ACTUALIZADO EN VILLA VICTORIA"}]},{"@type":"WebSite","@id":"https:\/\/21panorama.com\/#website","url":"https:\/\/21panorama.com\/","name":"21 Panorama","description":"La construcci\u00f3n de la opini\u00f3n p\u00fablica merece un mejor Panorama en este siglo 21 para alcanzar una sociedad con mayor transparencia y sin corrupci\u00f3n.","publisher":{"@id":"https:\/\/21panorama.com\/#organization"},"potentialAction":[{"@type":"SearchAction","target":{"@type":"EntryPoint","urlTemplate":"https:\/\/21panorama.com\/?s={search_term_string}"},"query-input":{"@type":"PropertyValueSpecification","valueRequired":true,"valueName":"search_term_string"}}],"inLanguage":"es"},{"@type":"Organization","@id":"https:\/\/21panorama.com\/#organization","name":"21 Panorama","url":"https:\/\/21panorama.com\/","logo":{"@type":"ImageObject","inLanguage":"es","@id":"https:\/\/21panorama.com\/#\/schema\/logo\/image\/","url":"https:\/\/21panorama.com\/wp-content\/uploads\/2019\/07\/cropped-Logo-Panorama-01.jpeg","contentUrl":"https:\/\/21panorama.com\/wp-content\/uploads\/2019\/07\/cropped-Logo-Panorama-01.jpeg","width":290,"height":70,"caption":"21 Panorama"},"image":{"@id":"https:\/\/21panorama.com\/#\/schema\/logo\/image\/"}},{"@type":"Person","@id":"https:\/\/21panorama.com\/#\/schema\/person\/1afc291b96d5792a158768324287319f","name":"admin","image":{"@type":"ImageObject","inLanguage":"es","@id":"https:\/\/21panorama.com\/#\/schema\/person\/image\/","url":"https:\/\/secure.gravatar.com\/avatar\/ad365d9d9f46719215b0d042cc3df92a5a8683e09ef13d102233e5491985f0f0?s=96&d=mm&r=g","contentUrl":"https:\/\/secure.gravatar.com\/avatar\/ad365d9d9f46719215b0d042cc3df92a5a8683e09ef13d102233e5491985f0f0?s=96&d=mm&r=g","caption":"admin"},"url":"https:\/\/21panorama.com\/index.php\/author\/admin\/"}]}},"_links":{"self":[{"href":"https:\/\/21panorama.com\/index.php\/wp-json\/wp\/v2\/posts\/5823","targetHints":{"allow":["GET"]}}],"collection":[{"href":"https:\/\/21panorama.com\/index.php\/wp-json\/wp\/v2\/posts"}],"about":[{"href":"https:\/\/21panorama.com\/index.php\/wp-json\/wp\/v2\/types\/post"}],"author":[{"embeddable":true,"href":"https:\/\/21panorama.com\/index.php\/wp-json\/wp\/v2\/users\/1"}],"replies":[{"embeddable":true,"href":"https:\/\/21panorama.com\/index.php\/wp-json\/wp\/v2\/comments?post=5823"}],"version-history":[{"count":1,"href":"https:\/\/21panorama.com\/index.php\/wp-json\/wp\/v2\/posts\/5823\/revisions"}],"predecessor-version":[{"id":5825,"href":"https:\/\/21panorama.com\/index.php\/wp-json\/wp\/v2\/posts\/5823\/revisions\/5825"}],"wp:featuredmedia":[{"embeddable":true,"href":"https:\/\/21panorama.com\/index.php\/wp-json\/wp\/v2\/media\/5824"}],"wp:attachment":[{"href":"https:\/\/21panorama.com\/index.php\/wp-json\/wp\/v2\/media?parent=5823"}],"wp:term":[{"taxonomy":"category","embeddable":true,"href":"https:\/\/21panorama.com\/index.php\/wp-json\/wp\/v2\/categories?post=5823"},{"taxonomy":"post_tag","embeddable":true,"href":"https:\/\/21panorama.com\/index.php\/wp-json\/wp\/v2\/tags?post=5823"}],"curies":[{"name":"wp","href":"https:\/\/api.w.org\/{rel}","templated":true}]}}