{"id":5820,"date":"2025-02-05T22:04:28","date_gmt":"2025-02-06T04:04:28","guid":{"rendered":"https:\/\/21panorama.com\/?p=5820"},"modified":"2025-02-05T22:04:28","modified_gmt":"2025-02-06T04:04:28","slug":"acreditada-trayectoria-de-nuevos-integrantes-del-comite-estatal-del-pri","status":"publish","type":"post","link":"https:\/\/21panorama.com\/index.php\/2025\/02\/05\/acreditada-trayectoria-de-nuevos-integrantes-del-comite-estatal-del-pri\/","title":{"rendered":"ACREDITADA TRAYECTORIA DE NUEVOS INTEGRANTES DEL COMIT\u00c9 ESTATAL DEL PRI"},"content":{"rendered":"\n<p>Al Comit\u00e9 Directivo Estatal (CDE) del PRI del Estado de M\u00e9xico llegaron nuevos integrantes que se incorporan a las Secretar\u00edas de Organizaci\u00f3n, Operaci\u00f3n Pol\u00edtica, Gesti\u00f3n Social, Vocer\u00eda y Jefatura de Oficina de la Presidencia.<\/p>\n\n\n\n<p>Tienen acreditada experiencia pol\u00edtica y administrativa; con probada lealtad al partido son producto del esfuerzo y trabajo en &nbsp;territorio; &nbsp;congruentes y con memoria pol\u00edtica que saben trabajar con sensibilidad y eficacia.<\/p>\n\n\n\n<p>Cristina Gonz\u00e1lez Cruz se incorpora como Secretaria de Organizaci\u00f3n. Es originaria del municipio de La Paz. Licenciada en Derecho ha cursado diplomados en Juicio de Amparo y Derecho Procesal Laboral. Fue Presidenta Municipal de La Paz y se ha desempe\u00f1ado como Procuradora de la Defensa del Menor y la Familia en La Paz. Fue diputada federal en la LXII Legislatura, representando al Distrito 39 de Los Reyes Acaquilpan.<br>\u00a0<br>Angelina Carre\u00f1o Mijares se suma a Operaci\u00f3n Pol\u00edtica. Es originaria del municipio de Nicol\u00e1s Romero. Licenciada en Derecho por la Universidad Tecnol\u00f3gica de M\u00e9xico. Fue diputada federal en la LXII Legislatura, participando en comisiones como la de Presupuesto y Cuenta P\u00fablica. Fue presidenta municipal de Nicol\u00e1s Romero y se desempe\u00f1\u00f3 como Directora General de Administraci\u00f3n en la Secretar\u00eda de Desarrollo Social del Estado de M\u00e9xico.<br>\u00a0<br>Melissa Vargas Camacho llega a Gesti\u00f3n Social del PRI. Es originaria de Toluca. Licenciada en Ciencias Pol\u00edticas y Administraci\u00f3n P\u00fablica por la Universidad Aut\u00f3noma del Estado de M\u00e9xico. Fue diputada federal, integrante de las comisiones de Igualdad de G\u00e9nero y Atenci\u00f3n a Grupos Vulnerables. Adem\u00e1s, se desempe\u00f1\u00f3 como S\u00edndica del Ayuntamiento de Toluca, Directora General del Instituto Mexiquense de la Juventud y Vocal Ejecutiva del Consejo Estatal de la Mujer.<br>\u00a0<br>Lizeth Sandoval Colindres fue nombrada Vocera del CDE del PRI. Es originaria de San Antonio la Isla. Licenciada en Ciencias Pol\u00edticas y Administraci\u00f3n P\u00fablica por la Universidad Aut\u00f3noma del Estado de M\u00e9xico (UAEM\u00e9x), con Maestr\u00eda en Ciencias Pol\u00edticas y Sociales.<\/p>\n\n\n\n<p>Diputada Federal Suplente (2012-2015) durante la LXII Legislatura. Como Diputada Local (2015-2018) represent\u00f3 al Distrito V con cabecera en Tenango del Valle en la LIX Legislatura del Estado de M\u00e9xico. Como presidenta municipal de San Antonio La Isla ejerci\u00f3 en dos periodos: 2019-2021 y 2022-2024, siendo la primera en ser reelecta en la historia&nbsp;del&nbsp;municipio.<\/p>\n\n\n\n<p>El Jefe de la Oficina de la Presidencia es Benjam\u00edn Fournier Espinosa, originario del municipio de El Oro. Tiene Maestr\u00eda en Alta Direcci\u00f3n de Gobierno y Pol\u00edticas P\u00fablicas por la Fundaci\u00f3n Ortega Vasconcelos y una Licenciatura en Arquitectura y Arte por la UAEM.<\/p>\n\n\n\n<p>Ha ocupado m\u00faltiples cargos dentro del PRI, incluyendo la Coordinaci\u00f3n de Asesores del CDE del PRI y Coordinador de Delegados Especiales y de Zonas, Coordinador Estatal de Activismo Pol\u00edtico, Secretario T\u00e9cnico del Consejo Pol\u00edtico Estatal, Coordinador Regi\u00f3n VIII Metepec del CDE del PRI y Delegado General del CEN en Baja California.<\/p>\n\n\n\n<p>Se desempe\u00f1\u00f3 en cargos de alto nivel en la administraci\u00f3n p\u00fablica, como Director General de Obras P\u00fablicas, Secretario de Desarrollo Urbano y Obras P\u00fablicas, Secretario de Agua, Obra P\u00fablica e Infraestructura para el Desarrollo en el Estado de M\u00e9xico, Subsecretario de Desarrollo Municipal y Subsecretario de Desarrollo Pol\u00edtico. Adem\u00e1s, recibi\u00f3 el Premio al M\u00e9rito en el Servicio P\u00fablico de la ONU en 2005 por su labor en pol\u00edtica hidr\u00e1ulica.<\/p>\n","protected":false},"excerpt":{"rendered":"<p>Al Comit\u00e9 Directivo Estatal (CDE) del PRI del Estado de M\u00e9xico llegaron nuevos integrantes que se incorporan a las Secretar\u00edas de Organizaci\u00f3n, Operaci\u00f3n Pol\u00edtica, Gesti\u00f3n Social, Vocer\u00eda y Jefatura de Oficina de la Presidencia.<\/p>\n","protected":false},"author":1,"featured_media":5821,"comment_status":"open","ping_status":"open","sticky":false,"template":"","format":"standard","meta":{"footnotes":""},"categories":[12,1],"tags":[413,97,33],"class_list":["post-5820","post","type-post","status-publish","format-standard","has-post-thumbnail","hentry","category-politica","category-sociedad","tag-cristina-ruiz-sandoval","tag-edomex","tag-pri"],"yoast_head":"<!-- This site is optimized with the Yoast SEO plugin v24.9 - https:\/\/yoast.com\/wordpress\/plugins\/seo\/ -->\n<title>ACREDITADA TRAYECTORIA DE NUEVOS INTEGRANTES DEL COMIT\u00c9 ESTATAL DEL PRI - 21 Panorama<\/title>\n<meta name=\"robots\" content=\"index, follow, max-snippet:-1, max-image-preview:large, max-video-preview:-1\" \/>\n<link rel=\"canonical\" href=\"https:\/\/21panorama.com\/index.php\/2025\/02\/05\/acreditada-trayectoria-de-nuevos-integrantes-del-comite-estatal-del-pri\/\" \/>\n<meta property=\"og:locale\" content=\"es_MX\" \/>\n<meta property=\"og:type\" content=\"article\" \/>\n<meta property=\"og:title\" content=\"ACREDITADA TRAYECTORIA DE NUEVOS INTEGRANTES DEL COMIT\u00c9 ESTATAL DEL PRI - 21 Panorama\" \/>\n<meta property=\"og:description\" content=\"Al Comit\u00e9 Directivo Estatal (CDE) del PRI del Estado de M\u00e9xico llegaron nuevos integrantes que se incorporan a las Secretar\u00edas de Organizaci\u00f3n, Operaci\u00f3n Pol\u00edtica, Gesti\u00f3n Social, Vocer\u00eda y Jefatura de Oficina de la Presidencia.\" \/>\n<meta property=\"og:url\" content=\"https:\/\/21panorama.com\/index.php\/2025\/02\/05\/acreditada-trayectoria-de-nuevos-integrantes-del-comite-estatal-del-pri\/\" \/>\n<meta property=\"og:site_name\" content=\"21 Panorama\" \/>\n<meta property=\"article:published_time\" content=\"2025-02-06T04:04:28+00:00\" \/>\n<meta property=\"og:image\" content=\"https:\/\/21panorama.com\/wp-content\/uploads\/2025\/02\/WhatsApp-Image-2025-02-05-at-3.48.36-PM-2-scaled.jpeg\" \/>\n\t<meta property=\"og:image:width\" content=\"2172\" \/>\n\t<meta property=\"og:image:height\" content=\"2560\" \/>\n\t<meta property=\"og:image:type\" content=\"image\/jpeg\" \/>\n<meta name=\"author\" content=\"admin\" \/>\n<meta name=\"twitter:card\" content=\"summary_large_image\" \/>\n<meta name=\"twitter:label1\" content=\"Escrito por\" \/>\n\t<meta name=\"twitter:data1\" content=\"admin\" \/>\n\t<meta name=\"twitter:label2\" content=\"Tiempo de lectura\" \/>\n\t<meta name=\"twitter:data2\" content=\"3 minutos\" \/>\n<script type=\"application\/ld+json\" class=\"yoast-schema-graph\">{\"@context\":\"https:\/\/schema.org\",\"@graph\":[{\"@type\":\"Article\",\"@id\":\"https:\/\/21panorama.com\/index.php\/2025\/02\/05\/acreditada-trayectoria-de-nuevos-integrantes-del-comite-estatal-del-pri\/#article\",\"isPartOf\":{\"@id\":\"https:\/\/21panorama.com\/index.php\/2025\/02\/05\/acreditada-trayectoria-de-nuevos-integrantes-del-comite-estatal-del-pri\/\"},\"author\":{\"name\":\"admin\",\"@id\":\"https:\/\/21panorama.com\/#\/schema\/person\/1afc291b96d5792a158768324287319f\"},\"headline\":\"ACREDITADA TRAYECTORIA DE NUEVOS INTEGRANTES DEL COMIT\u00c9 ESTATAL DEL PRI\",\"datePublished\":\"2025-02-06T04:04:28+00:00\",\"mainEntityOfPage\":{\"@id\":\"https:\/\/21panorama.com\/index.php\/2025\/02\/05\/acreditada-trayectoria-de-nuevos-integrantes-del-comite-estatal-del-pri\/\"},\"wordCount\":605,\"commentCount\":0,\"publisher\":{\"@id\":\"https:\/\/21panorama.com\/#organization\"},\"image\":{\"@id\":\"https:\/\/21panorama.com\/index.php\/2025\/02\/05\/acreditada-trayectoria-de-nuevos-integrantes-del-comite-estatal-del-pri\/#primaryimage\"},\"thumbnailUrl\":\"https:\/\/21panorama.com\/wp-content\/uploads\/2025\/02\/WhatsApp-Image-2025-02-05-at-3.48.36-PM-2-scaled.jpeg\",\"keywords\":[\"Cristina Ru\u00edz Sandoval\",\"EDOMEX\",\"PRI\"],\"articleSection\":[\"Politica\",\"Sociedad\"],\"inLanguage\":\"es\",\"potentialAction\":[{\"@type\":\"CommentAction\",\"name\":\"Comment\",\"target\":[\"https:\/\/21panorama.com\/index.php\/2025\/02\/05\/acreditada-trayectoria-de-nuevos-integrantes-del-comite-estatal-del-pri\/#respond\"]}]},{\"@type\":\"WebPage\",\"@id\":\"https:\/\/21panorama.com\/index.php\/2025\/02\/05\/acreditada-trayectoria-de-nuevos-integrantes-del-comite-estatal-del-pri\/\",\"url\":\"https:\/\/21panorama.com\/index.php\/2025\/02\/05\/acreditada-trayectoria-de-nuevos-integrantes-del-comite-estatal-del-pri\/\",\"name\":\"ACREDITADA TRAYECTORIA DE NUEVOS INTEGRANTES DEL COMIT\u00c9 ESTATAL DEL PRI - 21 Panorama\",\"isPartOf\":{\"@id\":\"https:\/\/21panorama.com\/#website\"},\"primaryImageOfPage\":{\"@id\":\"https:\/\/21panorama.com\/index.php\/2025\/02\/05\/acreditada-trayectoria-de-nuevos-integrantes-del-comite-estatal-del-pri\/#primaryimage\"},\"image\":{\"@id\":\"https:\/\/21panorama.com\/index.php\/2025\/02\/05\/acreditada-trayectoria-de-nuevos-integrantes-del-comite-estatal-del-pri\/#primaryimage\"},\"thumbnailUrl\":\"https:\/\/21panorama.com\/wp-content\/uploads\/2025\/02\/WhatsApp-Image-2025-02-05-at-3.48.36-PM-2-scaled.jpeg\",\"datePublished\":\"2025-02-06T04:04:28+00:00\",\"breadcrumb\":{\"@id\":\"https:\/\/21panorama.com\/index.php\/2025\/02\/05\/acreditada-trayectoria-de-nuevos-integrantes-del-comite-estatal-del-pri\/#breadcrumb\"},\"inLanguage\":\"es\",\"potentialAction\":[{\"@type\":\"ReadAction\",\"target\":[\"https:\/\/21panorama.com\/index.php\/2025\/02\/05\/acreditada-trayectoria-de-nuevos-integrantes-del-comite-estatal-del-pri\/\"]}]},{\"@type\":\"ImageObject\",\"inLanguage\":\"es\",\"@id\":\"https:\/\/21panorama.com\/index.php\/2025\/02\/05\/acreditada-trayectoria-de-nuevos-integrantes-del-comite-estatal-del-pri\/#primaryimage\",\"url\":\"https:\/\/21panorama.com\/wp-content\/uploads\/2025\/02\/WhatsApp-Image-2025-02-05-at-3.48.36-PM-2-scaled.jpeg\",\"contentUrl\":\"https:\/\/21panorama.com\/wp-content\/uploads\/2025\/02\/WhatsApp-Image-2025-02-05-at-3.48.36-PM-2-scaled.jpeg\",\"width\":2172,\"height\":2560},{\"@type\":\"BreadcrumbList\",\"@id\":\"https:\/\/21panorama.com\/index.php\/2025\/02\/05\/acreditada-trayectoria-de-nuevos-integrantes-del-comite-estatal-del-pri\/#breadcrumb\",\"itemListElement\":[{\"@type\":\"ListItem\",\"position\":1,\"name\":\"Inicio\",\"item\":\"https:\/\/21panorama.com\/\"},{\"@type\":\"ListItem\",\"position\":2,\"name\":\"ACREDITADA TRAYECTORIA DE NUEVOS INTEGRANTES DEL COMIT\u00c9 ESTATAL DEL PRI\"}]},{\"@type\":\"WebSite\",\"@id\":\"https:\/\/21panorama.com\/#website\",\"url\":\"https:\/\/21panorama.com\/\",\"name\":\"21 Panorama\",\"description\":\"La construcci\u00f3n de la opini\u00f3n p\u00fablica merece un mejor Panorama en este siglo 21 para alcanzar una sociedad con mayor transparencia y sin corrupci\u00f3n.\",\"publisher\":{\"@id\":\"https:\/\/21panorama.com\/#organization\"},\"potentialAction\":[{\"@type\":\"SearchAction\",\"target\":{\"@type\":\"EntryPoint\",\"urlTemplate\":\"https:\/\/21panorama.com\/?s={search_term_string}\"},\"query-input\":{\"@type\":\"PropertyValueSpecification\",\"valueRequired\":true,\"valueName\":\"search_term_string\"}}],\"inLanguage\":\"es\"},{\"@type\":\"Organization\",\"@id\":\"https:\/\/21panorama.com\/#organization\",\"name\":\"21 Panorama\",\"url\":\"https:\/\/21panorama.com\/\",\"logo\":{\"@type\":\"ImageObject\",\"inLanguage\":\"es\",\"@id\":\"https:\/\/21panorama.com\/#\/schema\/logo\/image\/\",\"url\":\"https:\/\/21panorama.com\/wp-content\/uploads\/2019\/07\/cropped-Logo-Panorama-01.jpeg\",\"contentUrl\":\"https:\/\/21panorama.com\/wp-content\/uploads\/2019\/07\/cropped-Logo-Panorama-01.jpeg\",\"width\":290,\"height\":70,\"caption\":\"21 Panorama\"},\"image\":{\"@id\":\"https:\/\/21panorama.com\/#\/schema\/logo\/image\/\"}},{\"@type\":\"Person\",\"@id\":\"https:\/\/21panorama.com\/#\/schema\/person\/1afc291b96d5792a158768324287319f\",\"name\":\"admin\",\"image\":{\"@type\":\"ImageObject\",\"inLanguage\":\"es\",\"@id\":\"https:\/\/21panorama.com\/#\/schema\/person\/image\/\",\"url\":\"https:\/\/secure.gravatar.com\/avatar\/ad365d9d9f46719215b0d042cc3df92a5a8683e09ef13d102233e5491985f0f0?s=96&d=mm&r=g\",\"contentUrl\":\"https:\/\/secure.gravatar.com\/avatar\/ad365d9d9f46719215b0d042cc3df92a5a8683e09ef13d102233e5491985f0f0?s=96&d=mm&r=g\",\"caption\":\"admin\"},\"url\":\"https:\/\/21panorama.com\/index.php\/author\/admin\/\"}]}<\/script>\n<!-- \/ Yoast SEO plugin. -->","yoast_head_json":{"title":"ACREDITADA TRAYECTORIA DE NUEVOS INTEGRANTES DEL COMIT\u00c9 ESTATAL DEL PRI - 21 Panorama","robots":{"index":"index","follow":"follow","max-snippet":"max-snippet:-1","max-image-preview":"max-image-preview:large","max-video-preview":"max-video-preview:-1"},"canonical":"https:\/\/21panorama.com\/index.php\/2025\/02\/05\/acreditada-trayectoria-de-nuevos-integrantes-del-comite-estatal-del-pri\/","og_locale":"es_MX","og_type":"article","og_title":"ACREDITADA TRAYECTORIA DE NUEVOS INTEGRANTES DEL COMIT\u00c9 ESTATAL DEL PRI - 21 Panorama","og_description":"Al Comit\u00e9 Directivo Estatal (CDE) del PRI del Estado de M\u00e9xico llegaron nuevos integrantes que se incorporan a las Secretar\u00edas de Organizaci\u00f3n, Operaci\u00f3n Pol\u00edtica, Gesti\u00f3n Social, Vocer\u00eda y Jefatura de Oficina de la Presidencia.","og_url":"https:\/\/21panorama.com\/index.php\/2025\/02\/05\/acreditada-trayectoria-de-nuevos-integrantes-del-comite-estatal-del-pri\/","og_site_name":"21 Panorama","article_published_time":"2025-02-06T04:04:28+00:00","og_image":[{"width":2172,"height":2560,"url":"https:\/\/21panorama.com\/wp-content\/uploads\/2025\/02\/WhatsApp-Image-2025-02-05-at-3.48.36-PM-2-scaled.jpeg","type":"image\/jpeg"}],"author":"admin","twitter_card":"summary_large_image","twitter_misc":{"Escrito por":"admin","Tiempo de lectura":"3 minutos"},"schema":{"@context":"https:\/\/schema.org","@graph":[{"@type":"Article","@id":"https:\/\/21panorama.com\/index.php\/2025\/02\/05\/acreditada-trayectoria-de-nuevos-integrantes-del-comite-estatal-del-pri\/#article","isPartOf":{"@id":"https:\/\/21panorama.com\/index.php\/2025\/02\/05\/acreditada-trayectoria-de-nuevos-integrantes-del-comite-estatal-del-pri\/"},"author":{"name":"admin","@id":"https:\/\/21panorama.com\/#\/schema\/person\/1afc291b96d5792a158768324287319f"},"headline":"ACREDITADA TRAYECTORIA DE NUEVOS INTEGRANTES DEL COMIT\u00c9 ESTATAL DEL PRI","datePublished":"2025-02-06T04:04:28+00:00","mainEntityOfPage":{"@id":"https:\/\/21panorama.com\/index.php\/2025\/02\/05\/acreditada-trayectoria-de-nuevos-integrantes-del-comite-estatal-del-pri\/"},"wordCount":605,"commentCount":0,"publisher":{"@id":"https:\/\/21panorama.com\/#organization"},"image":{"@id":"https:\/\/21panorama.com\/index.php\/2025\/02\/05\/acreditada-trayectoria-de-nuevos-integrantes-del-comite-estatal-del-pri\/#primaryimage"},"thumbnailUrl":"https:\/\/21panorama.com\/wp-content\/uploads\/2025\/02\/WhatsApp-Image-2025-02-05-at-3.48.36-PM-2-scaled.jpeg","keywords":["Cristina Ru\u00edz Sandoval","EDOMEX","PRI"],"articleSection":["Politica","Sociedad"],"inLanguage":"es","potentialAction":[{"@type":"CommentAction","name":"Comment","target":["https:\/\/21panorama.com\/index.php\/2025\/02\/05\/acreditada-trayectoria-de-nuevos-integrantes-del-comite-estatal-del-pri\/#respond"]}]},{"@type":"WebPage","@id":"https:\/\/21panorama.com\/index.php\/2025\/02\/05\/acreditada-trayectoria-de-nuevos-integrantes-del-comite-estatal-del-pri\/","url":"https:\/\/21panorama.com\/index.php\/2025\/02\/05\/acreditada-trayectoria-de-nuevos-integrantes-del-comite-estatal-del-pri\/","name":"ACREDITADA TRAYECTORIA DE NUEVOS INTEGRANTES DEL COMIT\u00c9 ESTATAL DEL PRI - 21 Panorama","isPartOf":{"@id":"https:\/\/21panorama.com\/#website"},"primaryImageOfPage":{"@id":"https:\/\/21panorama.com\/index.php\/2025\/02\/05\/acreditada-trayectoria-de-nuevos-integrantes-del-comite-estatal-del-pri\/#primaryimage"},"image":{"@id":"https:\/\/21panorama.com\/index.php\/2025\/02\/05\/acreditada-trayectoria-de-nuevos-integrantes-del-comite-estatal-del-pri\/#primaryimage"},"thumbnailUrl":"https:\/\/21panorama.com\/wp-content\/uploads\/2025\/02\/WhatsApp-Image-2025-02-05-at-3.48.36-PM-2-scaled.jpeg","datePublished":"2025-02-06T04:04:28+00:00","breadcrumb":{"@id":"https:\/\/21panorama.com\/index.php\/2025\/02\/05\/acreditada-trayectoria-de-nuevos-integrantes-del-comite-estatal-del-pri\/#breadcrumb"},"inLanguage":"es","potentialAction":[{"@type":"ReadAction","target":["https:\/\/21panorama.com\/index.php\/2025\/02\/05\/acreditada-trayectoria-de-nuevos-integrantes-del-comite-estatal-del-pri\/"]}]},{"@type":"ImageObject","inLanguage":"es","@id":"https:\/\/21panorama.com\/index.php\/2025\/02\/05\/acreditada-trayectoria-de-nuevos-integrantes-del-comite-estatal-del-pri\/#primaryimage","url":"https:\/\/21panorama.com\/wp-content\/uploads\/2025\/02\/WhatsApp-Image-2025-02-05-at-3.48.36-PM-2-scaled.jpeg","contentUrl":"https:\/\/21panorama.com\/wp-content\/uploads\/2025\/02\/WhatsApp-Image-2025-02-05-at-3.48.36-PM-2-scaled.jpeg","width":2172,"height":2560},{"@type":"BreadcrumbList","@id":"https:\/\/21panorama.com\/index.php\/2025\/02\/05\/acreditada-trayectoria-de-nuevos-integrantes-del-comite-estatal-del-pri\/#breadcrumb","itemListElement":[{"@type":"ListItem","position":1,"name":"Inicio","item":"https:\/\/21panorama.com\/"},{"@type":"ListItem","position":2,"name":"ACREDITADA TRAYECTORIA DE NUEVOS INTEGRANTES DEL COMIT\u00c9 ESTATAL DEL PRI"}]},{"@type":"WebSite","@id":"https:\/\/21panorama.com\/#website","url":"https:\/\/21panorama.com\/","name":"21 Panorama","description":"La construcci\u00f3n de la opini\u00f3n p\u00fablica merece un mejor Panorama en este siglo 21 para alcanzar una sociedad con mayor transparencia y sin corrupci\u00f3n.","publisher":{"@id":"https:\/\/21panorama.com\/#organization"},"potentialAction":[{"@type":"SearchAction","target":{"@type":"EntryPoint","urlTemplate":"https:\/\/21panorama.com\/?s={search_term_string}"},"query-input":{"@type":"PropertyValueSpecification","valueRequired":true,"valueName":"search_term_string"}}],"inLanguage":"es"},{"@type":"Organization","@id":"https:\/\/21panorama.com\/#organization","name":"21 Panorama","url":"https:\/\/21panorama.com\/","logo":{"@type":"ImageObject","inLanguage":"es","@id":"https:\/\/21panorama.com\/#\/schema\/logo\/image\/","url":"https:\/\/21panorama.com\/wp-content\/uploads\/2019\/07\/cropped-Logo-Panorama-01.jpeg","contentUrl":"https:\/\/21panorama.com\/wp-content\/uploads\/2019\/07\/cropped-Logo-Panorama-01.jpeg","width":290,"height":70,"caption":"21 Panorama"},"image":{"@id":"https:\/\/21panorama.com\/#\/schema\/logo\/image\/"}},{"@type":"Person","@id":"https:\/\/21panorama.com\/#\/schema\/person\/1afc291b96d5792a158768324287319f","name":"admin","image":{"@type":"ImageObject","inLanguage":"es","@id":"https:\/\/21panorama.com\/#\/schema\/person\/image\/","url":"https:\/\/secure.gravatar.com\/avatar\/ad365d9d9f46719215b0d042cc3df92a5a8683e09ef13d102233e5491985f0f0?s=96&d=mm&r=g","contentUrl":"https:\/\/secure.gravatar.com\/avatar\/ad365d9d9f46719215b0d042cc3df92a5a8683e09ef13d102233e5491985f0f0?s=96&d=mm&r=g","caption":"admin"},"url":"https:\/\/21panorama.com\/index.php\/author\/admin\/"}]}},"_links":{"self":[{"href":"https:\/\/21panorama.com\/index.php\/wp-json\/wp\/v2\/posts\/5820","targetHints":{"allow":["GET"]}}],"collection":[{"href":"https:\/\/21panorama.com\/index.php\/wp-json\/wp\/v2\/posts"}],"about":[{"href":"https:\/\/21panorama.com\/index.php\/wp-json\/wp\/v2\/types\/post"}],"author":[{"embeddable":true,"href":"https:\/\/21panorama.com\/index.php\/wp-json\/wp\/v2\/users\/1"}],"replies":[{"embeddable":true,"href":"https:\/\/21panorama.com\/index.php\/wp-json\/wp\/v2\/comments?post=5820"}],"version-history":[{"count":1,"href":"https:\/\/21panorama.com\/index.php\/wp-json\/wp\/v2\/posts\/5820\/revisions"}],"predecessor-version":[{"id":5822,"href":"https:\/\/21panorama.com\/index.php\/wp-json\/wp\/v2\/posts\/5820\/revisions\/5822"}],"wp:featuredmedia":[{"embeddable":true,"href":"https:\/\/21panorama.com\/index.php\/wp-json\/wp\/v2\/media\/5821"}],"wp:attachment":[{"href":"https:\/\/21panorama.com\/index.php\/wp-json\/wp\/v2\/media?parent=5820"}],"wp:term":[{"taxonomy":"category","embeddable":true,"href":"https:\/\/21panorama.com\/index.php\/wp-json\/wp\/v2\/categories?post=5820"},{"taxonomy":"post_tag","embeddable":true,"href":"https:\/\/21panorama.com\/index.php\/wp-json\/wp\/v2\/tags?post=5820"}],"curies":[{"name":"wp","href":"https:\/\/api.w.org\/{rel}","templated":true}]}}