{"id":5806,"date":"2025-01-24T21:30:04","date_gmt":"2025-01-25T03:30:04","guid":{"rendered":"https:\/\/21panorama.com\/?p=5806"},"modified":"2025-01-25T21:46:16","modified_gmt":"2025-01-26T03:46:16","slug":"cristina-ruiz-es-electa-como-presidenta-del-pri-mexiquense","status":"publish","type":"post","link":"https:\/\/21panorama.com\/index.php\/2025\/01\/24\/cristina-ruiz-es-electa-como-presidenta-del-pri-mexiquense\/","title":{"rendered":"CRISTINA RU\u00cdZ ES ELECTA COMO PRESIDENTA DEL PRI MEXIQUENSE"},"content":{"rendered":"\n<ul class=\"wp-block-list\">\n<li>Brenda Alvarado asume la Secretar\u00eda General del PRI.<\/li>\n\n\n\n<li>Sectores y organizaciones apoyaron el registro \u00fanico.<\/li>\n<\/ul>\n\n\n\n<p>La Comisi\u00f3n Estatal de Procesos Internos (CEPI) del PRI del Estado de M\u00e9xico declar\u00f3 electa a la Senadora Cristina Ru\u00edz Sandoval y Brenda Alvarado S\u00e1nchez como Presidenta y Secretaria General del Comit\u00e9 Directivo Estatal (CDE) para el per\u00edodo 2025-2029. Por unanimidad, se emiti\u00f3 la validez de la elecci\u00f3n y se expidi\u00f3 la constancia que las acredita como titulares de la dirigencia estatal.<\/p>\n\n\n\n<p>En consecuencia, la CEPI que preside el diputado Alejandro Castro valid\u00f3 el proceso interno y en el acto se tom\u00f3 la protesta estatutaria a las titulares de la nueva dirigencia a cargo el Licenciado Jorge Armando Meade Ocaranza Representante del Presidente del Comit\u00e9 Ejecutivo Nacional Senador Alejandro Moreno C\u00e1rdenas, y con cientos de militantes que atestiguaron la jornada de registro y dictaminaci\u00f3n.<\/p>\n\n\n\n<p>Ante cientos de priistas que abarrotaron el Recinto de la Revoluci\u00f3n &nbsp;ya la plaza de acceso para apoyar la aspiraci\u00f3n de la f\u00f3rmula registrada y acompa\u00f1ada de liderazgos municipales, as\u00ed como de diputados y diputadas emanados del partido, la Senadora Cristina Ru\u00edz Sandoval asegur\u00f3 a los mexiquenses que vendr\u00e1 la mejor versi\u00f3n del PRI para rescatar al Estado de M\u00e9xico de la indiferencia gubernamental.<\/p>\n\n\n\n<p>\u201cA nosotros nos define la unidad y la lealtad que nos hace fuertes para construir las victorias. La lealtad al PRI no es solo un compromiso con el partido, sino con los que conf\u00edan en nosotros; iremos al reencuentro con nuestra numerosa militancia para agradecerle su lealtad, reconocer su esfuerzo en los episodios electorales y ofrecer solidaridad en la atenci\u00f3n de sus necesidades\u201d, apunt\u00f3.<\/p>\n\n\n\n<figure class=\"wp-block-image size-large\"><img decoding=\"async\" width=\"1024\" height=\"683\" src=\"https:\/\/21panorama.com\/wp-content\/uploads\/2025\/01\/WhatsApp-Image-2025-01-24-at-9.44.23-PM-1-1024x683.jpeg\" alt=\"\" class=\"wp-image-5808\" srcset=\"https:\/\/21panorama.com\/wp-content\/uploads\/2025\/01\/WhatsApp-Image-2025-01-24-at-9.44.23-PM-1-1024x683.jpeg 1024w, https:\/\/21panorama.com\/wp-content\/uploads\/2025\/01\/WhatsApp-Image-2025-01-24-at-9.44.23-PM-1-300x200.jpeg 300w, https:\/\/21panorama.com\/wp-content\/uploads\/2025\/01\/WhatsApp-Image-2025-01-24-at-9.44.23-PM-1-768x512.jpeg 768w, https:\/\/21panorama.com\/wp-content\/uploads\/2025\/01\/WhatsApp-Image-2025-01-24-at-9.44.23-PM-1-1536x1024.jpeg 1536w, https:\/\/21panorama.com\/wp-content\/uploads\/2025\/01\/WhatsApp-Image-2025-01-24-at-9.44.23-PM-1-2048x1365.jpeg 2048w\" sizes=\"(max-width: 1024px) 100vw, 1024px\" \/><\/figure>\n\n\n\n<p>Porque la gratitud es la memoria del coraz\u00f3n, les daremos a todas y todos las gracias y el reconocimiento a su trabajo para que juntos seamos una oposici\u00f3n sin miedo, pues m\u00e1s miedo da pensar que nuestros adversarios sigan gobernando, demostraremos que el PRI es diferente y que el PRI est\u00e1 listo para ofrecer soluciones reales a los problemas, destac\u00f3 la l\u00edder priista.<\/p>\n\n\n\n<p>El PRI se engrandece en la adversidad y as\u00ed lo ha demostrado nuestro dirigente nacional, Alejandro Moreno C\u00e1rdenas, con firmeza y verticalidad. Es un Presidente que no se dobla ante la ofensiva de los gobiernos federal y locales, que por el contrario se consolida como la voz opositora m\u00e1s contundente del pa\u00eds, enfatiz\u00f3.<\/p>\n\n\n\n<p>Luego de reconocer al sector Popular, Campesino, Movimiento Territorial, Red de J\u00f3venes, Unidad Revolucionaria, Movimiento PRI.MX, a Fundaci\u00f3n Colosio e Instituto Reyes Heroles de la entidad mexiquense, sostuvo que al igual que nuestro Dirigente Nacional, los priistas debemos ser observadores cr\u00edticos de los gobiernos y no detenernos al se\u00f1alar los errores de los malos gobiernos.<\/p>\n","protected":false},"excerpt":{"rendered":"<p>Brenda Alvarado asume la Secretar\u00eda General del PRI.<\/p>\n","protected":false},"author":1,"featured_media":5807,"comment_status":"open","ping_status":"open","sticky":false,"template":"","format":"standard","meta":{"footnotes":""},"categories":[12,1],"tags":[405,413,97,33],"class_list":["post-5806","post","type-post","status-publish","format-standard","has-post-thumbnail","hentry","category-politica","category-sociedad","tag-brenda-alvarado","tag-cristina-ruiz-sandoval","tag-edomex","tag-pri"],"yoast_head":"<!-- This site is optimized with the Yoast SEO plugin v24.9 - https:\/\/yoast.com\/wordpress\/plugins\/seo\/ -->\n<title>CRISTINA RU\u00cdZ ES ELECTA COMO PRESIDENTA DEL PRI MEXIQUENSE - 21 Panorama<\/title>\n<meta name=\"robots\" content=\"index, follow, max-snippet:-1, max-image-preview:large, max-video-preview:-1\" \/>\n<link rel=\"canonical\" href=\"https:\/\/21panorama.com\/index.php\/2025\/01\/24\/cristina-ruiz-es-electa-como-presidenta-del-pri-mexiquense\/\" \/>\n<meta property=\"og:locale\" content=\"es_MX\" \/>\n<meta property=\"og:type\" content=\"article\" \/>\n<meta property=\"og:title\" content=\"CRISTINA RU\u00cdZ ES ELECTA COMO PRESIDENTA DEL PRI MEXIQUENSE - 21 Panorama\" \/>\n<meta property=\"og:description\" content=\"Brenda Alvarado asume la Secretar\u00eda General del PRI.\" \/>\n<meta property=\"og:url\" content=\"https:\/\/21panorama.com\/index.php\/2025\/01\/24\/cristina-ruiz-es-electa-como-presidenta-del-pri-mexiquense\/\" \/>\n<meta property=\"og:site_name\" content=\"21 Panorama\" \/>\n<meta property=\"article:published_time\" content=\"2025-01-25T03:30:04+00:00\" \/>\n<meta property=\"article:modified_time\" content=\"2025-01-26T03:46:16+00:00\" \/>\n<meta property=\"og:image\" content=\"https:\/\/21panorama.com\/wp-content\/uploads\/2025\/01\/WhatsApp-Image-2025-01-24-at-9.44.22-PM-2-scaled.jpeg\" \/>\n\t<meta property=\"og:image:width\" content=\"2560\" \/>\n\t<meta property=\"og:image:height\" content=\"1904\" \/>\n\t<meta property=\"og:image:type\" content=\"image\/jpeg\" \/>\n<meta name=\"author\" content=\"admin\" \/>\n<meta name=\"twitter:card\" content=\"summary_large_image\" \/>\n<meta name=\"twitter:label1\" content=\"Escrito por\" \/>\n\t<meta name=\"twitter:data1\" content=\"admin\" \/>\n\t<meta name=\"twitter:label2\" content=\"Tiempo de lectura\" \/>\n\t<meta name=\"twitter:data2\" content=\"3 minutos\" \/>\n<script type=\"application\/ld+json\" class=\"yoast-schema-graph\">{\"@context\":\"https:\/\/schema.org\",\"@graph\":[{\"@type\":\"Article\",\"@id\":\"https:\/\/21panorama.com\/index.php\/2025\/01\/24\/cristina-ruiz-es-electa-como-presidenta-del-pri-mexiquense\/#article\",\"isPartOf\":{\"@id\":\"https:\/\/21panorama.com\/index.php\/2025\/01\/24\/cristina-ruiz-es-electa-como-presidenta-del-pri-mexiquense\/\"},\"author\":{\"name\":\"admin\",\"@id\":\"https:\/\/21panorama.com\/#\/schema\/person\/1afc291b96d5792a158768324287319f\"},\"headline\":\"CRISTINA RU\u00cdZ ES ELECTA COMO PRESIDENTA DEL PRI MEXIQUENSE\",\"datePublished\":\"2025-01-25T03:30:04+00:00\",\"dateModified\":\"2025-01-26T03:46:16+00:00\",\"mainEntityOfPage\":{\"@id\":\"https:\/\/21panorama.com\/index.php\/2025\/01\/24\/cristina-ruiz-es-electa-como-presidenta-del-pri-mexiquense\/\"},\"wordCount\":479,\"commentCount\":0,\"publisher\":{\"@id\":\"https:\/\/21panorama.com\/#organization\"},\"image\":{\"@id\":\"https:\/\/21panorama.com\/index.php\/2025\/01\/24\/cristina-ruiz-es-electa-como-presidenta-del-pri-mexiquense\/#primaryimage\"},\"thumbnailUrl\":\"https:\/\/21panorama.com\/wp-content\/uploads\/2025\/01\/WhatsApp-Image-2025-01-24-at-9.44.22-PM-2-scaled.jpeg\",\"keywords\":[\"Brenda Alvarado\",\"Cristina Ru\u00edz Sandoval\",\"EDOMEX\",\"PRI\"],\"articleSection\":[\"Politica\",\"Sociedad\"],\"inLanguage\":\"es\",\"potentialAction\":[{\"@type\":\"CommentAction\",\"name\":\"Comment\",\"target\":[\"https:\/\/21panorama.com\/index.php\/2025\/01\/24\/cristina-ruiz-es-electa-como-presidenta-del-pri-mexiquense\/#respond\"]}]},{\"@type\":\"WebPage\",\"@id\":\"https:\/\/21panorama.com\/index.php\/2025\/01\/24\/cristina-ruiz-es-electa-como-presidenta-del-pri-mexiquense\/\",\"url\":\"https:\/\/21panorama.com\/index.php\/2025\/01\/24\/cristina-ruiz-es-electa-como-presidenta-del-pri-mexiquense\/\",\"name\":\"CRISTINA RU\u00cdZ ES ELECTA COMO PRESIDENTA DEL PRI MEXIQUENSE - 21 Panorama\",\"isPartOf\":{\"@id\":\"https:\/\/21panorama.com\/#website\"},\"primaryImageOfPage\":{\"@id\":\"https:\/\/21panorama.com\/index.php\/2025\/01\/24\/cristina-ruiz-es-electa-como-presidenta-del-pri-mexiquense\/#primaryimage\"},\"image\":{\"@id\":\"https:\/\/21panorama.com\/index.php\/2025\/01\/24\/cristina-ruiz-es-electa-como-presidenta-del-pri-mexiquense\/#primaryimage\"},\"thumbnailUrl\":\"https:\/\/21panorama.com\/wp-content\/uploads\/2025\/01\/WhatsApp-Image-2025-01-24-at-9.44.22-PM-2-scaled.jpeg\",\"datePublished\":\"2025-01-25T03:30:04+00:00\",\"dateModified\":\"2025-01-26T03:46:16+00:00\",\"breadcrumb\":{\"@id\":\"https:\/\/21panorama.com\/index.php\/2025\/01\/24\/cristina-ruiz-es-electa-como-presidenta-del-pri-mexiquense\/#breadcrumb\"},\"inLanguage\":\"es\",\"potentialAction\":[{\"@type\":\"ReadAction\",\"target\":[\"https:\/\/21panorama.com\/index.php\/2025\/01\/24\/cristina-ruiz-es-electa-como-presidenta-del-pri-mexiquense\/\"]}]},{\"@type\":\"ImageObject\",\"inLanguage\":\"es\",\"@id\":\"https:\/\/21panorama.com\/index.php\/2025\/01\/24\/cristina-ruiz-es-electa-como-presidenta-del-pri-mexiquense\/#primaryimage\",\"url\":\"https:\/\/21panorama.com\/wp-content\/uploads\/2025\/01\/WhatsApp-Image-2025-01-24-at-9.44.22-PM-2-scaled.jpeg\",\"contentUrl\":\"https:\/\/21panorama.com\/wp-content\/uploads\/2025\/01\/WhatsApp-Image-2025-01-24-at-9.44.22-PM-2-scaled.jpeg\",\"width\":2560,\"height\":1904},{\"@type\":\"BreadcrumbList\",\"@id\":\"https:\/\/21panorama.com\/index.php\/2025\/01\/24\/cristina-ruiz-es-electa-como-presidenta-del-pri-mexiquense\/#breadcrumb\",\"itemListElement\":[{\"@type\":\"ListItem\",\"position\":1,\"name\":\"Inicio\",\"item\":\"https:\/\/21panorama.com\/\"},{\"@type\":\"ListItem\",\"position\":2,\"name\":\"CRISTINA RU\u00cdZ ES ELECTA COMO PRESIDENTA DEL PRI MEXIQUENSE\"}]},{\"@type\":\"WebSite\",\"@id\":\"https:\/\/21panorama.com\/#website\",\"url\":\"https:\/\/21panorama.com\/\",\"name\":\"21 Panorama\",\"description\":\"La construcci\u00f3n de la opini\u00f3n p\u00fablica merece un mejor Panorama en este siglo 21 para alcanzar una sociedad con mayor transparencia y sin corrupci\u00f3n.\",\"publisher\":{\"@id\":\"https:\/\/21panorama.com\/#organization\"},\"potentialAction\":[{\"@type\":\"SearchAction\",\"target\":{\"@type\":\"EntryPoint\",\"urlTemplate\":\"https:\/\/21panorama.com\/?s={search_term_string}\"},\"query-input\":{\"@type\":\"PropertyValueSpecification\",\"valueRequired\":true,\"valueName\":\"search_term_string\"}}],\"inLanguage\":\"es\"},{\"@type\":\"Organization\",\"@id\":\"https:\/\/21panorama.com\/#organization\",\"name\":\"21 Panorama\",\"url\":\"https:\/\/21panorama.com\/\",\"logo\":{\"@type\":\"ImageObject\",\"inLanguage\":\"es\",\"@id\":\"https:\/\/21panorama.com\/#\/schema\/logo\/image\/\",\"url\":\"https:\/\/21panorama.com\/wp-content\/uploads\/2019\/07\/cropped-Logo-Panorama-01.jpeg\",\"contentUrl\":\"https:\/\/21panorama.com\/wp-content\/uploads\/2019\/07\/cropped-Logo-Panorama-01.jpeg\",\"width\":290,\"height\":70,\"caption\":\"21 Panorama\"},\"image\":{\"@id\":\"https:\/\/21panorama.com\/#\/schema\/logo\/image\/\"}},{\"@type\":\"Person\",\"@id\":\"https:\/\/21panorama.com\/#\/schema\/person\/1afc291b96d5792a158768324287319f\",\"name\":\"admin\",\"image\":{\"@type\":\"ImageObject\",\"inLanguage\":\"es\",\"@id\":\"https:\/\/21panorama.com\/#\/schema\/person\/image\/\",\"url\":\"https:\/\/secure.gravatar.com\/avatar\/ad365d9d9f46719215b0d042cc3df92a5a8683e09ef13d102233e5491985f0f0?s=96&d=mm&r=g\",\"contentUrl\":\"https:\/\/secure.gravatar.com\/avatar\/ad365d9d9f46719215b0d042cc3df92a5a8683e09ef13d102233e5491985f0f0?s=96&d=mm&r=g\",\"caption\":\"admin\"},\"url\":\"https:\/\/21panorama.com\/index.php\/author\/admin\/\"}]}<\/script>\n<!-- \/ Yoast SEO plugin. -->","yoast_head_json":{"title":"CRISTINA RU\u00cdZ ES ELECTA COMO PRESIDENTA DEL PRI MEXIQUENSE - 21 Panorama","robots":{"index":"index","follow":"follow","max-snippet":"max-snippet:-1","max-image-preview":"max-image-preview:large","max-video-preview":"max-video-preview:-1"},"canonical":"https:\/\/21panorama.com\/index.php\/2025\/01\/24\/cristina-ruiz-es-electa-como-presidenta-del-pri-mexiquense\/","og_locale":"es_MX","og_type":"article","og_title":"CRISTINA RU\u00cdZ ES ELECTA COMO PRESIDENTA DEL PRI MEXIQUENSE - 21 Panorama","og_description":"Brenda Alvarado asume la Secretar\u00eda General del PRI.","og_url":"https:\/\/21panorama.com\/index.php\/2025\/01\/24\/cristina-ruiz-es-electa-como-presidenta-del-pri-mexiquense\/","og_site_name":"21 Panorama","article_published_time":"2025-01-25T03:30:04+00:00","article_modified_time":"2025-01-26T03:46:16+00:00","og_image":[{"width":2560,"height":1904,"url":"https:\/\/21panorama.com\/wp-content\/uploads\/2025\/01\/WhatsApp-Image-2025-01-24-at-9.44.22-PM-2-scaled.jpeg","type":"image\/jpeg"}],"author":"admin","twitter_card":"summary_large_image","twitter_misc":{"Escrito por":"admin","Tiempo de lectura":"3 minutos"},"schema":{"@context":"https:\/\/schema.org","@graph":[{"@type":"Article","@id":"https:\/\/21panorama.com\/index.php\/2025\/01\/24\/cristina-ruiz-es-electa-como-presidenta-del-pri-mexiquense\/#article","isPartOf":{"@id":"https:\/\/21panorama.com\/index.php\/2025\/01\/24\/cristina-ruiz-es-electa-como-presidenta-del-pri-mexiquense\/"},"author":{"name":"admin","@id":"https:\/\/21panorama.com\/#\/schema\/person\/1afc291b96d5792a158768324287319f"},"headline":"CRISTINA RU\u00cdZ ES ELECTA COMO PRESIDENTA DEL PRI MEXIQUENSE","datePublished":"2025-01-25T03:30:04+00:00","dateModified":"2025-01-26T03:46:16+00:00","mainEntityOfPage":{"@id":"https:\/\/21panorama.com\/index.php\/2025\/01\/24\/cristina-ruiz-es-electa-como-presidenta-del-pri-mexiquense\/"},"wordCount":479,"commentCount":0,"publisher":{"@id":"https:\/\/21panorama.com\/#organization"},"image":{"@id":"https:\/\/21panorama.com\/index.php\/2025\/01\/24\/cristina-ruiz-es-electa-como-presidenta-del-pri-mexiquense\/#primaryimage"},"thumbnailUrl":"https:\/\/21panorama.com\/wp-content\/uploads\/2025\/01\/WhatsApp-Image-2025-01-24-at-9.44.22-PM-2-scaled.jpeg","keywords":["Brenda Alvarado","Cristina Ru\u00edz Sandoval","EDOMEX","PRI"],"articleSection":["Politica","Sociedad"],"inLanguage":"es","potentialAction":[{"@type":"CommentAction","name":"Comment","target":["https:\/\/21panorama.com\/index.php\/2025\/01\/24\/cristina-ruiz-es-electa-como-presidenta-del-pri-mexiquense\/#respond"]}]},{"@type":"WebPage","@id":"https:\/\/21panorama.com\/index.php\/2025\/01\/24\/cristina-ruiz-es-electa-como-presidenta-del-pri-mexiquense\/","url":"https:\/\/21panorama.com\/index.php\/2025\/01\/24\/cristina-ruiz-es-electa-como-presidenta-del-pri-mexiquense\/","name":"CRISTINA RU\u00cdZ ES ELECTA COMO PRESIDENTA DEL PRI MEXIQUENSE - 21 Panorama","isPartOf":{"@id":"https:\/\/21panorama.com\/#website"},"primaryImageOfPage":{"@id":"https:\/\/21panorama.com\/index.php\/2025\/01\/24\/cristina-ruiz-es-electa-como-presidenta-del-pri-mexiquense\/#primaryimage"},"image":{"@id":"https:\/\/21panorama.com\/index.php\/2025\/01\/24\/cristina-ruiz-es-electa-como-presidenta-del-pri-mexiquense\/#primaryimage"},"thumbnailUrl":"https:\/\/21panorama.com\/wp-content\/uploads\/2025\/01\/WhatsApp-Image-2025-01-24-at-9.44.22-PM-2-scaled.jpeg","datePublished":"2025-01-25T03:30:04+00:00","dateModified":"2025-01-26T03:46:16+00:00","breadcrumb":{"@id":"https:\/\/21panorama.com\/index.php\/2025\/01\/24\/cristina-ruiz-es-electa-como-presidenta-del-pri-mexiquense\/#breadcrumb"},"inLanguage":"es","potentialAction":[{"@type":"ReadAction","target":["https:\/\/21panorama.com\/index.php\/2025\/01\/24\/cristina-ruiz-es-electa-como-presidenta-del-pri-mexiquense\/"]}]},{"@type":"ImageObject","inLanguage":"es","@id":"https:\/\/21panorama.com\/index.php\/2025\/01\/24\/cristina-ruiz-es-electa-como-presidenta-del-pri-mexiquense\/#primaryimage","url":"https:\/\/21panorama.com\/wp-content\/uploads\/2025\/01\/WhatsApp-Image-2025-01-24-at-9.44.22-PM-2-scaled.jpeg","contentUrl":"https:\/\/21panorama.com\/wp-content\/uploads\/2025\/01\/WhatsApp-Image-2025-01-24-at-9.44.22-PM-2-scaled.jpeg","width":2560,"height":1904},{"@type":"BreadcrumbList","@id":"https:\/\/21panorama.com\/index.php\/2025\/01\/24\/cristina-ruiz-es-electa-como-presidenta-del-pri-mexiquense\/#breadcrumb","itemListElement":[{"@type":"ListItem","position":1,"name":"Inicio","item":"https:\/\/21panorama.com\/"},{"@type":"ListItem","position":2,"name":"CRISTINA RU\u00cdZ ES ELECTA COMO PRESIDENTA DEL PRI MEXIQUENSE"}]},{"@type":"WebSite","@id":"https:\/\/21panorama.com\/#website","url":"https:\/\/21panorama.com\/","name":"21 Panorama","description":"La construcci\u00f3n de la opini\u00f3n p\u00fablica merece un mejor Panorama en este siglo 21 para alcanzar una sociedad con mayor transparencia y sin corrupci\u00f3n.","publisher":{"@id":"https:\/\/21panorama.com\/#organization"},"potentialAction":[{"@type":"SearchAction","target":{"@type":"EntryPoint","urlTemplate":"https:\/\/21panorama.com\/?s={search_term_string}"},"query-input":{"@type":"PropertyValueSpecification","valueRequired":true,"valueName":"search_term_string"}}],"inLanguage":"es"},{"@type":"Organization","@id":"https:\/\/21panorama.com\/#organization","name":"21 Panorama","url":"https:\/\/21panorama.com\/","logo":{"@type":"ImageObject","inLanguage":"es","@id":"https:\/\/21panorama.com\/#\/schema\/logo\/image\/","url":"https:\/\/21panorama.com\/wp-content\/uploads\/2019\/07\/cropped-Logo-Panorama-01.jpeg","contentUrl":"https:\/\/21panorama.com\/wp-content\/uploads\/2019\/07\/cropped-Logo-Panorama-01.jpeg","width":290,"height":70,"caption":"21 Panorama"},"image":{"@id":"https:\/\/21panorama.com\/#\/schema\/logo\/image\/"}},{"@type":"Person","@id":"https:\/\/21panorama.com\/#\/schema\/person\/1afc291b96d5792a158768324287319f","name":"admin","image":{"@type":"ImageObject","inLanguage":"es","@id":"https:\/\/21panorama.com\/#\/schema\/person\/image\/","url":"https:\/\/secure.gravatar.com\/avatar\/ad365d9d9f46719215b0d042cc3df92a5a8683e09ef13d102233e5491985f0f0?s=96&d=mm&r=g","contentUrl":"https:\/\/secure.gravatar.com\/avatar\/ad365d9d9f46719215b0d042cc3df92a5a8683e09ef13d102233e5491985f0f0?s=96&d=mm&r=g","caption":"admin"},"url":"https:\/\/21panorama.com\/index.php\/author\/admin\/"}]}},"_links":{"self":[{"href":"https:\/\/21panorama.com\/index.php\/wp-json\/wp\/v2\/posts\/5806","targetHints":{"allow":["GET"]}}],"collection":[{"href":"https:\/\/21panorama.com\/index.php\/wp-json\/wp\/v2\/posts"}],"about":[{"href":"https:\/\/21panorama.com\/index.php\/wp-json\/wp\/v2\/types\/post"}],"author":[{"embeddable":true,"href":"https:\/\/21panorama.com\/index.php\/wp-json\/wp\/v2\/users\/1"}],"replies":[{"embeddable":true,"href":"https:\/\/21panorama.com\/index.php\/wp-json\/wp\/v2\/comments?post=5806"}],"version-history":[{"count":1,"href":"https:\/\/21panorama.com\/index.php\/wp-json\/wp\/v2\/posts\/5806\/revisions"}],"predecessor-version":[{"id":5809,"href":"https:\/\/21panorama.com\/index.php\/wp-json\/wp\/v2\/posts\/5806\/revisions\/5809"}],"wp:featuredmedia":[{"embeddable":true,"href":"https:\/\/21panorama.com\/index.php\/wp-json\/wp\/v2\/media\/5807"}],"wp:attachment":[{"href":"https:\/\/21panorama.com\/index.php\/wp-json\/wp\/v2\/media?parent=5806"}],"wp:term":[{"taxonomy":"category","embeddable":true,"href":"https:\/\/21panorama.com\/index.php\/wp-json\/wp\/v2\/categories?post=5806"},{"taxonomy":"post_tag","embeddable":true,"href":"https:\/\/21panorama.com\/index.php\/wp-json\/wp\/v2\/tags?post=5806"}],"curies":[{"name":"wp","href":"https:\/\/api.w.org\/{rel}","templated":true}]}}