{"id":5733,"date":"2024-11-27T21:12:31","date_gmt":"2024-11-28T03:12:31","guid":{"rendered":"https:\/\/21panorama.com\/?p=5733"},"modified":"2024-11-27T21:12:31","modified_gmt":"2024-11-28T03:12:31","slug":"impulsara-el-pri-eliminacion-de-impuestos","status":"publish","type":"post","link":"https:\/\/21panorama.com\/index.php\/2024\/11\/27\/impulsara-el-pri-eliminacion-de-impuestos\/","title":{"rendered":"IMPULSAR\u00c1 EL PRI ELIMINACI\u00d3N DE IMPUESTOS"},"content":{"rendered":"\n<ul class=\"wp-block-list\">\n<li>En unidad y con propuestas s\u00f3lidas, el PRI expuso los cambios a la ley que se fundamentan<br>en las demandas del pueblo.<\/li>\n<\/ul>\n\n\n\n<p>Al presentar dos iniciativas de ley en torno al pago de predial y tenencia vehicular, el PRI del Estado de M\u00e9xico y su grupo parlamentario dejaron en claro que, invariablemente, abanderar\u00e1n propuestas y causas sociales que permitan generar oportunidades a los mexiquenses y aliviar la carga fiscal que tienen.<br>En conferencia de prensa con la senadora Cristina Ru\u00edz Sandoval, la dirigente estatal del PRI, Ana Lilia Herrera Anzaldo, y el coordinador de los diputados locales, Elias Rescala Jim\u00e9nez, coincidieron en se\u00f1alar que la prioridad es resolver los problemas de la gente y ayudar en el bolsillo de las familias, as\u00ed como a detonar el potencial econ\u00f3mico de la entidad.<br>En su intervenci\u00f3n, la diputada Mercedes Col\u00edn Guadarrama plante\u00f3 que el proyecto de ley para eliminar la tenencia vehicular es una demanda recurrente que permitir\u00e1 mejorar la econom\u00eda familiar, fomentar la regularizaci\u00f3n vehicular, aumentar la recaudaci\u00f3n fiscal y fortalecer las pol\u00edticas de seguridad p\u00fablica.<br>Respecto a la iniciativa de ley que busca la eliminaci\u00f3n del pago predial para adultos mayores de 65 a\u00f1os, el diputado Eduardo Zarzosa, argument\u00f3 que esta es una demanda aut\u00e9ntica porque las pensiones son insuficientes para afrontar los pagos que tienen como, por ejemplo, sus medicamentos.<br>Al hacer uso de la palabra, la senadora Cristina Ru\u00edz respald\u00f3 las iniciativas de ley de la bancada local pri\u00edsta y sostuvo que el PRI no se dobla y se mantiene firme en la defensa de la Rep\u00fablica y los derechos de las y los mexicanos.<br>En su momento, la dirigente estatal del PRI enfatiz\u00f3 que mantendr\u00e1 su postura de exigir al gobierno federal un mayor presupuesto para el Estado de M\u00e9xico con el fin de garantizar la viabilidad financiera de la entidad.<br>Por otra parte, la senadora explic\u00f3 la postura del PRI en materia de prisi\u00f3n preventiva oficiosa que atenta contra los derechos humanos y la desaparici\u00f3n de los \u00f3rganos aut\u00f3nomos.<br>Al acto asistieron los diputados locales Mariano Camacho, Lilia Urbina, Lety Mej\u00eda y Alejandro Castro, as\u00ed como el delegado del CEN del PRI, Jorge Meade, y las diputadas federales Iv\u00f3n Ru\u00edz Moreno y Leticia Barrera Maldonado.<\/p>\n","protected":false},"excerpt":{"rendered":"<p>Al presentar dos iniciativas de ley en torno al pago de predial y tenencia vehicular, el PRI del Estado de M\u00e9xico y su grupo parlamentario dejaron en claro que, invariablemente, abanderar\u00e1n propuestas y causas sociales que permitan generar oportunidades a los mexiquenses y aliviar la carga fiscal que tienen.<\/p>\n","protected":false},"author":1,"featured_media":5734,"comment_status":"open","ping_status":"open","sticky":false,"template":"","format":"standard","meta":{"footnotes":""},"categories":[12,1],"tags":[393,97,33],"class_list":["post-5733","post","type-post","status-publish","format-standard","has-post-thumbnail","hentry","category-politica","category-sociedad","tag-ana-lilia-herrera-anzaldo","tag-edomex","tag-pri"],"yoast_head":"<!-- This site is optimized with the Yoast SEO plugin v24.9 - https:\/\/yoast.com\/wordpress\/plugins\/seo\/ -->\n<title>IMPULSAR\u00c1 EL PRI ELIMINACI\u00d3N DE IMPUESTOS - 21 Panorama<\/title>\n<meta name=\"robots\" content=\"index, follow, max-snippet:-1, max-image-preview:large, max-video-preview:-1\" \/>\n<link rel=\"canonical\" href=\"https:\/\/21panorama.com\/index.php\/2024\/11\/27\/impulsara-el-pri-eliminacion-de-impuestos\/\" \/>\n<meta property=\"og:locale\" content=\"es_MX\" \/>\n<meta property=\"og:type\" content=\"article\" \/>\n<meta property=\"og:title\" content=\"IMPULSAR\u00c1 EL PRI ELIMINACI\u00d3N DE IMPUESTOS - 21 Panorama\" \/>\n<meta property=\"og:description\" content=\"Al presentar dos iniciativas de ley en torno al pago de predial y tenencia vehicular, el PRI del Estado de M\u00e9xico y su grupo parlamentario dejaron en claro que, invariablemente, abanderar\u00e1n propuestas y causas sociales que permitan generar oportunidades a los mexiquenses y aliviar la carga fiscal que tienen.\" \/>\n<meta property=\"og:url\" content=\"https:\/\/21panorama.com\/index.php\/2024\/11\/27\/impulsara-el-pri-eliminacion-de-impuestos\/\" \/>\n<meta property=\"og:site_name\" content=\"21 Panorama\" \/>\n<meta property=\"article:published_time\" content=\"2024-11-28T03:12:31+00:00\" \/>\n<meta property=\"og:image\" content=\"https:\/\/21panorama.com\/wp-content\/uploads\/2024\/11\/WhatsApp-Image-2024-11-27-at-6.16.43-PM-1-scaled.jpeg\" \/>\n\t<meta property=\"og:image:width\" content=\"2560\" \/>\n\t<meta property=\"og:image:height\" content=\"1375\" \/>\n\t<meta property=\"og:image:type\" content=\"image\/jpeg\" \/>\n<meta name=\"author\" content=\"admin\" \/>\n<meta name=\"twitter:card\" content=\"summary_large_image\" \/>\n<meta name=\"twitter:label1\" content=\"Escrito por\" \/>\n\t<meta name=\"twitter:data1\" content=\"admin\" \/>\n\t<meta name=\"twitter:label2\" content=\"Tiempo de lectura\" \/>\n\t<meta name=\"twitter:data2\" content=\"2 minutos\" \/>\n<script type=\"application\/ld+json\" class=\"yoast-schema-graph\">{\"@context\":\"https:\/\/schema.org\",\"@graph\":[{\"@type\":\"Article\",\"@id\":\"https:\/\/21panorama.com\/index.php\/2024\/11\/27\/impulsara-el-pri-eliminacion-de-impuestos\/#article\",\"isPartOf\":{\"@id\":\"https:\/\/21panorama.com\/index.php\/2024\/11\/27\/impulsara-el-pri-eliminacion-de-impuestos\/\"},\"author\":{\"name\":\"admin\",\"@id\":\"https:\/\/21panorama.com\/#\/schema\/person\/1afc291b96d5792a158768324287319f\"},\"headline\":\"IMPULSAR\u00c1 EL PRI ELIMINACI\u00d3N DE IMPUESTOS\",\"datePublished\":\"2024-11-28T03:12:31+00:00\",\"mainEntityOfPage\":{\"@id\":\"https:\/\/21panorama.com\/index.php\/2024\/11\/27\/impulsara-el-pri-eliminacion-de-impuestos\/\"},\"wordCount\":401,\"commentCount\":0,\"publisher\":{\"@id\":\"https:\/\/21panorama.com\/#organization\"},\"image\":{\"@id\":\"https:\/\/21panorama.com\/index.php\/2024\/11\/27\/impulsara-el-pri-eliminacion-de-impuestos\/#primaryimage\"},\"thumbnailUrl\":\"https:\/\/21panorama.com\/wp-content\/uploads\/2024\/11\/WhatsApp-Image-2024-11-27-at-6.16.43-PM-1-scaled.jpeg\",\"keywords\":[\"Ana Lilia Herrera Anzaldo\",\"EDOMEX\",\"PRI\"],\"articleSection\":[\"Politica\",\"Sociedad\"],\"inLanguage\":\"es\",\"potentialAction\":[{\"@type\":\"CommentAction\",\"name\":\"Comment\",\"target\":[\"https:\/\/21panorama.com\/index.php\/2024\/11\/27\/impulsara-el-pri-eliminacion-de-impuestos\/#respond\"]}]},{\"@type\":\"WebPage\",\"@id\":\"https:\/\/21panorama.com\/index.php\/2024\/11\/27\/impulsara-el-pri-eliminacion-de-impuestos\/\",\"url\":\"https:\/\/21panorama.com\/index.php\/2024\/11\/27\/impulsara-el-pri-eliminacion-de-impuestos\/\",\"name\":\"IMPULSAR\u00c1 EL PRI ELIMINACI\u00d3N DE IMPUESTOS - 21 Panorama\",\"isPartOf\":{\"@id\":\"https:\/\/21panorama.com\/#website\"},\"primaryImageOfPage\":{\"@id\":\"https:\/\/21panorama.com\/index.php\/2024\/11\/27\/impulsara-el-pri-eliminacion-de-impuestos\/#primaryimage\"},\"image\":{\"@id\":\"https:\/\/21panorama.com\/index.php\/2024\/11\/27\/impulsara-el-pri-eliminacion-de-impuestos\/#primaryimage\"},\"thumbnailUrl\":\"https:\/\/21panorama.com\/wp-content\/uploads\/2024\/11\/WhatsApp-Image-2024-11-27-at-6.16.43-PM-1-scaled.jpeg\",\"datePublished\":\"2024-11-28T03:12:31+00:00\",\"breadcrumb\":{\"@id\":\"https:\/\/21panorama.com\/index.php\/2024\/11\/27\/impulsara-el-pri-eliminacion-de-impuestos\/#breadcrumb\"},\"inLanguage\":\"es\",\"potentialAction\":[{\"@type\":\"ReadAction\",\"target\":[\"https:\/\/21panorama.com\/index.php\/2024\/11\/27\/impulsara-el-pri-eliminacion-de-impuestos\/\"]}]},{\"@type\":\"ImageObject\",\"inLanguage\":\"es\",\"@id\":\"https:\/\/21panorama.com\/index.php\/2024\/11\/27\/impulsara-el-pri-eliminacion-de-impuestos\/#primaryimage\",\"url\":\"https:\/\/21panorama.com\/wp-content\/uploads\/2024\/11\/WhatsApp-Image-2024-11-27-at-6.16.43-PM-1-scaled.jpeg\",\"contentUrl\":\"https:\/\/21panorama.com\/wp-content\/uploads\/2024\/11\/WhatsApp-Image-2024-11-27-at-6.16.43-PM-1-scaled.jpeg\",\"width\":2560,\"height\":1375},{\"@type\":\"BreadcrumbList\",\"@id\":\"https:\/\/21panorama.com\/index.php\/2024\/11\/27\/impulsara-el-pri-eliminacion-de-impuestos\/#breadcrumb\",\"itemListElement\":[{\"@type\":\"ListItem\",\"position\":1,\"name\":\"Inicio\",\"item\":\"https:\/\/21panorama.com\/\"},{\"@type\":\"ListItem\",\"position\":2,\"name\":\"IMPULSAR\u00c1 EL PRI ELIMINACI\u00d3N DE IMPUESTOS\"}]},{\"@type\":\"WebSite\",\"@id\":\"https:\/\/21panorama.com\/#website\",\"url\":\"https:\/\/21panorama.com\/\",\"name\":\"21 Panorama\",\"description\":\"La construcci\u00f3n de la opini\u00f3n p\u00fablica merece un mejor Panorama en este siglo 21 para alcanzar una sociedad con mayor transparencia y sin corrupci\u00f3n.\",\"publisher\":{\"@id\":\"https:\/\/21panorama.com\/#organization\"},\"potentialAction\":[{\"@type\":\"SearchAction\",\"target\":{\"@type\":\"EntryPoint\",\"urlTemplate\":\"https:\/\/21panorama.com\/?s={search_term_string}\"},\"query-input\":{\"@type\":\"PropertyValueSpecification\",\"valueRequired\":true,\"valueName\":\"search_term_string\"}}],\"inLanguage\":\"es\"},{\"@type\":\"Organization\",\"@id\":\"https:\/\/21panorama.com\/#organization\",\"name\":\"21 Panorama\",\"url\":\"https:\/\/21panorama.com\/\",\"logo\":{\"@type\":\"ImageObject\",\"inLanguage\":\"es\",\"@id\":\"https:\/\/21panorama.com\/#\/schema\/logo\/image\/\",\"url\":\"https:\/\/21panorama.com\/wp-content\/uploads\/2019\/07\/cropped-Logo-Panorama-01.jpeg\",\"contentUrl\":\"https:\/\/21panorama.com\/wp-content\/uploads\/2019\/07\/cropped-Logo-Panorama-01.jpeg\",\"width\":290,\"height\":70,\"caption\":\"21 Panorama\"},\"image\":{\"@id\":\"https:\/\/21panorama.com\/#\/schema\/logo\/image\/\"}},{\"@type\":\"Person\",\"@id\":\"https:\/\/21panorama.com\/#\/schema\/person\/1afc291b96d5792a158768324287319f\",\"name\":\"admin\",\"image\":{\"@type\":\"ImageObject\",\"inLanguage\":\"es\",\"@id\":\"https:\/\/21panorama.com\/#\/schema\/person\/image\/\",\"url\":\"https:\/\/secure.gravatar.com\/avatar\/ad365d9d9f46719215b0d042cc3df92a5a8683e09ef13d102233e5491985f0f0?s=96&d=mm&r=g\",\"contentUrl\":\"https:\/\/secure.gravatar.com\/avatar\/ad365d9d9f46719215b0d042cc3df92a5a8683e09ef13d102233e5491985f0f0?s=96&d=mm&r=g\",\"caption\":\"admin\"},\"url\":\"https:\/\/21panorama.com\/index.php\/author\/admin\/\"}]}<\/script>\n<!-- \/ Yoast SEO plugin. -->","yoast_head_json":{"title":"IMPULSAR\u00c1 EL PRI ELIMINACI\u00d3N DE IMPUESTOS - 21 Panorama","robots":{"index":"index","follow":"follow","max-snippet":"max-snippet:-1","max-image-preview":"max-image-preview:large","max-video-preview":"max-video-preview:-1"},"canonical":"https:\/\/21panorama.com\/index.php\/2024\/11\/27\/impulsara-el-pri-eliminacion-de-impuestos\/","og_locale":"es_MX","og_type":"article","og_title":"IMPULSAR\u00c1 EL PRI ELIMINACI\u00d3N DE IMPUESTOS - 21 Panorama","og_description":"Al presentar dos iniciativas de ley en torno al pago de predial y tenencia vehicular, el PRI del Estado de M\u00e9xico y su grupo parlamentario dejaron en claro que, invariablemente, abanderar\u00e1n propuestas y causas sociales que permitan generar oportunidades a los mexiquenses y aliviar la carga fiscal que tienen.","og_url":"https:\/\/21panorama.com\/index.php\/2024\/11\/27\/impulsara-el-pri-eliminacion-de-impuestos\/","og_site_name":"21 Panorama","article_published_time":"2024-11-28T03:12:31+00:00","og_image":[{"width":2560,"height":1375,"url":"https:\/\/21panorama.com\/wp-content\/uploads\/2024\/11\/WhatsApp-Image-2024-11-27-at-6.16.43-PM-1-scaled.jpeg","type":"image\/jpeg"}],"author":"admin","twitter_card":"summary_large_image","twitter_misc":{"Escrito por":"admin","Tiempo de lectura":"2 minutos"},"schema":{"@context":"https:\/\/schema.org","@graph":[{"@type":"Article","@id":"https:\/\/21panorama.com\/index.php\/2024\/11\/27\/impulsara-el-pri-eliminacion-de-impuestos\/#article","isPartOf":{"@id":"https:\/\/21panorama.com\/index.php\/2024\/11\/27\/impulsara-el-pri-eliminacion-de-impuestos\/"},"author":{"name":"admin","@id":"https:\/\/21panorama.com\/#\/schema\/person\/1afc291b96d5792a158768324287319f"},"headline":"IMPULSAR\u00c1 EL PRI ELIMINACI\u00d3N DE IMPUESTOS","datePublished":"2024-11-28T03:12:31+00:00","mainEntityOfPage":{"@id":"https:\/\/21panorama.com\/index.php\/2024\/11\/27\/impulsara-el-pri-eliminacion-de-impuestos\/"},"wordCount":401,"commentCount":0,"publisher":{"@id":"https:\/\/21panorama.com\/#organization"},"image":{"@id":"https:\/\/21panorama.com\/index.php\/2024\/11\/27\/impulsara-el-pri-eliminacion-de-impuestos\/#primaryimage"},"thumbnailUrl":"https:\/\/21panorama.com\/wp-content\/uploads\/2024\/11\/WhatsApp-Image-2024-11-27-at-6.16.43-PM-1-scaled.jpeg","keywords":["Ana Lilia Herrera Anzaldo","EDOMEX","PRI"],"articleSection":["Politica","Sociedad"],"inLanguage":"es","potentialAction":[{"@type":"CommentAction","name":"Comment","target":["https:\/\/21panorama.com\/index.php\/2024\/11\/27\/impulsara-el-pri-eliminacion-de-impuestos\/#respond"]}]},{"@type":"WebPage","@id":"https:\/\/21panorama.com\/index.php\/2024\/11\/27\/impulsara-el-pri-eliminacion-de-impuestos\/","url":"https:\/\/21panorama.com\/index.php\/2024\/11\/27\/impulsara-el-pri-eliminacion-de-impuestos\/","name":"IMPULSAR\u00c1 EL PRI ELIMINACI\u00d3N DE IMPUESTOS - 21 Panorama","isPartOf":{"@id":"https:\/\/21panorama.com\/#website"},"primaryImageOfPage":{"@id":"https:\/\/21panorama.com\/index.php\/2024\/11\/27\/impulsara-el-pri-eliminacion-de-impuestos\/#primaryimage"},"image":{"@id":"https:\/\/21panorama.com\/index.php\/2024\/11\/27\/impulsara-el-pri-eliminacion-de-impuestos\/#primaryimage"},"thumbnailUrl":"https:\/\/21panorama.com\/wp-content\/uploads\/2024\/11\/WhatsApp-Image-2024-11-27-at-6.16.43-PM-1-scaled.jpeg","datePublished":"2024-11-28T03:12:31+00:00","breadcrumb":{"@id":"https:\/\/21panorama.com\/index.php\/2024\/11\/27\/impulsara-el-pri-eliminacion-de-impuestos\/#breadcrumb"},"inLanguage":"es","potentialAction":[{"@type":"ReadAction","target":["https:\/\/21panorama.com\/index.php\/2024\/11\/27\/impulsara-el-pri-eliminacion-de-impuestos\/"]}]},{"@type":"ImageObject","inLanguage":"es","@id":"https:\/\/21panorama.com\/index.php\/2024\/11\/27\/impulsara-el-pri-eliminacion-de-impuestos\/#primaryimage","url":"https:\/\/21panorama.com\/wp-content\/uploads\/2024\/11\/WhatsApp-Image-2024-11-27-at-6.16.43-PM-1-scaled.jpeg","contentUrl":"https:\/\/21panorama.com\/wp-content\/uploads\/2024\/11\/WhatsApp-Image-2024-11-27-at-6.16.43-PM-1-scaled.jpeg","width":2560,"height":1375},{"@type":"BreadcrumbList","@id":"https:\/\/21panorama.com\/index.php\/2024\/11\/27\/impulsara-el-pri-eliminacion-de-impuestos\/#breadcrumb","itemListElement":[{"@type":"ListItem","position":1,"name":"Inicio","item":"https:\/\/21panorama.com\/"},{"@type":"ListItem","position":2,"name":"IMPULSAR\u00c1 EL PRI ELIMINACI\u00d3N DE IMPUESTOS"}]},{"@type":"WebSite","@id":"https:\/\/21panorama.com\/#website","url":"https:\/\/21panorama.com\/","name":"21 Panorama","description":"La construcci\u00f3n de la opini\u00f3n p\u00fablica merece un mejor Panorama en este siglo 21 para alcanzar una sociedad con mayor transparencia y sin corrupci\u00f3n.","publisher":{"@id":"https:\/\/21panorama.com\/#organization"},"potentialAction":[{"@type":"SearchAction","target":{"@type":"EntryPoint","urlTemplate":"https:\/\/21panorama.com\/?s={search_term_string}"},"query-input":{"@type":"PropertyValueSpecification","valueRequired":true,"valueName":"search_term_string"}}],"inLanguage":"es"},{"@type":"Organization","@id":"https:\/\/21panorama.com\/#organization","name":"21 Panorama","url":"https:\/\/21panorama.com\/","logo":{"@type":"ImageObject","inLanguage":"es","@id":"https:\/\/21panorama.com\/#\/schema\/logo\/image\/","url":"https:\/\/21panorama.com\/wp-content\/uploads\/2019\/07\/cropped-Logo-Panorama-01.jpeg","contentUrl":"https:\/\/21panorama.com\/wp-content\/uploads\/2019\/07\/cropped-Logo-Panorama-01.jpeg","width":290,"height":70,"caption":"21 Panorama"},"image":{"@id":"https:\/\/21panorama.com\/#\/schema\/logo\/image\/"}},{"@type":"Person","@id":"https:\/\/21panorama.com\/#\/schema\/person\/1afc291b96d5792a158768324287319f","name":"admin","image":{"@type":"ImageObject","inLanguage":"es","@id":"https:\/\/21panorama.com\/#\/schema\/person\/image\/","url":"https:\/\/secure.gravatar.com\/avatar\/ad365d9d9f46719215b0d042cc3df92a5a8683e09ef13d102233e5491985f0f0?s=96&d=mm&r=g","contentUrl":"https:\/\/secure.gravatar.com\/avatar\/ad365d9d9f46719215b0d042cc3df92a5a8683e09ef13d102233e5491985f0f0?s=96&d=mm&r=g","caption":"admin"},"url":"https:\/\/21panorama.com\/index.php\/author\/admin\/"}]}},"_links":{"self":[{"href":"https:\/\/21panorama.com\/index.php\/wp-json\/wp\/v2\/posts\/5733","targetHints":{"allow":["GET"]}}],"collection":[{"href":"https:\/\/21panorama.com\/index.php\/wp-json\/wp\/v2\/posts"}],"about":[{"href":"https:\/\/21panorama.com\/index.php\/wp-json\/wp\/v2\/types\/post"}],"author":[{"embeddable":true,"href":"https:\/\/21panorama.com\/index.php\/wp-json\/wp\/v2\/users\/1"}],"replies":[{"embeddable":true,"href":"https:\/\/21panorama.com\/index.php\/wp-json\/wp\/v2\/comments?post=5733"}],"version-history":[{"count":1,"href":"https:\/\/21panorama.com\/index.php\/wp-json\/wp\/v2\/posts\/5733\/revisions"}],"predecessor-version":[{"id":5735,"href":"https:\/\/21panorama.com\/index.php\/wp-json\/wp\/v2\/posts\/5733\/revisions\/5735"}],"wp:featuredmedia":[{"embeddable":true,"href":"https:\/\/21panorama.com\/index.php\/wp-json\/wp\/v2\/media\/5734"}],"wp:attachment":[{"href":"https:\/\/21panorama.com\/index.php\/wp-json\/wp\/v2\/media?parent=5733"}],"wp:term":[{"taxonomy":"category","embeddable":true,"href":"https:\/\/21panorama.com\/index.php\/wp-json\/wp\/v2\/categories?post=5733"},{"taxonomy":"post_tag","embeddable":true,"href":"https:\/\/21panorama.com\/index.php\/wp-json\/wp\/v2\/tags?post=5733"}],"curies":[{"name":"wp","href":"https:\/\/api.w.org\/{rel}","templated":true}]}}