{"id":5685,"date":"2024-10-20T19:03:12","date_gmt":"2024-10-21T01:03:12","guid":{"rendered":"https:\/\/21panorama.com\/?p=5685"},"modified":"2024-10-28T19:12:08","modified_gmt":"2024-10-29T01:12:08","slug":"ambaro-en-todo-su-esplendor","status":"publish","type":"post","link":"https:\/\/21panorama.com\/index.php\/2024\/10\/20\/ambaro-en-todo-su-esplendor\/","title":{"rendered":"AMBAR\u00d3 EN TODO SU ESPLENDOR"},"content":{"rendered":"\n<p>El Semillero Creativo Coro en movimiento Armon\u00eda de todos particip\u00f3 en el Festival Ambar\u00f3 2024 en Atlacomulco, el cual tiene como objetivo destacar la riqueza de la regi\u00f3n, su cultura y su emprendimiento local.<\/p>\n\n\n\n<p>Las agrupaciones corales desempe\u00f1an un papel clave en la preservaci\u00f3n y difusi\u00f3n del patrimonio cultural. Participar en el Festival Ambar\u00f3 2024 les permiti\u00f3 promover el arte como una forma de comunicaci\u00f3n universal.<\/p>\n\n\n\n<p>En el Festival de \u00c1mbaro 2024 en Atlacomulco, la m\u00fasica fue protagonista con las presentaciones de Rubytates y Reyno<\/p>\n\n\n\n<p>En el Marco del Festival Cultural Ambar\u00f3 2024, siendo sede el Instituto Cultural Guillermo Col\u00edn S\u00e1nchez se realiz\u00f3 la inauguraci\u00f3n de la exposici\u00f3n pict\u00f3rica titulada: La Mirada del Recuerdo: Gente, Lugares y Momentos Capturados a cargo de Karla Renata Ru\u00edz Pimentel.<\/p>\n\n\n\n<p>Fue un festival de convergencia entre el arte y la cultura.<br>Un encuentro cultural de calidad para todos donde el talento local y del pa\u00eds encontrar\u00e1n un espacio de expresi\u00f3n.<\/p>\n","protected":false},"excerpt":{"rendered":"<p>El Semillero Creativo Coro en movimiento Armon\u00eda de todos particip\u00f3 en el Festival Ambar\u00f3 2024 en Atlacomulco, el cual tiene como objetivo destacar la riqueza de la regi\u00f3n, su cultura y su emprendimiento local.<\/p>\n","protected":false},"author":1,"featured_media":5686,"comment_status":"open","ping_status":"open","sticky":false,"template":"","format":"standard","meta":{"footnotes":""},"categories":[12,1],"tags":[70,97,69,33],"class_list":["post-5685","post","type-post","status-publish","format-standard","has-post-thumbnail","hentry","category-politica","category-sociedad","tag-atlacomulco","tag-edomex","tag-marisol-arias","tag-pri"],"yoast_head":"<!-- This site is optimized with the Yoast SEO plugin v24.9 - https:\/\/yoast.com\/wordpress\/plugins\/seo\/ -->\n<title>AMBAR\u00d3 EN TODO SU ESPLENDOR - 21 Panorama<\/title>\n<meta name=\"robots\" content=\"index, follow, max-snippet:-1, max-image-preview:large, max-video-preview:-1\" \/>\n<link rel=\"canonical\" href=\"https:\/\/21panorama.com\/index.php\/2024\/10\/20\/ambaro-en-todo-su-esplendor\/\" \/>\n<meta property=\"og:locale\" content=\"es_MX\" \/>\n<meta property=\"og:type\" content=\"article\" \/>\n<meta property=\"og:title\" content=\"AMBAR\u00d3 EN TODO SU ESPLENDOR - 21 Panorama\" \/>\n<meta property=\"og:description\" content=\"El Semillero Creativo Coro en movimiento Armon\u00eda de todos particip\u00f3 en el Festival Ambar\u00f3 2024 en Atlacomulco, el cual tiene como objetivo destacar la riqueza de la regi\u00f3n, su cultura y su emprendimiento local.\" \/>\n<meta property=\"og:url\" content=\"https:\/\/21panorama.com\/index.php\/2024\/10\/20\/ambaro-en-todo-su-esplendor\/\" \/>\n<meta property=\"og:site_name\" content=\"21 Panorama\" \/>\n<meta property=\"article:published_time\" content=\"2024-10-21T01:03:12+00:00\" \/>\n<meta property=\"article:modified_time\" content=\"2024-10-29T01:12:08+00:00\" \/>\n<meta property=\"og:image\" content=\"https:\/\/21panorama.com\/wp-content\/uploads\/2024\/10\/WhatsApp-Image-2024-10-28-at-6.49.59-PM-1.jpeg\" \/>\n\t<meta property=\"og:image:width\" content=\"1200\" \/>\n\t<meta property=\"og:image:height\" content=\"900\" \/>\n\t<meta property=\"og:image:type\" content=\"image\/jpeg\" \/>\n<meta name=\"author\" content=\"admin\" \/>\n<meta name=\"twitter:card\" content=\"summary_large_image\" \/>\n<meta name=\"twitter:label1\" content=\"Escrito por\" \/>\n\t<meta name=\"twitter:data1\" content=\"admin\" \/>\n\t<meta name=\"twitter:label2\" content=\"Tiempo de lectura\" \/>\n\t<meta name=\"twitter:data2\" content=\"1 minuto\" \/>\n<script type=\"application\/ld+json\" class=\"yoast-schema-graph\">{\"@context\":\"https:\/\/schema.org\",\"@graph\":[{\"@type\":\"Article\",\"@id\":\"https:\/\/21panorama.com\/index.php\/2024\/10\/20\/ambaro-en-todo-su-esplendor\/#article\",\"isPartOf\":{\"@id\":\"https:\/\/21panorama.com\/index.php\/2024\/10\/20\/ambaro-en-todo-su-esplendor\/\"},\"author\":{\"name\":\"admin\",\"@id\":\"https:\/\/21panorama.com\/#\/schema\/person\/1afc291b96d5792a158768324287319f\"},\"headline\":\"AMBAR\u00d3 EN TODO SU ESPLENDOR\",\"datePublished\":\"2024-10-21T01:03:12+00:00\",\"dateModified\":\"2024-10-29T01:12:08+00:00\",\"mainEntityOfPage\":{\"@id\":\"https:\/\/21panorama.com\/index.php\/2024\/10\/20\/ambaro-en-todo-su-esplendor\/\"},\"wordCount\":173,\"commentCount\":0,\"publisher\":{\"@id\":\"https:\/\/21panorama.com\/#organization\"},\"image\":{\"@id\":\"https:\/\/21panorama.com\/index.php\/2024\/10\/20\/ambaro-en-todo-su-esplendor\/#primaryimage\"},\"thumbnailUrl\":\"https:\/\/21panorama.com\/wp-content\/uploads\/2024\/10\/WhatsApp-Image-2024-10-28-at-6.49.59-PM-1.jpeg\",\"keywords\":[\"Atlacomulco\",\"EDOMEX\",\"Marisol Arias\",\"PRI\"],\"articleSection\":[\"Politica\",\"Sociedad\"],\"inLanguage\":\"es\",\"potentialAction\":[{\"@type\":\"CommentAction\",\"name\":\"Comment\",\"target\":[\"https:\/\/21panorama.com\/index.php\/2024\/10\/20\/ambaro-en-todo-su-esplendor\/#respond\"]}]},{\"@type\":\"WebPage\",\"@id\":\"https:\/\/21panorama.com\/index.php\/2024\/10\/20\/ambaro-en-todo-su-esplendor\/\",\"url\":\"https:\/\/21panorama.com\/index.php\/2024\/10\/20\/ambaro-en-todo-su-esplendor\/\",\"name\":\"AMBAR\u00d3 EN TODO SU ESPLENDOR - 21 Panorama\",\"isPartOf\":{\"@id\":\"https:\/\/21panorama.com\/#website\"},\"primaryImageOfPage\":{\"@id\":\"https:\/\/21panorama.com\/index.php\/2024\/10\/20\/ambaro-en-todo-su-esplendor\/#primaryimage\"},\"image\":{\"@id\":\"https:\/\/21panorama.com\/index.php\/2024\/10\/20\/ambaro-en-todo-su-esplendor\/#primaryimage\"},\"thumbnailUrl\":\"https:\/\/21panorama.com\/wp-content\/uploads\/2024\/10\/WhatsApp-Image-2024-10-28-at-6.49.59-PM-1.jpeg\",\"datePublished\":\"2024-10-21T01:03:12+00:00\",\"dateModified\":\"2024-10-29T01:12:08+00:00\",\"breadcrumb\":{\"@id\":\"https:\/\/21panorama.com\/index.php\/2024\/10\/20\/ambaro-en-todo-su-esplendor\/#breadcrumb\"},\"inLanguage\":\"es\",\"potentialAction\":[{\"@type\":\"ReadAction\",\"target\":[\"https:\/\/21panorama.com\/index.php\/2024\/10\/20\/ambaro-en-todo-su-esplendor\/\"]}]},{\"@type\":\"ImageObject\",\"inLanguage\":\"es\",\"@id\":\"https:\/\/21panorama.com\/index.php\/2024\/10\/20\/ambaro-en-todo-su-esplendor\/#primaryimage\",\"url\":\"https:\/\/21panorama.com\/wp-content\/uploads\/2024\/10\/WhatsApp-Image-2024-10-28-at-6.49.59-PM-1.jpeg\",\"contentUrl\":\"https:\/\/21panorama.com\/wp-content\/uploads\/2024\/10\/WhatsApp-Image-2024-10-28-at-6.49.59-PM-1.jpeg\",\"width\":1200,\"height\":900},{\"@type\":\"BreadcrumbList\",\"@id\":\"https:\/\/21panorama.com\/index.php\/2024\/10\/20\/ambaro-en-todo-su-esplendor\/#breadcrumb\",\"itemListElement\":[{\"@type\":\"ListItem\",\"position\":1,\"name\":\"Inicio\",\"item\":\"https:\/\/21panorama.com\/\"},{\"@type\":\"ListItem\",\"position\":2,\"name\":\"AMBAR\u00d3 EN TODO SU ESPLENDOR\"}]},{\"@type\":\"WebSite\",\"@id\":\"https:\/\/21panorama.com\/#website\",\"url\":\"https:\/\/21panorama.com\/\",\"name\":\"21 Panorama\",\"description\":\"La construcci\u00f3n de la opini\u00f3n p\u00fablica merece un mejor Panorama en este siglo 21 para alcanzar una sociedad con mayor transparencia y sin corrupci\u00f3n.\",\"publisher\":{\"@id\":\"https:\/\/21panorama.com\/#organization\"},\"potentialAction\":[{\"@type\":\"SearchAction\",\"target\":{\"@type\":\"EntryPoint\",\"urlTemplate\":\"https:\/\/21panorama.com\/?s={search_term_string}\"},\"query-input\":{\"@type\":\"PropertyValueSpecification\",\"valueRequired\":true,\"valueName\":\"search_term_string\"}}],\"inLanguage\":\"es\"},{\"@type\":\"Organization\",\"@id\":\"https:\/\/21panorama.com\/#organization\",\"name\":\"21 Panorama\",\"url\":\"https:\/\/21panorama.com\/\",\"logo\":{\"@type\":\"ImageObject\",\"inLanguage\":\"es\",\"@id\":\"https:\/\/21panorama.com\/#\/schema\/logo\/image\/\",\"url\":\"https:\/\/21panorama.com\/wp-content\/uploads\/2019\/07\/cropped-Logo-Panorama-01.jpeg\",\"contentUrl\":\"https:\/\/21panorama.com\/wp-content\/uploads\/2019\/07\/cropped-Logo-Panorama-01.jpeg\",\"width\":290,\"height\":70,\"caption\":\"21 Panorama\"},\"image\":{\"@id\":\"https:\/\/21panorama.com\/#\/schema\/logo\/image\/\"}},{\"@type\":\"Person\",\"@id\":\"https:\/\/21panorama.com\/#\/schema\/person\/1afc291b96d5792a158768324287319f\",\"name\":\"admin\",\"image\":{\"@type\":\"ImageObject\",\"inLanguage\":\"es\",\"@id\":\"https:\/\/21panorama.com\/#\/schema\/person\/image\/\",\"url\":\"https:\/\/secure.gravatar.com\/avatar\/ad365d9d9f46719215b0d042cc3df92a5a8683e09ef13d102233e5491985f0f0?s=96&d=mm&r=g\",\"contentUrl\":\"https:\/\/secure.gravatar.com\/avatar\/ad365d9d9f46719215b0d042cc3df92a5a8683e09ef13d102233e5491985f0f0?s=96&d=mm&r=g\",\"caption\":\"admin\"},\"url\":\"https:\/\/21panorama.com\/index.php\/author\/admin\/\"}]}<\/script>\n<!-- \/ Yoast SEO plugin. -->","yoast_head_json":{"title":"AMBAR\u00d3 EN TODO SU ESPLENDOR - 21 Panorama","robots":{"index":"index","follow":"follow","max-snippet":"max-snippet:-1","max-image-preview":"max-image-preview:large","max-video-preview":"max-video-preview:-1"},"canonical":"https:\/\/21panorama.com\/index.php\/2024\/10\/20\/ambaro-en-todo-su-esplendor\/","og_locale":"es_MX","og_type":"article","og_title":"AMBAR\u00d3 EN TODO SU ESPLENDOR - 21 Panorama","og_description":"El Semillero Creativo Coro en movimiento Armon\u00eda de todos particip\u00f3 en el Festival Ambar\u00f3 2024 en Atlacomulco, el cual tiene como objetivo destacar la riqueza de la regi\u00f3n, su cultura y su emprendimiento local.","og_url":"https:\/\/21panorama.com\/index.php\/2024\/10\/20\/ambaro-en-todo-su-esplendor\/","og_site_name":"21 Panorama","article_published_time":"2024-10-21T01:03:12+00:00","article_modified_time":"2024-10-29T01:12:08+00:00","og_image":[{"width":1200,"height":900,"url":"https:\/\/21panorama.com\/wp-content\/uploads\/2024\/10\/WhatsApp-Image-2024-10-28-at-6.49.59-PM-1.jpeg","type":"image\/jpeg"}],"author":"admin","twitter_card":"summary_large_image","twitter_misc":{"Escrito por":"admin","Tiempo de lectura":"1 minuto"},"schema":{"@context":"https:\/\/schema.org","@graph":[{"@type":"Article","@id":"https:\/\/21panorama.com\/index.php\/2024\/10\/20\/ambaro-en-todo-su-esplendor\/#article","isPartOf":{"@id":"https:\/\/21panorama.com\/index.php\/2024\/10\/20\/ambaro-en-todo-su-esplendor\/"},"author":{"name":"admin","@id":"https:\/\/21panorama.com\/#\/schema\/person\/1afc291b96d5792a158768324287319f"},"headline":"AMBAR\u00d3 EN TODO SU ESPLENDOR","datePublished":"2024-10-21T01:03:12+00:00","dateModified":"2024-10-29T01:12:08+00:00","mainEntityOfPage":{"@id":"https:\/\/21panorama.com\/index.php\/2024\/10\/20\/ambaro-en-todo-su-esplendor\/"},"wordCount":173,"commentCount":0,"publisher":{"@id":"https:\/\/21panorama.com\/#organization"},"image":{"@id":"https:\/\/21panorama.com\/index.php\/2024\/10\/20\/ambaro-en-todo-su-esplendor\/#primaryimage"},"thumbnailUrl":"https:\/\/21panorama.com\/wp-content\/uploads\/2024\/10\/WhatsApp-Image-2024-10-28-at-6.49.59-PM-1.jpeg","keywords":["Atlacomulco","EDOMEX","Marisol Arias","PRI"],"articleSection":["Politica","Sociedad"],"inLanguage":"es","potentialAction":[{"@type":"CommentAction","name":"Comment","target":["https:\/\/21panorama.com\/index.php\/2024\/10\/20\/ambaro-en-todo-su-esplendor\/#respond"]}]},{"@type":"WebPage","@id":"https:\/\/21panorama.com\/index.php\/2024\/10\/20\/ambaro-en-todo-su-esplendor\/","url":"https:\/\/21panorama.com\/index.php\/2024\/10\/20\/ambaro-en-todo-su-esplendor\/","name":"AMBAR\u00d3 EN TODO SU ESPLENDOR - 21 Panorama","isPartOf":{"@id":"https:\/\/21panorama.com\/#website"},"primaryImageOfPage":{"@id":"https:\/\/21panorama.com\/index.php\/2024\/10\/20\/ambaro-en-todo-su-esplendor\/#primaryimage"},"image":{"@id":"https:\/\/21panorama.com\/index.php\/2024\/10\/20\/ambaro-en-todo-su-esplendor\/#primaryimage"},"thumbnailUrl":"https:\/\/21panorama.com\/wp-content\/uploads\/2024\/10\/WhatsApp-Image-2024-10-28-at-6.49.59-PM-1.jpeg","datePublished":"2024-10-21T01:03:12+00:00","dateModified":"2024-10-29T01:12:08+00:00","breadcrumb":{"@id":"https:\/\/21panorama.com\/index.php\/2024\/10\/20\/ambaro-en-todo-su-esplendor\/#breadcrumb"},"inLanguage":"es","potentialAction":[{"@type":"ReadAction","target":["https:\/\/21panorama.com\/index.php\/2024\/10\/20\/ambaro-en-todo-su-esplendor\/"]}]},{"@type":"ImageObject","inLanguage":"es","@id":"https:\/\/21panorama.com\/index.php\/2024\/10\/20\/ambaro-en-todo-su-esplendor\/#primaryimage","url":"https:\/\/21panorama.com\/wp-content\/uploads\/2024\/10\/WhatsApp-Image-2024-10-28-at-6.49.59-PM-1.jpeg","contentUrl":"https:\/\/21panorama.com\/wp-content\/uploads\/2024\/10\/WhatsApp-Image-2024-10-28-at-6.49.59-PM-1.jpeg","width":1200,"height":900},{"@type":"BreadcrumbList","@id":"https:\/\/21panorama.com\/index.php\/2024\/10\/20\/ambaro-en-todo-su-esplendor\/#breadcrumb","itemListElement":[{"@type":"ListItem","position":1,"name":"Inicio","item":"https:\/\/21panorama.com\/"},{"@type":"ListItem","position":2,"name":"AMBAR\u00d3 EN TODO SU ESPLENDOR"}]},{"@type":"WebSite","@id":"https:\/\/21panorama.com\/#website","url":"https:\/\/21panorama.com\/","name":"21 Panorama","description":"La construcci\u00f3n de la opini\u00f3n p\u00fablica merece un mejor Panorama en este siglo 21 para alcanzar una sociedad con mayor transparencia y sin corrupci\u00f3n.","publisher":{"@id":"https:\/\/21panorama.com\/#organization"},"potentialAction":[{"@type":"SearchAction","target":{"@type":"EntryPoint","urlTemplate":"https:\/\/21panorama.com\/?s={search_term_string}"},"query-input":{"@type":"PropertyValueSpecification","valueRequired":true,"valueName":"search_term_string"}}],"inLanguage":"es"},{"@type":"Organization","@id":"https:\/\/21panorama.com\/#organization","name":"21 Panorama","url":"https:\/\/21panorama.com\/","logo":{"@type":"ImageObject","inLanguage":"es","@id":"https:\/\/21panorama.com\/#\/schema\/logo\/image\/","url":"https:\/\/21panorama.com\/wp-content\/uploads\/2019\/07\/cropped-Logo-Panorama-01.jpeg","contentUrl":"https:\/\/21panorama.com\/wp-content\/uploads\/2019\/07\/cropped-Logo-Panorama-01.jpeg","width":290,"height":70,"caption":"21 Panorama"},"image":{"@id":"https:\/\/21panorama.com\/#\/schema\/logo\/image\/"}},{"@type":"Person","@id":"https:\/\/21panorama.com\/#\/schema\/person\/1afc291b96d5792a158768324287319f","name":"admin","image":{"@type":"ImageObject","inLanguage":"es","@id":"https:\/\/21panorama.com\/#\/schema\/person\/image\/","url":"https:\/\/secure.gravatar.com\/avatar\/ad365d9d9f46719215b0d042cc3df92a5a8683e09ef13d102233e5491985f0f0?s=96&d=mm&r=g","contentUrl":"https:\/\/secure.gravatar.com\/avatar\/ad365d9d9f46719215b0d042cc3df92a5a8683e09ef13d102233e5491985f0f0?s=96&d=mm&r=g","caption":"admin"},"url":"https:\/\/21panorama.com\/index.php\/author\/admin\/"}]}},"_links":{"self":[{"href":"https:\/\/21panorama.com\/index.php\/wp-json\/wp\/v2\/posts\/5685","targetHints":{"allow":["GET"]}}],"collection":[{"href":"https:\/\/21panorama.com\/index.php\/wp-json\/wp\/v2\/posts"}],"about":[{"href":"https:\/\/21panorama.com\/index.php\/wp-json\/wp\/v2\/types\/post"}],"author":[{"embeddable":true,"href":"https:\/\/21panorama.com\/index.php\/wp-json\/wp\/v2\/users\/1"}],"replies":[{"embeddable":true,"href":"https:\/\/21panorama.com\/index.php\/wp-json\/wp\/v2\/comments?post=5685"}],"version-history":[{"count":1,"href":"https:\/\/21panorama.com\/index.php\/wp-json\/wp\/v2\/posts\/5685\/revisions"}],"predecessor-version":[{"id":5687,"href":"https:\/\/21panorama.com\/index.php\/wp-json\/wp\/v2\/posts\/5685\/revisions\/5687"}],"wp:featuredmedia":[{"embeddable":true,"href":"https:\/\/21panorama.com\/index.php\/wp-json\/wp\/v2\/media\/5686"}],"wp:attachment":[{"href":"https:\/\/21panorama.com\/index.php\/wp-json\/wp\/v2\/media?parent=5685"}],"wp:term":[{"taxonomy":"category","embeddable":true,"href":"https:\/\/21panorama.com\/index.php\/wp-json\/wp\/v2\/categories?post=5685"},{"taxonomy":"post_tag","embeddable":true,"href":"https:\/\/21panorama.com\/index.php\/wp-json\/wp\/v2\/tags?post=5685"}],"curies":[{"name":"wp","href":"https:\/\/api.w.org\/{rel}","templated":true}]}}