{"id":5679,"date":"2024-10-28T19:00:24","date_gmt":"2024-10-29T01:00:24","guid":{"rendered":"https:\/\/21panorama.com\/?p=5679"},"modified":"2024-10-28T19:01:39","modified_gmt":"2024-10-29T01:01:39","slug":"festival-cultural-ambaro-lo-mejor-de-lo-mejor-en-atlacomulco","status":"publish","type":"post","link":"https:\/\/21panorama.com\/index.php\/2024\/10\/28\/festival-cultural-ambaro-lo-mejor-de-lo-mejor-en-atlacomulco\/","title":{"rendered":"FESTIVAL CULTURAL AMBAR\u00d3, LO MEJOR DE LO MEJOR EN ATLACOMULCO"},"content":{"rendered":"\n<p>Despedimos una edici\u00f3n m\u00e1s de nuestro Festival con la alegr\u00eda y satisfacci\u00f3n de haber vibrado juntos otra vez. Nos vemos pronto.<br>As\u00ed se vivi\u00f3 el concierto de Reyno y Rubytates en nuestro Festival. Recuerden que tenemos una cita para cerrar con todo desde las 6:00pm y las Victimas del Doctor Cerebro.<\/p>\n\n\n\n<figure class=\"wp-block-image size-large\"><img decoding=\"async\" width=\"1024\" height=\"688\" src=\"https:\/\/21panorama.com\/wp-content\/uploads\/2024\/10\/WhatsApp-Image-2024-10-28-at-6.36.55-PM-2-1024x688.jpeg\" alt=\"\" class=\"wp-image-5682\" srcset=\"https:\/\/21panorama.com\/wp-content\/uploads\/2024\/10\/WhatsApp-Image-2024-10-28-at-6.36.55-PM-2-1024x688.jpeg 1024w, https:\/\/21panorama.com\/wp-content\/uploads\/2024\/10\/WhatsApp-Image-2024-10-28-at-6.36.55-PM-2-300x202.jpeg 300w, https:\/\/21panorama.com\/wp-content\/uploads\/2024\/10\/WhatsApp-Image-2024-10-28-at-6.36.55-PM-2-768x516.jpeg 768w, https:\/\/21panorama.com\/wp-content\/uploads\/2024\/10\/WhatsApp-Image-2024-10-28-at-6.36.55-PM-2.jpeg 1200w\" sizes=\"(max-width: 1024px) 100vw, 1024px\" \/><\/figure>\n\n\n\n<figure class=\"wp-block-image size-large\"><img decoding=\"async\" width=\"1024\" height=\"498\" src=\"https:\/\/21panorama.com\/wp-content\/uploads\/2024\/10\/WhatsApp-Image-2024-10-28-at-6.36.55-PM-3-1024x498.jpeg\" alt=\"\" class=\"wp-image-5683\" srcset=\"https:\/\/21panorama.com\/wp-content\/uploads\/2024\/10\/WhatsApp-Image-2024-10-28-at-6.36.55-PM-3-1024x498.jpeg 1024w, https:\/\/21panorama.com\/wp-content\/uploads\/2024\/10\/WhatsApp-Image-2024-10-28-at-6.36.55-PM-3-300x146.jpeg 300w, https:\/\/21panorama.com\/wp-content\/uploads\/2024\/10\/WhatsApp-Image-2024-10-28-at-6.36.55-PM-3-768x374.jpeg 768w, https:\/\/21panorama.com\/wp-content\/uploads\/2024\/10\/WhatsApp-Image-2024-10-28-at-6.36.55-PM-3.jpeg 1200w\" sizes=\"(max-width: 1024px) 100vw, 1024px\" \/><\/figure>\n\n\n\n<p>Nuestro escenario volvi\u00f3 a vibrar con el talento de nuestros invitados. As\u00ed se vivi\u00f3 el d\u00eda de ayer en nuestro Festival.<\/p>\n\n\n\n<p>As\u00ed se vivi\u00f3 la presentaci\u00f3n del Grupo de &#8220;Casa de D\u00eda del Adulto Mayor&#8221; \u00a1Gracias por participar en esta edici\u00f3n de nuestro Festival Cultural Ambar\u00f3! Consulta la cartelera y no te pierdas de ninguno de los eventos.<\/p>\n","protected":false},"excerpt":{"rendered":"<p>Despedimos una edici\u00f3n m\u00e1s de nuestro Festival con la alegr\u00eda y satisfacci\u00f3n de haber vibrado juntos otra vez. Nos vemos pronto.As\u00ed se vivi\u00f3 el concierto de Reyno y Rubytates en nuestro Festival. Recuerden que tenemos una cita para cerrar con todo desde las 6:00pm y las Victimas del Doctor Cerebro. Nuestro escenario volvi\u00f3 a vibrar con el talento de nuestros invitados. As\u00ed se vivi\u00f3 el d\u00eda de ayer en nuestro Festival. As\u00ed se vivi\u00f3 la presentaci\u00f3n del Grupo de &#8220;Casa de D\u00eda del Adulto Mayor&#8221; \u00a1Gracias por participar en esta&hellip;<\/p>\n","protected":false},"author":1,"featured_media":5680,"comment_status":"open","ping_status":"open","sticky":false,"template":"","format":"standard","meta":{"footnotes":""},"categories":[12,1],"tags":[70,97,69,33],"class_list":["post-5679","post","type-post","status-publish","format-standard","has-post-thumbnail","hentry","category-politica","category-sociedad","tag-atlacomulco","tag-edomex","tag-marisol-arias","tag-pri"],"yoast_head":"<!-- This site is optimized with the Yoast SEO plugin v24.9 - https:\/\/yoast.com\/wordpress\/plugins\/seo\/ -->\n<title>FESTIVAL CULTURAL AMBAR\u00d3, LO MEJOR DE LO MEJOR EN ATLACOMULCO - 21 Panorama<\/title>\n<meta name=\"robots\" content=\"index, follow, max-snippet:-1, max-image-preview:large, max-video-preview:-1\" \/>\n<link rel=\"canonical\" href=\"https:\/\/21panorama.com\/index.php\/2024\/10\/28\/festival-cultural-ambaro-lo-mejor-de-lo-mejor-en-atlacomulco\/\" \/>\n<meta property=\"og:locale\" content=\"es_MX\" \/>\n<meta property=\"og:type\" content=\"article\" \/>\n<meta property=\"og:title\" content=\"FESTIVAL CULTURAL AMBAR\u00d3, LO MEJOR DE LO MEJOR EN ATLACOMULCO - 21 Panorama\" \/>\n<meta property=\"og:description\" content=\"Despedimos una edici\u00f3n m\u00e1s de nuestro Festival con la alegr\u00eda y satisfacci\u00f3n de haber vibrado juntos otra vez. Nos vemos pronto.As\u00ed se vivi\u00f3 el concierto de Reyno y Rubytates en nuestro Festival. Recuerden que tenemos una cita para cerrar con todo desde las 6:00pm y las Victimas del Doctor Cerebro. Nuestro escenario volvi\u00f3 a vibrar con el talento de nuestros invitados. As\u00ed se vivi\u00f3 el d\u00eda de ayer en nuestro Festival. As\u00ed se vivi\u00f3 la presentaci\u00f3n del Grupo de &#8220;Casa de D\u00eda del Adulto Mayor&#8221; \u00a1Gracias por participar en esta&hellip;\" \/>\n<meta property=\"og:url\" content=\"https:\/\/21panorama.com\/index.php\/2024\/10\/28\/festival-cultural-ambaro-lo-mejor-de-lo-mejor-en-atlacomulco\/\" \/>\n<meta property=\"og:site_name\" content=\"21 Panorama\" \/>\n<meta property=\"article:published_time\" content=\"2024-10-29T01:00:24+00:00\" \/>\n<meta property=\"article:modified_time\" content=\"2024-10-29T01:01:39+00:00\" \/>\n<meta property=\"og:image\" content=\"https:\/\/21panorama.com\/wp-content\/uploads\/2024\/10\/WhatsApp-Image-2024-10-28-at-6.36.55-PM-1.jpeg\" \/>\n\t<meta property=\"og:image:width\" content=\"1200\" \/>\n\t<meta property=\"og:image:height\" content=\"569\" \/>\n\t<meta property=\"og:image:type\" content=\"image\/jpeg\" \/>\n<meta name=\"author\" content=\"admin\" \/>\n<meta name=\"twitter:card\" content=\"summary_large_image\" \/>\n<meta name=\"twitter:label1\" content=\"Escrito por\" \/>\n\t<meta name=\"twitter:data1\" content=\"admin\" \/>\n\t<meta name=\"twitter:label2\" content=\"Tiempo de lectura\" \/>\n\t<meta name=\"twitter:data2\" content=\"2 minutos\" \/>\n<script type=\"application\/ld+json\" class=\"yoast-schema-graph\">{\"@context\":\"https:\/\/schema.org\",\"@graph\":[{\"@type\":\"Article\",\"@id\":\"https:\/\/21panorama.com\/index.php\/2024\/10\/28\/festival-cultural-ambaro-lo-mejor-de-lo-mejor-en-atlacomulco\/#article\",\"isPartOf\":{\"@id\":\"https:\/\/21panorama.com\/index.php\/2024\/10\/28\/festival-cultural-ambaro-lo-mejor-de-lo-mejor-en-atlacomulco\/\"},\"author\":{\"name\":\"admin\",\"@id\":\"https:\/\/21panorama.com\/#\/schema\/person\/1afc291b96d5792a158768324287319f\"},\"headline\":\"FESTIVAL CULTURAL AMBAR\u00d3, LO MEJOR DE LO MEJOR EN ATLACOMULCO\",\"datePublished\":\"2024-10-29T01:00:24+00:00\",\"dateModified\":\"2024-10-29T01:01:39+00:00\",\"mainEntityOfPage\":{\"@id\":\"https:\/\/21panorama.com\/index.php\/2024\/10\/28\/festival-cultural-ambaro-lo-mejor-de-lo-mejor-en-atlacomulco\/\"},\"wordCount\":127,\"commentCount\":0,\"publisher\":{\"@id\":\"https:\/\/21panorama.com\/#organization\"},\"image\":{\"@id\":\"https:\/\/21panorama.com\/index.php\/2024\/10\/28\/festival-cultural-ambaro-lo-mejor-de-lo-mejor-en-atlacomulco\/#primaryimage\"},\"thumbnailUrl\":\"https:\/\/21panorama.com\/wp-content\/uploads\/2024\/10\/WhatsApp-Image-2024-10-28-at-6.36.55-PM-1.jpeg\",\"keywords\":[\"Atlacomulco\",\"EDOMEX\",\"Marisol Arias\",\"PRI\"],\"articleSection\":[\"Politica\",\"Sociedad\"],\"inLanguage\":\"es\",\"potentialAction\":[{\"@type\":\"CommentAction\",\"name\":\"Comment\",\"target\":[\"https:\/\/21panorama.com\/index.php\/2024\/10\/28\/festival-cultural-ambaro-lo-mejor-de-lo-mejor-en-atlacomulco\/#respond\"]}]},{\"@type\":\"WebPage\",\"@id\":\"https:\/\/21panorama.com\/index.php\/2024\/10\/28\/festival-cultural-ambaro-lo-mejor-de-lo-mejor-en-atlacomulco\/\",\"url\":\"https:\/\/21panorama.com\/index.php\/2024\/10\/28\/festival-cultural-ambaro-lo-mejor-de-lo-mejor-en-atlacomulco\/\",\"name\":\"FESTIVAL CULTURAL AMBAR\u00d3, LO MEJOR DE LO MEJOR EN ATLACOMULCO - 21 Panorama\",\"isPartOf\":{\"@id\":\"https:\/\/21panorama.com\/#website\"},\"primaryImageOfPage\":{\"@id\":\"https:\/\/21panorama.com\/index.php\/2024\/10\/28\/festival-cultural-ambaro-lo-mejor-de-lo-mejor-en-atlacomulco\/#primaryimage\"},\"image\":{\"@id\":\"https:\/\/21panorama.com\/index.php\/2024\/10\/28\/festival-cultural-ambaro-lo-mejor-de-lo-mejor-en-atlacomulco\/#primaryimage\"},\"thumbnailUrl\":\"https:\/\/21panorama.com\/wp-content\/uploads\/2024\/10\/WhatsApp-Image-2024-10-28-at-6.36.55-PM-1.jpeg\",\"datePublished\":\"2024-10-29T01:00:24+00:00\",\"dateModified\":\"2024-10-29T01:01:39+00:00\",\"breadcrumb\":{\"@id\":\"https:\/\/21panorama.com\/index.php\/2024\/10\/28\/festival-cultural-ambaro-lo-mejor-de-lo-mejor-en-atlacomulco\/#breadcrumb\"},\"inLanguage\":\"es\",\"potentialAction\":[{\"@type\":\"ReadAction\",\"target\":[\"https:\/\/21panorama.com\/index.php\/2024\/10\/28\/festival-cultural-ambaro-lo-mejor-de-lo-mejor-en-atlacomulco\/\"]}]},{\"@type\":\"ImageObject\",\"inLanguage\":\"es\",\"@id\":\"https:\/\/21panorama.com\/index.php\/2024\/10\/28\/festival-cultural-ambaro-lo-mejor-de-lo-mejor-en-atlacomulco\/#primaryimage\",\"url\":\"https:\/\/21panorama.com\/wp-content\/uploads\/2024\/10\/WhatsApp-Image-2024-10-28-at-6.36.55-PM-1.jpeg\",\"contentUrl\":\"https:\/\/21panorama.com\/wp-content\/uploads\/2024\/10\/WhatsApp-Image-2024-10-28-at-6.36.55-PM-1.jpeg\",\"width\":1200,\"height\":569},{\"@type\":\"BreadcrumbList\",\"@id\":\"https:\/\/21panorama.com\/index.php\/2024\/10\/28\/festival-cultural-ambaro-lo-mejor-de-lo-mejor-en-atlacomulco\/#breadcrumb\",\"itemListElement\":[{\"@type\":\"ListItem\",\"position\":1,\"name\":\"Inicio\",\"item\":\"https:\/\/21panorama.com\/\"},{\"@type\":\"ListItem\",\"position\":2,\"name\":\"FESTIVAL CULTURAL AMBAR\u00d3, LO MEJOR DE LO MEJOR EN ATLACOMULCO\"}]},{\"@type\":\"WebSite\",\"@id\":\"https:\/\/21panorama.com\/#website\",\"url\":\"https:\/\/21panorama.com\/\",\"name\":\"21 Panorama\",\"description\":\"La construcci\u00f3n de la opini\u00f3n p\u00fablica merece un mejor Panorama en este siglo 21 para alcanzar una sociedad con mayor transparencia y sin corrupci\u00f3n.\",\"publisher\":{\"@id\":\"https:\/\/21panorama.com\/#organization\"},\"potentialAction\":[{\"@type\":\"SearchAction\",\"target\":{\"@type\":\"EntryPoint\",\"urlTemplate\":\"https:\/\/21panorama.com\/?s={search_term_string}\"},\"query-input\":{\"@type\":\"PropertyValueSpecification\",\"valueRequired\":true,\"valueName\":\"search_term_string\"}}],\"inLanguage\":\"es\"},{\"@type\":\"Organization\",\"@id\":\"https:\/\/21panorama.com\/#organization\",\"name\":\"21 Panorama\",\"url\":\"https:\/\/21panorama.com\/\",\"logo\":{\"@type\":\"ImageObject\",\"inLanguage\":\"es\",\"@id\":\"https:\/\/21panorama.com\/#\/schema\/logo\/image\/\",\"url\":\"https:\/\/21panorama.com\/wp-content\/uploads\/2019\/07\/cropped-Logo-Panorama-01.jpeg\",\"contentUrl\":\"https:\/\/21panorama.com\/wp-content\/uploads\/2019\/07\/cropped-Logo-Panorama-01.jpeg\",\"width\":290,\"height\":70,\"caption\":\"21 Panorama\"},\"image\":{\"@id\":\"https:\/\/21panorama.com\/#\/schema\/logo\/image\/\"}},{\"@type\":\"Person\",\"@id\":\"https:\/\/21panorama.com\/#\/schema\/person\/1afc291b96d5792a158768324287319f\",\"name\":\"admin\",\"image\":{\"@type\":\"ImageObject\",\"inLanguage\":\"es\",\"@id\":\"https:\/\/21panorama.com\/#\/schema\/person\/image\/\",\"url\":\"https:\/\/secure.gravatar.com\/avatar\/ad365d9d9f46719215b0d042cc3df92a5a8683e09ef13d102233e5491985f0f0?s=96&d=mm&r=g\",\"contentUrl\":\"https:\/\/secure.gravatar.com\/avatar\/ad365d9d9f46719215b0d042cc3df92a5a8683e09ef13d102233e5491985f0f0?s=96&d=mm&r=g\",\"caption\":\"admin\"},\"url\":\"https:\/\/21panorama.com\/index.php\/author\/admin\/\"}]}<\/script>\n<!-- \/ Yoast SEO plugin. -->","yoast_head_json":{"title":"FESTIVAL CULTURAL AMBAR\u00d3, LO MEJOR DE LO MEJOR EN ATLACOMULCO - 21 Panorama","robots":{"index":"index","follow":"follow","max-snippet":"max-snippet:-1","max-image-preview":"max-image-preview:large","max-video-preview":"max-video-preview:-1"},"canonical":"https:\/\/21panorama.com\/index.php\/2024\/10\/28\/festival-cultural-ambaro-lo-mejor-de-lo-mejor-en-atlacomulco\/","og_locale":"es_MX","og_type":"article","og_title":"FESTIVAL CULTURAL AMBAR\u00d3, LO MEJOR DE LO MEJOR EN ATLACOMULCO - 21 Panorama","og_description":"Despedimos una edici\u00f3n m\u00e1s de nuestro Festival con la alegr\u00eda y satisfacci\u00f3n de haber vibrado juntos otra vez. Nos vemos pronto.As\u00ed se vivi\u00f3 el concierto de Reyno y Rubytates en nuestro Festival. Recuerden que tenemos una cita para cerrar con todo desde las 6:00pm y las Victimas del Doctor Cerebro. Nuestro escenario volvi\u00f3 a vibrar con el talento de nuestros invitados. As\u00ed se vivi\u00f3 el d\u00eda de ayer en nuestro Festival. As\u00ed se vivi\u00f3 la presentaci\u00f3n del Grupo de &#8220;Casa de D\u00eda del Adulto Mayor&#8221; \u00a1Gracias por participar en esta&hellip;","og_url":"https:\/\/21panorama.com\/index.php\/2024\/10\/28\/festival-cultural-ambaro-lo-mejor-de-lo-mejor-en-atlacomulco\/","og_site_name":"21 Panorama","article_published_time":"2024-10-29T01:00:24+00:00","article_modified_time":"2024-10-29T01:01:39+00:00","og_image":[{"width":1200,"height":569,"url":"https:\/\/21panorama.com\/wp-content\/uploads\/2024\/10\/WhatsApp-Image-2024-10-28-at-6.36.55-PM-1.jpeg","type":"image\/jpeg"}],"author":"admin","twitter_card":"summary_large_image","twitter_misc":{"Escrito por":"admin","Tiempo de lectura":"2 minutos"},"schema":{"@context":"https:\/\/schema.org","@graph":[{"@type":"Article","@id":"https:\/\/21panorama.com\/index.php\/2024\/10\/28\/festival-cultural-ambaro-lo-mejor-de-lo-mejor-en-atlacomulco\/#article","isPartOf":{"@id":"https:\/\/21panorama.com\/index.php\/2024\/10\/28\/festival-cultural-ambaro-lo-mejor-de-lo-mejor-en-atlacomulco\/"},"author":{"name":"admin","@id":"https:\/\/21panorama.com\/#\/schema\/person\/1afc291b96d5792a158768324287319f"},"headline":"FESTIVAL CULTURAL AMBAR\u00d3, LO MEJOR DE LO MEJOR EN ATLACOMULCO","datePublished":"2024-10-29T01:00:24+00:00","dateModified":"2024-10-29T01:01:39+00:00","mainEntityOfPage":{"@id":"https:\/\/21panorama.com\/index.php\/2024\/10\/28\/festival-cultural-ambaro-lo-mejor-de-lo-mejor-en-atlacomulco\/"},"wordCount":127,"commentCount":0,"publisher":{"@id":"https:\/\/21panorama.com\/#organization"},"image":{"@id":"https:\/\/21panorama.com\/index.php\/2024\/10\/28\/festival-cultural-ambaro-lo-mejor-de-lo-mejor-en-atlacomulco\/#primaryimage"},"thumbnailUrl":"https:\/\/21panorama.com\/wp-content\/uploads\/2024\/10\/WhatsApp-Image-2024-10-28-at-6.36.55-PM-1.jpeg","keywords":["Atlacomulco","EDOMEX","Marisol Arias","PRI"],"articleSection":["Politica","Sociedad"],"inLanguage":"es","potentialAction":[{"@type":"CommentAction","name":"Comment","target":["https:\/\/21panorama.com\/index.php\/2024\/10\/28\/festival-cultural-ambaro-lo-mejor-de-lo-mejor-en-atlacomulco\/#respond"]}]},{"@type":"WebPage","@id":"https:\/\/21panorama.com\/index.php\/2024\/10\/28\/festival-cultural-ambaro-lo-mejor-de-lo-mejor-en-atlacomulco\/","url":"https:\/\/21panorama.com\/index.php\/2024\/10\/28\/festival-cultural-ambaro-lo-mejor-de-lo-mejor-en-atlacomulco\/","name":"FESTIVAL CULTURAL AMBAR\u00d3, LO MEJOR DE LO MEJOR EN ATLACOMULCO - 21 Panorama","isPartOf":{"@id":"https:\/\/21panorama.com\/#website"},"primaryImageOfPage":{"@id":"https:\/\/21panorama.com\/index.php\/2024\/10\/28\/festival-cultural-ambaro-lo-mejor-de-lo-mejor-en-atlacomulco\/#primaryimage"},"image":{"@id":"https:\/\/21panorama.com\/index.php\/2024\/10\/28\/festival-cultural-ambaro-lo-mejor-de-lo-mejor-en-atlacomulco\/#primaryimage"},"thumbnailUrl":"https:\/\/21panorama.com\/wp-content\/uploads\/2024\/10\/WhatsApp-Image-2024-10-28-at-6.36.55-PM-1.jpeg","datePublished":"2024-10-29T01:00:24+00:00","dateModified":"2024-10-29T01:01:39+00:00","breadcrumb":{"@id":"https:\/\/21panorama.com\/index.php\/2024\/10\/28\/festival-cultural-ambaro-lo-mejor-de-lo-mejor-en-atlacomulco\/#breadcrumb"},"inLanguage":"es","potentialAction":[{"@type":"ReadAction","target":["https:\/\/21panorama.com\/index.php\/2024\/10\/28\/festival-cultural-ambaro-lo-mejor-de-lo-mejor-en-atlacomulco\/"]}]},{"@type":"ImageObject","inLanguage":"es","@id":"https:\/\/21panorama.com\/index.php\/2024\/10\/28\/festival-cultural-ambaro-lo-mejor-de-lo-mejor-en-atlacomulco\/#primaryimage","url":"https:\/\/21panorama.com\/wp-content\/uploads\/2024\/10\/WhatsApp-Image-2024-10-28-at-6.36.55-PM-1.jpeg","contentUrl":"https:\/\/21panorama.com\/wp-content\/uploads\/2024\/10\/WhatsApp-Image-2024-10-28-at-6.36.55-PM-1.jpeg","width":1200,"height":569},{"@type":"BreadcrumbList","@id":"https:\/\/21panorama.com\/index.php\/2024\/10\/28\/festival-cultural-ambaro-lo-mejor-de-lo-mejor-en-atlacomulco\/#breadcrumb","itemListElement":[{"@type":"ListItem","position":1,"name":"Inicio","item":"https:\/\/21panorama.com\/"},{"@type":"ListItem","position":2,"name":"FESTIVAL CULTURAL AMBAR\u00d3, LO MEJOR DE LO MEJOR EN ATLACOMULCO"}]},{"@type":"WebSite","@id":"https:\/\/21panorama.com\/#website","url":"https:\/\/21panorama.com\/","name":"21 Panorama","description":"La construcci\u00f3n de la opini\u00f3n p\u00fablica merece un mejor Panorama en este siglo 21 para alcanzar una sociedad con mayor transparencia y sin corrupci\u00f3n.","publisher":{"@id":"https:\/\/21panorama.com\/#organization"},"potentialAction":[{"@type":"SearchAction","target":{"@type":"EntryPoint","urlTemplate":"https:\/\/21panorama.com\/?s={search_term_string}"},"query-input":{"@type":"PropertyValueSpecification","valueRequired":true,"valueName":"search_term_string"}}],"inLanguage":"es"},{"@type":"Organization","@id":"https:\/\/21panorama.com\/#organization","name":"21 Panorama","url":"https:\/\/21panorama.com\/","logo":{"@type":"ImageObject","inLanguage":"es","@id":"https:\/\/21panorama.com\/#\/schema\/logo\/image\/","url":"https:\/\/21panorama.com\/wp-content\/uploads\/2019\/07\/cropped-Logo-Panorama-01.jpeg","contentUrl":"https:\/\/21panorama.com\/wp-content\/uploads\/2019\/07\/cropped-Logo-Panorama-01.jpeg","width":290,"height":70,"caption":"21 Panorama"},"image":{"@id":"https:\/\/21panorama.com\/#\/schema\/logo\/image\/"}},{"@type":"Person","@id":"https:\/\/21panorama.com\/#\/schema\/person\/1afc291b96d5792a158768324287319f","name":"admin","image":{"@type":"ImageObject","inLanguage":"es","@id":"https:\/\/21panorama.com\/#\/schema\/person\/image\/","url":"https:\/\/secure.gravatar.com\/avatar\/ad365d9d9f46719215b0d042cc3df92a5a8683e09ef13d102233e5491985f0f0?s=96&d=mm&r=g","contentUrl":"https:\/\/secure.gravatar.com\/avatar\/ad365d9d9f46719215b0d042cc3df92a5a8683e09ef13d102233e5491985f0f0?s=96&d=mm&r=g","caption":"admin"},"url":"https:\/\/21panorama.com\/index.php\/author\/admin\/"}]}},"_links":{"self":[{"href":"https:\/\/21panorama.com\/index.php\/wp-json\/wp\/v2\/posts\/5679","targetHints":{"allow":["GET"]}}],"collection":[{"href":"https:\/\/21panorama.com\/index.php\/wp-json\/wp\/v2\/posts"}],"about":[{"href":"https:\/\/21panorama.com\/index.php\/wp-json\/wp\/v2\/types\/post"}],"author":[{"embeddable":true,"href":"https:\/\/21panorama.com\/index.php\/wp-json\/wp\/v2\/users\/1"}],"replies":[{"embeddable":true,"href":"https:\/\/21panorama.com\/index.php\/wp-json\/wp\/v2\/comments?post=5679"}],"version-history":[{"count":2,"href":"https:\/\/21panorama.com\/index.php\/wp-json\/wp\/v2\/posts\/5679\/revisions"}],"predecessor-version":[{"id":5684,"href":"https:\/\/21panorama.com\/index.php\/wp-json\/wp\/v2\/posts\/5679\/revisions\/5684"}],"wp:featuredmedia":[{"embeddable":true,"href":"https:\/\/21panorama.com\/index.php\/wp-json\/wp\/v2\/media\/5680"}],"wp:attachment":[{"href":"https:\/\/21panorama.com\/index.php\/wp-json\/wp\/v2\/media?parent=5679"}],"wp:term":[{"taxonomy":"category","embeddable":true,"href":"https:\/\/21panorama.com\/index.php\/wp-json\/wp\/v2\/categories?post=5679"},{"taxonomy":"post_tag","embeddable":true,"href":"https:\/\/21panorama.com\/index.php\/wp-json\/wp\/v2\/tags?post=5679"}],"curies":[{"name":"wp","href":"https:\/\/api.w.org\/{rel}","templated":true}]}}